{"id":77724,"date":"2024-11-07T08:49:12","date_gmt":"2024-11-07T11:49:12","guid":{"rendered":"https:\/\/dana.com.br\/canaldana\/?p=77724"},"modified":"2024-11-07T08:49:12","modified_gmt":"2024-11-07T11:49:12","slug":"montadoras-ampliam-producao-em-83-e-abrem-967-vagas-em-outubro","status":"publish","type":"post","link":"https:\/\/dana.com.br\/canaldana\/2024\/11\/07\/montadoras-ampliam-producao-em-83-e-abrem-967-vagas-em-outubro\/","title":{"rendered":"Montadoras ampliam produ\u00e7\u00e3o em 8,3% e abrem 967 vagas em outubro"},"content":{"rendered":"<p><em>AutoInd\u00fastria<\/em><\/p>\n<p>&nbsp;<\/p>\n<p>Apesar de o ritmo de crescimento ser inferior ao do mercado interno, as montadoras seguem ampliando o n\u00edvel de emprego no Pa\u00eds por conta do desempenho positivo na produ\u00e7\u00e3o.<\/p>\n<p>&nbsp;<\/p>\n<p>Conforme balan\u00e7o da Anfavea divulgado nesta quarta-feira, 6, sa\u00edram das linhas de montagem em outubro exatos 249.177 ve\u00edculos, volume 8,3% maior do que o registrado em setembro (229.989), que teve dois dias \u00fateis a mais.<\/p>\n<p>&nbsp;<\/p>\n<p>No ano a produ\u00e7\u00e3o acumula 2,12 milh\u00f5es de ve\u00edculos, evolu\u00e7\u00e3o de 8,9% sobre total de 1,95 milh\u00f5es dos dez primeiros meses de 2023. A ind\u00fastria contratou 967 trabalhadores em outubro e desde janeiro j\u00e1 abriu mais de 7,4 mil vagas.<\/p>\n<p>&nbsp;<\/p>\n<p>Ao divulgar os n\u00fameros, o presidente da entidade, M\u00e1rcio de Lima Leite, comentou que a alta elevada das importa\u00e7\u00f5es, principalmente de carros chineses, continua preocupando e tem sido decisiva para gerar um \u00edndice de expans\u00e3o da produ\u00e7\u00e3o inferior ao das vendas internas.<\/p>\n<p>&nbsp;<\/p>\n<p>As importa\u00e7\u00f5es registram alta de 36% este ano, de 271 mil para 369 mil unidades. Em outubro sobre setembro a expans\u00e3o foi de 10%, para 47 mil unidades.<\/p>\n<p>&nbsp;<\/p>\n<p>Tamb\u00e9m pesa a queda de 7% das exporta\u00e7\u00f5es no comparativo anual, mas neste caso verifica-se alta dos \u00faltimos quatro meses, o que vem se refletindo positivamente nas linhas de montagem. No caso do mercado interno, houve aumento de 12% em outubro sobre setembro e de 15% no acumulado do ano.<\/p>\n<p>&nbsp;<\/p>\n<p>Lima Leite avalia que a produ\u00e7\u00e3o s\u00f3 vai crescer em n\u00edvel similar ao dos emplacamentos quando for recomposta a al\u00edquota de importa\u00e7\u00e3o de 35% para os carros eletrificados. \u201cN\u00e3o queremos protecionismo, mas essa recomposi\u00e7\u00e3o \u00e9 necess\u00e1ria para equilibrar o mercado brasileiro\u201d.<\/p>\n<p>&nbsp;<\/p>\n<p>O presidente da Anfavea voltou a falar dos elevados estoques de carros chineses nos portos brasileiros e em centros de distribui\u00e7\u00e3o, na maioria de modelos h\u00edbrido plug-in e el\u00e9tricos, revelando que a cada dois ve\u00edculos importados vendidos no Brasil que v\u00eam de fora do Mercosul, um \u00e9 chin\u00eas. (AutoInd\u00fastria\/Alzira Rodrigues)<\/p>\n","protected":false},"excerpt":{"rendered":"<p>AutoInd\u00fastria &nbsp; Apesar de o ritmo de crescimento ser inferior ao do mercado interno, as montadoras seguem ampliando o n\u00edvel de emprego no Pa\u00eds por conta do desempenho positivo na produ\u00e7\u00e3o. &nbsp; Conforme balan\u00e7o da Anfavea divulgado nesta quarta-feira, 6, sa\u00edram das linhas de montagem em outubro exatos 249.177 ve\u00edculos, volume 8,3% maior do que\u2026 <a class=\"readmore\" href=\"https:\/\/dana.com.br\/canaldana\/2024\/11\/07\/montadoras-ampliam-producao-em-83-e-abrem-967-vagas-em-outubro\/\">Leia mais \u00bb<\/a><\/p>\n","protected":false},"author":3,"featured_media":0,"comment_status":"closed","ping_status":"closed","sticky":false,"template":"","format":"standard","meta":{"_acf_changed":false,"footnotes":""},"categories":[61],"tags":[],"class_list":["post-77724","post","type-post","status-publish","format-standard","hentry","category-destaques"],"acf":[],"yoast_head":"<!-- This site is optimized with the Yoast SEO plugin v27.3 - https:\/\/yoast.com\/product\/yoast-seo-wordpress\/ -->\n<title>Montadoras ampliam produ\u00e7\u00e3o em 8,3% e abrem 967 vagas em outubro - Canal Dana<\/title>\n<meta name=\"robots\" content=\"index, follow, max-snippet:-1, max-image-preview:large, max-video-preview:-1\" \/>\n<link rel=\"canonical\" href=\"https:\/\/dana.com.br\/canaldana\/2024\/11\/07\/montadoras-ampliam-producao-em-83-e-abrem-967-vagas-em-outubro\/\" \/>\n<meta property=\"og:locale\" content=\"pt_BR\" \/>\n<meta property=\"og:type\" content=\"article\" \/>\n<meta property=\"og:title\" content=\"Montadoras ampliam produ\u00e7\u00e3o em 8,3% e abrem 967 vagas em outubro - Canal Dana\" \/>\n<meta property=\"og:description\" content=\"AutoInd\u00fastria &nbsp; Apesar de o ritmo de crescimento ser inferior ao do mercado interno, as montadoras seguem ampliando o n\u00edvel de emprego no Pa\u00eds por conta do desempenho positivo na produ\u00e7\u00e3o. &nbsp; Conforme balan\u00e7o da Anfavea divulgado nesta quarta-feira, 6, sa\u00edram das linhas de montagem em outubro exatos 249.177 ve\u00edculos, volume 8,3% maior do que\u2026 Leia mais \u00bb\" \/>\n<meta property=\"og:url\" content=\"https:\/\/dana.com.br\/canaldana\/2024\/11\/07\/montadoras-ampliam-producao-em-83-e-abrem-967-vagas-em-outubro\/\" \/>\n<meta property=\"og:site_name\" content=\"Canal Dana\" \/>\n<meta property=\"article:published_time\" content=\"2024-11-07T11:49:12+00:00\" \/>\n<meta name=\"author\" content=\"Canal Dana\" \/>\n<meta name=\"twitter:card\" content=\"summary_large_image\" \/>\n<meta name=\"twitter:label1\" content=\"Escrito por\" \/>\n\t<meta name=\"twitter:data1\" content=\"Canal Dana\" \/>\n\t<meta name=\"twitter:label2\" content=\"Est. tempo de leitura\" \/>\n\t<meta name=\"twitter:data2\" content=\"2 minutos\" \/>\n<script type=\"application\/ld+json\" class=\"yoast-schema-graph\">{\"@context\":\"https:\\\/\\\/schema.org\",\"@graph\":[{\"@type\":\"Article\",\"@id\":\"https:\\\/\\\/dana.com.br\\\/canaldana\\\/2024\\\/11\\\/07\\\/montadoras-ampliam-producao-em-83-e-abrem-967-vagas-em-outubro\\\/#article\",\"isPartOf\":{\"@id\":\"https:\\\/\\\/dana.com.br\\\/canaldana\\\/2024\\\/11\\\/07\\\/montadoras-ampliam-producao-em-83-e-abrem-967-vagas-em-outubro\\\/\"},\"author\":{\"name\":\"Canal Dana\",\"@id\":\"https:\\\/\\\/dana.com.br\\\/canaldana\\\/#\\\/schema\\\/person\\\/3c21f22f56fcf3bc46b94bc60ea4fef6\"},\"headline\":\"Montadoras ampliam produ\u00e7\u00e3o em 8,3% e abrem 967 vagas em outubro\",\"datePublished\":\"2024-11-07T11:49:12+00:00\",\"mainEntityOfPage\":{\"@id\":\"https:\\\/\\\/dana.com.br\\\/canaldana\\\/2024\\\/11\\\/07\\\/montadoras-ampliam-producao-em-83-e-abrem-967-vagas-em-outubro\\\/\"},\"wordCount\":350,\"articleSection\":[\"Destaques\"],\"inLanguage\":\"pt-BR\"},{\"@type\":\"WebPage\",\"@id\":\"https:\\\/\\\/dana.com.br\\\/canaldana\\\/2024\\\/11\\\/07\\\/montadoras-ampliam-producao-em-83-e-abrem-967-vagas-em-outubro\\\/\",\"url\":\"https:\\\/\\\/dana.com.br\\\/canaldana\\\/2024\\\/11\\\/07\\\/montadoras-ampliam-producao-em-83-e-abrem-967-vagas-em-outubro\\\/\",\"name\":\"Montadoras ampliam produ\u00e7\u00e3o em 8,3% e abrem 967 vagas em outubro - Canal Dana\",\"isPartOf\":{\"@id\":\"https:\\\/\\\/dana.com.br\\\/canaldana\\\/#website\"},\"datePublished\":\"2024-11-07T11:49:12+00:00\",\"author\":{\"@id\":\"https:\\\/\\\/dana.com.br\\\/canaldana\\\/#\\\/schema\\\/person\\\/3c21f22f56fcf3bc46b94bc60ea4fef6\"},\"breadcrumb\":{\"@id\":\"https:\\\/\\\/dana.com.br\\\/canaldana\\\/2024\\\/11\\\/07\\\/montadoras-ampliam-producao-em-83-e-abrem-967-vagas-em-outubro\\\/#breadcrumb\"},\"inLanguage\":\"pt-BR\",\"potentialAction\":[{\"@type\":\"ReadAction\",\"target\":[\"https:\\\/\\\/dana.com.br\\\/canaldana\\\/2024\\\/11\\\/07\\\/montadoras-ampliam-producao-em-83-e-abrem-967-vagas-em-outubro\\\/\"]}]},{\"@type\":\"BreadcrumbList\",\"@id\":\"https:\\\/\\\/dana.com.br\\\/canaldana\\\/2024\\\/11\\\/07\\\/montadoras-ampliam-producao-em-83-e-abrem-967-vagas-em-outubro\\\/#breadcrumb\",\"itemListElement\":[{\"@type\":\"ListItem\",\"position\":1,\"name\":\"Home\",\"item\":\"https:\\\/\\\/dana.com.br\\\/canaldana\\\/\"},{\"@type\":\"ListItem\",\"position\":2,\"name\":\"Destaques\",\"item\":\"https:\\\/\\\/dana.com.br\\\/canaldana\\\/destaques\\\/\"},{\"@type\":\"ListItem\",\"position\":3,\"name\":\"Montadoras ampliam produ\u00e7\u00e3o em 8,3% e abrem 967 vagas em outubro\"}]},{\"@type\":\"WebSite\",\"@id\":\"https:\\\/\\\/dana.com.br\\\/canaldana\\\/#website\",\"url\":\"https:\\\/\\\/dana.com.br\\\/canaldana\\\/\",\"name\":\"Canal Dana\",\"description\":\"Informativo com as principais not\u00edcias da ind\u00fastria automotiva\",\"potentialAction\":[{\"@type\":\"SearchAction\",\"target\":{\"@type\":\"EntryPoint\",\"urlTemplate\":\"https:\\\/\\\/dana.com.br\\\/canaldana\\\/?s={search_term_string}\"},\"query-input\":{\"@type\":\"PropertyValueSpecification\",\"valueRequired\":true,\"valueName\":\"search_term_string\"}}],\"inLanguage\":\"pt-BR\"},{\"@type\":\"Person\",\"@id\":\"https:\\\/\\\/dana.com.br\\\/canaldana\\\/#\\\/schema\\\/person\\\/3c21f22f56fcf3bc46b94bc60ea4fef6\",\"name\":\"Canal Dana\",\"image\":{\"@type\":\"ImageObject\",\"inLanguage\":\"pt-BR\",\"@id\":\"https:\\\/\\\/secure.gravatar.com\\\/avatar\\\/420aaf9278582877d9018637c6817617705899d2858d7572ef0fe59a6b6454b4?s=96&d=mm&r=g\",\"url\":\"https:\\\/\\\/secure.gravatar.com\\\/avatar\\\/420aaf9278582877d9018637c6817617705899d2858d7572ef0fe59a6b6454b4?s=96&d=mm&r=g\",\"contentUrl\":\"https:\\\/\\\/secure.gravatar.com\\\/avatar\\\/420aaf9278582877d9018637c6817617705899d2858d7572ef0fe59a6b6454b4?s=96&d=mm&r=g\",\"caption\":\"Canal Dana\"},\"url\":\"https:\\\/\\\/dana.com.br\\\/canaldana\\\/author\\\/cdeditor\\\/\"}]}<\/script>\n<!-- \/ Yoast SEO plugin. -->","yoast_head_json":{"title":"Montadoras ampliam produ\u00e7\u00e3o em 8,3% e abrem 967 vagas em outubro - Canal Dana","robots":{"index":"index","follow":"follow","max-snippet":"max-snippet:-1","max-image-preview":"max-image-preview:large","max-video-preview":"max-video-preview:-1"},"canonical":"https:\/\/dana.com.br\/canaldana\/2024\/11\/07\/montadoras-ampliam-producao-em-83-e-abrem-967-vagas-em-outubro\/","og_locale":"pt_BR","og_type":"article","og_title":"Montadoras ampliam produ\u00e7\u00e3o em 8,3% e abrem 967 vagas em outubro - Canal Dana","og_description":"AutoInd\u00fastria &nbsp; Apesar de o ritmo de crescimento ser inferior ao do mercado interno, as montadoras seguem ampliando o n\u00edvel de emprego no Pa\u00eds por conta do desempenho positivo na produ\u00e7\u00e3o. &nbsp; Conforme balan\u00e7o da Anfavea divulgado nesta quarta-feira, 6, sa\u00edram das linhas de montagem em outubro exatos 249.177 ve\u00edculos, volume 8,3% maior do que\u2026 Leia mais \u00bb","og_url":"https:\/\/dana.com.br\/canaldana\/2024\/11\/07\/montadoras-ampliam-producao-em-83-e-abrem-967-vagas-em-outubro\/","og_site_name":"Canal Dana","article_published_time":"2024-11-07T11:49:12+00:00","author":"Canal Dana","twitter_card":"summary_large_image","twitter_misc":{"Escrito por":"Canal Dana","Est. tempo de leitura":"2 minutos"},"schema":{"@context":"https:\/\/schema.org","@graph":[{"@type":"Article","@id":"https:\/\/dana.com.br\/canaldana\/2024\/11\/07\/montadoras-ampliam-producao-em-83-e-abrem-967-vagas-em-outubro\/#article","isPartOf":{"@id":"https:\/\/dana.com.br\/canaldana\/2024\/11\/07\/montadoras-ampliam-producao-em-83-e-abrem-967-vagas-em-outubro\/"},"author":{"name":"Canal Dana","@id":"https:\/\/dana.com.br\/canaldana\/#\/schema\/person\/3c21f22f56fcf3bc46b94bc60ea4fef6"},"headline":"Montadoras ampliam produ\u00e7\u00e3o em 8,3% e abrem 967 vagas em outubro","datePublished":"2024-11-07T11:49:12+00:00","mainEntityOfPage":{"@id":"https:\/\/dana.com.br\/canaldana\/2024\/11\/07\/montadoras-ampliam-producao-em-83-e-abrem-967-vagas-em-outubro\/"},"wordCount":350,"articleSection":["Destaques"],"inLanguage":"pt-BR"},{"@type":"WebPage","@id":"https:\/\/dana.com.br\/canaldana\/2024\/11\/07\/montadoras-ampliam-producao-em-83-e-abrem-967-vagas-em-outubro\/","url":"https:\/\/dana.com.br\/canaldana\/2024\/11\/07\/montadoras-ampliam-producao-em-83-e-abrem-967-vagas-em-outubro\/","name":"Montadoras ampliam produ\u00e7\u00e3o em 8,3% e abrem 967 vagas em outubro - Canal Dana","isPartOf":{"@id":"https:\/\/dana.com.br\/canaldana\/#website"},"datePublished":"2024-11-07T11:49:12+00:00","author":{"@id":"https:\/\/dana.com.br\/canaldana\/#\/schema\/person\/3c21f22f56fcf3bc46b94bc60ea4fef6"},"breadcrumb":{"@id":"https:\/\/dana.com.br\/canaldana\/2024\/11\/07\/montadoras-ampliam-producao-em-83-e-abrem-967-vagas-em-outubro\/#breadcrumb"},"inLanguage":"pt-BR","potentialAction":[{"@type":"ReadAction","target":["https:\/\/dana.com.br\/canaldana\/2024\/11\/07\/montadoras-ampliam-producao-em-83-e-abrem-967-vagas-em-outubro\/"]}]},{"@type":"BreadcrumbList","@id":"https:\/\/dana.com.br\/canaldana\/2024\/11\/07\/montadoras-ampliam-producao-em-83-e-abrem-967-vagas-em-outubro\/#breadcrumb","itemListElement":[{"@type":"ListItem","position":1,"name":"Home","item":"https:\/\/dana.com.br\/canaldana\/"},{"@type":"ListItem","position":2,"name":"Destaques","item":"https:\/\/dana.com.br\/canaldana\/destaques\/"},{"@type":"ListItem","position":3,"name":"Montadoras ampliam produ\u00e7\u00e3o em 8,3% e abrem 967 vagas em outubro"}]},{"@type":"WebSite","@id":"https:\/\/dana.com.br\/canaldana\/#website","url":"https:\/\/dana.com.br\/canaldana\/","name":"Canal Dana","description":"Informativo com as principais not\u00edcias da ind\u00fastria automotiva","potentialAction":[{"@type":"SearchAction","target":{"@type":"EntryPoint","urlTemplate":"https:\/\/dana.com.br\/canaldana\/?s={search_term_string}"},"query-input":{"@type":"PropertyValueSpecification","valueRequired":true,"valueName":"search_term_string"}}],"inLanguage":"pt-BR"},{"@type":"Person","@id":"https:\/\/dana.com.br\/canaldana\/#\/schema\/person\/3c21f22f56fcf3bc46b94bc60ea4fef6","name":"Canal Dana","image":{"@type":"ImageObject","inLanguage":"pt-BR","@id":"https:\/\/secure.gravatar.com\/avatar\/420aaf9278582877d9018637c6817617705899d2858d7572ef0fe59a6b6454b4?s=96&d=mm&r=g","url":"https:\/\/secure.gravatar.com\/avatar\/420aaf9278582877d9018637c6817617705899d2858d7572ef0fe59a6b6454b4?s=96&d=mm&r=g","contentUrl":"https:\/\/secure.gravatar.com\/avatar\/420aaf9278582877d9018637c6817617705899d2858d7572ef0fe59a6b6454b4?s=96&d=mm&r=g","caption":"Canal Dana"},"url":"https:\/\/dana.com.br\/canaldana\/author\/cdeditor\/"}]}},"_links":{"self":[{"href":"https:\/\/dana.com.br\/canaldana\/wp-json\/wp\/v2\/posts\/77724","targetHints":{"allow":["GET"]}}],"collection":[{"href":"https:\/\/dana.com.br\/canaldana\/wp-json\/wp\/v2\/posts"}],"about":[{"href":"https:\/\/dana.com.br\/canaldana\/wp-json\/wp\/v2\/types\/post"}],"author":[{"embeddable":true,"href":"https:\/\/dana.com.br\/canaldana\/wp-json\/wp\/v2\/users\/3"}],"replies":[{"embeddable":true,"href":"https:\/\/dana.com.br\/canaldana\/wp-json\/wp\/v2\/comments?post=77724"}],"version-history":[{"count":1,"href":"https:\/\/dana.com.br\/canaldana\/wp-json\/wp\/v2\/posts\/77724\/revisions"}],"predecessor-version":[{"id":77725,"href":"https:\/\/dana.com.br\/canaldana\/wp-json\/wp\/v2\/posts\/77724\/revisions\/77725"}],"wp:attachment":[{"href":"https:\/\/dana.com.br\/canaldana\/wp-json\/wp\/v2\/media?parent=77724"}],"wp:term":[{"taxonomy":"category","embeddable":true,"href":"https:\/\/dana.com.br\/canaldana\/wp-json\/wp\/v2\/categories?post=77724"},{"taxonomy":"post_tag","embeddable":true,"href":"https:\/\/dana.com.br\/canaldana\/wp-json\/wp\/v2\/tags?post=77724"}],"curies":[{"name":"wp","href":"https:\/\/api.w.org\/{rel}","templated":true}]}}