{"id":77545,"date":"2024-10-31T08:29:19","date_gmt":"2024-10-31T11:29:19","guid":{"rendered":"https:\/\/dana.com.br\/canaldana\/?p=77545"},"modified":"2024-10-31T08:29:19","modified_gmt":"2024-10-31T11:29:19","slug":"com-alta-do-dolar-e-temor-de-inflacao-equipe-economica-tenta-de-novo-destravar-corte","status":"publish","type":"post","link":"https:\/\/dana.com.br\/canaldana\/2024\/10\/31\/com-alta-do-dolar-e-temor-de-inflacao-equipe-economica-tenta-de-novo-destravar-corte\/","title":{"rendered":"Com alta do d\u00f3lar e temor de infla\u00e7\u00e3o, equipe econ\u00f4mica tenta de novo destravar corte"},"content":{"rendered":"<p><em>O Estado de S. Paulo <\/em><\/p>\n<p>&nbsp;<\/p>\n<p>As incertezas sobre o pacote de corte de gastos do governo fizeram com que o d\u00f3lar chegasse a R$ 5,79 durante o dia, ontem, recuando no fechamento a R$ 5,76, alta de 0,o3%. A escalada acende alerta para alta da infla\u00e7\u00e3o. Com a disparada da moeda americana, ministros como Fernando Haddad (Fazenda) e Rui Costa (Casa Civil) sa\u00edram a p\u00fablico para dizer que o governo far\u00e1 o ajuste. No mercado, a expectativa \u00e9 de que o governo apresente cortes de despesas ao redor de 0,5% do PIB. A ministra Simone Tebet (Planejamento) afirmou que o pacote pretende ter impacto nas contas p\u00fablicas em 2026. O ministro Luiz Marinho (Trabalho) recha\u00e7ou cortes no abono salarial e no seguro-desemprego.<\/p>\n<p>&nbsp;<\/p>\n<p>O roteiro se repete no governo: o d\u00f3lar dispara, o sinal de alerta sobre os efeitos desse aumento na infla\u00e7\u00e3o e nos juros preocupam, e a equipe econ\u00f4mica tenta destravar o pacote de cortes de gastos. Ontem, a moeda americana bateu R$ 5,792, mas fechou o dia em R$ 5,763, com alta de 0,3%, a maior cota\u00e7\u00e3o desde mar\u00e7o de 2021. No ano, a valoriza\u00e7\u00e3o \u00e9 de 18,83%.<\/p>\n<p>&nbsp;<\/p>\n<p>Ap\u00f3s o salto do d\u00f3lar, ministros vieram a p\u00fablico para tentar acalmar o mercado. Pela manh\u00e3, o ministro da Fazenda, Fernando Haddad, reafirmou que a ideia \u00e9 elaborar uma \u201cf\u00f3rmula adequada\u201d para os cortes. \u201cAssim como o arcabou\u00e7o no ano passado dissipou as incertezas e a gente teve um ano excelente na sequ\u00eancia, com queda do juro, queda do d\u00f3lar, ancoragem das expectativas, eu espero que aconte\u00e7a a mesma coisa (agora).\u201d<\/p>\n<p>&nbsp;<\/p>\n<p>Haddad disse que entende a \u201cinquieta\u00e7\u00e3o\u201d do mercado, mas que h\u00e1 \u201cespecula\u00e7\u00e3o\u201d em torno das propostas. \u00c0 noite, ele reclamou que havia \u201cuma for\u00e7a\u00e7\u00e3o boba\u201d para que as medidas fossem divulgadas logo. \u201cN\u00e3o \u00e9 assim que funciona.\u201d<\/p>\n<p>&nbsp;<\/p>\n<p>Tamb\u00e9m ontem, a ministra do Planejamento e Or\u00e7amento, Simone Tebet, afirmou que o pacote a ser apresentado n\u00e3o tem compromisso com cortes em 2025, mas em 2026, \u00faltimo ano do mandato de Lula.<\/p>\n<p>&nbsp;<\/p>\n<p>\u201cN\u00e3o precisa ser aprovado neste ano. A quest\u00e3o \u00e9 porque o impacto n\u00e3o \u00e9 para ser em 2025, \u00e9 para ser em 2026. O que precisamos \u00e9 apresentar ao Pa\u00eds um pacote que d\u00ea conforto para o presidente da Rep\u00fablica, deixando claro que n\u00e3o vamos tirar nenhum direito.\u201d<\/p>\n<p>&nbsp;<\/p>\n<p>Mais cedo, com o d\u00f3lar subindo, al\u00e9m de Haddad, o ministro da Casa Civil, Rui Costa, saiu em defesa do ajuste nas contas.<\/p>\n<p>&nbsp;<\/p>\n<p>\u201cQuem apostar contra o Brasil vai perder, o presidente Lula vai fazer os ajustes necess\u00e1rios para manter o crescimento do Pa\u00eds, assegurar investimentos e cumprir o arcabou\u00e7o fiscal, enquadrando as despesas dentro das regras da meta fiscal\u201d, disse Costa, em seu perfil no X, antigo Twitter.<\/p>\n<p>&nbsp;<\/p>\n<p>Enquanto a decis\u00e3o final n\u00e3o sai, o governo analisa fixar um limite de crescimento de 2,5% ao ano, sem contar a infla\u00e7\u00e3o, para as despesas que aumentam a um ritmo mais veloz, submetendo todos os gastos ao mesmo limite do arcabou\u00e7o fiscal. HIST\u00d3RIA REPETIDA. Em junho, logo ap\u00f3s um forte movimento de alta da moeda americana, o Estad\u00e3o revelou que a equipe econ\u00f4mica preparava um \u201ccard\u00e1pio\u201d de medidas para reduzir despesas que seria apresentado ao presidente Luiz In\u00e1cio Lula da Silva. Quatro meses depois, as iniciativas amadureceram, mas ainda continuam restritas \u00e0 c\u00fapula do governo.<\/p>\n<p>&nbsp;<\/p>\n<p>No mercado, a expectativa \u00e9 de que os cortes fiquem em torno de 0,5% do PIB. (O Estado de S. Paulo\/Mariana Carneiro, Daniel Weterman, Alvaro Gribel e Caio Spechoto)<\/p>\n","protected":false},"excerpt":{"rendered":"<p>O Estado de S. Paulo &nbsp; As incertezas sobre o pacote de corte de gastos do governo fizeram com que o d\u00f3lar chegasse a R$ 5,79 durante o dia, ontem, recuando no fechamento a R$ 5,76, alta de 0,o3%. A escalada acende alerta para alta da infla\u00e7\u00e3o. Com a disparada da moeda americana, ministros como\u2026 <a class=\"readmore\" href=\"https:\/\/dana.com.br\/canaldana\/2024\/10\/31\/com-alta-do-dolar-e-temor-de-inflacao-equipe-economica-tenta-de-novo-destravar-corte\/\">Leia mais \u00bb<\/a><\/p>\n","protected":false},"author":3,"featured_media":0,"comment_status":"closed","ping_status":"closed","sticky":false,"template":"","format":"standard","meta":{"_acf_changed":false,"footnotes":""},"categories":[79],"tags":[],"class_list":["post-77545","post","type-post","status-publish","format-standard","hentry","category-mercado"],"acf":[],"yoast_head":"<!-- This site is optimized with the Yoast SEO plugin v27.3 - https:\/\/yoast.com\/product\/yoast-seo-wordpress\/ -->\n<title>Com alta do d\u00f3lar e temor de infla\u00e7\u00e3o, equipe econ\u00f4mica tenta de novo destravar corte - Canal Dana<\/title>\n<meta name=\"robots\" content=\"index, follow, max-snippet:-1, max-image-preview:large, max-video-preview:-1\" \/>\n<link rel=\"canonical\" href=\"https:\/\/dana.com.br\/canaldana\/2024\/10\/31\/com-alta-do-dolar-e-temor-de-inflacao-equipe-economica-tenta-de-novo-destravar-corte\/\" \/>\n<meta property=\"og:locale\" content=\"pt_BR\" \/>\n<meta property=\"og:type\" content=\"article\" \/>\n<meta property=\"og:title\" content=\"Com alta do d\u00f3lar e temor de infla\u00e7\u00e3o, equipe econ\u00f4mica tenta de novo destravar corte - Canal Dana\" \/>\n<meta property=\"og:description\" content=\"O Estado de S. Paulo &nbsp; As incertezas sobre o pacote de corte de gastos do governo fizeram com que o d\u00f3lar chegasse a R$ 5,79 durante o dia, ontem, recuando no fechamento a R$ 5,76, alta de 0,o3%. A escalada acende alerta para alta da infla\u00e7\u00e3o. Com a disparada da moeda americana, ministros como\u2026 Leia mais \u00bb\" \/>\n<meta property=\"og:url\" content=\"https:\/\/dana.com.br\/canaldana\/2024\/10\/31\/com-alta-do-dolar-e-temor-de-inflacao-equipe-economica-tenta-de-novo-destravar-corte\/\" \/>\n<meta property=\"og:site_name\" content=\"Canal Dana\" \/>\n<meta property=\"article:published_time\" content=\"2024-10-31T11:29:19+00:00\" \/>\n<meta name=\"author\" content=\"Canal Dana\" \/>\n<meta name=\"twitter:card\" content=\"summary_large_image\" \/>\n<meta name=\"twitter:label1\" content=\"Escrito por\" \/>\n\t<meta name=\"twitter:data1\" content=\"Canal Dana\" \/>\n\t<meta name=\"twitter:label2\" content=\"Est. tempo de leitura\" \/>\n\t<meta name=\"twitter:data2\" content=\"4 minutos\" \/>\n<script type=\"application\/ld+json\" class=\"yoast-schema-graph\">{\"@context\":\"https:\\\/\\\/schema.org\",\"@graph\":[{\"@type\":\"Article\",\"@id\":\"https:\\\/\\\/dana.com.br\\\/canaldana\\\/2024\\\/10\\\/31\\\/com-alta-do-dolar-e-temor-de-inflacao-equipe-economica-tenta-de-novo-destravar-corte\\\/#article\",\"isPartOf\":{\"@id\":\"https:\\\/\\\/dana.com.br\\\/canaldana\\\/2024\\\/10\\\/31\\\/com-alta-do-dolar-e-temor-de-inflacao-equipe-economica-tenta-de-novo-destravar-corte\\\/\"},\"author\":{\"name\":\"Canal Dana\",\"@id\":\"https:\\\/\\\/dana.com.br\\\/canaldana\\\/#\\\/schema\\\/person\\\/3c21f22f56fcf3bc46b94bc60ea4fef6\"},\"headline\":\"Com alta do d\u00f3lar e temor de infla\u00e7\u00e3o, equipe econ\u00f4mica tenta de novo destravar corte\",\"datePublished\":\"2024-10-31T11:29:19+00:00\",\"mainEntityOfPage\":{\"@id\":\"https:\\\/\\\/dana.com.br\\\/canaldana\\\/2024\\\/10\\\/31\\\/com-alta-do-dolar-e-temor-de-inflacao-equipe-economica-tenta-de-novo-destravar-corte\\\/\"},\"wordCount\":625,\"articleSection\":[\"Mercado\"],\"inLanguage\":\"pt-BR\"},{\"@type\":\"WebPage\",\"@id\":\"https:\\\/\\\/dana.com.br\\\/canaldana\\\/2024\\\/10\\\/31\\\/com-alta-do-dolar-e-temor-de-inflacao-equipe-economica-tenta-de-novo-destravar-corte\\\/\",\"url\":\"https:\\\/\\\/dana.com.br\\\/canaldana\\\/2024\\\/10\\\/31\\\/com-alta-do-dolar-e-temor-de-inflacao-equipe-economica-tenta-de-novo-destravar-corte\\\/\",\"name\":\"Com alta do d\u00f3lar e temor de infla\u00e7\u00e3o, equipe econ\u00f4mica tenta de novo destravar corte - Canal Dana\",\"isPartOf\":{\"@id\":\"https:\\\/\\\/dana.com.br\\\/canaldana\\\/#website\"},\"datePublished\":\"2024-10-31T11:29:19+00:00\",\"author\":{\"@id\":\"https:\\\/\\\/dana.com.br\\\/canaldana\\\/#\\\/schema\\\/person\\\/3c21f22f56fcf3bc46b94bc60ea4fef6\"},\"breadcrumb\":{\"@id\":\"https:\\\/\\\/dana.com.br\\\/canaldana\\\/2024\\\/10\\\/31\\\/com-alta-do-dolar-e-temor-de-inflacao-equipe-economica-tenta-de-novo-destravar-corte\\\/#breadcrumb\"},\"inLanguage\":\"pt-BR\",\"potentialAction\":[{\"@type\":\"ReadAction\",\"target\":[\"https:\\\/\\\/dana.com.br\\\/canaldana\\\/2024\\\/10\\\/31\\\/com-alta-do-dolar-e-temor-de-inflacao-equipe-economica-tenta-de-novo-destravar-corte\\\/\"]}]},{\"@type\":\"BreadcrumbList\",\"@id\":\"https:\\\/\\\/dana.com.br\\\/canaldana\\\/2024\\\/10\\\/31\\\/com-alta-do-dolar-e-temor-de-inflacao-equipe-economica-tenta-de-novo-destravar-corte\\\/#breadcrumb\",\"itemListElement\":[{\"@type\":\"ListItem\",\"position\":1,\"name\":\"Home\",\"item\":\"https:\\\/\\\/dana.com.br\\\/canaldana\\\/\"},{\"@type\":\"ListItem\",\"position\":2,\"name\":\"Mercado\",\"item\":\"https:\\\/\\\/dana.com.br\\\/canaldana\\\/mercado\\\/\"},{\"@type\":\"ListItem\",\"position\":3,\"name\":\"Com alta do d\u00f3lar e temor de infla\u00e7\u00e3o, equipe econ\u00f4mica tenta de novo destravar corte\"}]},{\"@type\":\"WebSite\",\"@id\":\"https:\\\/\\\/dana.com.br\\\/canaldana\\\/#website\",\"url\":\"https:\\\/\\\/dana.com.br\\\/canaldana\\\/\",\"name\":\"Canal Dana\",\"description\":\"Informativo com as principais not\u00edcias da ind\u00fastria automotiva\",\"potentialAction\":[{\"@type\":\"SearchAction\",\"target\":{\"@type\":\"EntryPoint\",\"urlTemplate\":\"https:\\\/\\\/dana.com.br\\\/canaldana\\\/?s={search_term_string}\"},\"query-input\":{\"@type\":\"PropertyValueSpecification\",\"valueRequired\":true,\"valueName\":\"search_term_string\"}}],\"inLanguage\":\"pt-BR\"},{\"@type\":\"Person\",\"@id\":\"https:\\\/\\\/dana.com.br\\\/canaldana\\\/#\\\/schema\\\/person\\\/3c21f22f56fcf3bc46b94bc60ea4fef6\",\"name\":\"Canal Dana\",\"image\":{\"@type\":\"ImageObject\",\"inLanguage\":\"pt-BR\",\"@id\":\"https:\\\/\\\/secure.gravatar.com\\\/avatar\\\/420aaf9278582877d9018637c6817617705899d2858d7572ef0fe59a6b6454b4?s=96&d=mm&r=g\",\"url\":\"https:\\\/\\\/secure.gravatar.com\\\/avatar\\\/420aaf9278582877d9018637c6817617705899d2858d7572ef0fe59a6b6454b4?s=96&d=mm&r=g\",\"contentUrl\":\"https:\\\/\\\/secure.gravatar.com\\\/avatar\\\/420aaf9278582877d9018637c6817617705899d2858d7572ef0fe59a6b6454b4?s=96&d=mm&r=g\",\"caption\":\"Canal Dana\"},\"url\":\"https:\\\/\\\/dana.com.br\\\/canaldana\\\/author\\\/cdeditor\\\/\"}]}<\/script>\n<!-- \/ Yoast SEO plugin. -->","yoast_head_json":{"title":"Com alta do d\u00f3lar e temor de infla\u00e7\u00e3o, equipe econ\u00f4mica tenta de novo destravar corte - Canal Dana","robots":{"index":"index","follow":"follow","max-snippet":"max-snippet:-1","max-image-preview":"max-image-preview:large","max-video-preview":"max-video-preview:-1"},"canonical":"https:\/\/dana.com.br\/canaldana\/2024\/10\/31\/com-alta-do-dolar-e-temor-de-inflacao-equipe-economica-tenta-de-novo-destravar-corte\/","og_locale":"pt_BR","og_type":"article","og_title":"Com alta do d\u00f3lar e temor de infla\u00e7\u00e3o, equipe econ\u00f4mica tenta de novo destravar corte - Canal Dana","og_description":"O Estado de S. Paulo &nbsp; As incertezas sobre o pacote de corte de gastos do governo fizeram com que o d\u00f3lar chegasse a R$ 5,79 durante o dia, ontem, recuando no fechamento a R$ 5,76, alta de 0,o3%. A escalada acende alerta para alta da infla\u00e7\u00e3o. Com a disparada da moeda americana, ministros como\u2026 Leia mais \u00bb","og_url":"https:\/\/dana.com.br\/canaldana\/2024\/10\/31\/com-alta-do-dolar-e-temor-de-inflacao-equipe-economica-tenta-de-novo-destravar-corte\/","og_site_name":"Canal Dana","article_published_time":"2024-10-31T11:29:19+00:00","author":"Canal Dana","twitter_card":"summary_large_image","twitter_misc":{"Escrito por":"Canal Dana","Est. tempo de leitura":"4 minutos"},"schema":{"@context":"https:\/\/schema.org","@graph":[{"@type":"Article","@id":"https:\/\/dana.com.br\/canaldana\/2024\/10\/31\/com-alta-do-dolar-e-temor-de-inflacao-equipe-economica-tenta-de-novo-destravar-corte\/#article","isPartOf":{"@id":"https:\/\/dana.com.br\/canaldana\/2024\/10\/31\/com-alta-do-dolar-e-temor-de-inflacao-equipe-economica-tenta-de-novo-destravar-corte\/"},"author":{"name":"Canal Dana","@id":"https:\/\/dana.com.br\/canaldana\/#\/schema\/person\/3c21f22f56fcf3bc46b94bc60ea4fef6"},"headline":"Com alta do d\u00f3lar e temor de infla\u00e7\u00e3o, equipe econ\u00f4mica tenta de novo destravar corte","datePublished":"2024-10-31T11:29:19+00:00","mainEntityOfPage":{"@id":"https:\/\/dana.com.br\/canaldana\/2024\/10\/31\/com-alta-do-dolar-e-temor-de-inflacao-equipe-economica-tenta-de-novo-destravar-corte\/"},"wordCount":625,"articleSection":["Mercado"],"inLanguage":"pt-BR"},{"@type":"WebPage","@id":"https:\/\/dana.com.br\/canaldana\/2024\/10\/31\/com-alta-do-dolar-e-temor-de-inflacao-equipe-economica-tenta-de-novo-destravar-corte\/","url":"https:\/\/dana.com.br\/canaldana\/2024\/10\/31\/com-alta-do-dolar-e-temor-de-inflacao-equipe-economica-tenta-de-novo-destravar-corte\/","name":"Com alta do d\u00f3lar e temor de infla\u00e7\u00e3o, equipe econ\u00f4mica tenta de novo destravar corte - Canal Dana","isPartOf":{"@id":"https:\/\/dana.com.br\/canaldana\/#website"},"datePublished":"2024-10-31T11:29:19+00:00","author":{"@id":"https:\/\/dana.com.br\/canaldana\/#\/schema\/person\/3c21f22f56fcf3bc46b94bc60ea4fef6"},"breadcrumb":{"@id":"https:\/\/dana.com.br\/canaldana\/2024\/10\/31\/com-alta-do-dolar-e-temor-de-inflacao-equipe-economica-tenta-de-novo-destravar-corte\/#breadcrumb"},"inLanguage":"pt-BR","potentialAction":[{"@type":"ReadAction","target":["https:\/\/dana.com.br\/canaldana\/2024\/10\/31\/com-alta-do-dolar-e-temor-de-inflacao-equipe-economica-tenta-de-novo-destravar-corte\/"]}]},{"@type":"BreadcrumbList","@id":"https:\/\/dana.com.br\/canaldana\/2024\/10\/31\/com-alta-do-dolar-e-temor-de-inflacao-equipe-economica-tenta-de-novo-destravar-corte\/#breadcrumb","itemListElement":[{"@type":"ListItem","position":1,"name":"Home","item":"https:\/\/dana.com.br\/canaldana\/"},{"@type":"ListItem","position":2,"name":"Mercado","item":"https:\/\/dana.com.br\/canaldana\/mercado\/"},{"@type":"ListItem","position":3,"name":"Com alta do d\u00f3lar e temor de infla\u00e7\u00e3o, equipe econ\u00f4mica tenta de novo destravar corte"}]},{"@type":"WebSite","@id":"https:\/\/dana.com.br\/canaldana\/#website","url":"https:\/\/dana.com.br\/canaldana\/","name":"Canal Dana","description":"Informativo com as principais not\u00edcias da ind\u00fastria automotiva","potentialAction":[{"@type":"SearchAction","target":{"@type":"EntryPoint","urlTemplate":"https:\/\/dana.com.br\/canaldana\/?s={search_term_string}"},"query-input":{"@type":"PropertyValueSpecification","valueRequired":true,"valueName":"search_term_string"}}],"inLanguage":"pt-BR"},{"@type":"Person","@id":"https:\/\/dana.com.br\/canaldana\/#\/schema\/person\/3c21f22f56fcf3bc46b94bc60ea4fef6","name":"Canal Dana","image":{"@type":"ImageObject","inLanguage":"pt-BR","@id":"https:\/\/secure.gravatar.com\/avatar\/420aaf9278582877d9018637c6817617705899d2858d7572ef0fe59a6b6454b4?s=96&d=mm&r=g","url":"https:\/\/secure.gravatar.com\/avatar\/420aaf9278582877d9018637c6817617705899d2858d7572ef0fe59a6b6454b4?s=96&d=mm&r=g","contentUrl":"https:\/\/secure.gravatar.com\/avatar\/420aaf9278582877d9018637c6817617705899d2858d7572ef0fe59a6b6454b4?s=96&d=mm&r=g","caption":"Canal Dana"},"url":"https:\/\/dana.com.br\/canaldana\/author\/cdeditor\/"}]}},"_links":{"self":[{"href":"https:\/\/dana.com.br\/canaldana\/wp-json\/wp\/v2\/posts\/77545","targetHints":{"allow":["GET"]}}],"collection":[{"href":"https:\/\/dana.com.br\/canaldana\/wp-json\/wp\/v2\/posts"}],"about":[{"href":"https:\/\/dana.com.br\/canaldana\/wp-json\/wp\/v2\/types\/post"}],"author":[{"embeddable":true,"href":"https:\/\/dana.com.br\/canaldana\/wp-json\/wp\/v2\/users\/3"}],"replies":[{"embeddable":true,"href":"https:\/\/dana.com.br\/canaldana\/wp-json\/wp\/v2\/comments?post=77545"}],"version-history":[{"count":1,"href":"https:\/\/dana.com.br\/canaldana\/wp-json\/wp\/v2\/posts\/77545\/revisions"}],"predecessor-version":[{"id":77546,"href":"https:\/\/dana.com.br\/canaldana\/wp-json\/wp\/v2\/posts\/77545\/revisions\/77546"}],"wp:attachment":[{"href":"https:\/\/dana.com.br\/canaldana\/wp-json\/wp\/v2\/media?parent=77545"}],"wp:term":[{"taxonomy":"category","embeddable":true,"href":"https:\/\/dana.com.br\/canaldana\/wp-json\/wp\/v2\/categories?post=77545"},{"taxonomy":"post_tag","embeddable":true,"href":"https:\/\/dana.com.br\/canaldana\/wp-json\/wp\/v2\/tags?post=77545"}],"curies":[{"name":"wp","href":"https:\/\/api.w.org\/{rel}","templated":true}]}}