{"id":77535,"date":"2024-10-31T08:26:17","date_gmt":"2024-10-31T11:26:17","guid":{"rendered":"https:\/\/dana.com.br\/canaldana\/?p=77535"},"modified":"2024-10-31T08:26:17","modified_gmt":"2024-10-31T11:26:17","slug":"industria-verde-deve-impulsionar-economia-do-pais-dizem-especialistas","status":"publish","type":"post","link":"https:\/\/dana.com.br\/canaldana\/2024\/10\/31\/industria-verde-deve-impulsionar-economia-do-pais-dizem-especialistas\/","title":{"rendered":"Ind\u00fastria \u2018verde\u2019 deve impulsionar economia do Pa\u00eds, dizem especialistas"},"content":{"rendered":"<p><em>O Estado de S. Paulo<\/em><\/p>\n<p>&nbsp;<\/p>\n<p>A economia brasileira vive um momento crucial para o desenvolvimento sustent\u00e1vel e para o avan\u00e7o da chamada agenda verde, que prev\u00ea a redu\u00e7\u00e3o na emiss\u00e3o de gases do efeito estufa por parte do setor produtivo. O desafio, apontam analistas ouvidos pelo Estad\u00e3o no vodcast Dois Pontos, \u00e9 transformar essa agenda em motor do crescimento econ\u00f4mico, por meio, principalmente, da inova\u00e7\u00e3o industrial.<\/p>\n<p>&nbsp;<\/p>\n<p>\u201cO Brasil est\u00e1 em uma enorme janela de oportunidade, que \u00e9 curta e vai se fechar, em torno da transi\u00e7\u00e3o energ\u00e9tica, da transforma\u00e7\u00e3o ecol\u00f3gica e da emerg\u00eancia da descarboniza\u00e7\u00e3o produtiva. \u00c9 uma janela para a qual o Pa\u00eds tem de ser muito certeiro\u201d, afirma Rafael Lucchesi, diretor de desenvolvimento industrial da Confedera\u00e7\u00e3o Nacional da Ind\u00fastria (CNI).<\/p>\n<p>&nbsp;<\/p>\n<p>Nesse cen\u00e1rio, Lucchesi destaca tr\u00eas nichos em que a economia brasileira tem maiores vantagens competitivas: agricultura de precis\u00e3o, produ\u00e7\u00e3o de energia renov\u00e1vel e baterias.<\/p>\n<p>&nbsp;<\/p>\n<p>O ex-presidente do Banco do Brics, Marcos Troyjo, alerta que, nos pr\u00f3ximos 25 anos, pa\u00edses com grande contingente populacional ser\u00e3o respons\u00e1veis por parte consider\u00e1vel da contribui\u00e7\u00e3o de forma\u00e7\u00e3o da demanda global. E o Brasil, segundo ele, poder\u00e1 levar vantagem, principalmente nas quest\u00f5es relacionadas \u00e0 economia verde.<\/p>\n<p>&nbsp;<\/p>\n<p>\u201cTemos muitas vantagens comparativas, em alguns casos quase complementaridade, entre produ\u00e7\u00e3o de alimento, produ\u00e7\u00e3o de energia sustent\u00e1vel e agenda verde\u201d, afirma Troyjo,<\/p>\n<p>&nbsp;<\/p>\n<p>Possibilidades Diretor da CNI fala em 3 nichos: agricultura de precis\u00e3o, produ\u00e7\u00e3o de energia renov\u00e1vel e baterias<\/p>\n<p>&nbsp;<\/p>\n<p>que tamb\u00e9m \u00e9 ex-secret\u00e1rio especial de Com\u00e9rcio Exterior e Assuntos Internacionais do Minist\u00e9rio da Economia.<\/p>\n<p>&nbsp;<\/p>\n<p>\u201cIsso significa n\u00e3o apenas uma demanda maior por bens em que a gente tem vantagens, o que leva a pre\u00e7os mais elevados ao longo do tempo, mas \u00e9 complementado por um tsunami de aloca\u00e7\u00e3o de capital voltado a investimento em infraestrutura e capex (bens de capital) para a economia verde\u201d, diz Troyjo.<\/p>\n<p>&nbsp;<\/p>\n<p>Os especialistas afirmam que as exig\u00eancias de redu\u00e7\u00e3o de emiss\u00f5es de carbono est\u00e3o impondo uma r\u00e1pida transforma\u00e7\u00e3o na ado\u00e7\u00e3o de tecnologias inovadoras. \u201cEsse \u00e9, certamente, o elemento de maior potencial transformador hoje. Talvez um dos maiores momentos da hist\u00f3ria em que a din\u00e2mica da economia e tamb\u00e9m do comportamento humano vai ter de se alterar\u201d, afirma Lucchesi.<\/p>\n<p>&nbsp;<\/p>\n<p><strong>Carga tribut\u00e1ria<\/strong><\/p>\n<p>&nbsp;<\/p>\n<p>Para surfar essa onda, por\u00e9m, o Brasil ter\u00e1 o desafio de endere\u00e7ar ao menos parte dos seus entraves hist\u00f3ricos, avaliam os analistas. Nesse escopo est\u00e3o carga tribut\u00e1ria elevada, problemas de infraestrutura, burocracia, alto custo de energia, falta de investimento e de competitividade.<\/p>\n<p>&nbsp;<\/p>\n<p>\u201cNo Brasil, n\u00f3s temos uma dist\u00e2ncia entre o que \u00e9 recolhido como impostos pela sociedade, que est\u00e1 mais ou menos 11 ou 12 pontos acima da m\u00e9dia dos mercados emergentes\u201d, diz Troyjo.<\/p>\n<p>&nbsp;<\/p>\n<p>O ex-presidente do Banco do Brics diz acreditar que a carga tribut\u00e1ria ser\u00e1 um fator determinante para que o Pa\u00eds possa absorver os elos de produ\u00e7\u00e3o e parte das cadeias globais de fornecimento que estiveram at\u00e9 agora sediadas na China.<\/p>\n<p>&nbsp;<\/p>\n<p>\u201cO Brasil est\u00e1 pesado demais, ent\u00e3o, quando \u00e9 dada a largada, voc\u00ea acaba ficando para tr\u00e1s, porque, entre outras coisas, voc\u00ea paga impostos demais\u201d, diz Troyjo. \u201cEssa \u00e9 uma agenda na qual o Brasil n\u00e3o pode ficar para tr\u00e1s. N\u00f3s temos de criar instrumentos que assegurem a inser\u00e7\u00e3o (do Pa\u00eds) \u201d, afirma Lucchesi. (O Estado de S. Paulo)<\/p>\n","protected":false},"excerpt":{"rendered":"<p>O Estado de S. Paulo &nbsp; A economia brasileira vive um momento crucial para o desenvolvimento sustent\u00e1vel e para o avan\u00e7o da chamada agenda verde, que prev\u00ea a redu\u00e7\u00e3o na emiss\u00e3o de gases do efeito estufa por parte do setor produtivo. O desafio, apontam analistas ouvidos pelo Estad\u00e3o no vodcast Dois Pontos, \u00e9 transformar essa\u2026 <a class=\"readmore\" href=\"https:\/\/dana.com.br\/canaldana\/2024\/10\/31\/industria-verde-deve-impulsionar-economia-do-pais-dizem-especialistas\/\">Leia mais \u00bb<\/a><\/p>\n","protected":false},"author":3,"featured_media":0,"comment_status":"closed","ping_status":"closed","sticky":false,"template":"","format":"standard","meta":{"_acf_changed":false,"footnotes":""},"categories":[63],"tags":[],"class_list":["post-77535","post","type-post","status-publish","format-standard","hentry","category-meio-ambiente"],"acf":[],"yoast_head":"<!-- This site is optimized with the Yoast SEO plugin v27.5 - https:\/\/yoast.com\/product\/yoast-seo-wordpress\/ -->\n<title>Ind\u00fastria \u2018verde\u2019 deve impulsionar economia do Pa\u00eds, dizem especialistas - Canal Dana<\/title>\n<meta name=\"robots\" content=\"index, follow, max-snippet:-1, max-image-preview:large, max-video-preview:-1\" \/>\n<link rel=\"canonical\" href=\"https:\/\/dana.com.br\/canaldana\/2024\/10\/31\/industria-verde-deve-impulsionar-economia-do-pais-dizem-especialistas\/\" \/>\n<meta property=\"og:locale\" content=\"pt_BR\" \/>\n<meta property=\"og:type\" content=\"article\" \/>\n<meta property=\"og:title\" content=\"Ind\u00fastria \u2018verde\u2019 deve impulsionar economia do Pa\u00eds, dizem especialistas - Canal Dana\" \/>\n<meta property=\"og:description\" content=\"O Estado de S. Paulo &nbsp; A economia brasileira vive um momento crucial para o desenvolvimento sustent\u00e1vel e para o avan\u00e7o da chamada agenda verde, que prev\u00ea a redu\u00e7\u00e3o na emiss\u00e3o de gases do efeito estufa por parte do setor produtivo. O desafio, apontam analistas ouvidos pelo Estad\u00e3o no vodcast Dois Pontos, \u00e9 transformar essa\u2026 Leia mais \u00bb\" \/>\n<meta property=\"og:url\" content=\"https:\/\/dana.com.br\/canaldana\/2024\/10\/31\/industria-verde-deve-impulsionar-economia-do-pais-dizem-especialistas\/\" \/>\n<meta property=\"og:site_name\" content=\"Canal Dana\" \/>\n<meta property=\"article:published_time\" content=\"2024-10-31T11:26:17+00:00\" \/>\n<meta name=\"author\" content=\"Canal Dana\" \/>\n<meta name=\"twitter:card\" content=\"summary_large_image\" \/>\n<meta name=\"twitter:label1\" content=\"Escrito por\" \/>\n\t<meta name=\"twitter:data1\" content=\"Canal Dana\" \/>\n\t<meta name=\"twitter:label2\" content=\"Est. tempo de leitura\" \/>\n\t<meta name=\"twitter:data2\" content=\"3 minutos\" \/>\n<script type=\"application\/ld+json\" class=\"yoast-schema-graph\">{\"@context\":\"https:\\\/\\\/schema.org\",\"@graph\":[{\"@type\":\"Article\",\"@id\":\"https:\\\/\\\/dana.com.br\\\/canaldana\\\/2024\\\/10\\\/31\\\/industria-verde-deve-impulsionar-economia-do-pais-dizem-especialistas\\\/#article\",\"isPartOf\":{\"@id\":\"https:\\\/\\\/dana.com.br\\\/canaldana\\\/2024\\\/10\\\/31\\\/industria-verde-deve-impulsionar-economia-do-pais-dizem-especialistas\\\/\"},\"author\":{\"name\":\"Canal Dana\",\"@id\":\"https:\\\/\\\/dana.com.br\\\/canaldana\\\/#\\\/schema\\\/person\\\/3c21f22f56fcf3bc46b94bc60ea4fef6\"},\"headline\":\"Ind\u00fastria \u2018verde\u2019 deve impulsionar economia do Pa\u00eds, dizem especialistas\",\"datePublished\":\"2024-10-31T11:26:17+00:00\",\"mainEntityOfPage\":{\"@id\":\"https:\\\/\\\/dana.com.br\\\/canaldana\\\/2024\\\/10\\\/31\\\/industria-verde-deve-impulsionar-economia-do-pais-dizem-especialistas\\\/\"},\"wordCount\":610,\"articleSection\":[\"Meio Ambiente\"],\"inLanguage\":\"pt-BR\"},{\"@type\":\"WebPage\",\"@id\":\"https:\\\/\\\/dana.com.br\\\/canaldana\\\/2024\\\/10\\\/31\\\/industria-verde-deve-impulsionar-economia-do-pais-dizem-especialistas\\\/\",\"url\":\"https:\\\/\\\/dana.com.br\\\/canaldana\\\/2024\\\/10\\\/31\\\/industria-verde-deve-impulsionar-economia-do-pais-dizem-especialistas\\\/\",\"name\":\"Ind\u00fastria \u2018verde\u2019 deve impulsionar economia do Pa\u00eds, dizem especialistas - Canal Dana\",\"isPartOf\":{\"@id\":\"https:\\\/\\\/dana.com.br\\\/canaldana\\\/#website\"},\"datePublished\":\"2024-10-31T11:26:17+00:00\",\"author\":{\"@id\":\"https:\\\/\\\/dana.com.br\\\/canaldana\\\/#\\\/schema\\\/person\\\/3c21f22f56fcf3bc46b94bc60ea4fef6\"},\"breadcrumb\":{\"@id\":\"https:\\\/\\\/dana.com.br\\\/canaldana\\\/2024\\\/10\\\/31\\\/industria-verde-deve-impulsionar-economia-do-pais-dizem-especialistas\\\/#breadcrumb\"},\"inLanguage\":\"pt-BR\",\"potentialAction\":[{\"@type\":\"ReadAction\",\"target\":[\"https:\\\/\\\/dana.com.br\\\/canaldana\\\/2024\\\/10\\\/31\\\/industria-verde-deve-impulsionar-economia-do-pais-dizem-especialistas\\\/\"]}]},{\"@type\":\"BreadcrumbList\",\"@id\":\"https:\\\/\\\/dana.com.br\\\/canaldana\\\/2024\\\/10\\\/31\\\/industria-verde-deve-impulsionar-economia-do-pais-dizem-especialistas\\\/#breadcrumb\",\"itemListElement\":[{\"@type\":\"ListItem\",\"position\":1,\"name\":\"Home\",\"item\":\"https:\\\/\\\/dana.com.br\\\/canaldana\\\/\"},{\"@type\":\"ListItem\",\"position\":2,\"name\":\"Meio Ambiente\",\"item\":\"https:\\\/\\\/dana.com.br\\\/canaldana\\\/meio-ambiente\\\/\"},{\"@type\":\"ListItem\",\"position\":3,\"name\":\"Ind\u00fastria \u2018verde\u2019 deve impulsionar economia do Pa\u00eds, dizem especialistas\"}]},{\"@type\":\"WebSite\",\"@id\":\"https:\\\/\\\/dana.com.br\\\/canaldana\\\/#website\",\"url\":\"https:\\\/\\\/dana.com.br\\\/canaldana\\\/\",\"name\":\"Canal Dana\",\"description\":\"Informativo com as principais not\u00edcias da ind\u00fastria automotiva\",\"potentialAction\":[{\"@type\":\"SearchAction\",\"target\":{\"@type\":\"EntryPoint\",\"urlTemplate\":\"https:\\\/\\\/dana.com.br\\\/canaldana\\\/?s={search_term_string}\"},\"query-input\":{\"@type\":\"PropertyValueSpecification\",\"valueRequired\":true,\"valueName\":\"search_term_string\"}}],\"inLanguage\":\"pt-BR\"},{\"@type\":\"Person\",\"@id\":\"https:\\\/\\\/dana.com.br\\\/canaldana\\\/#\\\/schema\\\/person\\\/3c21f22f56fcf3bc46b94bc60ea4fef6\",\"name\":\"Canal Dana\",\"image\":{\"@type\":\"ImageObject\",\"inLanguage\":\"pt-BR\",\"@id\":\"https:\\\/\\\/secure.gravatar.com\\\/avatar\\\/420aaf9278582877d9018637c6817617705899d2858d7572ef0fe59a6b6454b4?s=96&d=mm&r=g\",\"url\":\"https:\\\/\\\/secure.gravatar.com\\\/avatar\\\/420aaf9278582877d9018637c6817617705899d2858d7572ef0fe59a6b6454b4?s=96&d=mm&r=g\",\"contentUrl\":\"https:\\\/\\\/secure.gravatar.com\\\/avatar\\\/420aaf9278582877d9018637c6817617705899d2858d7572ef0fe59a6b6454b4?s=96&d=mm&r=g\",\"caption\":\"Canal Dana\"},\"url\":\"https:\\\/\\\/dana.com.br\\\/canaldana\\\/author\\\/cdeditor\\\/\"}]}<\/script>\n<!-- \/ Yoast SEO plugin. -->","yoast_head_json":{"title":"Ind\u00fastria \u2018verde\u2019 deve impulsionar economia do Pa\u00eds, dizem especialistas - Canal Dana","robots":{"index":"index","follow":"follow","max-snippet":"max-snippet:-1","max-image-preview":"max-image-preview:large","max-video-preview":"max-video-preview:-1"},"canonical":"https:\/\/dana.com.br\/canaldana\/2024\/10\/31\/industria-verde-deve-impulsionar-economia-do-pais-dizem-especialistas\/","og_locale":"pt_BR","og_type":"article","og_title":"Ind\u00fastria \u2018verde\u2019 deve impulsionar economia do Pa\u00eds, dizem especialistas - Canal Dana","og_description":"O Estado de S. Paulo &nbsp; A economia brasileira vive um momento crucial para o desenvolvimento sustent\u00e1vel e para o avan\u00e7o da chamada agenda verde, que prev\u00ea a redu\u00e7\u00e3o na emiss\u00e3o de gases do efeito estufa por parte do setor produtivo. O desafio, apontam analistas ouvidos pelo Estad\u00e3o no vodcast Dois Pontos, \u00e9 transformar essa\u2026 Leia mais \u00bb","og_url":"https:\/\/dana.com.br\/canaldana\/2024\/10\/31\/industria-verde-deve-impulsionar-economia-do-pais-dizem-especialistas\/","og_site_name":"Canal Dana","article_published_time":"2024-10-31T11:26:17+00:00","author":"Canal Dana","twitter_card":"summary_large_image","twitter_misc":{"Escrito por":"Canal Dana","Est. tempo de leitura":"3 minutos"},"schema":{"@context":"https:\/\/schema.org","@graph":[{"@type":"Article","@id":"https:\/\/dana.com.br\/canaldana\/2024\/10\/31\/industria-verde-deve-impulsionar-economia-do-pais-dizem-especialistas\/#article","isPartOf":{"@id":"https:\/\/dana.com.br\/canaldana\/2024\/10\/31\/industria-verde-deve-impulsionar-economia-do-pais-dizem-especialistas\/"},"author":{"name":"Canal Dana","@id":"https:\/\/dana.com.br\/canaldana\/#\/schema\/person\/3c21f22f56fcf3bc46b94bc60ea4fef6"},"headline":"Ind\u00fastria \u2018verde\u2019 deve impulsionar economia do Pa\u00eds, dizem especialistas","datePublished":"2024-10-31T11:26:17+00:00","mainEntityOfPage":{"@id":"https:\/\/dana.com.br\/canaldana\/2024\/10\/31\/industria-verde-deve-impulsionar-economia-do-pais-dizem-especialistas\/"},"wordCount":610,"articleSection":["Meio Ambiente"],"inLanguage":"pt-BR"},{"@type":"WebPage","@id":"https:\/\/dana.com.br\/canaldana\/2024\/10\/31\/industria-verde-deve-impulsionar-economia-do-pais-dizem-especialistas\/","url":"https:\/\/dana.com.br\/canaldana\/2024\/10\/31\/industria-verde-deve-impulsionar-economia-do-pais-dizem-especialistas\/","name":"Ind\u00fastria \u2018verde\u2019 deve impulsionar economia do Pa\u00eds, dizem especialistas - Canal Dana","isPartOf":{"@id":"https:\/\/dana.com.br\/canaldana\/#website"},"datePublished":"2024-10-31T11:26:17+00:00","author":{"@id":"https:\/\/dana.com.br\/canaldana\/#\/schema\/person\/3c21f22f56fcf3bc46b94bc60ea4fef6"},"breadcrumb":{"@id":"https:\/\/dana.com.br\/canaldana\/2024\/10\/31\/industria-verde-deve-impulsionar-economia-do-pais-dizem-especialistas\/#breadcrumb"},"inLanguage":"pt-BR","potentialAction":[{"@type":"ReadAction","target":["https:\/\/dana.com.br\/canaldana\/2024\/10\/31\/industria-verde-deve-impulsionar-economia-do-pais-dizem-especialistas\/"]}]},{"@type":"BreadcrumbList","@id":"https:\/\/dana.com.br\/canaldana\/2024\/10\/31\/industria-verde-deve-impulsionar-economia-do-pais-dizem-especialistas\/#breadcrumb","itemListElement":[{"@type":"ListItem","position":1,"name":"Home","item":"https:\/\/dana.com.br\/canaldana\/"},{"@type":"ListItem","position":2,"name":"Meio Ambiente","item":"https:\/\/dana.com.br\/canaldana\/meio-ambiente\/"},{"@type":"ListItem","position":3,"name":"Ind\u00fastria \u2018verde\u2019 deve impulsionar economia do Pa\u00eds, dizem especialistas"}]},{"@type":"WebSite","@id":"https:\/\/dana.com.br\/canaldana\/#website","url":"https:\/\/dana.com.br\/canaldana\/","name":"Canal Dana","description":"Informativo com as principais not\u00edcias da ind\u00fastria automotiva","potentialAction":[{"@type":"SearchAction","target":{"@type":"EntryPoint","urlTemplate":"https:\/\/dana.com.br\/canaldana\/?s={search_term_string}"},"query-input":{"@type":"PropertyValueSpecification","valueRequired":true,"valueName":"search_term_string"}}],"inLanguage":"pt-BR"},{"@type":"Person","@id":"https:\/\/dana.com.br\/canaldana\/#\/schema\/person\/3c21f22f56fcf3bc46b94bc60ea4fef6","name":"Canal Dana","image":{"@type":"ImageObject","inLanguage":"pt-BR","@id":"https:\/\/secure.gravatar.com\/avatar\/420aaf9278582877d9018637c6817617705899d2858d7572ef0fe59a6b6454b4?s=96&d=mm&r=g","url":"https:\/\/secure.gravatar.com\/avatar\/420aaf9278582877d9018637c6817617705899d2858d7572ef0fe59a6b6454b4?s=96&d=mm&r=g","contentUrl":"https:\/\/secure.gravatar.com\/avatar\/420aaf9278582877d9018637c6817617705899d2858d7572ef0fe59a6b6454b4?s=96&d=mm&r=g","caption":"Canal Dana"},"url":"https:\/\/dana.com.br\/canaldana\/author\/cdeditor\/"}]}},"_links":{"self":[{"href":"https:\/\/dana.com.br\/canaldana\/wp-json\/wp\/v2\/posts\/77535","targetHints":{"allow":["GET"]}}],"collection":[{"href":"https:\/\/dana.com.br\/canaldana\/wp-json\/wp\/v2\/posts"}],"about":[{"href":"https:\/\/dana.com.br\/canaldana\/wp-json\/wp\/v2\/types\/post"}],"author":[{"embeddable":true,"href":"https:\/\/dana.com.br\/canaldana\/wp-json\/wp\/v2\/users\/3"}],"replies":[{"embeddable":true,"href":"https:\/\/dana.com.br\/canaldana\/wp-json\/wp\/v2\/comments?post=77535"}],"version-history":[{"count":1,"href":"https:\/\/dana.com.br\/canaldana\/wp-json\/wp\/v2\/posts\/77535\/revisions"}],"predecessor-version":[{"id":77536,"href":"https:\/\/dana.com.br\/canaldana\/wp-json\/wp\/v2\/posts\/77535\/revisions\/77536"}],"wp:attachment":[{"href":"https:\/\/dana.com.br\/canaldana\/wp-json\/wp\/v2\/media?parent=77535"}],"wp:term":[{"taxonomy":"category","embeddable":true,"href":"https:\/\/dana.com.br\/canaldana\/wp-json\/wp\/v2\/categories?post=77535"},{"taxonomy":"post_tag","embeddable":true,"href":"https:\/\/dana.com.br\/canaldana\/wp-json\/wp\/v2\/tags?post=77535"}],"curies":[{"name":"wp","href":"https:\/\/api.w.org\/{rel}","templated":true}]}}