{"id":77515,"date":"2024-10-30T08:33:36","date_gmt":"2024-10-30T11:33:36","guid":{"rendered":"https:\/\/dana.com.br\/canaldana\/?p=77515"},"modified":"2024-10-30T08:33:36","modified_gmt":"2024-10-30T11:33:36","slug":"dolar-atinge-maior-cotacao-desde-2021-com-indefinicao-sobre-gastos","status":"publish","type":"post","link":"https:\/\/dana.com.br\/canaldana\/2024\/10\/30\/dolar-atinge-maior-cotacao-desde-2021-com-indefinicao-sobre-gastos\/","title":{"rendered":"D\u00f3lar atinge maior cota\u00e7\u00e3o desde 2021 com indefini\u00e7\u00e3o sobre gastos"},"content":{"rendered":"<p><em>O Estado de S. Paulo <\/em><\/p>\n<p>&nbsp;<\/p>\n<p>O d\u00f3lar subiu ontem 0,92% e fechou em R$ 5,76, a maior cota\u00e7\u00e3o desde 30 de mar\u00e7o de 2021. Declara\u00e7\u00f5es do ministro Fernando Haddad (Fazenda), de que n\u00e3o h\u00e1 data e valores para o pacote de corte de gastos do governo, foram mal-recebidas. O rumo das elei\u00e7\u00f5es presidenciais nos EUA tamb\u00e9m preocupa.<\/p>\n<p>&nbsp;<\/p>\n<p>O d\u00f3lar alcan\u00e7ou ontem o seu maior valor desde 30 de mar\u00e7o de 2021 e fechou cotado a R$ 5,76, em alta de 0,92%. No ano, a moeda americana registra valoriza\u00e7\u00e3o de 18,72%. Preocupa\u00e7\u00f5es com os gastos do governo brasileiro e uma agenda carregada nos EUA, que inclui as elei\u00e7\u00f5es presidenciais na pr\u00f3xima semana, foram apontadas por operadores do mercado como os motivos para a alta.<\/p>\n<p>&nbsp;<\/p>\n<p>No Brasil, as declara\u00e7\u00f5es do ministro da Fazenda, Fernando Haddad, negando que haja data e valores para o pacote de corte de gastos, foram mal-recebidas segundo analistas.<\/p>\n<p>&nbsp;<\/p>\n<p>Haddad disse que a equipe econ\u00f4mica faz as contas para apresentar um conjunto de medidas para conter despesas, mas que \u201cn\u00e3o h\u00e1 prazo\u201d. Questionado sobre as estimativas de cortes entre R$ 30 bilh\u00f5es e R$ 50 bilh\u00f5es, o ministro disse que n\u00e3o h\u00e1 defini\u00e7\u00e3o ainda. \u201cNunca divulguei o n\u00famero para voc\u00eas (falando a jornalistas). Eu n\u00e3o divulgo o n\u00famero. Porque o n\u00famero sai depois da decis\u00e3o tomada.\u201d<\/p>\n<p>&nbsp;<\/p>\n<p>O mau humor do mercado com a economia brasileira, por\u00e9m, n\u00e3o \u00e9 de hoje. Um cen\u00e1rio externo incerto e a quest\u00e3o fiscal pesam, mesmo com a perspectiva de crescimento da economia maior do que a projetada, como divulgou o Fundo Monet\u00e1rio Internacional (FMI).<\/p>\n<p>&nbsp;<\/p>\n<p>\u201cO mercado est\u00e1 esperando esse corte de gasto do governo. O governo vai ter de fazer isso, sen\u00e3o o d\u00f3lar continuar\u00e1 subindo\u201d, afirma o s\u00f3cio e economista-chefe da Equador Investimentos, Eduardo Velho.<\/p>\n<p>&nbsp;<\/p>\n<p>Segundo analistas, ontem os investidores tamb\u00e9m procuraram se proteger de incertezas nos EUA, que, al\u00e9m da disputa presidencial, ter\u00e1 a divulga\u00e7\u00e3o ainda esta semana do relat\u00f3rio de empregos e, na pr\u00f3xima semana, a decis\u00e3o do Fed, o banco central americano, sobre os juros. Diante desse cen\u00e1rio, a Bolsa fechou ontem em queda de 0,37%, aos 130.729 pontos.<\/p>\n<p>&nbsp;<\/p>\n<p>Segundo apurou o Estad\u00e3o\/Broadcast, Haddad faz movimentos para blindar os planos de cortes de gastos. Ele quer convencer o presidente Luiz In\u00e1cio Lula da Silva da proposta antes de apresentar n\u00fameros. A ideia \u00e9 evitar que o projeto seja alvo de ataques, o que poderia come\u00e7ar a desidrat\u00e1-lo ainda antes do in\u00edcio das discuss\u00f5es formais.<\/p>\n<p>&nbsp;<\/p>\n<p>O presidente Lula j\u00e1 sabe em linhas gerais da proposta elaborada pela equipe econ\u00f4mica, mas ainda n\u00e3o conhece os detalhes. Uma apresenta\u00e7\u00e3o formal da proposta provavelmente ocorrer\u00e1 ainda nesta semana. Ela deve ser conduzida por Haddad e pela ministra do Planejamento, Simone Tebet. Um interlocutor da equipe econ\u00f4mica disse que Lula n\u00e3o ser\u00e1 pego de surpresa pela proposta, mas ponderou que h\u00e1 ainda detalhes relevantes a serem explicados ao presidente.<\/p>\n<p>&nbsp;<\/p>\n<p>A foto da economia brasileira pode parecer boa, mas o filme preocupa. Nos \u00faltimos dias, o d\u00f3lar ultrapassou a barreira de R$ 5,70 e os juros futuros subiram, mesmo com o cen\u00e1rio de crescimento melhor do que o esperado para 2024 \u2013 o Fundo Monet\u00e1rio Internacional (FMI), por exemplo, aumentou para 3% a previs\u00e3o para o Produto Interno Bruto (PIB).<\/p>\n<p>&nbsp;<\/p>\n<p>\u201cAssim como um acidente de avi\u00e3o n\u00e3o \u00e9 causado por um \u00fanico fator, o que est\u00e1 acontecendo com os ativos brasileiros n\u00e3o \u00e9 causado por um \u00fanico motivo\u201d, afirma Luis Ot\u00e1vio Leal, economista-chefe da G5 Partners.<\/p>\n<p>&nbsp;<\/p>\n<p>No Brasil, a grande preocupa\u00e7\u00e3o continua sendo o rumo das contas p\u00fablicas. Por ora, os analistas n\u00e3o veem uma estabiliza\u00e7\u00e3o no crescimento da d\u00edvida no curto prazo \u2013 e o Pa\u00eds j\u00e1 tem um alto endividamento para uma economia emergente. \u201cO elevado n\u00edvel de d\u00edvida p\u00fablica e d\u00e9ficits fiscais persistentes preocupam os investidores\u201d, diz Solange Srour, diretora de macroeconomia para o Brasil do UBS Global Wealth Management.<\/p>\n<p>&nbsp;<\/p>\n<p>Em 2032, a d\u00edvida bruta deve superar o patamar de 90% do PIB, de acordo com as proje\u00e7\u00f5es de analistas colhidas pelo Banco Central.<\/p>\n<p>&nbsp;<\/p>\n<p><strong>D\u00f3lar forte<\/strong><\/p>\n<p>&nbsp;<\/p>\n<p>No mundo, o d\u00f3lar tem se fortalecido \u2013 e, consequentemente, as demais moedas se enfraquecido \u2013 com a avalia\u00e7\u00e3o do mercado financeiro de que Donald Trump se tornou o favorito para vencer a elei\u00e7\u00e3o presidencial dos EUA e pelas indica\u00e7\u00f5es de que o Federal Reserve (Fed, o banco central americano) n\u00e3o deve baixar os juros na velocidade que o mercado imaginava depois da reuni\u00e3o de setembro, quando surpreendeu parte dos analistas ao cortar as taxas em 0,50 ponto porcentual, para a faixa entre 4,75% a 5%.<\/p>\n<p>&nbsp;<\/p>\n<p>\u201cDepois que o Fed reduziu os juros, o mercado americano entrou numa euforia de que o BC iria promover mais duas quedas de 0,5 (ponto porcentual). Mas tanto n\u00fameros melhores da economia dos EUA quanto falas de dirigentes do Fed fizeram com o que o mercado reprecificasse essa trajet\u00f3ria\u201d, diz Leal. Juros em patamares mais elevados nos Estados Unidos tiram a atratividade de economias emergentes para os investidores.<\/p>\n<p>&nbsp;<\/p>\n<p>Se conseguir mais um mandato, o republicano promete adotar novas tarifas de importa\u00e7\u00e3o e restringir a imigra\u00e7\u00e3o, o que deve tornar o mercado de trabalho nos EUA ainda mais apertado. \u201cO que se entende \u00e9 que o reflexo da pol\u00edtica de Trump \u00e9 infla\u00e7\u00e3o para cima, com uma pol\u00edtica fiscal mais deteriorada e um aumento do endividamento mais r\u00e1pido\u201d, afirma Alessandra Ribeiro, diretora de macroeconomia e an\u00e1lise setorial na Tend\u00eancias Consultoria. (O Estado de S. Paulo\/Caroline Aragaki, Luiz Leal, Caio Spechoto e Fernanda Trisotto)<\/p>\n","protected":false},"excerpt":{"rendered":"<p>O Estado de S. Paulo &nbsp; O d\u00f3lar subiu ontem 0,92% e fechou em R$ 5,76, a maior cota\u00e7\u00e3o desde 30 de mar\u00e7o de 2021. Declara\u00e7\u00f5es do ministro Fernando Haddad (Fazenda), de que n\u00e3o h\u00e1 data e valores para o pacote de corte de gastos do governo, foram mal-recebidas. O rumo das elei\u00e7\u00f5es presidenciais nos\u2026 <a class=\"readmore\" href=\"https:\/\/dana.com.br\/canaldana\/2024\/10\/30\/dolar-atinge-maior-cotacao-desde-2021-com-indefinicao-sobre-gastos\/\">Leia mais \u00bb<\/a><\/p>\n","protected":false},"author":3,"featured_media":0,"comment_status":"closed","ping_status":"closed","sticky":false,"template":"","format":"standard","meta":{"_acf_changed":false,"footnotes":""},"categories":[79],"tags":[],"class_list":["post-77515","post","type-post","status-publish","format-standard","hentry","category-mercado"],"acf":[],"yoast_head":"<!-- This site is optimized with the Yoast SEO plugin v27.3 - https:\/\/yoast.com\/product\/yoast-seo-wordpress\/ -->\n<title>D\u00f3lar atinge maior cota\u00e7\u00e3o desde 2021 com indefini\u00e7\u00e3o sobre gastos - Canal Dana<\/title>\n<meta name=\"robots\" content=\"index, follow, max-snippet:-1, max-image-preview:large, max-video-preview:-1\" \/>\n<link rel=\"canonical\" href=\"https:\/\/dana.com.br\/canaldana\/2024\/10\/30\/dolar-atinge-maior-cotacao-desde-2021-com-indefinicao-sobre-gastos\/\" \/>\n<meta property=\"og:locale\" content=\"pt_BR\" \/>\n<meta property=\"og:type\" content=\"article\" \/>\n<meta property=\"og:title\" content=\"D\u00f3lar atinge maior cota\u00e7\u00e3o desde 2021 com indefini\u00e7\u00e3o sobre gastos - Canal Dana\" \/>\n<meta property=\"og:description\" content=\"O Estado de S. Paulo &nbsp; O d\u00f3lar subiu ontem 0,92% e fechou em R$ 5,76, a maior cota\u00e7\u00e3o desde 30 de mar\u00e7o de 2021. Declara\u00e7\u00f5es do ministro Fernando Haddad (Fazenda), de que n\u00e3o h\u00e1 data e valores para o pacote de corte de gastos do governo, foram mal-recebidas. O rumo das elei\u00e7\u00f5es presidenciais nos\u2026 Leia mais \u00bb\" \/>\n<meta property=\"og:url\" content=\"https:\/\/dana.com.br\/canaldana\/2024\/10\/30\/dolar-atinge-maior-cotacao-desde-2021-com-indefinicao-sobre-gastos\/\" \/>\n<meta property=\"og:site_name\" content=\"Canal Dana\" \/>\n<meta property=\"article:published_time\" content=\"2024-10-30T11:33:36+00:00\" \/>\n<meta name=\"author\" content=\"Canal Dana\" \/>\n<meta name=\"twitter:card\" content=\"summary_large_image\" \/>\n<meta name=\"twitter:label1\" content=\"Escrito por\" \/>\n\t<meta name=\"twitter:data1\" content=\"Canal Dana\" \/>\n\t<meta name=\"twitter:label2\" content=\"Est. tempo de leitura\" \/>\n\t<meta name=\"twitter:data2\" content=\"5 minutos\" \/>\n<script type=\"application\/ld+json\" class=\"yoast-schema-graph\">{\"@context\":\"https:\\\/\\\/schema.org\",\"@graph\":[{\"@type\":\"Article\",\"@id\":\"https:\\\/\\\/dana.com.br\\\/canaldana\\\/2024\\\/10\\\/30\\\/dolar-atinge-maior-cotacao-desde-2021-com-indefinicao-sobre-gastos\\\/#article\",\"isPartOf\":{\"@id\":\"https:\\\/\\\/dana.com.br\\\/canaldana\\\/2024\\\/10\\\/30\\\/dolar-atinge-maior-cotacao-desde-2021-com-indefinicao-sobre-gastos\\\/\"},\"author\":{\"name\":\"Canal Dana\",\"@id\":\"https:\\\/\\\/dana.com.br\\\/canaldana\\\/#\\\/schema\\\/person\\\/3c21f22f56fcf3bc46b94bc60ea4fef6\"},\"headline\":\"D\u00f3lar atinge maior cota\u00e7\u00e3o desde 2021 com indefini\u00e7\u00e3o sobre gastos\",\"datePublished\":\"2024-10-30T11:33:36+00:00\",\"mainEntityOfPage\":{\"@id\":\"https:\\\/\\\/dana.com.br\\\/canaldana\\\/2024\\\/10\\\/30\\\/dolar-atinge-maior-cotacao-desde-2021-com-indefinicao-sobre-gastos\\\/\"},\"wordCount\":991,\"articleSection\":[\"Mercado\"],\"inLanguage\":\"pt-BR\"},{\"@type\":\"WebPage\",\"@id\":\"https:\\\/\\\/dana.com.br\\\/canaldana\\\/2024\\\/10\\\/30\\\/dolar-atinge-maior-cotacao-desde-2021-com-indefinicao-sobre-gastos\\\/\",\"url\":\"https:\\\/\\\/dana.com.br\\\/canaldana\\\/2024\\\/10\\\/30\\\/dolar-atinge-maior-cotacao-desde-2021-com-indefinicao-sobre-gastos\\\/\",\"name\":\"D\u00f3lar atinge maior cota\u00e7\u00e3o desde 2021 com indefini\u00e7\u00e3o sobre gastos - Canal Dana\",\"isPartOf\":{\"@id\":\"https:\\\/\\\/dana.com.br\\\/canaldana\\\/#website\"},\"datePublished\":\"2024-10-30T11:33:36+00:00\",\"author\":{\"@id\":\"https:\\\/\\\/dana.com.br\\\/canaldana\\\/#\\\/schema\\\/person\\\/3c21f22f56fcf3bc46b94bc60ea4fef6\"},\"breadcrumb\":{\"@id\":\"https:\\\/\\\/dana.com.br\\\/canaldana\\\/2024\\\/10\\\/30\\\/dolar-atinge-maior-cotacao-desde-2021-com-indefinicao-sobre-gastos\\\/#breadcrumb\"},\"inLanguage\":\"pt-BR\",\"potentialAction\":[{\"@type\":\"ReadAction\",\"target\":[\"https:\\\/\\\/dana.com.br\\\/canaldana\\\/2024\\\/10\\\/30\\\/dolar-atinge-maior-cotacao-desde-2021-com-indefinicao-sobre-gastos\\\/\"]}]},{\"@type\":\"BreadcrumbList\",\"@id\":\"https:\\\/\\\/dana.com.br\\\/canaldana\\\/2024\\\/10\\\/30\\\/dolar-atinge-maior-cotacao-desde-2021-com-indefinicao-sobre-gastos\\\/#breadcrumb\",\"itemListElement\":[{\"@type\":\"ListItem\",\"position\":1,\"name\":\"Home\",\"item\":\"https:\\\/\\\/dana.com.br\\\/canaldana\\\/\"},{\"@type\":\"ListItem\",\"position\":2,\"name\":\"Mercado\",\"item\":\"https:\\\/\\\/dana.com.br\\\/canaldana\\\/mercado\\\/\"},{\"@type\":\"ListItem\",\"position\":3,\"name\":\"D\u00f3lar atinge maior cota\u00e7\u00e3o desde 2021 com indefini\u00e7\u00e3o sobre gastos\"}]},{\"@type\":\"WebSite\",\"@id\":\"https:\\\/\\\/dana.com.br\\\/canaldana\\\/#website\",\"url\":\"https:\\\/\\\/dana.com.br\\\/canaldana\\\/\",\"name\":\"Canal Dana\",\"description\":\"Informativo com as principais not\u00edcias da ind\u00fastria automotiva\",\"potentialAction\":[{\"@type\":\"SearchAction\",\"target\":{\"@type\":\"EntryPoint\",\"urlTemplate\":\"https:\\\/\\\/dana.com.br\\\/canaldana\\\/?s={search_term_string}\"},\"query-input\":{\"@type\":\"PropertyValueSpecification\",\"valueRequired\":true,\"valueName\":\"search_term_string\"}}],\"inLanguage\":\"pt-BR\"},{\"@type\":\"Person\",\"@id\":\"https:\\\/\\\/dana.com.br\\\/canaldana\\\/#\\\/schema\\\/person\\\/3c21f22f56fcf3bc46b94bc60ea4fef6\",\"name\":\"Canal Dana\",\"image\":{\"@type\":\"ImageObject\",\"inLanguage\":\"pt-BR\",\"@id\":\"https:\\\/\\\/secure.gravatar.com\\\/avatar\\\/420aaf9278582877d9018637c6817617705899d2858d7572ef0fe59a6b6454b4?s=96&d=mm&r=g\",\"url\":\"https:\\\/\\\/secure.gravatar.com\\\/avatar\\\/420aaf9278582877d9018637c6817617705899d2858d7572ef0fe59a6b6454b4?s=96&d=mm&r=g\",\"contentUrl\":\"https:\\\/\\\/secure.gravatar.com\\\/avatar\\\/420aaf9278582877d9018637c6817617705899d2858d7572ef0fe59a6b6454b4?s=96&d=mm&r=g\",\"caption\":\"Canal Dana\"},\"url\":\"https:\\\/\\\/dana.com.br\\\/canaldana\\\/author\\\/cdeditor\\\/\"}]}<\/script>\n<!-- \/ Yoast SEO plugin. -->","yoast_head_json":{"title":"D\u00f3lar atinge maior cota\u00e7\u00e3o desde 2021 com indefini\u00e7\u00e3o sobre gastos - Canal Dana","robots":{"index":"index","follow":"follow","max-snippet":"max-snippet:-1","max-image-preview":"max-image-preview:large","max-video-preview":"max-video-preview:-1"},"canonical":"https:\/\/dana.com.br\/canaldana\/2024\/10\/30\/dolar-atinge-maior-cotacao-desde-2021-com-indefinicao-sobre-gastos\/","og_locale":"pt_BR","og_type":"article","og_title":"D\u00f3lar atinge maior cota\u00e7\u00e3o desde 2021 com indefini\u00e7\u00e3o sobre gastos - Canal Dana","og_description":"O Estado de S. Paulo &nbsp; O d\u00f3lar subiu ontem 0,92% e fechou em R$ 5,76, a maior cota\u00e7\u00e3o desde 30 de mar\u00e7o de 2021. Declara\u00e7\u00f5es do ministro Fernando Haddad (Fazenda), de que n\u00e3o h\u00e1 data e valores para o pacote de corte de gastos do governo, foram mal-recebidas. O rumo das elei\u00e7\u00f5es presidenciais nos\u2026 Leia mais \u00bb","og_url":"https:\/\/dana.com.br\/canaldana\/2024\/10\/30\/dolar-atinge-maior-cotacao-desde-2021-com-indefinicao-sobre-gastos\/","og_site_name":"Canal Dana","article_published_time":"2024-10-30T11:33:36+00:00","author":"Canal Dana","twitter_card":"summary_large_image","twitter_misc":{"Escrito por":"Canal Dana","Est. tempo de leitura":"5 minutos"},"schema":{"@context":"https:\/\/schema.org","@graph":[{"@type":"Article","@id":"https:\/\/dana.com.br\/canaldana\/2024\/10\/30\/dolar-atinge-maior-cotacao-desde-2021-com-indefinicao-sobre-gastos\/#article","isPartOf":{"@id":"https:\/\/dana.com.br\/canaldana\/2024\/10\/30\/dolar-atinge-maior-cotacao-desde-2021-com-indefinicao-sobre-gastos\/"},"author":{"name":"Canal Dana","@id":"https:\/\/dana.com.br\/canaldana\/#\/schema\/person\/3c21f22f56fcf3bc46b94bc60ea4fef6"},"headline":"D\u00f3lar atinge maior cota\u00e7\u00e3o desde 2021 com indefini\u00e7\u00e3o sobre gastos","datePublished":"2024-10-30T11:33:36+00:00","mainEntityOfPage":{"@id":"https:\/\/dana.com.br\/canaldana\/2024\/10\/30\/dolar-atinge-maior-cotacao-desde-2021-com-indefinicao-sobre-gastos\/"},"wordCount":991,"articleSection":["Mercado"],"inLanguage":"pt-BR"},{"@type":"WebPage","@id":"https:\/\/dana.com.br\/canaldana\/2024\/10\/30\/dolar-atinge-maior-cotacao-desde-2021-com-indefinicao-sobre-gastos\/","url":"https:\/\/dana.com.br\/canaldana\/2024\/10\/30\/dolar-atinge-maior-cotacao-desde-2021-com-indefinicao-sobre-gastos\/","name":"D\u00f3lar atinge maior cota\u00e7\u00e3o desde 2021 com indefini\u00e7\u00e3o sobre gastos - Canal Dana","isPartOf":{"@id":"https:\/\/dana.com.br\/canaldana\/#website"},"datePublished":"2024-10-30T11:33:36+00:00","author":{"@id":"https:\/\/dana.com.br\/canaldana\/#\/schema\/person\/3c21f22f56fcf3bc46b94bc60ea4fef6"},"breadcrumb":{"@id":"https:\/\/dana.com.br\/canaldana\/2024\/10\/30\/dolar-atinge-maior-cotacao-desde-2021-com-indefinicao-sobre-gastos\/#breadcrumb"},"inLanguage":"pt-BR","potentialAction":[{"@type":"ReadAction","target":["https:\/\/dana.com.br\/canaldana\/2024\/10\/30\/dolar-atinge-maior-cotacao-desde-2021-com-indefinicao-sobre-gastos\/"]}]},{"@type":"BreadcrumbList","@id":"https:\/\/dana.com.br\/canaldana\/2024\/10\/30\/dolar-atinge-maior-cotacao-desde-2021-com-indefinicao-sobre-gastos\/#breadcrumb","itemListElement":[{"@type":"ListItem","position":1,"name":"Home","item":"https:\/\/dana.com.br\/canaldana\/"},{"@type":"ListItem","position":2,"name":"Mercado","item":"https:\/\/dana.com.br\/canaldana\/mercado\/"},{"@type":"ListItem","position":3,"name":"D\u00f3lar atinge maior cota\u00e7\u00e3o desde 2021 com indefini\u00e7\u00e3o sobre gastos"}]},{"@type":"WebSite","@id":"https:\/\/dana.com.br\/canaldana\/#website","url":"https:\/\/dana.com.br\/canaldana\/","name":"Canal Dana","description":"Informativo com as principais not\u00edcias da ind\u00fastria automotiva","potentialAction":[{"@type":"SearchAction","target":{"@type":"EntryPoint","urlTemplate":"https:\/\/dana.com.br\/canaldana\/?s={search_term_string}"},"query-input":{"@type":"PropertyValueSpecification","valueRequired":true,"valueName":"search_term_string"}}],"inLanguage":"pt-BR"},{"@type":"Person","@id":"https:\/\/dana.com.br\/canaldana\/#\/schema\/person\/3c21f22f56fcf3bc46b94bc60ea4fef6","name":"Canal Dana","image":{"@type":"ImageObject","inLanguage":"pt-BR","@id":"https:\/\/secure.gravatar.com\/avatar\/420aaf9278582877d9018637c6817617705899d2858d7572ef0fe59a6b6454b4?s=96&d=mm&r=g","url":"https:\/\/secure.gravatar.com\/avatar\/420aaf9278582877d9018637c6817617705899d2858d7572ef0fe59a6b6454b4?s=96&d=mm&r=g","contentUrl":"https:\/\/secure.gravatar.com\/avatar\/420aaf9278582877d9018637c6817617705899d2858d7572ef0fe59a6b6454b4?s=96&d=mm&r=g","caption":"Canal Dana"},"url":"https:\/\/dana.com.br\/canaldana\/author\/cdeditor\/"}]}},"_links":{"self":[{"href":"https:\/\/dana.com.br\/canaldana\/wp-json\/wp\/v2\/posts\/77515","targetHints":{"allow":["GET"]}}],"collection":[{"href":"https:\/\/dana.com.br\/canaldana\/wp-json\/wp\/v2\/posts"}],"about":[{"href":"https:\/\/dana.com.br\/canaldana\/wp-json\/wp\/v2\/types\/post"}],"author":[{"embeddable":true,"href":"https:\/\/dana.com.br\/canaldana\/wp-json\/wp\/v2\/users\/3"}],"replies":[{"embeddable":true,"href":"https:\/\/dana.com.br\/canaldana\/wp-json\/wp\/v2\/comments?post=77515"}],"version-history":[{"count":1,"href":"https:\/\/dana.com.br\/canaldana\/wp-json\/wp\/v2\/posts\/77515\/revisions"}],"predecessor-version":[{"id":77516,"href":"https:\/\/dana.com.br\/canaldana\/wp-json\/wp\/v2\/posts\/77515\/revisions\/77516"}],"wp:attachment":[{"href":"https:\/\/dana.com.br\/canaldana\/wp-json\/wp\/v2\/media?parent=77515"}],"wp:term":[{"taxonomy":"category","embeddable":true,"href":"https:\/\/dana.com.br\/canaldana\/wp-json\/wp\/v2\/categories?post=77515"},{"taxonomy":"post_tag","embeddable":true,"href":"https:\/\/dana.com.br\/canaldana\/wp-json\/wp\/v2\/tags?post=77515"}],"curies":[{"name":"wp","href":"https:\/\/api.w.org\/{rel}","templated":true}]}}