{"id":77452,"date":"2024-10-29T08:38:11","date_gmt":"2024-10-29T11:38:11","guid":{"rendered":"https:\/\/dana.com.br\/canaldana\/?p=77452"},"modified":"2024-10-29T08:38:11","modified_gmt":"2024-10-29T11:38:11","slug":"tempestades-de-verao-devem-provocar-transtornos-e-ampliar-cobertura-dos-seguros","status":"publish","type":"post","link":"https:\/\/dana.com.br\/canaldana\/2024\/10\/29\/tempestades-de-verao-devem-provocar-transtornos-e-ampliar-cobertura-dos-seguros\/","title":{"rendered":"Tempestades de ver\u00e3o devem provocar transtornos e ampliar cobertura dos seguros"},"content":{"rendered":"<p><em>O Estado de S. Paulo Online<\/em><\/p>\n<p>&nbsp;<\/p>\n<p>As tempestades de ver\u00e3o est\u00e3o entrando em cena antes da hora. Ainda n\u00e3o \u00e9 ver\u00e3o e j\u00e1 come\u00e7amos a sentir na vida da cidade o impacto de suas consequ\u00eancias. S\u00e3o Paulo j\u00e1 ficou sem energia el\u00e9trica e vai ficar de novo, infelizmente. As tempestades est\u00e3o mais fortes do que a m\u00e9dia hist\u00f3rica e a concession\u00e1ria que atende a Grande S\u00e3o Paulo n\u00e3o tem condi\u00e7\u00f5es de prestar um servi\u00e7o minimamente razo\u00e1vel.<\/p>\n<p>&nbsp;<\/p>\n<p>Como o contrato de concess\u00e3o n\u00e3o prev\u00ea o tema, ela n\u00e3o se preocupou com a chegada das mudan\u00e7as clim\u00e1ticas. Pior do que isso, cortou custos e dispensou colaboradores e agora n\u00e3o tem pessoal, nem material para dar o suporte que a cidade precisa para se recuperar rapidamente dos danos causados pelas tempestades, especialmente o fornecimento de energia el\u00e9trica. O pior \u00e9 que n\u00e3o h\u00e1 o que fazer no curto prazo, ent\u00e3o a cidade viver\u00e1 um ver\u00e3o complicado, atingida seguidamente por tempestades violentas que cobrar\u00e3o alto pre\u00e7o da popula\u00e7\u00e3o.<\/p>\n<p>&nbsp;<\/p>\n<p>Mas n\u00e3o \u00e9 s\u00f3 a interrup\u00e7\u00e3o do fornecimento de energia el\u00e9trica que custar\u00e1 caro. Devem acontecer enchentes, inunda\u00e7\u00f5es, alagamentos, deslizamentos de terra e desmoronamento de im\u00f3veis em v\u00e1rios pontos, a maioria j\u00e1 demarcada. O que pode diminuir os estragos \u00e9 uma a\u00e7\u00e3o mais r\u00e1pida das autoridades e agentes envolvidos com o combate aos danos que as mudan\u00e7as clim\u00e1ticas podem causar.<\/p>\n<p>&nbsp;<\/p>\n<p>Entre os danos decorrentes das tempestades de ver\u00e3o, os que custam mais caro para as seguradoras, por uma quest\u00e3o de demanda pelo seguro, s\u00e3o os causados aos autom\u00f3veis.<\/p>\n<p>&nbsp;<\/p>\n<p>Todos os anos, milhares de ve\u00edculos s\u00e3o atingidos pelas enchentes que se espalham pela cidade, por queda de \u00e1rvores, por queda de muros e at\u00e9 o desmoronamento de im\u00f3veis inteiros. Todos esses danos s\u00e3o cobertos pelo seguro compreensivo de ve\u00edculos, o chamado seguro total, que cobre colis\u00e3o, inc\u00eandio e roubo. Em verdade, ele garante muito mais. H\u00e1 toda uma s\u00e9rie de danos cobertos pelo seguro que invariavelmente o segurado n\u00e3o sabe.<\/p>\n<p>&nbsp;<\/p>\n<p>Conversando com o CEO de uma grande seguradora de ve\u00edculos, ele me disse que apenas sua companhia indeniza mais de 2 mil carros todos os anos, por conta das perdas decorrentes de danos causados pela \u00e1gua, queda de \u00e1rvores, queda de muros, desmoronamento de im\u00f3veis e outros dessa natureza que atingem os autom\u00f3veis segurados.<\/p>\n<p>&nbsp;<\/p>\n<p>As indeniza\u00e7\u00f5es s\u00e3o pagas de acordo com os danos e v\u00e3o de indeniza\u00e7\u00f5es parciais, com a aplica\u00e7\u00e3o da franquia do seguro, at\u00e9 perdas totais, quando n\u00e3o h\u00e1 a incid\u00eancia da franquia e o capital segurado \u00e9 integralmente pago ao segurado.<\/p>\n<p>&nbsp;<\/p>\n<p>Infelizmente, os seguros para im\u00f3veis ou n\u00e3o s\u00e3o contratados ou s\u00e3o contratados sem as garantias acess\u00f3rias que cobrem os danos causados pelos eventos de origem clim\u00e1tica e que fazem parte dos pacotes de seguros residenciais e empresariais. Por exemplo, as ap\u00f3lices oferecem garantias para tempestades, vendavais, tornados, granizo, queda de \u00e1rvores e danos causados pela \u00e1gua, mas os segurados preferem n\u00e3o contrat\u00e1-las.<\/p>\n<p>&nbsp;<\/p>\n<p>O resultado \u00e9 que, enquanto os seguros de ve\u00edculos s\u00e3o bastante acionados nos meses de ver\u00e3o, os seguros para im\u00f3veis geram poucas indeniza\u00e7\u00f5es para as seguradoras. (O Estado de S. Paulo Online\/Ant\u00f4nio Penteado Mendon\u00e7a)<\/p>\n","protected":false},"excerpt":{"rendered":"<p>O Estado de S. Paulo Online &nbsp; As tempestades de ver\u00e3o est\u00e3o entrando em cena antes da hora. Ainda n\u00e3o \u00e9 ver\u00e3o e j\u00e1 come\u00e7amos a sentir na vida da cidade o impacto de suas consequ\u00eancias. S\u00e3o Paulo j\u00e1 ficou sem energia el\u00e9trica e vai ficar de novo, infelizmente. As tempestades est\u00e3o mais fortes do\u2026 <a class=\"readmore\" href=\"https:\/\/dana.com.br\/canaldana\/2024\/10\/29\/tempestades-de-verao-devem-provocar-transtornos-e-ampliar-cobertura-dos-seguros\/\">Leia mais \u00bb<\/a><\/p>\n","protected":false},"author":3,"featured_media":0,"comment_status":"closed","ping_status":"closed","sticky":false,"template":"","format":"standard","meta":{"_acf_changed":false,"footnotes":""},"categories":[100],"tags":[],"class_list":["post-77452","post","type-post","status-publish","format-standard","hentry","category-artigo"],"acf":[],"yoast_head":"<!-- This site is optimized with the Yoast SEO plugin v27.3 - https:\/\/yoast.com\/product\/yoast-seo-wordpress\/ -->\n<title>Tempestades de ver\u00e3o devem provocar transtornos e ampliar cobertura dos seguros - Canal Dana<\/title>\n<meta name=\"robots\" content=\"index, follow, max-snippet:-1, max-image-preview:large, max-video-preview:-1\" \/>\n<link rel=\"canonical\" href=\"https:\/\/dana.com.br\/canaldana\/2024\/10\/29\/tempestades-de-verao-devem-provocar-transtornos-e-ampliar-cobertura-dos-seguros\/\" \/>\n<meta property=\"og:locale\" content=\"pt_BR\" \/>\n<meta property=\"og:type\" content=\"article\" \/>\n<meta property=\"og:title\" content=\"Tempestades de ver\u00e3o devem provocar transtornos e ampliar cobertura dos seguros - Canal Dana\" \/>\n<meta property=\"og:description\" content=\"O Estado de S. Paulo Online &nbsp; As tempestades de ver\u00e3o est\u00e3o entrando em cena antes da hora. Ainda n\u00e3o \u00e9 ver\u00e3o e j\u00e1 come\u00e7amos a sentir na vida da cidade o impacto de suas consequ\u00eancias. S\u00e3o Paulo j\u00e1 ficou sem energia el\u00e9trica e vai ficar de novo, infelizmente. As tempestades est\u00e3o mais fortes do\u2026 Leia mais \u00bb\" \/>\n<meta property=\"og:url\" content=\"https:\/\/dana.com.br\/canaldana\/2024\/10\/29\/tempestades-de-verao-devem-provocar-transtornos-e-ampliar-cobertura-dos-seguros\/\" \/>\n<meta property=\"og:site_name\" content=\"Canal Dana\" \/>\n<meta property=\"article:published_time\" content=\"2024-10-29T11:38:11+00:00\" \/>\n<meta name=\"author\" content=\"Canal Dana\" \/>\n<meta name=\"twitter:card\" content=\"summary_large_image\" \/>\n<meta name=\"twitter:label1\" content=\"Escrito por\" \/>\n\t<meta name=\"twitter:data1\" content=\"Canal Dana\" \/>\n\t<meta name=\"twitter:label2\" content=\"Est. tempo de leitura\" \/>\n\t<meta name=\"twitter:data2\" content=\"3 minutos\" \/>\n<script type=\"application\/ld+json\" class=\"yoast-schema-graph\">{\"@context\":\"https:\\\/\\\/schema.org\",\"@graph\":[{\"@type\":\"Article\",\"@id\":\"https:\\\/\\\/dana.com.br\\\/canaldana\\\/2024\\\/10\\\/29\\\/tempestades-de-verao-devem-provocar-transtornos-e-ampliar-cobertura-dos-seguros\\\/#article\",\"isPartOf\":{\"@id\":\"https:\\\/\\\/dana.com.br\\\/canaldana\\\/2024\\\/10\\\/29\\\/tempestades-de-verao-devem-provocar-transtornos-e-ampliar-cobertura-dos-seguros\\\/\"},\"author\":{\"name\":\"Canal Dana\",\"@id\":\"https:\\\/\\\/dana.com.br\\\/canaldana\\\/#\\\/schema\\\/person\\\/3c21f22f56fcf3bc46b94bc60ea4fef6\"},\"headline\":\"Tempestades de ver\u00e3o devem provocar transtornos e ampliar cobertura dos seguros\",\"datePublished\":\"2024-10-29T11:38:11+00:00\",\"mainEntityOfPage\":{\"@id\":\"https:\\\/\\\/dana.com.br\\\/canaldana\\\/2024\\\/10\\\/29\\\/tempestades-de-verao-devem-provocar-transtornos-e-ampliar-cobertura-dos-seguros\\\/\"},\"wordCount\":607,\"articleSection\":[\"Artigo\"],\"inLanguage\":\"pt-BR\"},{\"@type\":\"WebPage\",\"@id\":\"https:\\\/\\\/dana.com.br\\\/canaldana\\\/2024\\\/10\\\/29\\\/tempestades-de-verao-devem-provocar-transtornos-e-ampliar-cobertura-dos-seguros\\\/\",\"url\":\"https:\\\/\\\/dana.com.br\\\/canaldana\\\/2024\\\/10\\\/29\\\/tempestades-de-verao-devem-provocar-transtornos-e-ampliar-cobertura-dos-seguros\\\/\",\"name\":\"Tempestades de ver\u00e3o devem provocar transtornos e ampliar cobertura dos seguros - Canal Dana\",\"isPartOf\":{\"@id\":\"https:\\\/\\\/dana.com.br\\\/canaldana\\\/#website\"},\"datePublished\":\"2024-10-29T11:38:11+00:00\",\"author\":{\"@id\":\"https:\\\/\\\/dana.com.br\\\/canaldana\\\/#\\\/schema\\\/person\\\/3c21f22f56fcf3bc46b94bc60ea4fef6\"},\"breadcrumb\":{\"@id\":\"https:\\\/\\\/dana.com.br\\\/canaldana\\\/2024\\\/10\\\/29\\\/tempestades-de-verao-devem-provocar-transtornos-e-ampliar-cobertura-dos-seguros\\\/#breadcrumb\"},\"inLanguage\":\"pt-BR\",\"potentialAction\":[{\"@type\":\"ReadAction\",\"target\":[\"https:\\\/\\\/dana.com.br\\\/canaldana\\\/2024\\\/10\\\/29\\\/tempestades-de-verao-devem-provocar-transtornos-e-ampliar-cobertura-dos-seguros\\\/\"]}]},{\"@type\":\"BreadcrumbList\",\"@id\":\"https:\\\/\\\/dana.com.br\\\/canaldana\\\/2024\\\/10\\\/29\\\/tempestades-de-verao-devem-provocar-transtornos-e-ampliar-cobertura-dos-seguros\\\/#breadcrumb\",\"itemListElement\":[{\"@type\":\"ListItem\",\"position\":1,\"name\":\"Home\",\"item\":\"https:\\\/\\\/dana.com.br\\\/canaldana\\\/\"},{\"@type\":\"ListItem\",\"position\":2,\"name\":\"Artigo\",\"item\":\"https:\\\/\\\/dana.com.br\\\/canaldana\\\/artigo\\\/\"},{\"@type\":\"ListItem\",\"position\":3,\"name\":\"Tempestades de ver\u00e3o devem provocar transtornos e ampliar cobertura dos seguros\"}]},{\"@type\":\"WebSite\",\"@id\":\"https:\\\/\\\/dana.com.br\\\/canaldana\\\/#website\",\"url\":\"https:\\\/\\\/dana.com.br\\\/canaldana\\\/\",\"name\":\"Canal Dana\",\"description\":\"Informativo com as principais not\u00edcias da ind\u00fastria automotiva\",\"potentialAction\":[{\"@type\":\"SearchAction\",\"target\":{\"@type\":\"EntryPoint\",\"urlTemplate\":\"https:\\\/\\\/dana.com.br\\\/canaldana\\\/?s={search_term_string}\"},\"query-input\":{\"@type\":\"PropertyValueSpecification\",\"valueRequired\":true,\"valueName\":\"search_term_string\"}}],\"inLanguage\":\"pt-BR\"},{\"@type\":\"Person\",\"@id\":\"https:\\\/\\\/dana.com.br\\\/canaldana\\\/#\\\/schema\\\/person\\\/3c21f22f56fcf3bc46b94bc60ea4fef6\",\"name\":\"Canal Dana\",\"image\":{\"@type\":\"ImageObject\",\"inLanguage\":\"pt-BR\",\"@id\":\"https:\\\/\\\/secure.gravatar.com\\\/avatar\\\/420aaf9278582877d9018637c6817617705899d2858d7572ef0fe59a6b6454b4?s=96&d=mm&r=g\",\"url\":\"https:\\\/\\\/secure.gravatar.com\\\/avatar\\\/420aaf9278582877d9018637c6817617705899d2858d7572ef0fe59a6b6454b4?s=96&d=mm&r=g\",\"contentUrl\":\"https:\\\/\\\/secure.gravatar.com\\\/avatar\\\/420aaf9278582877d9018637c6817617705899d2858d7572ef0fe59a6b6454b4?s=96&d=mm&r=g\",\"caption\":\"Canal Dana\"},\"url\":\"https:\\\/\\\/dana.com.br\\\/canaldana\\\/author\\\/cdeditor\\\/\"}]}<\/script>\n<!-- \/ Yoast SEO plugin. -->","yoast_head_json":{"title":"Tempestades de ver\u00e3o devem provocar transtornos e ampliar cobertura dos seguros - Canal Dana","robots":{"index":"index","follow":"follow","max-snippet":"max-snippet:-1","max-image-preview":"max-image-preview:large","max-video-preview":"max-video-preview:-1"},"canonical":"https:\/\/dana.com.br\/canaldana\/2024\/10\/29\/tempestades-de-verao-devem-provocar-transtornos-e-ampliar-cobertura-dos-seguros\/","og_locale":"pt_BR","og_type":"article","og_title":"Tempestades de ver\u00e3o devem provocar transtornos e ampliar cobertura dos seguros - Canal Dana","og_description":"O Estado de S. Paulo Online &nbsp; As tempestades de ver\u00e3o est\u00e3o entrando em cena antes da hora. Ainda n\u00e3o \u00e9 ver\u00e3o e j\u00e1 come\u00e7amos a sentir na vida da cidade o impacto de suas consequ\u00eancias. S\u00e3o Paulo j\u00e1 ficou sem energia el\u00e9trica e vai ficar de novo, infelizmente. As tempestades est\u00e3o mais fortes do\u2026 Leia mais \u00bb","og_url":"https:\/\/dana.com.br\/canaldana\/2024\/10\/29\/tempestades-de-verao-devem-provocar-transtornos-e-ampliar-cobertura-dos-seguros\/","og_site_name":"Canal Dana","article_published_time":"2024-10-29T11:38:11+00:00","author":"Canal Dana","twitter_card":"summary_large_image","twitter_misc":{"Escrito por":"Canal Dana","Est. tempo de leitura":"3 minutos"},"schema":{"@context":"https:\/\/schema.org","@graph":[{"@type":"Article","@id":"https:\/\/dana.com.br\/canaldana\/2024\/10\/29\/tempestades-de-verao-devem-provocar-transtornos-e-ampliar-cobertura-dos-seguros\/#article","isPartOf":{"@id":"https:\/\/dana.com.br\/canaldana\/2024\/10\/29\/tempestades-de-verao-devem-provocar-transtornos-e-ampliar-cobertura-dos-seguros\/"},"author":{"name":"Canal Dana","@id":"https:\/\/dana.com.br\/canaldana\/#\/schema\/person\/3c21f22f56fcf3bc46b94bc60ea4fef6"},"headline":"Tempestades de ver\u00e3o devem provocar transtornos e ampliar cobertura dos seguros","datePublished":"2024-10-29T11:38:11+00:00","mainEntityOfPage":{"@id":"https:\/\/dana.com.br\/canaldana\/2024\/10\/29\/tempestades-de-verao-devem-provocar-transtornos-e-ampliar-cobertura-dos-seguros\/"},"wordCount":607,"articleSection":["Artigo"],"inLanguage":"pt-BR"},{"@type":"WebPage","@id":"https:\/\/dana.com.br\/canaldana\/2024\/10\/29\/tempestades-de-verao-devem-provocar-transtornos-e-ampliar-cobertura-dos-seguros\/","url":"https:\/\/dana.com.br\/canaldana\/2024\/10\/29\/tempestades-de-verao-devem-provocar-transtornos-e-ampliar-cobertura-dos-seguros\/","name":"Tempestades de ver\u00e3o devem provocar transtornos e ampliar cobertura dos seguros - Canal Dana","isPartOf":{"@id":"https:\/\/dana.com.br\/canaldana\/#website"},"datePublished":"2024-10-29T11:38:11+00:00","author":{"@id":"https:\/\/dana.com.br\/canaldana\/#\/schema\/person\/3c21f22f56fcf3bc46b94bc60ea4fef6"},"breadcrumb":{"@id":"https:\/\/dana.com.br\/canaldana\/2024\/10\/29\/tempestades-de-verao-devem-provocar-transtornos-e-ampliar-cobertura-dos-seguros\/#breadcrumb"},"inLanguage":"pt-BR","potentialAction":[{"@type":"ReadAction","target":["https:\/\/dana.com.br\/canaldana\/2024\/10\/29\/tempestades-de-verao-devem-provocar-transtornos-e-ampliar-cobertura-dos-seguros\/"]}]},{"@type":"BreadcrumbList","@id":"https:\/\/dana.com.br\/canaldana\/2024\/10\/29\/tempestades-de-verao-devem-provocar-transtornos-e-ampliar-cobertura-dos-seguros\/#breadcrumb","itemListElement":[{"@type":"ListItem","position":1,"name":"Home","item":"https:\/\/dana.com.br\/canaldana\/"},{"@type":"ListItem","position":2,"name":"Artigo","item":"https:\/\/dana.com.br\/canaldana\/artigo\/"},{"@type":"ListItem","position":3,"name":"Tempestades de ver\u00e3o devem provocar transtornos e ampliar cobertura dos seguros"}]},{"@type":"WebSite","@id":"https:\/\/dana.com.br\/canaldana\/#website","url":"https:\/\/dana.com.br\/canaldana\/","name":"Canal Dana","description":"Informativo com as principais not\u00edcias da ind\u00fastria automotiva","potentialAction":[{"@type":"SearchAction","target":{"@type":"EntryPoint","urlTemplate":"https:\/\/dana.com.br\/canaldana\/?s={search_term_string}"},"query-input":{"@type":"PropertyValueSpecification","valueRequired":true,"valueName":"search_term_string"}}],"inLanguage":"pt-BR"},{"@type":"Person","@id":"https:\/\/dana.com.br\/canaldana\/#\/schema\/person\/3c21f22f56fcf3bc46b94bc60ea4fef6","name":"Canal Dana","image":{"@type":"ImageObject","inLanguage":"pt-BR","@id":"https:\/\/secure.gravatar.com\/avatar\/420aaf9278582877d9018637c6817617705899d2858d7572ef0fe59a6b6454b4?s=96&d=mm&r=g","url":"https:\/\/secure.gravatar.com\/avatar\/420aaf9278582877d9018637c6817617705899d2858d7572ef0fe59a6b6454b4?s=96&d=mm&r=g","contentUrl":"https:\/\/secure.gravatar.com\/avatar\/420aaf9278582877d9018637c6817617705899d2858d7572ef0fe59a6b6454b4?s=96&d=mm&r=g","caption":"Canal Dana"},"url":"https:\/\/dana.com.br\/canaldana\/author\/cdeditor\/"}]}},"_links":{"self":[{"href":"https:\/\/dana.com.br\/canaldana\/wp-json\/wp\/v2\/posts\/77452","targetHints":{"allow":["GET"]}}],"collection":[{"href":"https:\/\/dana.com.br\/canaldana\/wp-json\/wp\/v2\/posts"}],"about":[{"href":"https:\/\/dana.com.br\/canaldana\/wp-json\/wp\/v2\/types\/post"}],"author":[{"embeddable":true,"href":"https:\/\/dana.com.br\/canaldana\/wp-json\/wp\/v2\/users\/3"}],"replies":[{"embeddable":true,"href":"https:\/\/dana.com.br\/canaldana\/wp-json\/wp\/v2\/comments?post=77452"}],"version-history":[{"count":1,"href":"https:\/\/dana.com.br\/canaldana\/wp-json\/wp\/v2\/posts\/77452\/revisions"}],"predecessor-version":[{"id":77453,"href":"https:\/\/dana.com.br\/canaldana\/wp-json\/wp\/v2\/posts\/77452\/revisions\/77453"}],"wp:attachment":[{"href":"https:\/\/dana.com.br\/canaldana\/wp-json\/wp\/v2\/media?parent=77452"}],"wp:term":[{"taxonomy":"category","embeddable":true,"href":"https:\/\/dana.com.br\/canaldana\/wp-json\/wp\/v2\/categories?post=77452"},{"taxonomy":"post_tag","embeddable":true,"href":"https:\/\/dana.com.br\/canaldana\/wp-json\/wp\/v2\/tags?post=77452"}],"curies":[{"name":"wp","href":"https:\/\/api.w.org\/{rel}","templated":true}]}}