{"id":7741,"date":"2016-04-20T08:47:39","date_gmt":"2016-04-20T11:47:39","guid":{"rendered":"http:\/\/dana.com.br\/canaldana\/?p=7741"},"modified":"2016-04-20T08:47:39","modified_gmt":"2016-04-20T11:47:39","slug":"iveco-lanca-novo-kit-multimidia-para-veiculos-daily","status":"publish","type":"post","link":"https:\/\/dana.com.br\/canaldana\/2016\/04\/20\/iveco-lanca-novo-kit-multimidia-para-veiculos-daily\/","title":{"rendered":"Iveco lan\u00e7a novo kit multim\u00eddia para ve\u00edculos Daily"},"content":{"rendered":"<p><em>Frota &amp; Cia<\/em><\/p>\n<p>&nbsp;<\/p>\n<p>A Iveco acaba de lan\u00e7ar um kit multim\u00eddia para ve\u00edculos Daily. Com isso, torna-se a primeira montadora do Brasil a possuir um equipamento homologado de f\u00e1brica para ve\u00edculos leves.<\/p>\n<p>&nbsp;<\/p>\n<p>O Kit \u00e9 composto por um display LCD de 6,5 polegadas touchscreen, c\u00e2mera de r\u00e9 com vis\u00e3o infravermelha, r\u00e1dio AM\/FM, leitor CD e DVD, entrada USB e SD Card, Bluetooh, TV digital integrada, controle remoto, compatibilidade com comandos de volante, tablets, iPod, iPhone, pr\u00e9-amplificador de 4CH, sub-out e sistema integrado de navega\u00e7\u00e3o NDrive.<\/p>\n<p>&nbsp;<\/p>\n<p>Com o novo Kit os clientes Iveco poder\u00e3o realizar rotas e entregas com maior rapidez e seguran\u00e7a. Um diferencial \u00e9 a c\u00e2mera de r\u00e9 com vis\u00e3o infravermelha de 170 graus. \u201c\u00c9 um componente que nenhuma outra montadora oferece no mercado. Sabemos como \u00e9 importante para um ve\u00edculo leve ter este item, pois assegura mais agilidade e precis\u00e3o ao motorista\u201d, afirma Rodrigo Berto, gerente de pe\u00e7as Iveco.<\/p>\n<p>&nbsp;<\/p>\n<p>Inicialmente o kit ser\u00e1 comercializado como acess\u00f3rio para os pain\u00e9is da Daily V e VI. \u201c\u00c9 um equipamento que deixar\u00e1 nossos ve\u00edculos ainda mais modernos e compat\u00edveis com as necessidades do dia a dia\u201d, comenta Berto. \u201cO Kit \u00e9 um acess\u00f3rio genu\u00edno, feito sob medida para nossa linha de leves, o que garante inova\u00e7\u00e3o, seguran\u00e7a e entretenimento aos nossos clientes\u201d, explica.<\/p>\n<p>&nbsp;<\/p>\n<p>O desenvolvimento do Kit levou pouco mais de um ano e o projeto foi apresentado \u00e0s concession\u00e1rias em fevereiro. A partir de mar\u00e7o o produto estar\u00e1 dispon\u00edvel para os clientes em toda a rede de concession\u00e1rias Iveco.<\/p>\n<p>&nbsp;<\/p>\n<p><strong>Instala\u00e7\u00e3o e garantia<\/strong><\/p>\n<p>&nbsp;<\/p>\n<p>Segundo os t\u00e9cnicos da montadora, o tempo estimado de instala\u00e7\u00e3o do novo kit ser\u00e1 de duas horas e meia. O equipamento ser\u00e1 ligado diretamente no chicote central, por meio de uma fia\u00e7\u00e3o refor\u00e7ada de cobre, desenvolvida especialmente para a Daily. O sistema el\u00e9trico do kit Multim\u00eddia \u00e9 totalmente compat\u00edvel com a capacidade da bateria. J\u00e1 a instala\u00e7\u00e3o dispensa qualquer mudan\u00e7a na estrutura do painel do ve\u00edculo.<\/p>\n<p>&nbsp;<\/p>\n<p>A garantia do novo kit \u00e9 de um ano para os kits instalados nas concession\u00e1rias Iveco. (Frota &amp; Cia)<\/p>\n","protected":false},"excerpt":{"rendered":"<p>Frota &amp; Cia &nbsp; A Iveco acaba de lan\u00e7ar um kit multim\u00eddia para ve\u00edculos Daily. Com isso, torna-se a primeira montadora do Brasil a possuir um equipamento homologado de f\u00e1brica para ve\u00edculos leves. &nbsp; O Kit \u00e9 composto por um display LCD de 6,5 polegadas touchscreen, c\u00e2mera de r\u00e9 com vis\u00e3o infravermelha, r\u00e1dio AM\/FM, leitor\u2026 <a class=\"readmore\" href=\"https:\/\/dana.com.br\/canaldana\/2016\/04\/20\/iveco-lanca-novo-kit-multimidia-para-veiculos-daily\/\">Leia mais \u00bb<\/a><\/p>\n","protected":false},"author":3,"featured_media":0,"comment_status":"closed","ping_status":"closed","sticky":false,"template":"","format":"standard","meta":{"_acf_changed":false,"footnotes":""},"categories":[79],"tags":[],"class_list":["post-7741","post","type-post","status-publish","format-standard","hentry","category-mercado"],"acf":[],"yoast_head":"<!-- This site is optimized with the Yoast SEO plugin v27.5 - https:\/\/yoast.com\/product\/yoast-seo-wordpress\/ -->\n<title>Iveco lan\u00e7a novo kit multim\u00eddia para ve\u00edculos Daily - Canal Dana<\/title>\n<meta name=\"robots\" content=\"index, follow, max-snippet:-1, max-image-preview:large, max-video-preview:-1\" \/>\n<link rel=\"canonical\" href=\"https:\/\/dana.com.br\/canaldana\/2016\/04\/20\/iveco-lanca-novo-kit-multimidia-para-veiculos-daily\/\" \/>\n<meta property=\"og:locale\" content=\"pt_BR\" \/>\n<meta property=\"og:type\" content=\"article\" \/>\n<meta property=\"og:title\" content=\"Iveco lan\u00e7a novo kit multim\u00eddia para ve\u00edculos Daily - Canal Dana\" \/>\n<meta property=\"og:description\" content=\"Frota &amp; Cia &nbsp; A Iveco acaba de lan\u00e7ar um kit multim\u00eddia para ve\u00edculos Daily. Com isso, torna-se a primeira montadora do Brasil a possuir um equipamento homologado de f\u00e1brica para ve\u00edculos leves. &nbsp; O Kit \u00e9 composto por um display LCD de 6,5 polegadas touchscreen, c\u00e2mera de r\u00e9 com vis\u00e3o infravermelha, r\u00e1dio AM\/FM, leitor\u2026 Leia mais \u00bb\" \/>\n<meta property=\"og:url\" content=\"https:\/\/dana.com.br\/canaldana\/2016\/04\/20\/iveco-lanca-novo-kit-multimidia-para-veiculos-daily\/\" \/>\n<meta property=\"og:site_name\" content=\"Canal Dana\" \/>\n<meta property=\"article:published_time\" content=\"2016-04-20T11:47:39+00:00\" \/>\n<meta name=\"author\" content=\"Canal Dana\" \/>\n<meta name=\"twitter:card\" content=\"summary_large_image\" \/>\n<meta name=\"twitter:label1\" content=\"Escrito por\" \/>\n\t<meta name=\"twitter:data1\" content=\"Canal Dana\" \/>\n\t<meta name=\"twitter:label2\" content=\"Est. tempo de leitura\" \/>\n\t<meta name=\"twitter:data2\" content=\"2 minutos\" \/>\n<script type=\"application\/ld+json\" class=\"yoast-schema-graph\">{\"@context\":\"https:\\\/\\\/schema.org\",\"@graph\":[{\"@type\":\"Article\",\"@id\":\"https:\\\/\\\/dana.com.br\\\/canaldana\\\/2016\\\/04\\\/20\\\/iveco-lanca-novo-kit-multimidia-para-veiculos-daily\\\/#article\",\"isPartOf\":{\"@id\":\"https:\\\/\\\/dana.com.br\\\/canaldana\\\/2016\\\/04\\\/20\\\/iveco-lanca-novo-kit-multimidia-para-veiculos-daily\\\/\"},\"author\":{\"name\":\"Canal Dana\",\"@id\":\"https:\\\/\\\/dana.com.br\\\/canaldana\\\/#\\\/schema\\\/person\\\/3c21f22f56fcf3bc46b94bc60ea4fef6\"},\"headline\":\"Iveco lan\u00e7a novo kit multim\u00eddia para ve\u00edculos Daily\",\"datePublished\":\"2016-04-20T11:47:39+00:00\",\"mainEntityOfPage\":{\"@id\":\"https:\\\/\\\/dana.com.br\\\/canaldana\\\/2016\\\/04\\\/20\\\/iveco-lanca-novo-kit-multimidia-para-veiculos-daily\\\/\"},\"wordCount\":388,\"articleSection\":[\"Mercado\"],\"inLanguage\":\"pt-BR\"},{\"@type\":\"WebPage\",\"@id\":\"https:\\\/\\\/dana.com.br\\\/canaldana\\\/2016\\\/04\\\/20\\\/iveco-lanca-novo-kit-multimidia-para-veiculos-daily\\\/\",\"url\":\"https:\\\/\\\/dana.com.br\\\/canaldana\\\/2016\\\/04\\\/20\\\/iveco-lanca-novo-kit-multimidia-para-veiculos-daily\\\/\",\"name\":\"Iveco lan\u00e7a novo kit multim\u00eddia para ve\u00edculos Daily - Canal Dana\",\"isPartOf\":{\"@id\":\"https:\\\/\\\/dana.com.br\\\/canaldana\\\/#website\"},\"datePublished\":\"2016-04-20T11:47:39+00:00\",\"author\":{\"@id\":\"https:\\\/\\\/dana.com.br\\\/canaldana\\\/#\\\/schema\\\/person\\\/3c21f22f56fcf3bc46b94bc60ea4fef6\"},\"breadcrumb\":{\"@id\":\"https:\\\/\\\/dana.com.br\\\/canaldana\\\/2016\\\/04\\\/20\\\/iveco-lanca-novo-kit-multimidia-para-veiculos-daily\\\/#breadcrumb\"},\"inLanguage\":\"pt-BR\",\"potentialAction\":[{\"@type\":\"ReadAction\",\"target\":[\"https:\\\/\\\/dana.com.br\\\/canaldana\\\/2016\\\/04\\\/20\\\/iveco-lanca-novo-kit-multimidia-para-veiculos-daily\\\/\"]}]},{\"@type\":\"BreadcrumbList\",\"@id\":\"https:\\\/\\\/dana.com.br\\\/canaldana\\\/2016\\\/04\\\/20\\\/iveco-lanca-novo-kit-multimidia-para-veiculos-daily\\\/#breadcrumb\",\"itemListElement\":[{\"@type\":\"ListItem\",\"position\":1,\"name\":\"Home\",\"item\":\"https:\\\/\\\/dana.com.br\\\/canaldana\\\/\"},{\"@type\":\"ListItem\",\"position\":2,\"name\":\"Mercado\",\"item\":\"https:\\\/\\\/dana.com.br\\\/canaldana\\\/mercado\\\/\"},{\"@type\":\"ListItem\",\"position\":3,\"name\":\"Iveco lan\u00e7a novo kit multim\u00eddia para ve\u00edculos Daily\"}]},{\"@type\":\"WebSite\",\"@id\":\"https:\\\/\\\/dana.com.br\\\/canaldana\\\/#website\",\"url\":\"https:\\\/\\\/dana.com.br\\\/canaldana\\\/\",\"name\":\"Canal Dana\",\"description\":\"Informativo com as principais not\u00edcias da ind\u00fastria automotiva\",\"potentialAction\":[{\"@type\":\"SearchAction\",\"target\":{\"@type\":\"EntryPoint\",\"urlTemplate\":\"https:\\\/\\\/dana.com.br\\\/canaldana\\\/?s={search_term_string}\"},\"query-input\":{\"@type\":\"PropertyValueSpecification\",\"valueRequired\":true,\"valueName\":\"search_term_string\"}}],\"inLanguage\":\"pt-BR\"},{\"@type\":\"Person\",\"@id\":\"https:\\\/\\\/dana.com.br\\\/canaldana\\\/#\\\/schema\\\/person\\\/3c21f22f56fcf3bc46b94bc60ea4fef6\",\"name\":\"Canal Dana\",\"image\":{\"@type\":\"ImageObject\",\"inLanguage\":\"pt-BR\",\"@id\":\"https:\\\/\\\/secure.gravatar.com\\\/avatar\\\/420aaf9278582877d9018637c6817617705899d2858d7572ef0fe59a6b6454b4?s=96&d=mm&r=g\",\"url\":\"https:\\\/\\\/secure.gravatar.com\\\/avatar\\\/420aaf9278582877d9018637c6817617705899d2858d7572ef0fe59a6b6454b4?s=96&d=mm&r=g\",\"contentUrl\":\"https:\\\/\\\/secure.gravatar.com\\\/avatar\\\/420aaf9278582877d9018637c6817617705899d2858d7572ef0fe59a6b6454b4?s=96&d=mm&r=g\",\"caption\":\"Canal Dana\"},\"url\":\"https:\\\/\\\/dana.com.br\\\/canaldana\\\/author\\\/cdeditor\\\/\"}]}<\/script>\n<!-- \/ Yoast SEO plugin. -->","yoast_head_json":{"title":"Iveco lan\u00e7a novo kit multim\u00eddia para ve\u00edculos Daily - Canal Dana","robots":{"index":"index","follow":"follow","max-snippet":"max-snippet:-1","max-image-preview":"max-image-preview:large","max-video-preview":"max-video-preview:-1"},"canonical":"https:\/\/dana.com.br\/canaldana\/2016\/04\/20\/iveco-lanca-novo-kit-multimidia-para-veiculos-daily\/","og_locale":"pt_BR","og_type":"article","og_title":"Iveco lan\u00e7a novo kit multim\u00eddia para ve\u00edculos Daily - Canal Dana","og_description":"Frota &amp; Cia &nbsp; A Iveco acaba de lan\u00e7ar um kit multim\u00eddia para ve\u00edculos Daily. Com isso, torna-se a primeira montadora do Brasil a possuir um equipamento homologado de f\u00e1brica para ve\u00edculos leves. &nbsp; O Kit \u00e9 composto por um display LCD de 6,5 polegadas touchscreen, c\u00e2mera de r\u00e9 com vis\u00e3o infravermelha, r\u00e1dio AM\/FM, leitor\u2026 Leia mais \u00bb","og_url":"https:\/\/dana.com.br\/canaldana\/2016\/04\/20\/iveco-lanca-novo-kit-multimidia-para-veiculos-daily\/","og_site_name":"Canal Dana","article_published_time":"2016-04-20T11:47:39+00:00","author":"Canal Dana","twitter_card":"summary_large_image","twitter_misc":{"Escrito por":"Canal Dana","Est. tempo de leitura":"2 minutos"},"schema":{"@context":"https:\/\/schema.org","@graph":[{"@type":"Article","@id":"https:\/\/dana.com.br\/canaldana\/2016\/04\/20\/iveco-lanca-novo-kit-multimidia-para-veiculos-daily\/#article","isPartOf":{"@id":"https:\/\/dana.com.br\/canaldana\/2016\/04\/20\/iveco-lanca-novo-kit-multimidia-para-veiculos-daily\/"},"author":{"name":"Canal Dana","@id":"https:\/\/dana.com.br\/canaldana\/#\/schema\/person\/3c21f22f56fcf3bc46b94bc60ea4fef6"},"headline":"Iveco lan\u00e7a novo kit multim\u00eddia para ve\u00edculos Daily","datePublished":"2016-04-20T11:47:39+00:00","mainEntityOfPage":{"@id":"https:\/\/dana.com.br\/canaldana\/2016\/04\/20\/iveco-lanca-novo-kit-multimidia-para-veiculos-daily\/"},"wordCount":388,"articleSection":["Mercado"],"inLanguage":"pt-BR"},{"@type":"WebPage","@id":"https:\/\/dana.com.br\/canaldana\/2016\/04\/20\/iveco-lanca-novo-kit-multimidia-para-veiculos-daily\/","url":"https:\/\/dana.com.br\/canaldana\/2016\/04\/20\/iveco-lanca-novo-kit-multimidia-para-veiculos-daily\/","name":"Iveco lan\u00e7a novo kit multim\u00eddia para ve\u00edculos Daily - Canal Dana","isPartOf":{"@id":"https:\/\/dana.com.br\/canaldana\/#website"},"datePublished":"2016-04-20T11:47:39+00:00","author":{"@id":"https:\/\/dana.com.br\/canaldana\/#\/schema\/person\/3c21f22f56fcf3bc46b94bc60ea4fef6"},"breadcrumb":{"@id":"https:\/\/dana.com.br\/canaldana\/2016\/04\/20\/iveco-lanca-novo-kit-multimidia-para-veiculos-daily\/#breadcrumb"},"inLanguage":"pt-BR","potentialAction":[{"@type":"ReadAction","target":["https:\/\/dana.com.br\/canaldana\/2016\/04\/20\/iveco-lanca-novo-kit-multimidia-para-veiculos-daily\/"]}]},{"@type":"BreadcrumbList","@id":"https:\/\/dana.com.br\/canaldana\/2016\/04\/20\/iveco-lanca-novo-kit-multimidia-para-veiculos-daily\/#breadcrumb","itemListElement":[{"@type":"ListItem","position":1,"name":"Home","item":"https:\/\/dana.com.br\/canaldana\/"},{"@type":"ListItem","position":2,"name":"Mercado","item":"https:\/\/dana.com.br\/canaldana\/mercado\/"},{"@type":"ListItem","position":3,"name":"Iveco lan\u00e7a novo kit multim\u00eddia para ve\u00edculos Daily"}]},{"@type":"WebSite","@id":"https:\/\/dana.com.br\/canaldana\/#website","url":"https:\/\/dana.com.br\/canaldana\/","name":"Canal Dana","description":"Informativo com as principais not\u00edcias da ind\u00fastria automotiva","potentialAction":[{"@type":"SearchAction","target":{"@type":"EntryPoint","urlTemplate":"https:\/\/dana.com.br\/canaldana\/?s={search_term_string}"},"query-input":{"@type":"PropertyValueSpecification","valueRequired":true,"valueName":"search_term_string"}}],"inLanguage":"pt-BR"},{"@type":"Person","@id":"https:\/\/dana.com.br\/canaldana\/#\/schema\/person\/3c21f22f56fcf3bc46b94bc60ea4fef6","name":"Canal Dana","image":{"@type":"ImageObject","inLanguage":"pt-BR","@id":"https:\/\/secure.gravatar.com\/avatar\/420aaf9278582877d9018637c6817617705899d2858d7572ef0fe59a6b6454b4?s=96&d=mm&r=g","url":"https:\/\/secure.gravatar.com\/avatar\/420aaf9278582877d9018637c6817617705899d2858d7572ef0fe59a6b6454b4?s=96&d=mm&r=g","contentUrl":"https:\/\/secure.gravatar.com\/avatar\/420aaf9278582877d9018637c6817617705899d2858d7572ef0fe59a6b6454b4?s=96&d=mm&r=g","caption":"Canal Dana"},"url":"https:\/\/dana.com.br\/canaldana\/author\/cdeditor\/"}]}},"_links":{"self":[{"href":"https:\/\/dana.com.br\/canaldana\/wp-json\/wp\/v2\/posts\/7741","targetHints":{"allow":["GET"]}}],"collection":[{"href":"https:\/\/dana.com.br\/canaldana\/wp-json\/wp\/v2\/posts"}],"about":[{"href":"https:\/\/dana.com.br\/canaldana\/wp-json\/wp\/v2\/types\/post"}],"author":[{"embeddable":true,"href":"https:\/\/dana.com.br\/canaldana\/wp-json\/wp\/v2\/users\/3"}],"replies":[{"embeddable":true,"href":"https:\/\/dana.com.br\/canaldana\/wp-json\/wp\/v2\/comments?post=7741"}],"version-history":[{"count":0,"href":"https:\/\/dana.com.br\/canaldana\/wp-json\/wp\/v2\/posts\/7741\/revisions"}],"wp:attachment":[{"href":"https:\/\/dana.com.br\/canaldana\/wp-json\/wp\/v2\/media?parent=7741"}],"wp:term":[{"taxonomy":"category","embeddable":true,"href":"https:\/\/dana.com.br\/canaldana\/wp-json\/wp\/v2\/categories?post=7741"},{"taxonomy":"post_tag","embeddable":true,"href":"https:\/\/dana.com.br\/canaldana\/wp-json\/wp\/v2\/tags?post=7741"}],"curies":[{"name":"wp","href":"https:\/\/api.w.org\/{rel}","templated":true}]}}