{"id":77232,"date":"2024-10-18T08:32:32","date_gmt":"2024-10-18T11:32:32","guid":{"rendered":"https:\/\/dana.com.br\/canaldana\/?p=77232"},"modified":"2024-10-18T08:32:32","modified_gmt":"2024-10-18T11:32:32","slug":"bndes-destinara-r-258-mi-para-acelen-desenvolver-combustivel-a-partir-de-planta-nativa","status":"publish","type":"post","link":"https:\/\/dana.com.br\/canaldana\/2024\/10\/18\/bndes-destinara-r-258-mi-para-acelen-desenvolver-combustivel-a-partir-de-planta-nativa\/","title":{"rendered":"BNDES destinar\u00e1 R$ 258 mi para Acelen desenvolver combust\u00edvel a partir de planta nativa"},"content":{"rendered":"<p><em>CNN Brasil<\/em><\/p>\n<p>&nbsp;<\/p>\n<p>O Banco Nacional de Desenvolvimento Econ\u00f4mico e Social (BNDES) aprovou financiamento de R$ 257,9 milh\u00f5es \u00e0 Acelen, para pesquisa e desenvolvimento da cultura de maca\u00faba, planta nativa brasileira de alto poder energ\u00e9tico<\/p>\n<p>&nbsp;<\/p>\n<p>A ideia \u00e9 a implantar um centro de inova\u00e7\u00e3o tecnol\u00f3gica \u2013 o Acelen Agripark. Esta unidade far\u00e1 parte de projeto integrado da empresa para produ\u00e7\u00e3o de diesel renov\u00e1vel (RD \u2013 renewable diesel) e combust\u00edvel sustent\u00e1vel de avia\u00e7\u00e3o (SAF \u2013 sustainable aviation fuel) baseado no desenvolvimento da cultura da maca\u00faba.<\/p>\n<p>&nbsp;<\/p>\n<p>Este \u00e9 o primeiro financiamento do BNDES voltado ao desenvolvimento de SAF, considerado o \u201ccombust\u00edvel do futuro\u201d.<\/p>\n<p>&nbsp;<\/p>\n<p>Com recursos do Programa BNDES Mais Inova\u00e7\u00e3o, a opera\u00e7\u00e3o visa aumentar a produtividade e a competitividade do setor, que possui potencial exportador.<\/p>\n<p>&nbsp;<\/p>\n<p>\u201cAo financiar o primeiro projeto de SAF no Brasil, o BNDES, no governo do presidente Lula, mant\u00e9m sua contribui\u00e7\u00e3o relevante para transi\u00e7\u00e3o energ\u00e9tica\u201d, afirma o presidente do BNDES, Aloizio Mercadante.<\/p>\n<p>&nbsp;<\/p>\n<p>O centro de inova\u00e7\u00e3o em Montes Claros (MG) ser\u00e1 respons\u00e1vel pela pesquisa e desenvolvimento necess\u00e1rios para o projeto da biorrefinaria de combust\u00edveis. A estrutura ter\u00e1 capacidade de germina\u00e7\u00e3o de 1,7 milh\u00e3o de sementes por m\u00eas e produ\u00e7\u00e3o de 10,5 milh\u00f5es de mudas da planta por ano.<\/p>\n<p>&nbsp;<\/p>\n<p>A localiza\u00e7\u00e3o foi escolhida por possuir infraestrutura e ser pr\u00f3xima dos maci\u00e7os naturais de maca\u00faba. Na opera\u00e7\u00e3o da nova unidade, est\u00e1 prevista a cria\u00e7\u00e3o de 240 novas posi\u00e7\u00f5es de trabalho.<\/p>\n<p>&nbsp;<\/p>\n<p>\u201cCom essa iniciativa, o Brasil d\u00e1 um passo importante para se tornar um grande produtor de combust\u00edvel sustent\u00e1vel de avia\u00e7\u00e3o e se colocar no mundo como um l\u00edder da transi\u00e7\u00e3o clim\u00e1tica\u201d, afirma a diretora de Infraestrutura, Transi\u00e7\u00e3o Energ\u00e9tica e Mudan\u00e7a Clim\u00e1tica do BNDES, Luciana Costa.<\/p>\n<p>&nbsp;<\/p>\n<p>O projeto integrado da Acelen tem investimento total estimado em US$ 2,7 bilh\u00f5es, proporcionando a produ\u00e7\u00e3o de 20 mil barris\/dia de combust\u00edvel renov\u00e1vel, captura de quase 60 milh\u00f5es de toneladas de CO2 equivalente e gera\u00e7\u00e3o de mais de 90 mil empregos.<\/p>\n<p>&nbsp;<\/p>\n<p>A estrat\u00e9gia, in\u00e9dita para o uso da maca\u00faba, prev\u00ea ainda o cultivo de 180 mil hectares em Minas Gerais e na Bahia. Al\u00e9m disso, 20% da produ\u00e7\u00e3o total dos combust\u00edveis ser\u00e3o oriundos da agricultura familiar, beneficiando mais de dez mil fam\u00edlias em sua \u00e1rea de atua\u00e7\u00e3o.<\/p>\n<p>&nbsp;<\/p>\n<p>Para o CEO da Acelen, Luiz de Mendon\u00e7a, o Acelen Agripark refor\u00e7a todo o potencial da inova\u00e7\u00e3o agroindustrial do pa\u00eds, o que tornar\u00e1 a empresa uma das grandes produtoras de combust\u00edveis renov\u00e1veis do mundo. \u201c<\/p>\n<p>&nbsp;<\/p>\n<p>Nascemos com o prop\u00f3sito de participar ativamente e acelerar a transi\u00e7\u00e3o energ\u00e9tica global, e agora, apostamos fortemente no agro. Em um ecossistema robusto e integrado formado por uma equipe altamente qualificada e parceiros experientes, vamos oferecer ao mundo uma solu\u00e7\u00e3o vi\u00e1vel e inovadora, sustent\u00e1vel de ponta a ponta\u201d, ressalta o executivo.<\/p>\n<p>&nbsp;<\/p>\n<p>Dedicado ao mercado financeiro e aos impactos que os setores da economia geram na movimenta\u00e7\u00e3o do pa\u00eds e do mundo, o CNN Money ter\u00e1 canal para TV e streaming, al\u00e9m de estar presente no ambiente digital.<\/p>\n<p>&nbsp;<\/p>\n<p>O lan\u00e7amento ser\u00e1 no dia 4 de novembro de 2024. N\u00e3o perca! (CNN Brasil\/Danilo Moliterno)<\/p>\n","protected":false},"excerpt":{"rendered":"<p>CNN Brasil &nbsp; O Banco Nacional de Desenvolvimento Econ\u00f4mico e Social (BNDES) aprovou financiamento de R$ 257,9 milh\u00f5es \u00e0 Acelen, para pesquisa e desenvolvimento da cultura de maca\u00faba, planta nativa brasileira de alto poder energ\u00e9tico &nbsp; A ideia \u00e9 a implantar um centro de inova\u00e7\u00e3o tecnol\u00f3gica \u2013 o Acelen Agripark. Esta unidade far\u00e1 parte de\u2026 <a class=\"readmore\" href=\"https:\/\/dana.com.br\/canaldana\/2024\/10\/18\/bndes-destinara-r-258-mi-para-acelen-desenvolver-combustivel-a-partir-de-planta-nativa\/\">Leia mais \u00bb<\/a><\/p>\n","protected":false},"author":3,"featured_media":0,"comment_status":"closed","ping_status":"closed","sticky":false,"template":"","format":"standard","meta":{"_acf_changed":false,"footnotes":""},"categories":[79],"tags":[],"class_list":["post-77232","post","type-post","status-publish","format-standard","hentry","category-mercado"],"acf":[],"yoast_head":"<!-- This site is optimized with the Yoast SEO plugin v27.3 - https:\/\/yoast.com\/product\/yoast-seo-wordpress\/ -->\n<title>BNDES destinar\u00e1 R$ 258 mi para Acelen desenvolver combust\u00edvel a partir de planta nativa - Canal Dana<\/title>\n<meta name=\"robots\" content=\"index, follow, max-snippet:-1, max-image-preview:large, max-video-preview:-1\" \/>\n<link rel=\"canonical\" href=\"https:\/\/dana.com.br\/canaldana\/2024\/10\/18\/bndes-destinara-r-258-mi-para-acelen-desenvolver-combustivel-a-partir-de-planta-nativa\/\" \/>\n<meta property=\"og:locale\" content=\"pt_BR\" \/>\n<meta property=\"og:type\" content=\"article\" \/>\n<meta property=\"og:title\" content=\"BNDES destinar\u00e1 R$ 258 mi para Acelen desenvolver combust\u00edvel a partir de planta nativa - Canal Dana\" \/>\n<meta property=\"og:description\" content=\"CNN Brasil &nbsp; O Banco Nacional de Desenvolvimento Econ\u00f4mico e Social (BNDES) aprovou financiamento de R$ 257,9 milh\u00f5es \u00e0 Acelen, para pesquisa e desenvolvimento da cultura de maca\u00faba, planta nativa brasileira de alto poder energ\u00e9tico &nbsp; A ideia \u00e9 a implantar um centro de inova\u00e7\u00e3o tecnol\u00f3gica \u2013 o Acelen Agripark. Esta unidade far\u00e1 parte de\u2026 Leia mais \u00bb\" \/>\n<meta property=\"og:url\" content=\"https:\/\/dana.com.br\/canaldana\/2024\/10\/18\/bndes-destinara-r-258-mi-para-acelen-desenvolver-combustivel-a-partir-de-planta-nativa\/\" \/>\n<meta property=\"og:site_name\" content=\"Canal Dana\" \/>\n<meta property=\"article:published_time\" content=\"2024-10-18T11:32:32+00:00\" \/>\n<meta name=\"author\" content=\"Canal Dana\" \/>\n<meta name=\"twitter:card\" content=\"summary_large_image\" \/>\n<meta name=\"twitter:label1\" content=\"Escrito por\" \/>\n\t<meta name=\"twitter:data1\" content=\"Canal Dana\" \/>\n\t<meta name=\"twitter:label2\" content=\"Est. tempo de leitura\" \/>\n\t<meta name=\"twitter:data2\" content=\"3 minutos\" \/>\n<script type=\"application\/ld+json\" class=\"yoast-schema-graph\">{\"@context\":\"https:\\\/\\\/schema.org\",\"@graph\":[{\"@type\":\"Article\",\"@id\":\"https:\\\/\\\/dana.com.br\\\/canaldana\\\/2024\\\/10\\\/18\\\/bndes-destinara-r-258-mi-para-acelen-desenvolver-combustivel-a-partir-de-planta-nativa\\\/#article\",\"isPartOf\":{\"@id\":\"https:\\\/\\\/dana.com.br\\\/canaldana\\\/2024\\\/10\\\/18\\\/bndes-destinara-r-258-mi-para-acelen-desenvolver-combustivel-a-partir-de-planta-nativa\\\/\"},\"author\":{\"name\":\"Canal Dana\",\"@id\":\"https:\\\/\\\/dana.com.br\\\/canaldana\\\/#\\\/schema\\\/person\\\/3c21f22f56fcf3bc46b94bc60ea4fef6\"},\"headline\":\"BNDES destinar\u00e1 R$ 258 mi para Acelen desenvolver combust\u00edvel a partir de planta nativa\",\"datePublished\":\"2024-10-18T11:32:32+00:00\",\"mainEntityOfPage\":{\"@id\":\"https:\\\/\\\/dana.com.br\\\/canaldana\\\/2024\\\/10\\\/18\\\/bndes-destinara-r-258-mi-para-acelen-desenvolver-combustivel-a-partir-de-planta-nativa\\\/\"},\"wordCount\":585,\"articleSection\":[\"Mercado\"],\"inLanguage\":\"pt-BR\"},{\"@type\":\"WebPage\",\"@id\":\"https:\\\/\\\/dana.com.br\\\/canaldana\\\/2024\\\/10\\\/18\\\/bndes-destinara-r-258-mi-para-acelen-desenvolver-combustivel-a-partir-de-planta-nativa\\\/\",\"url\":\"https:\\\/\\\/dana.com.br\\\/canaldana\\\/2024\\\/10\\\/18\\\/bndes-destinara-r-258-mi-para-acelen-desenvolver-combustivel-a-partir-de-planta-nativa\\\/\",\"name\":\"BNDES destinar\u00e1 R$ 258 mi para Acelen desenvolver combust\u00edvel a partir de planta nativa - Canal Dana\",\"isPartOf\":{\"@id\":\"https:\\\/\\\/dana.com.br\\\/canaldana\\\/#website\"},\"datePublished\":\"2024-10-18T11:32:32+00:00\",\"author\":{\"@id\":\"https:\\\/\\\/dana.com.br\\\/canaldana\\\/#\\\/schema\\\/person\\\/3c21f22f56fcf3bc46b94bc60ea4fef6\"},\"breadcrumb\":{\"@id\":\"https:\\\/\\\/dana.com.br\\\/canaldana\\\/2024\\\/10\\\/18\\\/bndes-destinara-r-258-mi-para-acelen-desenvolver-combustivel-a-partir-de-planta-nativa\\\/#breadcrumb\"},\"inLanguage\":\"pt-BR\",\"potentialAction\":[{\"@type\":\"ReadAction\",\"target\":[\"https:\\\/\\\/dana.com.br\\\/canaldana\\\/2024\\\/10\\\/18\\\/bndes-destinara-r-258-mi-para-acelen-desenvolver-combustivel-a-partir-de-planta-nativa\\\/\"]}]},{\"@type\":\"BreadcrumbList\",\"@id\":\"https:\\\/\\\/dana.com.br\\\/canaldana\\\/2024\\\/10\\\/18\\\/bndes-destinara-r-258-mi-para-acelen-desenvolver-combustivel-a-partir-de-planta-nativa\\\/#breadcrumb\",\"itemListElement\":[{\"@type\":\"ListItem\",\"position\":1,\"name\":\"Home\",\"item\":\"https:\\\/\\\/dana.com.br\\\/canaldana\\\/\"},{\"@type\":\"ListItem\",\"position\":2,\"name\":\"Mercado\",\"item\":\"https:\\\/\\\/dana.com.br\\\/canaldana\\\/mercado\\\/\"},{\"@type\":\"ListItem\",\"position\":3,\"name\":\"BNDES destinar\u00e1 R$ 258 mi para Acelen desenvolver combust\u00edvel a partir de planta nativa\"}]},{\"@type\":\"WebSite\",\"@id\":\"https:\\\/\\\/dana.com.br\\\/canaldana\\\/#website\",\"url\":\"https:\\\/\\\/dana.com.br\\\/canaldana\\\/\",\"name\":\"Canal Dana\",\"description\":\"Informativo com as principais not\u00edcias da ind\u00fastria automotiva\",\"potentialAction\":[{\"@type\":\"SearchAction\",\"target\":{\"@type\":\"EntryPoint\",\"urlTemplate\":\"https:\\\/\\\/dana.com.br\\\/canaldana\\\/?s={search_term_string}\"},\"query-input\":{\"@type\":\"PropertyValueSpecification\",\"valueRequired\":true,\"valueName\":\"search_term_string\"}}],\"inLanguage\":\"pt-BR\"},{\"@type\":\"Person\",\"@id\":\"https:\\\/\\\/dana.com.br\\\/canaldana\\\/#\\\/schema\\\/person\\\/3c21f22f56fcf3bc46b94bc60ea4fef6\",\"name\":\"Canal Dana\",\"image\":{\"@type\":\"ImageObject\",\"inLanguage\":\"pt-BR\",\"@id\":\"https:\\\/\\\/secure.gravatar.com\\\/avatar\\\/420aaf9278582877d9018637c6817617705899d2858d7572ef0fe59a6b6454b4?s=96&d=mm&r=g\",\"url\":\"https:\\\/\\\/secure.gravatar.com\\\/avatar\\\/420aaf9278582877d9018637c6817617705899d2858d7572ef0fe59a6b6454b4?s=96&d=mm&r=g\",\"contentUrl\":\"https:\\\/\\\/secure.gravatar.com\\\/avatar\\\/420aaf9278582877d9018637c6817617705899d2858d7572ef0fe59a6b6454b4?s=96&d=mm&r=g\",\"caption\":\"Canal Dana\"},\"url\":\"https:\\\/\\\/dana.com.br\\\/canaldana\\\/author\\\/cdeditor\\\/\"}]}<\/script>\n<!-- \/ Yoast SEO plugin. -->","yoast_head_json":{"title":"BNDES destinar\u00e1 R$ 258 mi para Acelen desenvolver combust\u00edvel a partir de planta nativa - Canal Dana","robots":{"index":"index","follow":"follow","max-snippet":"max-snippet:-1","max-image-preview":"max-image-preview:large","max-video-preview":"max-video-preview:-1"},"canonical":"https:\/\/dana.com.br\/canaldana\/2024\/10\/18\/bndes-destinara-r-258-mi-para-acelen-desenvolver-combustivel-a-partir-de-planta-nativa\/","og_locale":"pt_BR","og_type":"article","og_title":"BNDES destinar\u00e1 R$ 258 mi para Acelen desenvolver combust\u00edvel a partir de planta nativa - Canal Dana","og_description":"CNN Brasil &nbsp; O Banco Nacional de Desenvolvimento Econ\u00f4mico e Social (BNDES) aprovou financiamento de R$ 257,9 milh\u00f5es \u00e0 Acelen, para pesquisa e desenvolvimento da cultura de maca\u00faba, planta nativa brasileira de alto poder energ\u00e9tico &nbsp; A ideia \u00e9 a implantar um centro de inova\u00e7\u00e3o tecnol\u00f3gica \u2013 o Acelen Agripark. Esta unidade far\u00e1 parte de\u2026 Leia mais \u00bb","og_url":"https:\/\/dana.com.br\/canaldana\/2024\/10\/18\/bndes-destinara-r-258-mi-para-acelen-desenvolver-combustivel-a-partir-de-planta-nativa\/","og_site_name":"Canal Dana","article_published_time":"2024-10-18T11:32:32+00:00","author":"Canal Dana","twitter_card":"summary_large_image","twitter_misc":{"Escrito por":"Canal Dana","Est. tempo de leitura":"3 minutos"},"schema":{"@context":"https:\/\/schema.org","@graph":[{"@type":"Article","@id":"https:\/\/dana.com.br\/canaldana\/2024\/10\/18\/bndes-destinara-r-258-mi-para-acelen-desenvolver-combustivel-a-partir-de-planta-nativa\/#article","isPartOf":{"@id":"https:\/\/dana.com.br\/canaldana\/2024\/10\/18\/bndes-destinara-r-258-mi-para-acelen-desenvolver-combustivel-a-partir-de-planta-nativa\/"},"author":{"name":"Canal Dana","@id":"https:\/\/dana.com.br\/canaldana\/#\/schema\/person\/3c21f22f56fcf3bc46b94bc60ea4fef6"},"headline":"BNDES destinar\u00e1 R$ 258 mi para Acelen desenvolver combust\u00edvel a partir de planta nativa","datePublished":"2024-10-18T11:32:32+00:00","mainEntityOfPage":{"@id":"https:\/\/dana.com.br\/canaldana\/2024\/10\/18\/bndes-destinara-r-258-mi-para-acelen-desenvolver-combustivel-a-partir-de-planta-nativa\/"},"wordCount":585,"articleSection":["Mercado"],"inLanguage":"pt-BR"},{"@type":"WebPage","@id":"https:\/\/dana.com.br\/canaldana\/2024\/10\/18\/bndes-destinara-r-258-mi-para-acelen-desenvolver-combustivel-a-partir-de-planta-nativa\/","url":"https:\/\/dana.com.br\/canaldana\/2024\/10\/18\/bndes-destinara-r-258-mi-para-acelen-desenvolver-combustivel-a-partir-de-planta-nativa\/","name":"BNDES destinar\u00e1 R$ 258 mi para Acelen desenvolver combust\u00edvel a partir de planta nativa - Canal Dana","isPartOf":{"@id":"https:\/\/dana.com.br\/canaldana\/#website"},"datePublished":"2024-10-18T11:32:32+00:00","author":{"@id":"https:\/\/dana.com.br\/canaldana\/#\/schema\/person\/3c21f22f56fcf3bc46b94bc60ea4fef6"},"breadcrumb":{"@id":"https:\/\/dana.com.br\/canaldana\/2024\/10\/18\/bndes-destinara-r-258-mi-para-acelen-desenvolver-combustivel-a-partir-de-planta-nativa\/#breadcrumb"},"inLanguage":"pt-BR","potentialAction":[{"@type":"ReadAction","target":["https:\/\/dana.com.br\/canaldana\/2024\/10\/18\/bndes-destinara-r-258-mi-para-acelen-desenvolver-combustivel-a-partir-de-planta-nativa\/"]}]},{"@type":"BreadcrumbList","@id":"https:\/\/dana.com.br\/canaldana\/2024\/10\/18\/bndes-destinara-r-258-mi-para-acelen-desenvolver-combustivel-a-partir-de-planta-nativa\/#breadcrumb","itemListElement":[{"@type":"ListItem","position":1,"name":"Home","item":"https:\/\/dana.com.br\/canaldana\/"},{"@type":"ListItem","position":2,"name":"Mercado","item":"https:\/\/dana.com.br\/canaldana\/mercado\/"},{"@type":"ListItem","position":3,"name":"BNDES destinar\u00e1 R$ 258 mi para Acelen desenvolver combust\u00edvel a partir de planta nativa"}]},{"@type":"WebSite","@id":"https:\/\/dana.com.br\/canaldana\/#website","url":"https:\/\/dana.com.br\/canaldana\/","name":"Canal Dana","description":"Informativo com as principais not\u00edcias da ind\u00fastria automotiva","potentialAction":[{"@type":"SearchAction","target":{"@type":"EntryPoint","urlTemplate":"https:\/\/dana.com.br\/canaldana\/?s={search_term_string}"},"query-input":{"@type":"PropertyValueSpecification","valueRequired":true,"valueName":"search_term_string"}}],"inLanguage":"pt-BR"},{"@type":"Person","@id":"https:\/\/dana.com.br\/canaldana\/#\/schema\/person\/3c21f22f56fcf3bc46b94bc60ea4fef6","name":"Canal Dana","image":{"@type":"ImageObject","inLanguage":"pt-BR","@id":"https:\/\/secure.gravatar.com\/avatar\/420aaf9278582877d9018637c6817617705899d2858d7572ef0fe59a6b6454b4?s=96&d=mm&r=g","url":"https:\/\/secure.gravatar.com\/avatar\/420aaf9278582877d9018637c6817617705899d2858d7572ef0fe59a6b6454b4?s=96&d=mm&r=g","contentUrl":"https:\/\/secure.gravatar.com\/avatar\/420aaf9278582877d9018637c6817617705899d2858d7572ef0fe59a6b6454b4?s=96&d=mm&r=g","caption":"Canal Dana"},"url":"https:\/\/dana.com.br\/canaldana\/author\/cdeditor\/"}]}},"_links":{"self":[{"href":"https:\/\/dana.com.br\/canaldana\/wp-json\/wp\/v2\/posts\/77232","targetHints":{"allow":["GET"]}}],"collection":[{"href":"https:\/\/dana.com.br\/canaldana\/wp-json\/wp\/v2\/posts"}],"about":[{"href":"https:\/\/dana.com.br\/canaldana\/wp-json\/wp\/v2\/types\/post"}],"author":[{"embeddable":true,"href":"https:\/\/dana.com.br\/canaldana\/wp-json\/wp\/v2\/users\/3"}],"replies":[{"embeddable":true,"href":"https:\/\/dana.com.br\/canaldana\/wp-json\/wp\/v2\/comments?post=77232"}],"version-history":[{"count":1,"href":"https:\/\/dana.com.br\/canaldana\/wp-json\/wp\/v2\/posts\/77232\/revisions"}],"predecessor-version":[{"id":77233,"href":"https:\/\/dana.com.br\/canaldana\/wp-json\/wp\/v2\/posts\/77232\/revisions\/77233"}],"wp:attachment":[{"href":"https:\/\/dana.com.br\/canaldana\/wp-json\/wp\/v2\/media?parent=77232"}],"wp:term":[{"taxonomy":"category","embeddable":true,"href":"https:\/\/dana.com.br\/canaldana\/wp-json\/wp\/v2\/categories?post=77232"},{"taxonomy":"post_tag","embeddable":true,"href":"https:\/\/dana.com.br\/canaldana\/wp-json\/wp\/v2\/tags?post=77232"}],"curies":[{"name":"wp","href":"https:\/\/api.w.org\/{rel}","templated":true}]}}