{"id":77184,"date":"2024-10-17T08:07:01","date_gmt":"2024-10-17T11:07:01","guid":{"rendered":"https:\/\/dana.com.br\/canaldana\/?p=77184"},"modified":"2024-10-17T08:07:01","modified_gmt":"2024-10-17T11:07:01","slug":"transicao-energetica-e-foco-comum-entre-marcas-europeias-e-chinesas-no-salao-de-paris","status":"publish","type":"post","link":"https:\/\/dana.com.br\/canaldana\/2024\/10\/17\/transicao-energetica-e-foco-comum-entre-marcas-europeias-e-chinesas-no-salao-de-paris\/","title":{"rendered":"Transi\u00e7\u00e3o energ\u00e9tica \u00e9 foco comum entre marcas europeias e chinesas no Sal\u00e3o de Paris"},"content":{"rendered":"<p><em>O Estado de S. Paulo\/AFP <\/em><\/p>\n<p>&nbsp;<\/p>\n<p>A Europa tem uma meta ambiciosa de fazer a transi\u00e7\u00e3o completa para os ve\u00edculos el\u00e9tricos at\u00e9 2035, e as maiores montadoras do continente \u2013 entre elas Renault, Stellantis, BMW e Volkswagen \u2013 apresentaram novos modelos com o objetivo de atrair os consumidores. Mas Pequim tamb\u00e9m est\u00e1 ansiosa para entrar nesse jogo, e as nove montadoras chinesas presentes na feira de Paris parecem n\u00e3o se intimidar com o que consideram esfor\u00e7os protecionistas para retardar seu avan\u00e7o.<\/p>\n<p>&nbsp;<\/p>\n<p>A BYD, que fez sua estreia na Europa no sal\u00e3o h\u00e1 dois anos, exibiu sete modelos, que, segundo seus funcion\u00e1rios, usavam tecnologia el\u00e9trica e h\u00edbrida que superava a de seus rivais europeus.<\/p>\n<p>&nbsp;<\/p>\n<p><strong>Cristo Redentor <\/strong><\/p>\n<p>&nbsp;<\/p>\n<p>No estande da BYD, um v\u00eddeo em tela grande exibia pontos de refer\u00eancia de todo o mundo, desde a est\u00e1tua do Cristo Redentor, no Rio de Janeiro, at\u00e9 o Arco do Triunfo, em Paris. Era um lembrete visual da ambi\u00e7\u00e3o da empresa de tornar um carro chin\u00eas atraente para os compradores ocidentais.<\/p>\n<p>&nbsp;<\/p>\n<p>Em apenas alguns anos, a BYD ampliou sua presen\u00e7a para 100 pa\u00edses al\u00e9m da China. Nos primeiros seis meses deste ano, um quarto de todos os ve\u00edculos h\u00edbridos ou totalmente el\u00e9tricos vendidos no planeta foi fabricado pela BYD, informou a empresa. \u201cIsso \u00e9 incr\u00edvel\u201d, disse Stella Li, vicepresidente executiva da BYD, a rep\u00f3rteres, durante a exposi\u00e7\u00e3o, que ocorre na capital francesa at\u00e9 domingo.<\/p>\n<p>&nbsp;<\/p>\n<p>Ela classificou como injustas as tarifas impostas por Bruxelas neste m\u00eas sobre os ve\u00edculos el\u00e9tricos da China, uma reclama\u00e7\u00e3o que ecoou por outras montadoras chinesas.<\/p>\n<p>&nbsp;<\/p>\n<p>As tarifas, previstas para vigorar por cinco anos, chegam a 45%. No entanto, as autoridades europeias e chinesas afirmaram que est\u00e3o em negocia\u00e7\u00f5es para chegar a um acordo que atenda \u00e0s preocupa\u00e7\u00f5es de Bruxelas sobre as vantagens injustas desfrutadas pelas montadoras na China.<\/p>\n<p>&nbsp;<\/p>\n<p>Stella Li disse que a empresa continuaria sua expans\u00e3o na Europa, trazendo um novo utilit\u00e1rio-esportivo para o mercado na Fran\u00e7a e na Alemanha. A empresa disse que estava baixando o pre\u00e7o dos modelos j\u00e1 \u00e0 venda na Europa, uma medida que muitas montadoras chinesas v\u00eam adotando para atrair os consumidores do continente.<\/p>\n<p>&nbsp;<\/p>\n<p><strong>Concorr\u00eancia <\/strong><\/p>\n<p>&nbsp;<\/p>\n<p>O executivo-chefe da Renault, Luca de Meo, reconheceu a crescente concorr\u00eancia que os europeus enfrentam por parte das montadoras asi\u00e1ticas. Ele apresentou uma linha de v\u00e1rios ve\u00edculos el\u00e9tricos compactos novos, inclusive um feito com 90% de materiais renov\u00e1veis, no que ele disse ser \u201cum manifesto pela inova\u00e7\u00e3o tecnol\u00f3gica\u201d.<\/p>\n<p>&nbsp;<\/p>\n<p>A linha criou o que provavelmente foi o maior burburinho em torno de qualquer montadora europeia na feira. O objetivo era \u201cenfrentar os concorrentes do Leste\u201d e venc\u00ea-los \u201cse poss\u00edvel\u201d, disse ele aos rep\u00f3rteres.<\/p>\n<p>&nbsp;<\/p>\n<p>O desafio para os fabricantes de autom\u00f3veis europeus \u00e9 formid\u00e1vel. A Europa est\u00e1 enfrentando uma queda na demanda por carros novos, com vendas gerais este ano cerca de 18% menores do que os n\u00edveis pr\u00e9-pand\u00eamicos, de acordo com a Associa\u00e7\u00e3o Europeia de Fabricantes de Autom\u00f3veis. As vendas de ve\u00edculos el\u00e9tricos est\u00e3o caindo ainda mais, representando apenas cerca de 12% da participa\u00e7\u00e3o no mercado este ano.<\/p>\n<p>&nbsp;<\/p>\n<p><strong>Solidariedade <\/strong><\/p>\n<p>&nbsp;<\/p>\n<p>Em uma demonstra\u00e7\u00e3o de solidariedade com as montadoras francesas, o presidente Emmanuel Macron apareceu no evento e permaneceu no estande da Renault, dirigindo um dos novos modelos h\u00edbridos da empresa. Macron disse que queria \u201cmostrar apoio ao setor\u201d.<\/p>\n<p>&nbsp;<\/p>\n<p>Mesmo assim, algumas montadoras reconheceram que o desafio representado pelas montadoras chinesas n\u00e3o est\u00e1 desaparecendo. Em vez de combat\u00ea-las, a Stellantis \u2013 propriet\u00e1ria das marcas francesas Peugeot e Citro\u00ebn, al\u00e9m das americanas Jeep, RAM e Chrysler e da italiana Fiat, entre outras \u2013 uniu for\u00e7as com a Leapmotor, uma das principais fabricantes de ve\u00edculos el\u00e9tricos da China.<\/p>\n<p>&nbsp;<\/p>\n<p>A Stellantis comprou uma participa\u00e7\u00e3o de cerca de 20% na Leapmotor no ano passado. As duas empresas tamb\u00e9m criaram uma joint venture, que d\u00e1 \u00e0 Stellantis acesso \u00e0 tecnologia da empresa chinesa. Em troca, os carros da Leapmotor ter\u00e3o acesso a cerca de 200 concession\u00e1rias da Stellantis na Europa. Carlos Tavares, executivochefe da Stellantis, descreveu a parceria como algo em que \u201cambas as empresas est\u00e3o prontas para se beneficiar\u201d.<\/p>\n<p>&nbsp;<\/p>\n<p>Ele acrescentou que \u201co interesse de nossos revendedores e investidores \u00e9 palp\u00e1vel, e o mercado est\u00e1 \u00e1vido por ve\u00edculos el\u00e9tricos com tecnologia e pre\u00e7os acess\u00edveis\u201d. Em longo prazo, a colabora\u00e7\u00e3o entre as empresas europeias e chinesas tem como objetivo \u201ctransformar o cen\u00e1rio da mobilidade el\u00e9trica na Europa e em outros pa\u00edses\u201d.<\/p>\n<p>&nbsp;<\/p>\n<p>Ao lado de Tavares, o executivo-chefe da Leapmotor, Jiangming Zhu, falou em chin\u00eas enquanto descrevia um ve\u00edculo el\u00e9trico constru\u00eddo pelas duas empresas que seria acess\u00edvel e atraente para os gostos e necessidades dos consumidores europeus.<\/p>\n<p>&nbsp;<\/p>\n<p>O modelo compacto da joint venture ter\u00e1 um pre\u00e7o inicial de pouco mais de US$ 19.600 (o equivalente a R$ 111 mil), um pre\u00e7o v\u00e1rios milhares de d\u00f3lares abaixo de modelos similares de ve\u00edculos el\u00e9tricos fabricados pelas marcas baseadas na Europa. (O Estado de S. Paulo\/AFP)<\/p>\n","protected":false},"excerpt":{"rendered":"<p>O Estado de S. Paulo\/AFP &nbsp; A Europa tem uma meta ambiciosa de fazer a transi\u00e7\u00e3o completa para os ve\u00edculos el\u00e9tricos at\u00e9 2035, e as maiores montadoras do continente \u2013 entre elas Renault, Stellantis, BMW e Volkswagen \u2013 apresentaram novos modelos com o objetivo de atrair os consumidores. Mas Pequim tamb\u00e9m est\u00e1 ansiosa para entrar\u2026 <a class=\"readmore\" href=\"https:\/\/dana.com.br\/canaldana\/2024\/10\/17\/transicao-energetica-e-foco-comum-entre-marcas-europeias-e-chinesas-no-salao-de-paris\/\">Leia mais \u00bb<\/a><\/p>\n","protected":false},"author":3,"featured_media":0,"comment_status":"closed","ping_status":"closed","sticky":false,"template":"","format":"standard","meta":{"_acf_changed":false,"footnotes":""},"categories":[62],"tags":[],"class_list":["post-77184","post","type-post","status-publish","format-standard","hentry","category-salao-de-paris"],"acf":[],"yoast_head":"<!-- This site is optimized with the Yoast SEO plugin v27.3 - https:\/\/yoast.com\/product\/yoast-seo-wordpress\/ -->\n<title>Transi\u00e7\u00e3o energ\u00e9tica \u00e9 foco comum entre marcas europeias e chinesas no Sal\u00e3o de Paris - Canal Dana<\/title>\n<meta name=\"robots\" content=\"index, follow, max-snippet:-1, max-image-preview:large, max-video-preview:-1\" \/>\n<link rel=\"canonical\" href=\"https:\/\/dana.com.br\/canaldana\/2024\/10\/17\/transicao-energetica-e-foco-comum-entre-marcas-europeias-e-chinesas-no-salao-de-paris\/\" \/>\n<meta property=\"og:locale\" content=\"pt_BR\" \/>\n<meta property=\"og:type\" content=\"article\" \/>\n<meta property=\"og:title\" content=\"Transi\u00e7\u00e3o energ\u00e9tica \u00e9 foco comum entre marcas europeias e chinesas no Sal\u00e3o de Paris - Canal Dana\" \/>\n<meta property=\"og:description\" content=\"O Estado de S. Paulo\/AFP &nbsp; A Europa tem uma meta ambiciosa de fazer a transi\u00e7\u00e3o completa para os ve\u00edculos el\u00e9tricos at\u00e9 2035, e as maiores montadoras do continente \u2013 entre elas Renault, Stellantis, BMW e Volkswagen \u2013 apresentaram novos modelos com o objetivo de atrair os consumidores. Mas Pequim tamb\u00e9m est\u00e1 ansiosa para entrar\u2026 Leia mais \u00bb\" \/>\n<meta property=\"og:url\" content=\"https:\/\/dana.com.br\/canaldana\/2024\/10\/17\/transicao-energetica-e-foco-comum-entre-marcas-europeias-e-chinesas-no-salao-de-paris\/\" \/>\n<meta property=\"og:site_name\" content=\"Canal Dana\" \/>\n<meta property=\"article:published_time\" content=\"2024-10-17T11:07:01+00:00\" \/>\n<meta name=\"author\" content=\"Canal Dana\" \/>\n<meta name=\"twitter:card\" content=\"summary_large_image\" \/>\n<meta name=\"twitter:label1\" content=\"Escrito por\" \/>\n\t<meta name=\"twitter:data1\" content=\"Canal Dana\" \/>\n\t<meta name=\"twitter:label2\" content=\"Est. tempo de leitura\" \/>\n\t<meta name=\"twitter:data2\" content=\"5 minutos\" \/>\n<script type=\"application\/ld+json\" class=\"yoast-schema-graph\">{\"@context\":\"https:\\\/\\\/schema.org\",\"@graph\":[{\"@type\":\"Article\",\"@id\":\"https:\\\/\\\/dana.com.br\\\/canaldana\\\/2024\\\/10\\\/17\\\/transicao-energetica-e-foco-comum-entre-marcas-europeias-e-chinesas-no-salao-de-paris\\\/#article\",\"isPartOf\":{\"@id\":\"https:\\\/\\\/dana.com.br\\\/canaldana\\\/2024\\\/10\\\/17\\\/transicao-energetica-e-foco-comum-entre-marcas-europeias-e-chinesas-no-salao-de-paris\\\/\"},\"author\":{\"name\":\"Canal Dana\",\"@id\":\"https:\\\/\\\/dana.com.br\\\/canaldana\\\/#\\\/schema\\\/person\\\/3c21f22f56fcf3bc46b94bc60ea4fef6\"},\"headline\":\"Transi\u00e7\u00e3o energ\u00e9tica \u00e9 foco comum entre marcas europeias e chinesas no Sal\u00e3o de Paris\",\"datePublished\":\"2024-10-17T11:07:01+00:00\",\"mainEntityOfPage\":{\"@id\":\"https:\\\/\\\/dana.com.br\\\/canaldana\\\/2024\\\/10\\\/17\\\/transicao-energetica-e-foco-comum-entre-marcas-europeias-e-chinesas-no-salao-de-paris\\\/\"},\"wordCount\":906,\"articleSection\":[\"Sal\u00e3o de Paris\"],\"inLanguage\":\"pt-BR\"},{\"@type\":\"WebPage\",\"@id\":\"https:\\\/\\\/dana.com.br\\\/canaldana\\\/2024\\\/10\\\/17\\\/transicao-energetica-e-foco-comum-entre-marcas-europeias-e-chinesas-no-salao-de-paris\\\/\",\"url\":\"https:\\\/\\\/dana.com.br\\\/canaldana\\\/2024\\\/10\\\/17\\\/transicao-energetica-e-foco-comum-entre-marcas-europeias-e-chinesas-no-salao-de-paris\\\/\",\"name\":\"Transi\u00e7\u00e3o energ\u00e9tica \u00e9 foco comum entre marcas europeias e chinesas no Sal\u00e3o de Paris - Canal Dana\",\"isPartOf\":{\"@id\":\"https:\\\/\\\/dana.com.br\\\/canaldana\\\/#website\"},\"datePublished\":\"2024-10-17T11:07:01+00:00\",\"author\":{\"@id\":\"https:\\\/\\\/dana.com.br\\\/canaldana\\\/#\\\/schema\\\/person\\\/3c21f22f56fcf3bc46b94bc60ea4fef6\"},\"breadcrumb\":{\"@id\":\"https:\\\/\\\/dana.com.br\\\/canaldana\\\/2024\\\/10\\\/17\\\/transicao-energetica-e-foco-comum-entre-marcas-europeias-e-chinesas-no-salao-de-paris\\\/#breadcrumb\"},\"inLanguage\":\"pt-BR\",\"potentialAction\":[{\"@type\":\"ReadAction\",\"target\":[\"https:\\\/\\\/dana.com.br\\\/canaldana\\\/2024\\\/10\\\/17\\\/transicao-energetica-e-foco-comum-entre-marcas-europeias-e-chinesas-no-salao-de-paris\\\/\"]}]},{\"@type\":\"BreadcrumbList\",\"@id\":\"https:\\\/\\\/dana.com.br\\\/canaldana\\\/2024\\\/10\\\/17\\\/transicao-energetica-e-foco-comum-entre-marcas-europeias-e-chinesas-no-salao-de-paris\\\/#breadcrumb\",\"itemListElement\":[{\"@type\":\"ListItem\",\"position\":1,\"name\":\"Home\",\"item\":\"https:\\\/\\\/dana.com.br\\\/canaldana\\\/\"},{\"@type\":\"ListItem\",\"position\":2,\"name\":\"Sal\u00e3o de Paris\",\"item\":\"https:\\\/\\\/dana.com.br\\\/canaldana\\\/salao-de-paris\\\/\"},{\"@type\":\"ListItem\",\"position\":3,\"name\":\"Transi\u00e7\u00e3o energ\u00e9tica \u00e9 foco comum entre marcas europeias e chinesas no Sal\u00e3o de Paris\"}]},{\"@type\":\"WebSite\",\"@id\":\"https:\\\/\\\/dana.com.br\\\/canaldana\\\/#website\",\"url\":\"https:\\\/\\\/dana.com.br\\\/canaldana\\\/\",\"name\":\"Canal Dana\",\"description\":\"Informativo com as principais not\u00edcias da ind\u00fastria automotiva\",\"potentialAction\":[{\"@type\":\"SearchAction\",\"target\":{\"@type\":\"EntryPoint\",\"urlTemplate\":\"https:\\\/\\\/dana.com.br\\\/canaldana\\\/?s={search_term_string}\"},\"query-input\":{\"@type\":\"PropertyValueSpecification\",\"valueRequired\":true,\"valueName\":\"search_term_string\"}}],\"inLanguage\":\"pt-BR\"},{\"@type\":\"Person\",\"@id\":\"https:\\\/\\\/dana.com.br\\\/canaldana\\\/#\\\/schema\\\/person\\\/3c21f22f56fcf3bc46b94bc60ea4fef6\",\"name\":\"Canal Dana\",\"image\":{\"@type\":\"ImageObject\",\"inLanguage\":\"pt-BR\",\"@id\":\"https:\\\/\\\/secure.gravatar.com\\\/avatar\\\/420aaf9278582877d9018637c6817617705899d2858d7572ef0fe59a6b6454b4?s=96&d=mm&r=g\",\"url\":\"https:\\\/\\\/secure.gravatar.com\\\/avatar\\\/420aaf9278582877d9018637c6817617705899d2858d7572ef0fe59a6b6454b4?s=96&d=mm&r=g\",\"contentUrl\":\"https:\\\/\\\/secure.gravatar.com\\\/avatar\\\/420aaf9278582877d9018637c6817617705899d2858d7572ef0fe59a6b6454b4?s=96&d=mm&r=g\",\"caption\":\"Canal Dana\"},\"url\":\"https:\\\/\\\/dana.com.br\\\/canaldana\\\/author\\\/cdeditor\\\/\"}]}<\/script>\n<!-- \/ Yoast SEO plugin. -->","yoast_head_json":{"title":"Transi\u00e7\u00e3o energ\u00e9tica \u00e9 foco comum entre marcas europeias e chinesas no Sal\u00e3o de Paris - Canal Dana","robots":{"index":"index","follow":"follow","max-snippet":"max-snippet:-1","max-image-preview":"max-image-preview:large","max-video-preview":"max-video-preview:-1"},"canonical":"https:\/\/dana.com.br\/canaldana\/2024\/10\/17\/transicao-energetica-e-foco-comum-entre-marcas-europeias-e-chinesas-no-salao-de-paris\/","og_locale":"pt_BR","og_type":"article","og_title":"Transi\u00e7\u00e3o energ\u00e9tica \u00e9 foco comum entre marcas europeias e chinesas no Sal\u00e3o de Paris - Canal Dana","og_description":"O Estado de S. Paulo\/AFP &nbsp; A Europa tem uma meta ambiciosa de fazer a transi\u00e7\u00e3o completa para os ve\u00edculos el\u00e9tricos at\u00e9 2035, e as maiores montadoras do continente \u2013 entre elas Renault, Stellantis, BMW e Volkswagen \u2013 apresentaram novos modelos com o objetivo de atrair os consumidores. Mas Pequim tamb\u00e9m est\u00e1 ansiosa para entrar\u2026 Leia mais \u00bb","og_url":"https:\/\/dana.com.br\/canaldana\/2024\/10\/17\/transicao-energetica-e-foco-comum-entre-marcas-europeias-e-chinesas-no-salao-de-paris\/","og_site_name":"Canal Dana","article_published_time":"2024-10-17T11:07:01+00:00","author":"Canal Dana","twitter_card":"summary_large_image","twitter_misc":{"Escrito por":"Canal Dana","Est. tempo de leitura":"5 minutos"},"schema":{"@context":"https:\/\/schema.org","@graph":[{"@type":"Article","@id":"https:\/\/dana.com.br\/canaldana\/2024\/10\/17\/transicao-energetica-e-foco-comum-entre-marcas-europeias-e-chinesas-no-salao-de-paris\/#article","isPartOf":{"@id":"https:\/\/dana.com.br\/canaldana\/2024\/10\/17\/transicao-energetica-e-foco-comum-entre-marcas-europeias-e-chinesas-no-salao-de-paris\/"},"author":{"name":"Canal Dana","@id":"https:\/\/dana.com.br\/canaldana\/#\/schema\/person\/3c21f22f56fcf3bc46b94bc60ea4fef6"},"headline":"Transi\u00e7\u00e3o energ\u00e9tica \u00e9 foco comum entre marcas europeias e chinesas no Sal\u00e3o de Paris","datePublished":"2024-10-17T11:07:01+00:00","mainEntityOfPage":{"@id":"https:\/\/dana.com.br\/canaldana\/2024\/10\/17\/transicao-energetica-e-foco-comum-entre-marcas-europeias-e-chinesas-no-salao-de-paris\/"},"wordCount":906,"articleSection":["Sal\u00e3o de Paris"],"inLanguage":"pt-BR"},{"@type":"WebPage","@id":"https:\/\/dana.com.br\/canaldana\/2024\/10\/17\/transicao-energetica-e-foco-comum-entre-marcas-europeias-e-chinesas-no-salao-de-paris\/","url":"https:\/\/dana.com.br\/canaldana\/2024\/10\/17\/transicao-energetica-e-foco-comum-entre-marcas-europeias-e-chinesas-no-salao-de-paris\/","name":"Transi\u00e7\u00e3o energ\u00e9tica \u00e9 foco comum entre marcas europeias e chinesas no Sal\u00e3o de Paris - Canal Dana","isPartOf":{"@id":"https:\/\/dana.com.br\/canaldana\/#website"},"datePublished":"2024-10-17T11:07:01+00:00","author":{"@id":"https:\/\/dana.com.br\/canaldana\/#\/schema\/person\/3c21f22f56fcf3bc46b94bc60ea4fef6"},"breadcrumb":{"@id":"https:\/\/dana.com.br\/canaldana\/2024\/10\/17\/transicao-energetica-e-foco-comum-entre-marcas-europeias-e-chinesas-no-salao-de-paris\/#breadcrumb"},"inLanguage":"pt-BR","potentialAction":[{"@type":"ReadAction","target":["https:\/\/dana.com.br\/canaldana\/2024\/10\/17\/transicao-energetica-e-foco-comum-entre-marcas-europeias-e-chinesas-no-salao-de-paris\/"]}]},{"@type":"BreadcrumbList","@id":"https:\/\/dana.com.br\/canaldana\/2024\/10\/17\/transicao-energetica-e-foco-comum-entre-marcas-europeias-e-chinesas-no-salao-de-paris\/#breadcrumb","itemListElement":[{"@type":"ListItem","position":1,"name":"Home","item":"https:\/\/dana.com.br\/canaldana\/"},{"@type":"ListItem","position":2,"name":"Sal\u00e3o de Paris","item":"https:\/\/dana.com.br\/canaldana\/salao-de-paris\/"},{"@type":"ListItem","position":3,"name":"Transi\u00e7\u00e3o energ\u00e9tica \u00e9 foco comum entre marcas europeias e chinesas no Sal\u00e3o de Paris"}]},{"@type":"WebSite","@id":"https:\/\/dana.com.br\/canaldana\/#website","url":"https:\/\/dana.com.br\/canaldana\/","name":"Canal Dana","description":"Informativo com as principais not\u00edcias da ind\u00fastria automotiva","potentialAction":[{"@type":"SearchAction","target":{"@type":"EntryPoint","urlTemplate":"https:\/\/dana.com.br\/canaldana\/?s={search_term_string}"},"query-input":{"@type":"PropertyValueSpecification","valueRequired":true,"valueName":"search_term_string"}}],"inLanguage":"pt-BR"},{"@type":"Person","@id":"https:\/\/dana.com.br\/canaldana\/#\/schema\/person\/3c21f22f56fcf3bc46b94bc60ea4fef6","name":"Canal Dana","image":{"@type":"ImageObject","inLanguage":"pt-BR","@id":"https:\/\/secure.gravatar.com\/avatar\/420aaf9278582877d9018637c6817617705899d2858d7572ef0fe59a6b6454b4?s=96&d=mm&r=g","url":"https:\/\/secure.gravatar.com\/avatar\/420aaf9278582877d9018637c6817617705899d2858d7572ef0fe59a6b6454b4?s=96&d=mm&r=g","contentUrl":"https:\/\/secure.gravatar.com\/avatar\/420aaf9278582877d9018637c6817617705899d2858d7572ef0fe59a6b6454b4?s=96&d=mm&r=g","caption":"Canal Dana"},"url":"https:\/\/dana.com.br\/canaldana\/author\/cdeditor\/"}]}},"_links":{"self":[{"href":"https:\/\/dana.com.br\/canaldana\/wp-json\/wp\/v2\/posts\/77184","targetHints":{"allow":["GET"]}}],"collection":[{"href":"https:\/\/dana.com.br\/canaldana\/wp-json\/wp\/v2\/posts"}],"about":[{"href":"https:\/\/dana.com.br\/canaldana\/wp-json\/wp\/v2\/types\/post"}],"author":[{"embeddable":true,"href":"https:\/\/dana.com.br\/canaldana\/wp-json\/wp\/v2\/users\/3"}],"replies":[{"embeddable":true,"href":"https:\/\/dana.com.br\/canaldana\/wp-json\/wp\/v2\/comments?post=77184"}],"version-history":[{"count":1,"href":"https:\/\/dana.com.br\/canaldana\/wp-json\/wp\/v2\/posts\/77184\/revisions"}],"predecessor-version":[{"id":77185,"href":"https:\/\/dana.com.br\/canaldana\/wp-json\/wp\/v2\/posts\/77184\/revisions\/77185"}],"wp:attachment":[{"href":"https:\/\/dana.com.br\/canaldana\/wp-json\/wp\/v2\/media?parent=77184"}],"wp:term":[{"taxonomy":"category","embeddable":true,"href":"https:\/\/dana.com.br\/canaldana\/wp-json\/wp\/v2\/categories?post=77184"},{"taxonomy":"post_tag","embeddable":true,"href":"https:\/\/dana.com.br\/canaldana\/wp-json\/wp\/v2\/tags?post=77184"}],"curies":[{"name":"wp","href":"https:\/\/api.w.org\/{rel}","templated":true}]}}