{"id":77161,"date":"2024-10-16T09:12:13","date_gmt":"2024-10-16T12:12:13","guid":{"rendered":"https:\/\/dana.com.br\/canaldana\/?p=77161"},"modified":"2024-10-16T09:12:13","modified_gmt":"2024-10-16T12:12:13","slug":"volkswagen-revela-novo-nivus-gts-e-lanca-linha-2025-do-suv","status":"publish","type":"post","link":"https:\/\/dana.com.br\/canaldana\/2024\/10\/16\/volkswagen-revela-novo-nivus-gts-e-lanca-linha-2025-do-suv\/","title":{"rendered":"Volkswagen revela novo Nivus GTS e lan\u00e7a linha 2025 do SUV"},"content":{"rendered":"<p><em>Portal F1Mania.net<\/em><\/p>\n<p>&nbsp;<\/p>\n<p>A Volkswagen apresentou o visual do novo VW Nivus GTS, um dos lan\u00e7amentos mais aguardados da marca. Com uma pegada esportiva, a vers\u00e3o vem equipada com motor 1.4 turboflex de 150 cv de pot\u00eancia e 25,5 kgfm de torque. Sua chegada nas concession\u00e1rias ser\u00e1 somente em 2025 e seu principal rival \u00e9 o Fastback Abarth.<\/p>\n<p>&nbsp;<\/p>\n<p>Em paralelo, a VW tamb\u00e9m apresentou a nova linha do Nivus, definindo os pre\u00e7os das vers\u00f5es Comfortline e Highline. A primeira chega por R$ 136.990, enquanto a segunda est\u00e1 dispon\u00edvel por R$ 153.990. Essas duas vers\u00f5es j\u00e1 entram em pr\u00e9-venda e estar\u00e3o dispon\u00edveis nas lojas a partir do dia 23 de novembro.<\/p>\n<p>&nbsp;<\/p>\n<p>A vers\u00e3o Sense, que ser\u00e1 a de entrada, ter\u00e1 seu pre\u00e7o divulgado posteriormente. Todas as variantes posicionadas abaixo do topo de linha GTS seguem sendo impulsionadas pelo motor tr\u00eas cilindros 1.0 turboflex de at\u00e9 128 cv de pot\u00eancia e 20,4 kgfm de torque. O c\u00e2mbio \u00e9 autom\u00e1tico de seis marchas para todas as configura\u00e7\u00f5es da linha.<\/p>\n<p>&nbsp;<\/p>\n<p><strong>Equipamentos do VW Nivus reestilizado<\/strong><\/p>\n<p>&nbsp;<\/p>\n<p>A vers\u00e3o Comfortline do Nivus 2025 vem equipada com ar-condicionado digital autom\u00e1tico, central multim\u00eddia de 10,1 polegadas, painel digital de 8 polegadas, carregador de celular por indu\u00e7\u00e3o, chave presencial com partida por bot\u00e3o, piloto autom\u00e1tico adaptativo (ACC), sensor de estacionamento traseiro e seis airbags. As rodas s\u00e3o aro 16 polegadas, mas as rodas aro 17 est\u00e3o dispon\u00edveis no pacote opcional por R$ 2.000. Por mais R$ 1.250 tamb\u00e9m \u00e9 poss\u00edvel acrescentar o pacote de internet e conectividade ao carro.<\/p>\n<p>&nbsp;<\/p>\n<p>O Nivus Highline agrega painel digital de 10,25 polegadas, bancos em couro, sensor de estacionamento dianteiro, detector de fadiga, retrovisor interno fotocr\u00f4mico, LED na grade dianteira interligando os far\u00f3is, rodas aro 17 de s\u00e9rie, painel com acabamento em tecido, sensores de chuva e crepuscular, al\u00e9m de retrovisores externos com rebatimento el\u00e9trico.<\/p>\n<p>&nbsp;<\/p>\n<p>A vers\u00e3o Highline ainda oferece itens opcionais como o pacote ADAS de assist\u00eancia de condu\u00e7\u00e3o e seguran\u00e7a por R$ 4.470, enquanto que o pacote Outfit est\u00e1 dispon\u00edvel por R$ 2.120 trazendo um acabamento escurecido para o ve\u00edculo, como nas rodas, al\u00e9m de novas cores para o interior do carro e um acabamento diferenciado para o painel. (Portal F1Mania.net)<\/p>\n","protected":false},"excerpt":{"rendered":"<p>Portal F1Mania.net &nbsp; A Volkswagen apresentou o visual do novo VW Nivus GTS, um dos lan\u00e7amentos mais aguardados da marca. Com uma pegada esportiva, a vers\u00e3o vem equipada com motor 1.4 turboflex de 150 cv de pot\u00eancia e 25,5 kgfm de torque. Sua chegada nas concession\u00e1rias ser\u00e1 somente em 2025 e seu principal rival \u00e9\u2026 <a class=\"readmore\" href=\"https:\/\/dana.com.br\/canaldana\/2024\/10\/16\/volkswagen-revela-novo-nivus-gts-e-lanca-linha-2025-do-suv\/\">Leia mais \u00bb<\/a><\/p>\n","protected":false},"author":3,"featured_media":0,"comment_status":"closed","ping_status":"closed","sticky":false,"template":"","format":"standard","meta":{"_acf_changed":false,"footnotes":""},"categories":[79],"tags":[],"class_list":["post-77161","post","type-post","status-publish","format-standard","hentry","category-mercado"],"acf":[],"yoast_head":"<!-- This site is optimized with the Yoast SEO plugin v27.3 - https:\/\/yoast.com\/product\/yoast-seo-wordpress\/ -->\n<title>Volkswagen revela novo Nivus GTS e lan\u00e7a linha 2025 do SUV - Canal Dana<\/title>\n<meta name=\"robots\" content=\"index, follow, max-snippet:-1, max-image-preview:large, max-video-preview:-1\" \/>\n<link rel=\"canonical\" href=\"https:\/\/dana.com.br\/canaldana\/2024\/10\/16\/volkswagen-revela-novo-nivus-gts-e-lanca-linha-2025-do-suv\/\" \/>\n<meta property=\"og:locale\" content=\"pt_BR\" \/>\n<meta property=\"og:type\" content=\"article\" \/>\n<meta property=\"og:title\" content=\"Volkswagen revela novo Nivus GTS e lan\u00e7a linha 2025 do SUV - Canal Dana\" \/>\n<meta property=\"og:description\" content=\"Portal F1Mania.net &nbsp; A Volkswagen apresentou o visual do novo VW Nivus GTS, um dos lan\u00e7amentos mais aguardados da marca. Com uma pegada esportiva, a vers\u00e3o vem equipada com motor 1.4 turboflex de 150 cv de pot\u00eancia e 25,5 kgfm de torque. Sua chegada nas concession\u00e1rias ser\u00e1 somente em 2025 e seu principal rival \u00e9\u2026 Leia mais \u00bb\" \/>\n<meta property=\"og:url\" content=\"https:\/\/dana.com.br\/canaldana\/2024\/10\/16\/volkswagen-revela-novo-nivus-gts-e-lanca-linha-2025-do-suv\/\" \/>\n<meta property=\"og:site_name\" content=\"Canal Dana\" \/>\n<meta property=\"article:published_time\" content=\"2024-10-16T12:12:13+00:00\" \/>\n<meta name=\"author\" content=\"Canal Dana\" \/>\n<meta name=\"twitter:card\" content=\"summary_large_image\" \/>\n<meta name=\"twitter:label1\" content=\"Escrito por\" \/>\n\t<meta name=\"twitter:data1\" content=\"Canal Dana\" \/>\n\t<meta name=\"twitter:label2\" content=\"Est. tempo de leitura\" \/>\n\t<meta name=\"twitter:data2\" content=\"2 minutos\" \/>\n<script type=\"application\/ld+json\" class=\"yoast-schema-graph\">{\"@context\":\"https:\\\/\\\/schema.org\",\"@graph\":[{\"@type\":\"Article\",\"@id\":\"https:\\\/\\\/dana.com.br\\\/canaldana\\\/2024\\\/10\\\/16\\\/volkswagen-revela-novo-nivus-gts-e-lanca-linha-2025-do-suv\\\/#article\",\"isPartOf\":{\"@id\":\"https:\\\/\\\/dana.com.br\\\/canaldana\\\/2024\\\/10\\\/16\\\/volkswagen-revela-novo-nivus-gts-e-lanca-linha-2025-do-suv\\\/\"},\"author\":{\"name\":\"Canal Dana\",\"@id\":\"https:\\\/\\\/dana.com.br\\\/canaldana\\\/#\\\/schema\\\/person\\\/3c21f22f56fcf3bc46b94bc60ea4fef6\"},\"headline\":\"Volkswagen revela novo Nivus GTS e lan\u00e7a linha 2025 do SUV\",\"datePublished\":\"2024-10-16T12:12:13+00:00\",\"mainEntityOfPage\":{\"@id\":\"https:\\\/\\\/dana.com.br\\\/canaldana\\\/2024\\\/10\\\/16\\\/volkswagen-revela-novo-nivus-gts-e-lanca-linha-2025-do-suv\\\/\"},\"wordCount\":398,\"articleSection\":[\"Mercado\"],\"inLanguage\":\"pt-BR\"},{\"@type\":\"WebPage\",\"@id\":\"https:\\\/\\\/dana.com.br\\\/canaldana\\\/2024\\\/10\\\/16\\\/volkswagen-revela-novo-nivus-gts-e-lanca-linha-2025-do-suv\\\/\",\"url\":\"https:\\\/\\\/dana.com.br\\\/canaldana\\\/2024\\\/10\\\/16\\\/volkswagen-revela-novo-nivus-gts-e-lanca-linha-2025-do-suv\\\/\",\"name\":\"Volkswagen revela novo Nivus GTS e lan\u00e7a linha 2025 do SUV - Canal Dana\",\"isPartOf\":{\"@id\":\"https:\\\/\\\/dana.com.br\\\/canaldana\\\/#website\"},\"datePublished\":\"2024-10-16T12:12:13+00:00\",\"author\":{\"@id\":\"https:\\\/\\\/dana.com.br\\\/canaldana\\\/#\\\/schema\\\/person\\\/3c21f22f56fcf3bc46b94bc60ea4fef6\"},\"breadcrumb\":{\"@id\":\"https:\\\/\\\/dana.com.br\\\/canaldana\\\/2024\\\/10\\\/16\\\/volkswagen-revela-novo-nivus-gts-e-lanca-linha-2025-do-suv\\\/#breadcrumb\"},\"inLanguage\":\"pt-BR\",\"potentialAction\":[{\"@type\":\"ReadAction\",\"target\":[\"https:\\\/\\\/dana.com.br\\\/canaldana\\\/2024\\\/10\\\/16\\\/volkswagen-revela-novo-nivus-gts-e-lanca-linha-2025-do-suv\\\/\"]}]},{\"@type\":\"BreadcrumbList\",\"@id\":\"https:\\\/\\\/dana.com.br\\\/canaldana\\\/2024\\\/10\\\/16\\\/volkswagen-revela-novo-nivus-gts-e-lanca-linha-2025-do-suv\\\/#breadcrumb\",\"itemListElement\":[{\"@type\":\"ListItem\",\"position\":1,\"name\":\"Home\",\"item\":\"https:\\\/\\\/dana.com.br\\\/canaldana\\\/\"},{\"@type\":\"ListItem\",\"position\":2,\"name\":\"Mercado\",\"item\":\"https:\\\/\\\/dana.com.br\\\/canaldana\\\/mercado\\\/\"},{\"@type\":\"ListItem\",\"position\":3,\"name\":\"Volkswagen revela novo Nivus GTS e lan\u00e7a linha 2025 do SUV\"}]},{\"@type\":\"WebSite\",\"@id\":\"https:\\\/\\\/dana.com.br\\\/canaldana\\\/#website\",\"url\":\"https:\\\/\\\/dana.com.br\\\/canaldana\\\/\",\"name\":\"Canal Dana\",\"description\":\"Informativo com as principais not\u00edcias da ind\u00fastria automotiva\",\"potentialAction\":[{\"@type\":\"SearchAction\",\"target\":{\"@type\":\"EntryPoint\",\"urlTemplate\":\"https:\\\/\\\/dana.com.br\\\/canaldana\\\/?s={search_term_string}\"},\"query-input\":{\"@type\":\"PropertyValueSpecification\",\"valueRequired\":true,\"valueName\":\"search_term_string\"}}],\"inLanguage\":\"pt-BR\"},{\"@type\":\"Person\",\"@id\":\"https:\\\/\\\/dana.com.br\\\/canaldana\\\/#\\\/schema\\\/person\\\/3c21f22f56fcf3bc46b94bc60ea4fef6\",\"name\":\"Canal Dana\",\"image\":{\"@type\":\"ImageObject\",\"inLanguage\":\"pt-BR\",\"@id\":\"https:\\\/\\\/secure.gravatar.com\\\/avatar\\\/420aaf9278582877d9018637c6817617705899d2858d7572ef0fe59a6b6454b4?s=96&d=mm&r=g\",\"url\":\"https:\\\/\\\/secure.gravatar.com\\\/avatar\\\/420aaf9278582877d9018637c6817617705899d2858d7572ef0fe59a6b6454b4?s=96&d=mm&r=g\",\"contentUrl\":\"https:\\\/\\\/secure.gravatar.com\\\/avatar\\\/420aaf9278582877d9018637c6817617705899d2858d7572ef0fe59a6b6454b4?s=96&d=mm&r=g\",\"caption\":\"Canal Dana\"},\"url\":\"https:\\\/\\\/dana.com.br\\\/canaldana\\\/author\\\/cdeditor\\\/\"}]}<\/script>\n<!-- \/ Yoast SEO plugin. -->","yoast_head_json":{"title":"Volkswagen revela novo Nivus GTS e lan\u00e7a linha 2025 do SUV - Canal Dana","robots":{"index":"index","follow":"follow","max-snippet":"max-snippet:-1","max-image-preview":"max-image-preview:large","max-video-preview":"max-video-preview:-1"},"canonical":"https:\/\/dana.com.br\/canaldana\/2024\/10\/16\/volkswagen-revela-novo-nivus-gts-e-lanca-linha-2025-do-suv\/","og_locale":"pt_BR","og_type":"article","og_title":"Volkswagen revela novo Nivus GTS e lan\u00e7a linha 2025 do SUV - Canal Dana","og_description":"Portal F1Mania.net &nbsp; A Volkswagen apresentou o visual do novo VW Nivus GTS, um dos lan\u00e7amentos mais aguardados da marca. Com uma pegada esportiva, a vers\u00e3o vem equipada com motor 1.4 turboflex de 150 cv de pot\u00eancia e 25,5 kgfm de torque. Sua chegada nas concession\u00e1rias ser\u00e1 somente em 2025 e seu principal rival \u00e9\u2026 Leia mais \u00bb","og_url":"https:\/\/dana.com.br\/canaldana\/2024\/10\/16\/volkswagen-revela-novo-nivus-gts-e-lanca-linha-2025-do-suv\/","og_site_name":"Canal Dana","article_published_time":"2024-10-16T12:12:13+00:00","author":"Canal Dana","twitter_card":"summary_large_image","twitter_misc":{"Escrito por":"Canal Dana","Est. tempo de leitura":"2 minutos"},"schema":{"@context":"https:\/\/schema.org","@graph":[{"@type":"Article","@id":"https:\/\/dana.com.br\/canaldana\/2024\/10\/16\/volkswagen-revela-novo-nivus-gts-e-lanca-linha-2025-do-suv\/#article","isPartOf":{"@id":"https:\/\/dana.com.br\/canaldana\/2024\/10\/16\/volkswagen-revela-novo-nivus-gts-e-lanca-linha-2025-do-suv\/"},"author":{"name":"Canal Dana","@id":"https:\/\/dana.com.br\/canaldana\/#\/schema\/person\/3c21f22f56fcf3bc46b94bc60ea4fef6"},"headline":"Volkswagen revela novo Nivus GTS e lan\u00e7a linha 2025 do SUV","datePublished":"2024-10-16T12:12:13+00:00","mainEntityOfPage":{"@id":"https:\/\/dana.com.br\/canaldana\/2024\/10\/16\/volkswagen-revela-novo-nivus-gts-e-lanca-linha-2025-do-suv\/"},"wordCount":398,"articleSection":["Mercado"],"inLanguage":"pt-BR"},{"@type":"WebPage","@id":"https:\/\/dana.com.br\/canaldana\/2024\/10\/16\/volkswagen-revela-novo-nivus-gts-e-lanca-linha-2025-do-suv\/","url":"https:\/\/dana.com.br\/canaldana\/2024\/10\/16\/volkswagen-revela-novo-nivus-gts-e-lanca-linha-2025-do-suv\/","name":"Volkswagen revela novo Nivus GTS e lan\u00e7a linha 2025 do SUV - Canal Dana","isPartOf":{"@id":"https:\/\/dana.com.br\/canaldana\/#website"},"datePublished":"2024-10-16T12:12:13+00:00","author":{"@id":"https:\/\/dana.com.br\/canaldana\/#\/schema\/person\/3c21f22f56fcf3bc46b94bc60ea4fef6"},"breadcrumb":{"@id":"https:\/\/dana.com.br\/canaldana\/2024\/10\/16\/volkswagen-revela-novo-nivus-gts-e-lanca-linha-2025-do-suv\/#breadcrumb"},"inLanguage":"pt-BR","potentialAction":[{"@type":"ReadAction","target":["https:\/\/dana.com.br\/canaldana\/2024\/10\/16\/volkswagen-revela-novo-nivus-gts-e-lanca-linha-2025-do-suv\/"]}]},{"@type":"BreadcrumbList","@id":"https:\/\/dana.com.br\/canaldana\/2024\/10\/16\/volkswagen-revela-novo-nivus-gts-e-lanca-linha-2025-do-suv\/#breadcrumb","itemListElement":[{"@type":"ListItem","position":1,"name":"Home","item":"https:\/\/dana.com.br\/canaldana\/"},{"@type":"ListItem","position":2,"name":"Mercado","item":"https:\/\/dana.com.br\/canaldana\/mercado\/"},{"@type":"ListItem","position":3,"name":"Volkswagen revela novo Nivus GTS e lan\u00e7a linha 2025 do SUV"}]},{"@type":"WebSite","@id":"https:\/\/dana.com.br\/canaldana\/#website","url":"https:\/\/dana.com.br\/canaldana\/","name":"Canal Dana","description":"Informativo com as principais not\u00edcias da ind\u00fastria automotiva","potentialAction":[{"@type":"SearchAction","target":{"@type":"EntryPoint","urlTemplate":"https:\/\/dana.com.br\/canaldana\/?s={search_term_string}"},"query-input":{"@type":"PropertyValueSpecification","valueRequired":true,"valueName":"search_term_string"}}],"inLanguage":"pt-BR"},{"@type":"Person","@id":"https:\/\/dana.com.br\/canaldana\/#\/schema\/person\/3c21f22f56fcf3bc46b94bc60ea4fef6","name":"Canal Dana","image":{"@type":"ImageObject","inLanguage":"pt-BR","@id":"https:\/\/secure.gravatar.com\/avatar\/420aaf9278582877d9018637c6817617705899d2858d7572ef0fe59a6b6454b4?s=96&d=mm&r=g","url":"https:\/\/secure.gravatar.com\/avatar\/420aaf9278582877d9018637c6817617705899d2858d7572ef0fe59a6b6454b4?s=96&d=mm&r=g","contentUrl":"https:\/\/secure.gravatar.com\/avatar\/420aaf9278582877d9018637c6817617705899d2858d7572ef0fe59a6b6454b4?s=96&d=mm&r=g","caption":"Canal Dana"},"url":"https:\/\/dana.com.br\/canaldana\/author\/cdeditor\/"}]}},"_links":{"self":[{"href":"https:\/\/dana.com.br\/canaldana\/wp-json\/wp\/v2\/posts\/77161","targetHints":{"allow":["GET"]}}],"collection":[{"href":"https:\/\/dana.com.br\/canaldana\/wp-json\/wp\/v2\/posts"}],"about":[{"href":"https:\/\/dana.com.br\/canaldana\/wp-json\/wp\/v2\/types\/post"}],"author":[{"embeddable":true,"href":"https:\/\/dana.com.br\/canaldana\/wp-json\/wp\/v2\/users\/3"}],"replies":[{"embeddable":true,"href":"https:\/\/dana.com.br\/canaldana\/wp-json\/wp\/v2\/comments?post=77161"}],"version-history":[{"count":1,"href":"https:\/\/dana.com.br\/canaldana\/wp-json\/wp\/v2\/posts\/77161\/revisions"}],"predecessor-version":[{"id":77162,"href":"https:\/\/dana.com.br\/canaldana\/wp-json\/wp\/v2\/posts\/77161\/revisions\/77162"}],"wp:attachment":[{"href":"https:\/\/dana.com.br\/canaldana\/wp-json\/wp\/v2\/media?parent=77161"}],"wp:term":[{"taxonomy":"category","embeddable":true,"href":"https:\/\/dana.com.br\/canaldana\/wp-json\/wp\/v2\/categories?post=77161"},{"taxonomy":"post_tag","embeddable":true,"href":"https:\/\/dana.com.br\/canaldana\/wp-json\/wp\/v2\/tags?post=77161"}],"curies":[{"name":"wp","href":"https:\/\/api.w.org\/{rel}","templated":true}]}}