{"id":77134,"date":"2024-10-15T08:23:42","date_gmt":"2024-10-15T11:23:42","guid":{"rendered":"https:\/\/dana.com.br\/canaldana\/?p=77134"},"modified":"2024-10-15T08:23:42","modified_gmt":"2024-10-15T11:23:42","slug":"no-ano-52-milhoes-de-veiculos-financiados","status":"publish","type":"post","link":"https:\/\/dana.com.br\/canaldana\/2024\/10\/15\/no-ano-52-milhoes-de-veiculos-financiados\/","title":{"rendered":"No ano, 5,2 milh\u00f5es de ve\u00edculos financiados"},"content":{"rendered":"<p><em>AutoInd\u00fastria<\/em><\/p>\n<p>&nbsp;<\/p>\n<p>Acompanhando o mercado automotivo como um todo, que teve pequeno recuo em setembro sobre agosto por conta do menor n\u00famero de dias \u00fateis, o financiamento de ve\u00edculos caiu 4,9% nesse comparativo, mas teve alta de 19,9% em rela\u00e7\u00e3o a id\u00eantico m\u00eas de 2023.<\/p>\n<p>&nbsp;<\/p>\n<p>Foram financiados em setembro total de 601 mil ve\u00edculos, incluindo leves, pesados e motos, conforme balan\u00e7o divulgado pela B3 nesta segunda-feira, 14, que contempla tanto unidades usadas como 0 km.<\/p>\n<p>&nbsp;<\/p>\n<p>No segmento de carros e comerciais leves, a alta foi de 21,1% ante setembro de 2023, com queda de 3,6% comparado a agosto. J\u00e1 o financiamento de ve\u00edculos pesados cresceu 14,8% e recuou 4%, respectivamente. Por fim, o n\u00famero de financiamentos de motos no m\u00eas foi 17,6% maior e 8,6% menor nessa mesma ordem.<\/p>\n<p>&nbsp;<\/p>\n<p>No acumulado dos primeiros nove meses do ano, as vendas financiadas de ve\u00edculos somaram 5,2 milh\u00f5es de unidades, o que representa alta de 22,6% sobre o mesmo per\u00edodo de 2023, ou 974 mil unidades a mais.<\/p>\n<p>&nbsp;<\/p>\n<p>Gustavo de Oliveira Ferro, gerente de Planejamento e Intelig\u00eancia de Mercado na B3, diz que o resultado positivo de setembro est\u00e1 alinhado com o desempenho que o setor vem apresentando neste ano como um todo.<\/p>\n<p>&nbsp;<\/p>\n<p>\u201cHouve um aumento em todas as categorias em compara\u00e7\u00e3o com o mesmo per\u00edodo de 2023 e a queda em rela\u00e7\u00e3o a agosto \u00e9 explicada pelo n\u00famero de dias \u00fateis. Se desconsiderarmos esse fator relacionado ao calend\u00e1rio, podemos observar um comportamento muito similar entre os dois meses\u201d, comenta o executivo.<\/p>\n<p>&nbsp;<\/p>\n<p>A B3 opera o SNG, Sistema Nacional de Gravames, a maior base privada do Pa\u00eds, que re\u00fane o cadastro das restri\u00e7\u00f5es financeiras de ve\u00edculos dados como garantia em opera\u00e7\u00f5es de cr\u00e9dito em todo territ\u00f3rio nacional. (AutoInd\u00fastria)<\/p>\n","protected":false},"excerpt":{"rendered":"<p>AutoInd\u00fastria &nbsp; Acompanhando o mercado automotivo como um todo, que teve pequeno recuo em setembro sobre agosto por conta do menor n\u00famero de dias \u00fateis, o financiamento de ve\u00edculos caiu 4,9% nesse comparativo, mas teve alta de 19,9% em rela\u00e7\u00e3o a id\u00eantico m\u00eas de 2023. &nbsp; Foram financiados em setembro total de 601 mil ve\u00edculos,\u2026 <a class=\"readmore\" href=\"https:\/\/dana.com.br\/canaldana\/2024\/10\/15\/no-ano-52-milhoes-de-veiculos-financiados\/\">Leia mais \u00bb<\/a><\/p>\n","protected":false},"author":3,"featured_media":0,"comment_status":"closed","ping_status":"closed","sticky":false,"template":"","format":"standard","meta":{"_acf_changed":false,"footnotes":""},"categories":[79],"tags":[],"class_list":["post-77134","post","type-post","status-publish","format-standard","hentry","category-mercado"],"acf":[],"yoast_head":"<!-- This site is optimized with the Yoast SEO plugin v27.3 - https:\/\/yoast.com\/product\/yoast-seo-wordpress\/ -->\n<title>No ano, 5,2 milh\u00f5es de ve\u00edculos financiados - Canal Dana<\/title>\n<meta name=\"robots\" content=\"index, follow, max-snippet:-1, max-image-preview:large, max-video-preview:-1\" \/>\n<link rel=\"canonical\" href=\"https:\/\/dana.com.br\/canaldana\/2024\/10\/15\/no-ano-52-milhoes-de-veiculos-financiados\/\" \/>\n<meta property=\"og:locale\" content=\"pt_BR\" \/>\n<meta property=\"og:type\" content=\"article\" \/>\n<meta property=\"og:title\" content=\"No ano, 5,2 milh\u00f5es de ve\u00edculos financiados - Canal Dana\" \/>\n<meta property=\"og:description\" content=\"AutoInd\u00fastria &nbsp; Acompanhando o mercado automotivo como um todo, que teve pequeno recuo em setembro sobre agosto por conta do menor n\u00famero de dias \u00fateis, o financiamento de ve\u00edculos caiu 4,9% nesse comparativo, mas teve alta de 19,9% em rela\u00e7\u00e3o a id\u00eantico m\u00eas de 2023. &nbsp; Foram financiados em setembro total de 601 mil ve\u00edculos,\u2026 Leia mais \u00bb\" \/>\n<meta property=\"og:url\" content=\"https:\/\/dana.com.br\/canaldana\/2024\/10\/15\/no-ano-52-milhoes-de-veiculos-financiados\/\" \/>\n<meta property=\"og:site_name\" content=\"Canal Dana\" \/>\n<meta property=\"article:published_time\" content=\"2024-10-15T11:23:42+00:00\" \/>\n<meta name=\"author\" content=\"Canal Dana\" \/>\n<meta name=\"twitter:card\" content=\"summary_large_image\" \/>\n<meta name=\"twitter:label1\" content=\"Escrito por\" \/>\n\t<meta name=\"twitter:data1\" content=\"Canal Dana\" \/>\n\t<meta name=\"twitter:label2\" content=\"Est. tempo de leitura\" \/>\n\t<meta name=\"twitter:data2\" content=\"2 minutos\" \/>\n<script type=\"application\/ld+json\" class=\"yoast-schema-graph\">{\"@context\":\"https:\\\/\\\/schema.org\",\"@graph\":[{\"@type\":\"Article\",\"@id\":\"https:\\\/\\\/dana.com.br\\\/canaldana\\\/2024\\\/10\\\/15\\\/no-ano-52-milhoes-de-veiculos-financiados\\\/#article\",\"isPartOf\":{\"@id\":\"https:\\\/\\\/dana.com.br\\\/canaldana\\\/2024\\\/10\\\/15\\\/no-ano-52-milhoes-de-veiculos-financiados\\\/\"},\"author\":{\"name\":\"Canal Dana\",\"@id\":\"https:\\\/\\\/dana.com.br\\\/canaldana\\\/#\\\/schema\\\/person\\\/3c21f22f56fcf3bc46b94bc60ea4fef6\"},\"headline\":\"No ano, 5,2 milh\u00f5es de ve\u00edculos financiados\",\"datePublished\":\"2024-10-15T11:23:42+00:00\",\"mainEntityOfPage\":{\"@id\":\"https:\\\/\\\/dana.com.br\\\/canaldana\\\/2024\\\/10\\\/15\\\/no-ano-52-milhoes-de-veiculos-financiados\\\/\"},\"wordCount\":308,\"articleSection\":[\"Mercado\"],\"inLanguage\":\"pt-BR\"},{\"@type\":\"WebPage\",\"@id\":\"https:\\\/\\\/dana.com.br\\\/canaldana\\\/2024\\\/10\\\/15\\\/no-ano-52-milhoes-de-veiculos-financiados\\\/\",\"url\":\"https:\\\/\\\/dana.com.br\\\/canaldana\\\/2024\\\/10\\\/15\\\/no-ano-52-milhoes-de-veiculos-financiados\\\/\",\"name\":\"No ano, 5,2 milh\u00f5es de ve\u00edculos financiados - Canal Dana\",\"isPartOf\":{\"@id\":\"https:\\\/\\\/dana.com.br\\\/canaldana\\\/#website\"},\"datePublished\":\"2024-10-15T11:23:42+00:00\",\"author\":{\"@id\":\"https:\\\/\\\/dana.com.br\\\/canaldana\\\/#\\\/schema\\\/person\\\/3c21f22f56fcf3bc46b94bc60ea4fef6\"},\"breadcrumb\":{\"@id\":\"https:\\\/\\\/dana.com.br\\\/canaldana\\\/2024\\\/10\\\/15\\\/no-ano-52-milhoes-de-veiculos-financiados\\\/#breadcrumb\"},\"inLanguage\":\"pt-BR\",\"potentialAction\":[{\"@type\":\"ReadAction\",\"target\":[\"https:\\\/\\\/dana.com.br\\\/canaldana\\\/2024\\\/10\\\/15\\\/no-ano-52-milhoes-de-veiculos-financiados\\\/\"]}]},{\"@type\":\"BreadcrumbList\",\"@id\":\"https:\\\/\\\/dana.com.br\\\/canaldana\\\/2024\\\/10\\\/15\\\/no-ano-52-milhoes-de-veiculos-financiados\\\/#breadcrumb\",\"itemListElement\":[{\"@type\":\"ListItem\",\"position\":1,\"name\":\"Home\",\"item\":\"https:\\\/\\\/dana.com.br\\\/canaldana\\\/\"},{\"@type\":\"ListItem\",\"position\":2,\"name\":\"Mercado\",\"item\":\"https:\\\/\\\/dana.com.br\\\/canaldana\\\/mercado\\\/\"},{\"@type\":\"ListItem\",\"position\":3,\"name\":\"No ano, 5,2 milh\u00f5es de ve\u00edculos financiados\"}]},{\"@type\":\"WebSite\",\"@id\":\"https:\\\/\\\/dana.com.br\\\/canaldana\\\/#website\",\"url\":\"https:\\\/\\\/dana.com.br\\\/canaldana\\\/\",\"name\":\"Canal Dana\",\"description\":\"Informativo com as principais not\u00edcias da ind\u00fastria automotiva\",\"potentialAction\":[{\"@type\":\"SearchAction\",\"target\":{\"@type\":\"EntryPoint\",\"urlTemplate\":\"https:\\\/\\\/dana.com.br\\\/canaldana\\\/?s={search_term_string}\"},\"query-input\":{\"@type\":\"PropertyValueSpecification\",\"valueRequired\":true,\"valueName\":\"search_term_string\"}}],\"inLanguage\":\"pt-BR\"},{\"@type\":\"Person\",\"@id\":\"https:\\\/\\\/dana.com.br\\\/canaldana\\\/#\\\/schema\\\/person\\\/3c21f22f56fcf3bc46b94bc60ea4fef6\",\"name\":\"Canal Dana\",\"image\":{\"@type\":\"ImageObject\",\"inLanguage\":\"pt-BR\",\"@id\":\"https:\\\/\\\/secure.gravatar.com\\\/avatar\\\/420aaf9278582877d9018637c6817617705899d2858d7572ef0fe59a6b6454b4?s=96&d=mm&r=g\",\"url\":\"https:\\\/\\\/secure.gravatar.com\\\/avatar\\\/420aaf9278582877d9018637c6817617705899d2858d7572ef0fe59a6b6454b4?s=96&d=mm&r=g\",\"contentUrl\":\"https:\\\/\\\/secure.gravatar.com\\\/avatar\\\/420aaf9278582877d9018637c6817617705899d2858d7572ef0fe59a6b6454b4?s=96&d=mm&r=g\",\"caption\":\"Canal Dana\"},\"url\":\"https:\\\/\\\/dana.com.br\\\/canaldana\\\/author\\\/cdeditor\\\/\"}]}<\/script>\n<!-- \/ Yoast SEO plugin. -->","yoast_head_json":{"title":"No ano, 5,2 milh\u00f5es de ve\u00edculos financiados - Canal Dana","robots":{"index":"index","follow":"follow","max-snippet":"max-snippet:-1","max-image-preview":"max-image-preview:large","max-video-preview":"max-video-preview:-1"},"canonical":"https:\/\/dana.com.br\/canaldana\/2024\/10\/15\/no-ano-52-milhoes-de-veiculos-financiados\/","og_locale":"pt_BR","og_type":"article","og_title":"No ano, 5,2 milh\u00f5es de ve\u00edculos financiados - Canal Dana","og_description":"AutoInd\u00fastria &nbsp; Acompanhando o mercado automotivo como um todo, que teve pequeno recuo em setembro sobre agosto por conta do menor n\u00famero de dias \u00fateis, o financiamento de ve\u00edculos caiu 4,9% nesse comparativo, mas teve alta de 19,9% em rela\u00e7\u00e3o a id\u00eantico m\u00eas de 2023. &nbsp; Foram financiados em setembro total de 601 mil ve\u00edculos,\u2026 Leia mais \u00bb","og_url":"https:\/\/dana.com.br\/canaldana\/2024\/10\/15\/no-ano-52-milhoes-de-veiculos-financiados\/","og_site_name":"Canal Dana","article_published_time":"2024-10-15T11:23:42+00:00","author":"Canal Dana","twitter_card":"summary_large_image","twitter_misc":{"Escrito por":"Canal Dana","Est. tempo de leitura":"2 minutos"},"schema":{"@context":"https:\/\/schema.org","@graph":[{"@type":"Article","@id":"https:\/\/dana.com.br\/canaldana\/2024\/10\/15\/no-ano-52-milhoes-de-veiculos-financiados\/#article","isPartOf":{"@id":"https:\/\/dana.com.br\/canaldana\/2024\/10\/15\/no-ano-52-milhoes-de-veiculos-financiados\/"},"author":{"name":"Canal Dana","@id":"https:\/\/dana.com.br\/canaldana\/#\/schema\/person\/3c21f22f56fcf3bc46b94bc60ea4fef6"},"headline":"No ano, 5,2 milh\u00f5es de ve\u00edculos financiados","datePublished":"2024-10-15T11:23:42+00:00","mainEntityOfPage":{"@id":"https:\/\/dana.com.br\/canaldana\/2024\/10\/15\/no-ano-52-milhoes-de-veiculos-financiados\/"},"wordCount":308,"articleSection":["Mercado"],"inLanguage":"pt-BR"},{"@type":"WebPage","@id":"https:\/\/dana.com.br\/canaldana\/2024\/10\/15\/no-ano-52-milhoes-de-veiculos-financiados\/","url":"https:\/\/dana.com.br\/canaldana\/2024\/10\/15\/no-ano-52-milhoes-de-veiculos-financiados\/","name":"No ano, 5,2 milh\u00f5es de ve\u00edculos financiados - Canal Dana","isPartOf":{"@id":"https:\/\/dana.com.br\/canaldana\/#website"},"datePublished":"2024-10-15T11:23:42+00:00","author":{"@id":"https:\/\/dana.com.br\/canaldana\/#\/schema\/person\/3c21f22f56fcf3bc46b94bc60ea4fef6"},"breadcrumb":{"@id":"https:\/\/dana.com.br\/canaldana\/2024\/10\/15\/no-ano-52-milhoes-de-veiculos-financiados\/#breadcrumb"},"inLanguage":"pt-BR","potentialAction":[{"@type":"ReadAction","target":["https:\/\/dana.com.br\/canaldana\/2024\/10\/15\/no-ano-52-milhoes-de-veiculos-financiados\/"]}]},{"@type":"BreadcrumbList","@id":"https:\/\/dana.com.br\/canaldana\/2024\/10\/15\/no-ano-52-milhoes-de-veiculos-financiados\/#breadcrumb","itemListElement":[{"@type":"ListItem","position":1,"name":"Home","item":"https:\/\/dana.com.br\/canaldana\/"},{"@type":"ListItem","position":2,"name":"Mercado","item":"https:\/\/dana.com.br\/canaldana\/mercado\/"},{"@type":"ListItem","position":3,"name":"No ano, 5,2 milh\u00f5es de ve\u00edculos financiados"}]},{"@type":"WebSite","@id":"https:\/\/dana.com.br\/canaldana\/#website","url":"https:\/\/dana.com.br\/canaldana\/","name":"Canal Dana","description":"Informativo com as principais not\u00edcias da ind\u00fastria automotiva","potentialAction":[{"@type":"SearchAction","target":{"@type":"EntryPoint","urlTemplate":"https:\/\/dana.com.br\/canaldana\/?s={search_term_string}"},"query-input":{"@type":"PropertyValueSpecification","valueRequired":true,"valueName":"search_term_string"}}],"inLanguage":"pt-BR"},{"@type":"Person","@id":"https:\/\/dana.com.br\/canaldana\/#\/schema\/person\/3c21f22f56fcf3bc46b94bc60ea4fef6","name":"Canal Dana","image":{"@type":"ImageObject","inLanguage":"pt-BR","@id":"https:\/\/secure.gravatar.com\/avatar\/420aaf9278582877d9018637c6817617705899d2858d7572ef0fe59a6b6454b4?s=96&d=mm&r=g","url":"https:\/\/secure.gravatar.com\/avatar\/420aaf9278582877d9018637c6817617705899d2858d7572ef0fe59a6b6454b4?s=96&d=mm&r=g","contentUrl":"https:\/\/secure.gravatar.com\/avatar\/420aaf9278582877d9018637c6817617705899d2858d7572ef0fe59a6b6454b4?s=96&d=mm&r=g","caption":"Canal Dana"},"url":"https:\/\/dana.com.br\/canaldana\/author\/cdeditor\/"}]}},"_links":{"self":[{"href":"https:\/\/dana.com.br\/canaldana\/wp-json\/wp\/v2\/posts\/77134","targetHints":{"allow":["GET"]}}],"collection":[{"href":"https:\/\/dana.com.br\/canaldana\/wp-json\/wp\/v2\/posts"}],"about":[{"href":"https:\/\/dana.com.br\/canaldana\/wp-json\/wp\/v2\/types\/post"}],"author":[{"embeddable":true,"href":"https:\/\/dana.com.br\/canaldana\/wp-json\/wp\/v2\/users\/3"}],"replies":[{"embeddable":true,"href":"https:\/\/dana.com.br\/canaldana\/wp-json\/wp\/v2\/comments?post=77134"}],"version-history":[{"count":1,"href":"https:\/\/dana.com.br\/canaldana\/wp-json\/wp\/v2\/posts\/77134\/revisions"}],"predecessor-version":[{"id":77135,"href":"https:\/\/dana.com.br\/canaldana\/wp-json\/wp\/v2\/posts\/77134\/revisions\/77135"}],"wp:attachment":[{"href":"https:\/\/dana.com.br\/canaldana\/wp-json\/wp\/v2\/media?parent=77134"}],"wp:term":[{"taxonomy":"category","embeddable":true,"href":"https:\/\/dana.com.br\/canaldana\/wp-json\/wp\/v2\/categories?post=77134"},{"taxonomy":"post_tag","embeddable":true,"href":"https:\/\/dana.com.br\/canaldana\/wp-json\/wp\/v2\/tags?post=77134"}],"curies":[{"name":"wp","href":"https:\/\/api.w.org\/{rel}","templated":true}]}}