{"id":77117,"date":"2024-10-15T08:17:27","date_gmt":"2024-10-15T11:17:27","guid":{"rendered":"https:\/\/dana.com.br\/canaldana\/?p=77117"},"modified":"2024-10-15T08:17:27","modified_gmt":"2024-10-15T11:17:27","slug":"superprocessadores-sao-tendencia-na-digitalizacao-da-mobilidade","status":"publish","type":"post","link":"https:\/\/dana.com.br\/canaldana\/2024\/10\/15\/superprocessadores-sao-tendencia-na-digitalizacao-da-mobilidade\/","title":{"rendered":"Superprocessadores s\u00e3o tend\u00eancia na digitaliza\u00e7\u00e3o da mobilidade"},"content":{"rendered":"<p><em>Frota &amp; Cia <\/em><\/p>\n<p>&nbsp;<\/p>\n<p>A digitaliza\u00e7\u00e3o dos ve\u00edculos \u00e9 destacada como o futuro da mobilidade. Cada vez mais, caminh\u00f5es e \u00f4nibus s\u00e3o equipados com sistemas inteligentes de seguran\u00e7a, entretenimento e telemetria voltados para a performance da opera\u00e7\u00e3o e o conforto de seus ocupantes. Em um futuro que se apresenta razoavelmente pr\u00f3ximo, o transporte poder\u00e1 se conectar com a infraestrutura das cidades e das estradas, permitindo uma melhor organiza\u00e7\u00e3o do tr\u00e1fego, bem como pela troca e a coleta de dados relevantes entre empresas, consumidores e gestores dos sistemas de mobilidade.<\/p>\n<p>&nbsp;<\/p>\n<p>Para comportar tantos sistemas com diferentes n\u00edveis de tecnologia, a ind\u00fastria automotiva caminha na dire\u00e7\u00e3o de superprocessadores altamente eficientes e que integrem todas essas ferramentas em um \u00fanico lugar, considerando que, atualmente, cada dispositivo possui o seu pr\u00f3prio sistema completamente independente.<\/p>\n<p>&nbsp;<\/p>\n<p>\u201cO software ficou cada vez mais forte e presente nos caminh\u00f5es. Muitas fun\u00e7\u00f5es foram assumidas por softwares e os novos ve\u00edculos possuem muitos sensores. Em julho, lan\u00e7amos na Europa esse tipo de abordagem no Actros e no Atego. Na sequ\u00eancia, expandiremos para a linha Unimog e tamb\u00e9m para os \u00f4nibus Setra\u201d, analisa Karin R\u00e5dstr\u00f6n, CEO Daimler Truck. Eu vejo um grande benef\u00edcio na arquitetura. Lan\u00e7amos muitos updates, incluindo novas funcionalidades no FleetBoard, que poder\u00e3o ser adotadas para o Brasil num pr\u00f3ximo momento\u201d, revela a executiva.<\/p>\n<p>&nbsp;<\/p>\n<p>Segundo R\u00e5dstr\u00f6n, h\u00e1 uma nova gera\u00e7\u00e3o desse tipo de tecnologia em desenvolvimento. \u201cAnunciamos, mas ainda n\u00e3o assinamos, com a Volvo a cria\u00e7\u00e3o de um sistema operacional para caminh\u00f5es. A quest\u00e3o \u00e9 que o software passar\u00e1 para o centro do caminh\u00e3o, o que significa que a intelig\u00eancia ficar\u00e1 mais centralizada. Atualmente, toda essa intelig\u00eancia est\u00e1 distribu\u00edda por muitos aplicativos, pe\u00e7as, componentes, sensores\u2026 A nova ideia \u00e9 centralizar em um software todos esses dispositivos, o que facilitar\u00e1 a vida dos nossos fornecedores, que poder\u00e3o nos entregar pe\u00e7as mais simples em rela\u00e7\u00e3o aos produtos extremamente complexos que fornecem hoje em dia\u201d, explica R\u00e5dstr\u00f6n.<\/p>\n<p>&nbsp;<\/p>\n<p>De acordo com Jefferson Ferrarez, vice-presidente de Caminh\u00f5es da Mercedes-Benz Brasil, faz todo o sentido trazer essa tecnologia para o Brasil. \u201cEstamos constatando que, cada vez mais, os clientes est\u00e3o demandando sistemas mais sofisticados que agreguem valor aos produtos e servi\u00e7os para que tornem a sua opera\u00e7\u00e3o e gest\u00e3o de frota mais eficientes\u201d, argumenta.<\/p>\n<p>&nbsp;<\/p>\n<p>No momento, a efici\u00eancia da troca de dados entre os distintos dispositivos j\u00e1 est\u00e1 garantida, aferindo uma performance precisa de cada sistema ao ve\u00edculo. Segundo o engenheiro de Desenvolvimento na Volkswagen Caminh\u00f5es &amp; \u00d4nibus, Walter Pellizari, cada sistema tem o seu pr\u00f3prio m\u00f3dulo, por que se juntar tudo em um \u00fanico lugar, seria necess\u00e1ria uma capacidade muito grande de processamento, o que encareceria muito o sistema.<\/p>\n<p>&nbsp;<\/p>\n<p>\u201cEnt\u00e3o, o que temos s\u00e3o m\u00f3dulo remotos que se conversam por meio da rede, do painel digital ao sistema de freios. Portanto, pensando em agilidade, n\u00e3o precisa \u2013 em termos de agilidade e economia de processamento \u2013 ter tudo em um \u00fanico lugar. Pelo o contr\u00e1rio, podemos manter estes dispositivos sempre se conversando. Estamos falando de dezenas de m\u00f3dulos dentro de um caminh\u00e3o que atuam dentro de uma intranet do ve\u00edculo. Basicamente, \u00e9 isso. Mas, sim, se trata de uma tend\u00eancia (a unifica\u00e7\u00e3o). As linhas de c\u00f3digos que temos em um caminh\u00e3o s\u00e3o muito complexas. O ve\u00edculo \u00e9 uma fonte de inform\u00e1tica e tecnologia\u201d, contextualiza Pellizari. (Frota &amp; Cia\/Gustavo Queiroz)<\/p>\n","protected":false},"excerpt":{"rendered":"<p>Frota &amp; Cia &nbsp; A digitaliza\u00e7\u00e3o dos ve\u00edculos \u00e9 destacada como o futuro da mobilidade. Cada vez mais, caminh\u00f5es e \u00f4nibus s\u00e3o equipados com sistemas inteligentes de seguran\u00e7a, entretenimento e telemetria voltados para a performance da opera\u00e7\u00e3o e o conforto de seus ocupantes. Em um futuro que se apresenta razoavelmente pr\u00f3ximo, o transporte poder\u00e1 se\u2026 <a class=\"readmore\" href=\"https:\/\/dana.com.br\/canaldana\/2024\/10\/15\/superprocessadores-sao-tendencia-na-digitalizacao-da-mobilidade\/\">Leia mais \u00bb<\/a><\/p>\n","protected":false},"author":3,"featured_media":0,"comment_status":"closed","ping_status":"closed","sticky":false,"template":"","format":"standard","meta":{"_acf_changed":false,"footnotes":""},"categories":[113],"tags":[],"class_list":["post-77117","post","type-post","status-publish","format-standard","hentry","category-tecnologia"],"acf":[],"yoast_head":"<!-- This site is optimized with the Yoast SEO plugin v27.3 - https:\/\/yoast.com\/product\/yoast-seo-wordpress\/ -->\n<title>Superprocessadores s\u00e3o tend\u00eancia na digitaliza\u00e7\u00e3o da mobilidade - Canal Dana<\/title>\n<meta name=\"robots\" content=\"index, follow, max-snippet:-1, max-image-preview:large, max-video-preview:-1\" \/>\n<link rel=\"canonical\" href=\"https:\/\/dana.com.br\/canaldana\/2024\/10\/15\/superprocessadores-sao-tendencia-na-digitalizacao-da-mobilidade\/\" \/>\n<meta property=\"og:locale\" content=\"pt_BR\" \/>\n<meta property=\"og:type\" content=\"article\" \/>\n<meta property=\"og:title\" content=\"Superprocessadores s\u00e3o tend\u00eancia na digitaliza\u00e7\u00e3o da mobilidade - Canal Dana\" \/>\n<meta property=\"og:description\" content=\"Frota &amp; Cia &nbsp; A digitaliza\u00e7\u00e3o dos ve\u00edculos \u00e9 destacada como o futuro da mobilidade. Cada vez mais, caminh\u00f5es e \u00f4nibus s\u00e3o equipados com sistemas inteligentes de seguran\u00e7a, entretenimento e telemetria voltados para a performance da opera\u00e7\u00e3o e o conforto de seus ocupantes. Em um futuro que se apresenta razoavelmente pr\u00f3ximo, o transporte poder\u00e1 se\u2026 Leia mais \u00bb\" \/>\n<meta property=\"og:url\" content=\"https:\/\/dana.com.br\/canaldana\/2024\/10\/15\/superprocessadores-sao-tendencia-na-digitalizacao-da-mobilidade\/\" \/>\n<meta property=\"og:site_name\" content=\"Canal Dana\" \/>\n<meta property=\"article:published_time\" content=\"2024-10-15T11:17:27+00:00\" \/>\n<meta name=\"author\" content=\"Canal Dana\" \/>\n<meta name=\"twitter:card\" content=\"summary_large_image\" \/>\n<meta name=\"twitter:label1\" content=\"Escrito por\" \/>\n\t<meta name=\"twitter:data1\" content=\"Canal Dana\" \/>\n\t<meta name=\"twitter:label2\" content=\"Est. tempo de leitura\" \/>\n\t<meta name=\"twitter:data2\" content=\"3 minutos\" \/>\n<script type=\"application\/ld+json\" class=\"yoast-schema-graph\">{\"@context\":\"https:\\\/\\\/schema.org\",\"@graph\":[{\"@type\":\"Article\",\"@id\":\"https:\\\/\\\/dana.com.br\\\/canaldana\\\/2024\\\/10\\\/15\\\/superprocessadores-sao-tendencia-na-digitalizacao-da-mobilidade\\\/#article\",\"isPartOf\":{\"@id\":\"https:\\\/\\\/dana.com.br\\\/canaldana\\\/2024\\\/10\\\/15\\\/superprocessadores-sao-tendencia-na-digitalizacao-da-mobilidade\\\/\"},\"author\":{\"name\":\"Canal Dana\",\"@id\":\"https:\\\/\\\/dana.com.br\\\/canaldana\\\/#\\\/schema\\\/person\\\/3c21f22f56fcf3bc46b94bc60ea4fef6\"},\"headline\":\"Superprocessadores s\u00e3o tend\u00eancia na digitaliza\u00e7\u00e3o da mobilidade\",\"datePublished\":\"2024-10-15T11:17:27+00:00\",\"mainEntityOfPage\":{\"@id\":\"https:\\\/\\\/dana.com.br\\\/canaldana\\\/2024\\\/10\\\/15\\\/superprocessadores-sao-tendencia-na-digitalizacao-da-mobilidade\\\/\"},\"wordCount\":623,\"articleSection\":[\"Tecnologia\"],\"inLanguage\":\"pt-BR\"},{\"@type\":\"WebPage\",\"@id\":\"https:\\\/\\\/dana.com.br\\\/canaldana\\\/2024\\\/10\\\/15\\\/superprocessadores-sao-tendencia-na-digitalizacao-da-mobilidade\\\/\",\"url\":\"https:\\\/\\\/dana.com.br\\\/canaldana\\\/2024\\\/10\\\/15\\\/superprocessadores-sao-tendencia-na-digitalizacao-da-mobilidade\\\/\",\"name\":\"Superprocessadores s\u00e3o tend\u00eancia na digitaliza\u00e7\u00e3o da mobilidade - Canal Dana\",\"isPartOf\":{\"@id\":\"https:\\\/\\\/dana.com.br\\\/canaldana\\\/#website\"},\"datePublished\":\"2024-10-15T11:17:27+00:00\",\"author\":{\"@id\":\"https:\\\/\\\/dana.com.br\\\/canaldana\\\/#\\\/schema\\\/person\\\/3c21f22f56fcf3bc46b94bc60ea4fef6\"},\"breadcrumb\":{\"@id\":\"https:\\\/\\\/dana.com.br\\\/canaldana\\\/2024\\\/10\\\/15\\\/superprocessadores-sao-tendencia-na-digitalizacao-da-mobilidade\\\/#breadcrumb\"},\"inLanguage\":\"pt-BR\",\"potentialAction\":[{\"@type\":\"ReadAction\",\"target\":[\"https:\\\/\\\/dana.com.br\\\/canaldana\\\/2024\\\/10\\\/15\\\/superprocessadores-sao-tendencia-na-digitalizacao-da-mobilidade\\\/\"]}]},{\"@type\":\"BreadcrumbList\",\"@id\":\"https:\\\/\\\/dana.com.br\\\/canaldana\\\/2024\\\/10\\\/15\\\/superprocessadores-sao-tendencia-na-digitalizacao-da-mobilidade\\\/#breadcrumb\",\"itemListElement\":[{\"@type\":\"ListItem\",\"position\":1,\"name\":\"Home\",\"item\":\"https:\\\/\\\/dana.com.br\\\/canaldana\\\/\"},{\"@type\":\"ListItem\",\"position\":2,\"name\":\"Tecnologia\",\"item\":\"https:\\\/\\\/dana.com.br\\\/canaldana\\\/tecnologia\\\/\"},{\"@type\":\"ListItem\",\"position\":3,\"name\":\"Superprocessadores s\u00e3o tend\u00eancia na digitaliza\u00e7\u00e3o da mobilidade\"}]},{\"@type\":\"WebSite\",\"@id\":\"https:\\\/\\\/dana.com.br\\\/canaldana\\\/#website\",\"url\":\"https:\\\/\\\/dana.com.br\\\/canaldana\\\/\",\"name\":\"Canal Dana\",\"description\":\"Informativo com as principais not\u00edcias da ind\u00fastria automotiva\",\"potentialAction\":[{\"@type\":\"SearchAction\",\"target\":{\"@type\":\"EntryPoint\",\"urlTemplate\":\"https:\\\/\\\/dana.com.br\\\/canaldana\\\/?s={search_term_string}\"},\"query-input\":{\"@type\":\"PropertyValueSpecification\",\"valueRequired\":true,\"valueName\":\"search_term_string\"}}],\"inLanguage\":\"pt-BR\"},{\"@type\":\"Person\",\"@id\":\"https:\\\/\\\/dana.com.br\\\/canaldana\\\/#\\\/schema\\\/person\\\/3c21f22f56fcf3bc46b94bc60ea4fef6\",\"name\":\"Canal Dana\",\"image\":{\"@type\":\"ImageObject\",\"inLanguage\":\"pt-BR\",\"@id\":\"https:\\\/\\\/secure.gravatar.com\\\/avatar\\\/420aaf9278582877d9018637c6817617705899d2858d7572ef0fe59a6b6454b4?s=96&d=mm&r=g\",\"url\":\"https:\\\/\\\/secure.gravatar.com\\\/avatar\\\/420aaf9278582877d9018637c6817617705899d2858d7572ef0fe59a6b6454b4?s=96&d=mm&r=g\",\"contentUrl\":\"https:\\\/\\\/secure.gravatar.com\\\/avatar\\\/420aaf9278582877d9018637c6817617705899d2858d7572ef0fe59a6b6454b4?s=96&d=mm&r=g\",\"caption\":\"Canal Dana\"},\"url\":\"https:\\\/\\\/dana.com.br\\\/canaldana\\\/author\\\/cdeditor\\\/\"}]}<\/script>\n<!-- \/ Yoast SEO plugin. -->","yoast_head_json":{"title":"Superprocessadores s\u00e3o tend\u00eancia na digitaliza\u00e7\u00e3o da mobilidade - Canal Dana","robots":{"index":"index","follow":"follow","max-snippet":"max-snippet:-1","max-image-preview":"max-image-preview:large","max-video-preview":"max-video-preview:-1"},"canonical":"https:\/\/dana.com.br\/canaldana\/2024\/10\/15\/superprocessadores-sao-tendencia-na-digitalizacao-da-mobilidade\/","og_locale":"pt_BR","og_type":"article","og_title":"Superprocessadores s\u00e3o tend\u00eancia na digitaliza\u00e7\u00e3o da mobilidade - Canal Dana","og_description":"Frota &amp; Cia &nbsp; A digitaliza\u00e7\u00e3o dos ve\u00edculos \u00e9 destacada como o futuro da mobilidade. Cada vez mais, caminh\u00f5es e \u00f4nibus s\u00e3o equipados com sistemas inteligentes de seguran\u00e7a, entretenimento e telemetria voltados para a performance da opera\u00e7\u00e3o e o conforto de seus ocupantes. Em um futuro que se apresenta razoavelmente pr\u00f3ximo, o transporte poder\u00e1 se\u2026 Leia mais \u00bb","og_url":"https:\/\/dana.com.br\/canaldana\/2024\/10\/15\/superprocessadores-sao-tendencia-na-digitalizacao-da-mobilidade\/","og_site_name":"Canal Dana","article_published_time":"2024-10-15T11:17:27+00:00","author":"Canal Dana","twitter_card":"summary_large_image","twitter_misc":{"Escrito por":"Canal Dana","Est. tempo de leitura":"3 minutos"},"schema":{"@context":"https:\/\/schema.org","@graph":[{"@type":"Article","@id":"https:\/\/dana.com.br\/canaldana\/2024\/10\/15\/superprocessadores-sao-tendencia-na-digitalizacao-da-mobilidade\/#article","isPartOf":{"@id":"https:\/\/dana.com.br\/canaldana\/2024\/10\/15\/superprocessadores-sao-tendencia-na-digitalizacao-da-mobilidade\/"},"author":{"name":"Canal Dana","@id":"https:\/\/dana.com.br\/canaldana\/#\/schema\/person\/3c21f22f56fcf3bc46b94bc60ea4fef6"},"headline":"Superprocessadores s\u00e3o tend\u00eancia na digitaliza\u00e7\u00e3o da mobilidade","datePublished":"2024-10-15T11:17:27+00:00","mainEntityOfPage":{"@id":"https:\/\/dana.com.br\/canaldana\/2024\/10\/15\/superprocessadores-sao-tendencia-na-digitalizacao-da-mobilidade\/"},"wordCount":623,"articleSection":["Tecnologia"],"inLanguage":"pt-BR"},{"@type":"WebPage","@id":"https:\/\/dana.com.br\/canaldana\/2024\/10\/15\/superprocessadores-sao-tendencia-na-digitalizacao-da-mobilidade\/","url":"https:\/\/dana.com.br\/canaldana\/2024\/10\/15\/superprocessadores-sao-tendencia-na-digitalizacao-da-mobilidade\/","name":"Superprocessadores s\u00e3o tend\u00eancia na digitaliza\u00e7\u00e3o da mobilidade - Canal Dana","isPartOf":{"@id":"https:\/\/dana.com.br\/canaldana\/#website"},"datePublished":"2024-10-15T11:17:27+00:00","author":{"@id":"https:\/\/dana.com.br\/canaldana\/#\/schema\/person\/3c21f22f56fcf3bc46b94bc60ea4fef6"},"breadcrumb":{"@id":"https:\/\/dana.com.br\/canaldana\/2024\/10\/15\/superprocessadores-sao-tendencia-na-digitalizacao-da-mobilidade\/#breadcrumb"},"inLanguage":"pt-BR","potentialAction":[{"@type":"ReadAction","target":["https:\/\/dana.com.br\/canaldana\/2024\/10\/15\/superprocessadores-sao-tendencia-na-digitalizacao-da-mobilidade\/"]}]},{"@type":"BreadcrumbList","@id":"https:\/\/dana.com.br\/canaldana\/2024\/10\/15\/superprocessadores-sao-tendencia-na-digitalizacao-da-mobilidade\/#breadcrumb","itemListElement":[{"@type":"ListItem","position":1,"name":"Home","item":"https:\/\/dana.com.br\/canaldana\/"},{"@type":"ListItem","position":2,"name":"Tecnologia","item":"https:\/\/dana.com.br\/canaldana\/tecnologia\/"},{"@type":"ListItem","position":3,"name":"Superprocessadores s\u00e3o tend\u00eancia na digitaliza\u00e7\u00e3o da mobilidade"}]},{"@type":"WebSite","@id":"https:\/\/dana.com.br\/canaldana\/#website","url":"https:\/\/dana.com.br\/canaldana\/","name":"Canal Dana","description":"Informativo com as principais not\u00edcias da ind\u00fastria automotiva","potentialAction":[{"@type":"SearchAction","target":{"@type":"EntryPoint","urlTemplate":"https:\/\/dana.com.br\/canaldana\/?s={search_term_string}"},"query-input":{"@type":"PropertyValueSpecification","valueRequired":true,"valueName":"search_term_string"}}],"inLanguage":"pt-BR"},{"@type":"Person","@id":"https:\/\/dana.com.br\/canaldana\/#\/schema\/person\/3c21f22f56fcf3bc46b94bc60ea4fef6","name":"Canal Dana","image":{"@type":"ImageObject","inLanguage":"pt-BR","@id":"https:\/\/secure.gravatar.com\/avatar\/420aaf9278582877d9018637c6817617705899d2858d7572ef0fe59a6b6454b4?s=96&d=mm&r=g","url":"https:\/\/secure.gravatar.com\/avatar\/420aaf9278582877d9018637c6817617705899d2858d7572ef0fe59a6b6454b4?s=96&d=mm&r=g","contentUrl":"https:\/\/secure.gravatar.com\/avatar\/420aaf9278582877d9018637c6817617705899d2858d7572ef0fe59a6b6454b4?s=96&d=mm&r=g","caption":"Canal Dana"},"url":"https:\/\/dana.com.br\/canaldana\/author\/cdeditor\/"}]}},"_links":{"self":[{"href":"https:\/\/dana.com.br\/canaldana\/wp-json\/wp\/v2\/posts\/77117","targetHints":{"allow":["GET"]}}],"collection":[{"href":"https:\/\/dana.com.br\/canaldana\/wp-json\/wp\/v2\/posts"}],"about":[{"href":"https:\/\/dana.com.br\/canaldana\/wp-json\/wp\/v2\/types\/post"}],"author":[{"embeddable":true,"href":"https:\/\/dana.com.br\/canaldana\/wp-json\/wp\/v2\/users\/3"}],"replies":[{"embeddable":true,"href":"https:\/\/dana.com.br\/canaldana\/wp-json\/wp\/v2\/comments?post=77117"}],"version-history":[{"count":1,"href":"https:\/\/dana.com.br\/canaldana\/wp-json\/wp\/v2\/posts\/77117\/revisions"}],"predecessor-version":[{"id":77118,"href":"https:\/\/dana.com.br\/canaldana\/wp-json\/wp\/v2\/posts\/77117\/revisions\/77118"}],"wp:attachment":[{"href":"https:\/\/dana.com.br\/canaldana\/wp-json\/wp\/v2\/media?parent=77117"}],"wp:term":[{"taxonomy":"category","embeddable":true,"href":"https:\/\/dana.com.br\/canaldana\/wp-json\/wp\/v2\/categories?post=77117"},{"taxonomy":"post_tag","embeddable":true,"href":"https:\/\/dana.com.br\/canaldana\/wp-json\/wp\/v2\/tags?post=77117"}],"curies":[{"name":"wp","href":"https:\/\/api.w.org\/{rel}","templated":true}]}}