{"id":77075,"date":"2024-10-11T09:10:19","date_gmt":"2024-10-11T12:10:19","guid":{"rendered":"https:\/\/dana.com.br\/canaldana\/?p=77075"},"modified":"2024-10-11T09:10:19","modified_gmt":"2024-10-11T12:10:19","slug":"iveco-aposta-em-lancamentos-de-caminhoes-a-gas-e-eletricos-para-se-destacar-na-fenatran-2024","status":"publish","type":"post","link":"https:\/\/dana.com.br\/canaldana\/2024\/10\/11\/iveco-aposta-em-lancamentos-de-caminhoes-a-gas-e-eletricos-para-se-destacar-na-fenatran-2024\/","title":{"rendered":"Iveco aposta em lan\u00e7amentos de caminh\u00f5es a g\u00e1s e el\u00e9tricos para se destacar na Fenatran 2024"},"content":{"rendered":"<p>Transporte Moderno<\/p>\n<p>&nbsp;<\/p>\n<p>A Iveco se prepara para lan\u00e7ar na Fenatran 2024 \u2014 o maior evento de transporte rodovi\u00e1rio de carga da Am\u00e9rica Latina, que ocorrer\u00e1 de 4 a 8 de novembro em S\u00e3o Paulo \u2014 novos modelos de caminh\u00f5es a g\u00e1s (natural e biometano) e el\u00e9tricos. No estande da marca, o p\u00fablico poder\u00e1 conferir novidades nas fam\u00edlias Daily, Tector e e-Sway.<\/p>\n<p>&nbsp;<\/p>\n<p>Com essas inova\u00e7\u00f5es, a marca busca se consolidar como uma fornecedora de solu\u00e7\u00f5es \u201cmultienerg\u00e9ticas\u201d para seus clientes. A estrat\u00e9gia \u00e9 similar \u00e0 adotada na IAA Transportation 2024, o maior evento do setor no mundo, realizado no m\u00eas de setembro, em Hannover, Alemanha. Na ocasi\u00e3o, a fabricante apresentou caminh\u00f5es a diesel Euro 6, al\u00e9m de modelos movidos a HVO (\u00f3leo vegetal hidrotratado conhecido como diesel verde), g\u00e1s, biometano e eletricidade.<\/p>\n<p>&nbsp;<\/p>\n<p>O presidente da Iveco para Am\u00e9rica Latina, Marcio Querichelli, disse que \u201cum dos grandes trunfos para a montadora na jornada de descarboniza\u00e7\u00e3o no mercado brasileiro \u00e9 o fato de ter uma gama completa de ve\u00edculos menos poluentes.\u201d<\/p>\n<p>&nbsp;<\/p>\n<p><strong>Monitoramento em um \u00fanico sistema<\/strong><\/p>\n<p>&nbsp;<\/p>\n<p>Outra aposta da marca para a Fenatran ser\u00e1 o lan\u00e7amento de um sistema de conectividade. Sem revelar detalhes desse servi\u00e7o, a Iveco informou que ele ser\u00e1 oferecido por meio do IVECO ON e do NEXPRO Connect e que permitir\u00e1 gerenciar 100% da frota em um \u00fanico portal.<\/p>\n<p>&nbsp;<\/p>\n<p>Conforme informou a Iveco, os visitantes tamb\u00e9m ter\u00e3o a oportunidade de participar de diversas ativa\u00e7\u00f5es, incluindo um espa\u00e7o externo dedicado a test-drives.<\/p>\n<p>&nbsp;<\/p>\n<p><strong>Solu\u00e7\u00f5es financeiras<\/strong><\/p>\n<p>&nbsp;<\/p>\n<p>A montadora tamb\u00e9m informou que fechou parcerias estrat\u00e9gicas para oferecer solu\u00e7\u00f5es financeiras personalizadas e colabora\u00e7\u00f5es com implementadoras. A empresa n\u00e3o forneceu detalhes sobre esses servi\u00e7os, contudo, em recente conversa com a reportagem do portal Transporte Moderno,Marcio Querichelli disse que, para aumentar a frota de ve\u00edculos a g\u00e1s e el\u00e9tricos no Brasil, a empresa n\u00e3o descarta criar uma \u00e1rea dedicada ao aluguel de ve\u00edculos.<\/p>\n<p>&nbsp;<\/p>\n<p>Segundo o executivo, a empresa est\u00e1 em busca de parceiros para desenvolver um projeto de loca\u00e7\u00e3o. \u201cEstamos explorando uma startup que possa viabilizar o uso de ve\u00edculos el\u00e9tricos e a g\u00e1s para ampliar nossa oferta de produtos sustent\u00e1veis, afirmou \u00e0 \u00e9poca.<\/p>\n<p>&nbsp;<\/p>\n<p>Conforme Querichelli, na Europa, a empresa tem um departamento especializado em loca\u00e7\u00e3o. \u201cAqui, a ideia \u00e9 criar uma divis\u00e3o dedicada \u00e0 loca\u00e7\u00e3o e financiamento, adaptada \u00e0s necessidades legais locais. Embora as exig\u00eancias legais sejam diferentes, nosso foco \u00e9 na sustentabilidade e na busca por um equil\u00edbrio entre rentabilidade e responsabilidade ambiental.\u201d<\/p>\n<p>&nbsp;<\/p>\n<p><strong>Parceria com a banda Metallica<\/strong><\/p>\n<p>&nbsp;<\/p>\n<p>A Iveco tamb\u00e9m aproveitar\u00e1 a Fenatran para celebrar sua parceria com a banda Metallica e prepara a\u00e7\u00f5es especiais. Ao que tudo indica, ser\u00e3o iniciativas parecidas com as realizadas IAA Transportation, quando a companhia apresentou uma edi\u00e7\u00e3o especial do caminh\u00e3o S-Way. O ve\u00edculo foi envelopado com o logo da banda e adornado com grafismos personalizados, al\u00e9m de aut\u00f3grafos dos m\u00fasicos.<\/p>\n<p>&nbsp;<\/p>\n<p>Vale lembrar que a Iveco \u00e9 a parceira log\u00edstica da turn\u00ea europeia do Metallica, chamada M72, que tamb\u00e9m passar\u00e1 pelo Brasil em novembro. Modelos S-Way, tanto el\u00e9tricos quanto a g\u00e1s, foram utilizados para transportar os instrumentos da banda por diversos pa\u00edses europeus. Al\u00e9m disso, os caminh\u00f5es Iveco Daily foram respons\u00e1veis pelo transporte da banda e da equipe envolvida na turn\u00ea. Al\u00e9m do caminh\u00e3o em exibi\u00e7\u00e3o, a Iveco anunciou a produ\u00e7\u00e3o de mais 71 unidades do modelo personalizado. Todas essas unidades est\u00e3o dispon\u00edveis para venda na Europa. (Transporte Moderno\/Aline Feltrin)<\/p>\n","protected":false},"excerpt":{"rendered":"<p>Transporte Moderno &nbsp; A Iveco se prepara para lan\u00e7ar na Fenatran 2024 \u2014 o maior evento de transporte rodovi\u00e1rio de carga da Am\u00e9rica Latina, que ocorrer\u00e1 de 4 a 8 de novembro em S\u00e3o Paulo \u2014 novos modelos de caminh\u00f5es a g\u00e1s (natural e biometano) e el\u00e9tricos. No estande da marca, o p\u00fablico poder\u00e1 conferir\u2026 <a class=\"readmore\" href=\"https:\/\/dana.com.br\/canaldana\/2024\/10\/11\/iveco-aposta-em-lancamentos-de-caminhoes-a-gas-e-eletricos-para-se-destacar-na-fenatran-2024\/\">Leia mais \u00bb<\/a><\/p>\n","protected":false},"author":3,"featured_media":0,"comment_status":"closed","ping_status":"closed","sticky":false,"template":"","format":"standard","meta":{"_acf_changed":false,"footnotes":""},"categories":[61],"tags":[],"class_list":["post-77075","post","type-post","status-publish","format-standard","hentry","category-destaques"],"acf":[],"yoast_head":"<!-- This site is optimized with the Yoast SEO plugin v27.5 - https:\/\/yoast.com\/product\/yoast-seo-wordpress\/ -->\n<title>Iveco aposta em lan\u00e7amentos de caminh\u00f5es a g\u00e1s e el\u00e9tricos para se destacar na Fenatran 2024 - Canal Dana<\/title>\n<meta name=\"robots\" content=\"index, follow, max-snippet:-1, max-image-preview:large, max-video-preview:-1\" \/>\n<link rel=\"canonical\" href=\"https:\/\/dana.com.br\/canaldana\/2024\/10\/11\/iveco-aposta-em-lancamentos-de-caminhoes-a-gas-e-eletricos-para-se-destacar-na-fenatran-2024\/\" \/>\n<meta property=\"og:locale\" content=\"pt_BR\" \/>\n<meta property=\"og:type\" content=\"article\" \/>\n<meta property=\"og:title\" content=\"Iveco aposta em lan\u00e7amentos de caminh\u00f5es a g\u00e1s e el\u00e9tricos para se destacar na Fenatran 2024 - Canal Dana\" \/>\n<meta property=\"og:description\" content=\"Transporte Moderno &nbsp; A Iveco se prepara para lan\u00e7ar na Fenatran 2024 \u2014 o maior evento de transporte rodovi\u00e1rio de carga da Am\u00e9rica Latina, que ocorrer\u00e1 de 4 a 8 de novembro em S\u00e3o Paulo \u2014 novos modelos de caminh\u00f5es a g\u00e1s (natural e biometano) e el\u00e9tricos. No estande da marca, o p\u00fablico poder\u00e1 conferir\u2026 Leia mais \u00bb\" \/>\n<meta property=\"og:url\" content=\"https:\/\/dana.com.br\/canaldana\/2024\/10\/11\/iveco-aposta-em-lancamentos-de-caminhoes-a-gas-e-eletricos-para-se-destacar-na-fenatran-2024\/\" \/>\n<meta property=\"og:site_name\" content=\"Canal Dana\" \/>\n<meta property=\"article:published_time\" content=\"2024-10-11T12:10:19+00:00\" \/>\n<meta name=\"author\" content=\"Canal Dana\" \/>\n<meta name=\"twitter:card\" content=\"summary_large_image\" \/>\n<meta name=\"twitter:label1\" content=\"Escrito por\" \/>\n\t<meta name=\"twitter:data1\" content=\"Canal Dana\" \/>\n\t<meta name=\"twitter:label2\" content=\"Est. tempo de leitura\" \/>\n\t<meta name=\"twitter:data2\" content=\"4 minutos\" \/>\n<script type=\"application\/ld+json\" class=\"yoast-schema-graph\">{\"@context\":\"https:\\\/\\\/schema.org\",\"@graph\":[{\"@type\":\"Article\",\"@id\":\"https:\\\/\\\/dana.com.br\\\/canaldana\\\/2024\\\/10\\\/11\\\/iveco-aposta-em-lancamentos-de-caminhoes-a-gas-e-eletricos-para-se-destacar-na-fenatran-2024\\\/#article\",\"isPartOf\":{\"@id\":\"https:\\\/\\\/dana.com.br\\\/canaldana\\\/2024\\\/10\\\/11\\\/iveco-aposta-em-lancamentos-de-caminhoes-a-gas-e-eletricos-para-se-destacar-na-fenatran-2024\\\/\"},\"author\":{\"name\":\"Canal Dana\",\"@id\":\"https:\\\/\\\/dana.com.br\\\/canaldana\\\/#\\\/schema\\\/person\\\/3c21f22f56fcf3bc46b94bc60ea4fef6\"},\"headline\":\"Iveco aposta em lan\u00e7amentos de caminh\u00f5es a g\u00e1s e el\u00e9tricos para se destacar na Fenatran 2024\",\"datePublished\":\"2024-10-11T12:10:19+00:00\",\"mainEntityOfPage\":{\"@id\":\"https:\\\/\\\/dana.com.br\\\/canaldana\\\/2024\\\/10\\\/11\\\/iveco-aposta-em-lancamentos-de-caminhoes-a-gas-e-eletricos-para-se-destacar-na-fenatran-2024\\\/\"},\"wordCount\":640,\"articleSection\":[\"Destaques\"],\"inLanguage\":\"pt-BR\"},{\"@type\":\"WebPage\",\"@id\":\"https:\\\/\\\/dana.com.br\\\/canaldana\\\/2024\\\/10\\\/11\\\/iveco-aposta-em-lancamentos-de-caminhoes-a-gas-e-eletricos-para-se-destacar-na-fenatran-2024\\\/\",\"url\":\"https:\\\/\\\/dana.com.br\\\/canaldana\\\/2024\\\/10\\\/11\\\/iveco-aposta-em-lancamentos-de-caminhoes-a-gas-e-eletricos-para-se-destacar-na-fenatran-2024\\\/\",\"name\":\"Iveco aposta em lan\u00e7amentos de caminh\u00f5es a g\u00e1s e el\u00e9tricos para se destacar na Fenatran 2024 - Canal Dana\",\"isPartOf\":{\"@id\":\"https:\\\/\\\/dana.com.br\\\/canaldana\\\/#website\"},\"datePublished\":\"2024-10-11T12:10:19+00:00\",\"author\":{\"@id\":\"https:\\\/\\\/dana.com.br\\\/canaldana\\\/#\\\/schema\\\/person\\\/3c21f22f56fcf3bc46b94bc60ea4fef6\"},\"breadcrumb\":{\"@id\":\"https:\\\/\\\/dana.com.br\\\/canaldana\\\/2024\\\/10\\\/11\\\/iveco-aposta-em-lancamentos-de-caminhoes-a-gas-e-eletricos-para-se-destacar-na-fenatran-2024\\\/#breadcrumb\"},\"inLanguage\":\"pt-BR\",\"potentialAction\":[{\"@type\":\"ReadAction\",\"target\":[\"https:\\\/\\\/dana.com.br\\\/canaldana\\\/2024\\\/10\\\/11\\\/iveco-aposta-em-lancamentos-de-caminhoes-a-gas-e-eletricos-para-se-destacar-na-fenatran-2024\\\/\"]}]},{\"@type\":\"BreadcrumbList\",\"@id\":\"https:\\\/\\\/dana.com.br\\\/canaldana\\\/2024\\\/10\\\/11\\\/iveco-aposta-em-lancamentos-de-caminhoes-a-gas-e-eletricos-para-se-destacar-na-fenatran-2024\\\/#breadcrumb\",\"itemListElement\":[{\"@type\":\"ListItem\",\"position\":1,\"name\":\"Home\",\"item\":\"https:\\\/\\\/dana.com.br\\\/canaldana\\\/\"},{\"@type\":\"ListItem\",\"position\":2,\"name\":\"Destaques\",\"item\":\"https:\\\/\\\/dana.com.br\\\/canaldana\\\/destaques\\\/\"},{\"@type\":\"ListItem\",\"position\":3,\"name\":\"Iveco aposta em lan\u00e7amentos de caminh\u00f5es a g\u00e1s e el\u00e9tricos para se destacar na Fenatran 2024\"}]},{\"@type\":\"WebSite\",\"@id\":\"https:\\\/\\\/dana.com.br\\\/canaldana\\\/#website\",\"url\":\"https:\\\/\\\/dana.com.br\\\/canaldana\\\/\",\"name\":\"Canal Dana\",\"description\":\"Informativo com as principais not\u00edcias da ind\u00fastria automotiva\",\"potentialAction\":[{\"@type\":\"SearchAction\",\"target\":{\"@type\":\"EntryPoint\",\"urlTemplate\":\"https:\\\/\\\/dana.com.br\\\/canaldana\\\/?s={search_term_string}\"},\"query-input\":{\"@type\":\"PropertyValueSpecification\",\"valueRequired\":true,\"valueName\":\"search_term_string\"}}],\"inLanguage\":\"pt-BR\"},{\"@type\":\"Person\",\"@id\":\"https:\\\/\\\/dana.com.br\\\/canaldana\\\/#\\\/schema\\\/person\\\/3c21f22f56fcf3bc46b94bc60ea4fef6\",\"name\":\"Canal Dana\",\"image\":{\"@type\":\"ImageObject\",\"inLanguage\":\"pt-BR\",\"@id\":\"https:\\\/\\\/secure.gravatar.com\\\/avatar\\\/420aaf9278582877d9018637c6817617705899d2858d7572ef0fe59a6b6454b4?s=96&d=mm&r=g\",\"url\":\"https:\\\/\\\/secure.gravatar.com\\\/avatar\\\/420aaf9278582877d9018637c6817617705899d2858d7572ef0fe59a6b6454b4?s=96&d=mm&r=g\",\"contentUrl\":\"https:\\\/\\\/secure.gravatar.com\\\/avatar\\\/420aaf9278582877d9018637c6817617705899d2858d7572ef0fe59a6b6454b4?s=96&d=mm&r=g\",\"caption\":\"Canal Dana\"},\"url\":\"https:\\\/\\\/dana.com.br\\\/canaldana\\\/author\\\/cdeditor\\\/\"}]}<\/script>\n<!-- \/ Yoast SEO plugin. -->","yoast_head_json":{"title":"Iveco aposta em lan\u00e7amentos de caminh\u00f5es a g\u00e1s e el\u00e9tricos para se destacar na Fenatran 2024 - Canal Dana","robots":{"index":"index","follow":"follow","max-snippet":"max-snippet:-1","max-image-preview":"max-image-preview:large","max-video-preview":"max-video-preview:-1"},"canonical":"https:\/\/dana.com.br\/canaldana\/2024\/10\/11\/iveco-aposta-em-lancamentos-de-caminhoes-a-gas-e-eletricos-para-se-destacar-na-fenatran-2024\/","og_locale":"pt_BR","og_type":"article","og_title":"Iveco aposta em lan\u00e7amentos de caminh\u00f5es a g\u00e1s e el\u00e9tricos para se destacar na Fenatran 2024 - Canal Dana","og_description":"Transporte Moderno &nbsp; A Iveco se prepara para lan\u00e7ar na Fenatran 2024 \u2014 o maior evento de transporte rodovi\u00e1rio de carga da Am\u00e9rica Latina, que ocorrer\u00e1 de 4 a 8 de novembro em S\u00e3o Paulo \u2014 novos modelos de caminh\u00f5es a g\u00e1s (natural e biometano) e el\u00e9tricos. No estande da marca, o p\u00fablico poder\u00e1 conferir\u2026 Leia mais \u00bb","og_url":"https:\/\/dana.com.br\/canaldana\/2024\/10\/11\/iveco-aposta-em-lancamentos-de-caminhoes-a-gas-e-eletricos-para-se-destacar-na-fenatran-2024\/","og_site_name":"Canal Dana","article_published_time":"2024-10-11T12:10:19+00:00","author":"Canal Dana","twitter_card":"summary_large_image","twitter_misc":{"Escrito por":"Canal Dana","Est. tempo de leitura":"4 minutos"},"schema":{"@context":"https:\/\/schema.org","@graph":[{"@type":"Article","@id":"https:\/\/dana.com.br\/canaldana\/2024\/10\/11\/iveco-aposta-em-lancamentos-de-caminhoes-a-gas-e-eletricos-para-se-destacar-na-fenatran-2024\/#article","isPartOf":{"@id":"https:\/\/dana.com.br\/canaldana\/2024\/10\/11\/iveco-aposta-em-lancamentos-de-caminhoes-a-gas-e-eletricos-para-se-destacar-na-fenatran-2024\/"},"author":{"name":"Canal Dana","@id":"https:\/\/dana.com.br\/canaldana\/#\/schema\/person\/3c21f22f56fcf3bc46b94bc60ea4fef6"},"headline":"Iveco aposta em lan\u00e7amentos de caminh\u00f5es a g\u00e1s e el\u00e9tricos para se destacar na Fenatran 2024","datePublished":"2024-10-11T12:10:19+00:00","mainEntityOfPage":{"@id":"https:\/\/dana.com.br\/canaldana\/2024\/10\/11\/iveco-aposta-em-lancamentos-de-caminhoes-a-gas-e-eletricos-para-se-destacar-na-fenatran-2024\/"},"wordCount":640,"articleSection":["Destaques"],"inLanguage":"pt-BR"},{"@type":"WebPage","@id":"https:\/\/dana.com.br\/canaldana\/2024\/10\/11\/iveco-aposta-em-lancamentos-de-caminhoes-a-gas-e-eletricos-para-se-destacar-na-fenatran-2024\/","url":"https:\/\/dana.com.br\/canaldana\/2024\/10\/11\/iveco-aposta-em-lancamentos-de-caminhoes-a-gas-e-eletricos-para-se-destacar-na-fenatran-2024\/","name":"Iveco aposta em lan\u00e7amentos de caminh\u00f5es a g\u00e1s e el\u00e9tricos para se destacar na Fenatran 2024 - Canal Dana","isPartOf":{"@id":"https:\/\/dana.com.br\/canaldana\/#website"},"datePublished":"2024-10-11T12:10:19+00:00","author":{"@id":"https:\/\/dana.com.br\/canaldana\/#\/schema\/person\/3c21f22f56fcf3bc46b94bc60ea4fef6"},"breadcrumb":{"@id":"https:\/\/dana.com.br\/canaldana\/2024\/10\/11\/iveco-aposta-em-lancamentos-de-caminhoes-a-gas-e-eletricos-para-se-destacar-na-fenatran-2024\/#breadcrumb"},"inLanguage":"pt-BR","potentialAction":[{"@type":"ReadAction","target":["https:\/\/dana.com.br\/canaldana\/2024\/10\/11\/iveco-aposta-em-lancamentos-de-caminhoes-a-gas-e-eletricos-para-se-destacar-na-fenatran-2024\/"]}]},{"@type":"BreadcrumbList","@id":"https:\/\/dana.com.br\/canaldana\/2024\/10\/11\/iveco-aposta-em-lancamentos-de-caminhoes-a-gas-e-eletricos-para-se-destacar-na-fenatran-2024\/#breadcrumb","itemListElement":[{"@type":"ListItem","position":1,"name":"Home","item":"https:\/\/dana.com.br\/canaldana\/"},{"@type":"ListItem","position":2,"name":"Destaques","item":"https:\/\/dana.com.br\/canaldana\/destaques\/"},{"@type":"ListItem","position":3,"name":"Iveco aposta em lan\u00e7amentos de caminh\u00f5es a g\u00e1s e el\u00e9tricos para se destacar na Fenatran 2024"}]},{"@type":"WebSite","@id":"https:\/\/dana.com.br\/canaldana\/#website","url":"https:\/\/dana.com.br\/canaldana\/","name":"Canal Dana","description":"Informativo com as principais not\u00edcias da ind\u00fastria automotiva","potentialAction":[{"@type":"SearchAction","target":{"@type":"EntryPoint","urlTemplate":"https:\/\/dana.com.br\/canaldana\/?s={search_term_string}"},"query-input":{"@type":"PropertyValueSpecification","valueRequired":true,"valueName":"search_term_string"}}],"inLanguage":"pt-BR"},{"@type":"Person","@id":"https:\/\/dana.com.br\/canaldana\/#\/schema\/person\/3c21f22f56fcf3bc46b94bc60ea4fef6","name":"Canal Dana","image":{"@type":"ImageObject","inLanguage":"pt-BR","@id":"https:\/\/secure.gravatar.com\/avatar\/420aaf9278582877d9018637c6817617705899d2858d7572ef0fe59a6b6454b4?s=96&d=mm&r=g","url":"https:\/\/secure.gravatar.com\/avatar\/420aaf9278582877d9018637c6817617705899d2858d7572ef0fe59a6b6454b4?s=96&d=mm&r=g","contentUrl":"https:\/\/secure.gravatar.com\/avatar\/420aaf9278582877d9018637c6817617705899d2858d7572ef0fe59a6b6454b4?s=96&d=mm&r=g","caption":"Canal Dana"},"url":"https:\/\/dana.com.br\/canaldana\/author\/cdeditor\/"}]}},"_links":{"self":[{"href":"https:\/\/dana.com.br\/canaldana\/wp-json\/wp\/v2\/posts\/77075","targetHints":{"allow":["GET"]}}],"collection":[{"href":"https:\/\/dana.com.br\/canaldana\/wp-json\/wp\/v2\/posts"}],"about":[{"href":"https:\/\/dana.com.br\/canaldana\/wp-json\/wp\/v2\/types\/post"}],"author":[{"embeddable":true,"href":"https:\/\/dana.com.br\/canaldana\/wp-json\/wp\/v2\/users\/3"}],"replies":[{"embeddable":true,"href":"https:\/\/dana.com.br\/canaldana\/wp-json\/wp\/v2\/comments?post=77075"}],"version-history":[{"count":1,"href":"https:\/\/dana.com.br\/canaldana\/wp-json\/wp\/v2\/posts\/77075\/revisions"}],"predecessor-version":[{"id":77076,"href":"https:\/\/dana.com.br\/canaldana\/wp-json\/wp\/v2\/posts\/77075\/revisions\/77076"}],"wp:attachment":[{"href":"https:\/\/dana.com.br\/canaldana\/wp-json\/wp\/v2\/media?parent=77075"}],"wp:term":[{"taxonomy":"category","embeddable":true,"href":"https:\/\/dana.com.br\/canaldana\/wp-json\/wp\/v2\/categories?post=77075"},{"taxonomy":"post_tag","embeddable":true,"href":"https:\/\/dana.com.br\/canaldana\/wp-json\/wp\/v2\/tags?post=77075"}],"curies":[{"name":"wp","href":"https:\/\/api.w.org\/{rel}","templated":true}]}}