{"id":77001,"date":"2024-10-09T08:30:12","date_gmt":"2024-10-09T11:30:12","guid":{"rendered":"https:\/\/dana.com.br\/canaldana\/?p=77001"},"modified":"2024-10-09T08:30:12","modified_gmt":"2024-10-09T11:30:12","slug":"com-assinatura-azul-tem-seguro-de-carros-mais-usados-que-cabe-do-bolso","status":"publish","type":"post","link":"https:\/\/dana.com.br\/canaldana\/2024\/10\/09\/com-assinatura-azul-tem-seguro-de-carros-mais-usados-que-cabe-do-bolso\/","title":{"rendered":"Com assinatura, Azul tem seguro de carros mais usados que \u201ccabe do bolso\u201d"},"content":{"rendered":"<p><em>AutoInd\u00fastria <\/em><\/p>\n<p>&nbsp;<\/p>\n<p>Fazer seguro de um autom\u00f3vel \u00e9 quase obrigat\u00f3rio para quem n\u00e3o quer ter dor de cabe\u00e7a com a perda do bem ou arcar com preju\u00edzos materiais e pessoas de terceiros. Quando se trata de um ve\u00edculo novo ou seminovo, os propriet\u00e1rios n\u00e3o t\u00eam tantas d\u00favidas ou dificuldades financeiras que os impe\u00e7am de procurar uma seguradora.<\/p>\n<p>&nbsp;<\/p>\n<p>O quadro \u00e9 bem diverso quando se trata daqueles que podem dispor de um carro ou picape com bem mais tempo de uso. Os donos dos chamados \u201cvelhinhos\u201d muitas vezes t\u00eam, em fun\u00e7\u00e3o dos custos, de escolher entre a manuten\u00e7\u00e3o do ve\u00edculo, licenciamento e tributos ou por uma ap\u00f3lice que cubra os custos de, por exemplo, uma colis\u00e3o ou furto.<\/p>\n<p>&nbsp;<\/p>\n<p>Esse universo de potenciais clientes muitas vezes n\u00e3o \u00e9 atendido por boa parte das seguradoras, que encontram nos novos e seminovos terreno mais f\u00e9rtil para a amplia\u00e7\u00e3o da carteira de neg\u00f3cios.<\/p>\n<p>&nbsp;<\/p>\n<p>Mas nem todas. A Azul Seguros, bra\u00e7o do Grupo Porto desde 2003, tem uma boa parcela de seus cerca de 2,5 milh\u00f5es de clientes que optaram por uma solu\u00e7\u00e3o que cabe no bolso de muito mais gente: o seguro por assinatura.<\/p>\n<p>&nbsp;<\/p>\n<p>Criada h\u00e1 apenas dois anos, a modalidade \u00e9, digamos, um servi\u00e7o, uma plataforma streaming, a exemplo das de filmes e s\u00e9ries, j\u00e1 h\u00e1 muito integradas \u00e0s prefer\u00eancias dos consumidores brasileiros.<\/p>\n<p>&nbsp;<\/p>\n<p>No caso da \u201cAzul por Assinatura\u201d, como foi batizado comercialmente o servi\u00e7o de recorr\u00eancia mensal, o cliente pode contratar a cobertura por apenas um m\u00eas para, por exemplo, uma viagem de f\u00e9rias ou quando for necessitar muito do carro no transporte di\u00e1rio.<\/p>\n<p>&nbsp;<\/p>\n<p>Encerrado o per\u00edodo contratado, ele deve se manifestar caso n\u00e3o deseje mais a cobertura ou a assinatura automaticamente ser\u00e1 renovada por igual per\u00edodo. Se interromper e depois decidir retom\u00e1-la, basta uma nova vistoria no ve\u00edculo que, em alguns casos, pode ser at\u00e9 virtual.<\/p>\n<p>&nbsp;<\/p>\n<p>A assinatura est\u00e1 dispon\u00edvel para ve\u00edculos de 3 at\u00e9 25 anos de idade com valor inferior a R$ 100 mil, com presta\u00e7\u00e3o de servi\u00e7os da rede Porto Seguro espalhada pelo territ\u00f3rio nacional, e inclui, por exemplo, assist\u00eancia 24 horas de guincho, dentre outros benef\u00edcios.<\/p>\n<p>&nbsp;<\/p>\n<p>O processo de contrata\u00e7\u00e3o pode ser iniciado por meio eletr\u00f4nico, mas conclu\u00eddo sempre com o aux\u00edlio de um corretor especializado no servi\u00e7o. \u201c\u00c9 uma alternativa que cabe no bolso de um p\u00fablico que estava fora do mercado de seguros\u201d, destaca Gilmar Pires, diretor executivo da Azul.<\/p>\n<p>&nbsp;<\/p>\n<p>O executivo n\u00e3o revela o tamanho da carteira da modalidade conquistada ao longo desses dois anos, mas sustenta que m\u00eas a m\u00eas ela vem crescendo, tamb\u00e9m em decorr\u00eancia da melhor compreens\u00e3o dos consumidores e at\u00e9 dos corretores da flexibilidade desse novo servi\u00e7o.<\/p>\n<p>&nbsp;<\/p>\n<p>O pr\u00f3prio aumento da idade m\u00e9dia da frota de ve\u00edculos verificado sobretudo ao longo dos \u00faltimos dez anos \u2014 depois dos seguidos recordes de licenciamentos acima de 3,5 at\u00e9 3,8 milh\u00f5es registrados na primeira metade da d\u00e9cada passada \u2014 deve contribuir para o crescimento desse tipo de cobertura, no entender de Pires, que recorda que somente 6% dos carros acima de dez anos s\u00e3o segurados.<\/p>\n<p>&nbsp;<\/p>\n<p>A julgar pelo perfil dos clientes delineado at\u00e9 agora, a Azul foi certeira na defini\u00e7\u00e3o e objetivos do produto. Segundo Pires, 90% dos assinantes estavam fora do mercado de seguros. Prevalecem carros com mais de 10 anos de fabrica\u00e7\u00e3o e clientes de regi\u00f5es de consumo mais popular. (AutoInd\u00fastria\/George Guimar\u00e3es)<\/p>\n","protected":false},"excerpt":{"rendered":"<p>AutoInd\u00fastria &nbsp; Fazer seguro de um autom\u00f3vel \u00e9 quase obrigat\u00f3rio para quem n\u00e3o quer ter dor de cabe\u00e7a com a perda do bem ou arcar com preju\u00edzos materiais e pessoas de terceiros. Quando se trata de um ve\u00edculo novo ou seminovo, os propriet\u00e1rios n\u00e3o t\u00eam tantas d\u00favidas ou dificuldades financeiras que os impe\u00e7am de procurar\u2026 <a class=\"readmore\" href=\"https:\/\/dana.com.br\/canaldana\/2024\/10\/09\/com-assinatura-azul-tem-seguro-de-carros-mais-usados-que-cabe-do-bolso\/\">Leia mais \u00bb<\/a><\/p>\n","protected":false},"author":3,"featured_media":0,"comment_status":"closed","ping_status":"closed","sticky":false,"template":"","format":"standard","meta":{"_acf_changed":false,"footnotes":""},"categories":[79],"tags":[],"class_list":["post-77001","post","type-post","status-publish","format-standard","hentry","category-mercado"],"acf":[],"yoast_head":"<!-- This site is optimized with the Yoast SEO plugin v27.3 - https:\/\/yoast.com\/product\/yoast-seo-wordpress\/ -->\n<title>Com assinatura, Azul tem seguro de carros mais usados que \u201ccabe do bolso\u201d - Canal Dana<\/title>\n<meta name=\"robots\" content=\"index, follow, max-snippet:-1, max-image-preview:large, max-video-preview:-1\" \/>\n<link rel=\"canonical\" href=\"https:\/\/dana.com.br\/canaldana\/2024\/10\/09\/com-assinatura-azul-tem-seguro-de-carros-mais-usados-que-cabe-do-bolso\/\" \/>\n<meta property=\"og:locale\" content=\"pt_BR\" \/>\n<meta property=\"og:type\" content=\"article\" \/>\n<meta property=\"og:title\" content=\"Com assinatura, Azul tem seguro de carros mais usados que \u201ccabe do bolso\u201d - Canal Dana\" \/>\n<meta property=\"og:description\" content=\"AutoInd\u00fastria &nbsp; Fazer seguro de um autom\u00f3vel \u00e9 quase obrigat\u00f3rio para quem n\u00e3o quer ter dor de cabe\u00e7a com a perda do bem ou arcar com preju\u00edzos materiais e pessoas de terceiros. Quando se trata de um ve\u00edculo novo ou seminovo, os propriet\u00e1rios n\u00e3o t\u00eam tantas d\u00favidas ou dificuldades financeiras que os impe\u00e7am de procurar\u2026 Leia mais \u00bb\" \/>\n<meta property=\"og:url\" content=\"https:\/\/dana.com.br\/canaldana\/2024\/10\/09\/com-assinatura-azul-tem-seguro-de-carros-mais-usados-que-cabe-do-bolso\/\" \/>\n<meta property=\"og:site_name\" content=\"Canal Dana\" \/>\n<meta property=\"article:published_time\" content=\"2024-10-09T11:30:12+00:00\" \/>\n<meta name=\"author\" content=\"Canal Dana\" \/>\n<meta name=\"twitter:card\" content=\"summary_large_image\" \/>\n<meta name=\"twitter:label1\" content=\"Escrito por\" \/>\n\t<meta name=\"twitter:data1\" content=\"Canal Dana\" \/>\n\t<meta name=\"twitter:label2\" content=\"Est. tempo de leitura\" \/>\n\t<meta name=\"twitter:data2\" content=\"4 minutos\" \/>\n<script type=\"application\/ld+json\" class=\"yoast-schema-graph\">{\"@context\":\"https:\\\/\\\/schema.org\",\"@graph\":[{\"@type\":\"Article\",\"@id\":\"https:\\\/\\\/dana.com.br\\\/canaldana\\\/2024\\\/10\\\/09\\\/com-assinatura-azul-tem-seguro-de-carros-mais-usados-que-cabe-do-bolso\\\/#article\",\"isPartOf\":{\"@id\":\"https:\\\/\\\/dana.com.br\\\/canaldana\\\/2024\\\/10\\\/09\\\/com-assinatura-azul-tem-seguro-de-carros-mais-usados-que-cabe-do-bolso\\\/\"},\"author\":{\"name\":\"Canal Dana\",\"@id\":\"https:\\\/\\\/dana.com.br\\\/canaldana\\\/#\\\/schema\\\/person\\\/3c21f22f56fcf3bc46b94bc60ea4fef6\"},\"headline\":\"Com assinatura, Azul tem seguro de carros mais usados que \u201ccabe do bolso\u201d\",\"datePublished\":\"2024-10-09T11:30:12+00:00\",\"mainEntityOfPage\":{\"@id\":\"https:\\\/\\\/dana.com.br\\\/canaldana\\\/2024\\\/10\\\/09\\\/com-assinatura-azul-tem-seguro-de-carros-mais-usados-que-cabe-do-bolso\\\/\"},\"wordCount\":626,\"articleSection\":[\"Mercado\"],\"inLanguage\":\"pt-BR\"},{\"@type\":\"WebPage\",\"@id\":\"https:\\\/\\\/dana.com.br\\\/canaldana\\\/2024\\\/10\\\/09\\\/com-assinatura-azul-tem-seguro-de-carros-mais-usados-que-cabe-do-bolso\\\/\",\"url\":\"https:\\\/\\\/dana.com.br\\\/canaldana\\\/2024\\\/10\\\/09\\\/com-assinatura-azul-tem-seguro-de-carros-mais-usados-que-cabe-do-bolso\\\/\",\"name\":\"Com assinatura, Azul tem seguro de carros mais usados que \u201ccabe do bolso\u201d - Canal Dana\",\"isPartOf\":{\"@id\":\"https:\\\/\\\/dana.com.br\\\/canaldana\\\/#website\"},\"datePublished\":\"2024-10-09T11:30:12+00:00\",\"author\":{\"@id\":\"https:\\\/\\\/dana.com.br\\\/canaldana\\\/#\\\/schema\\\/person\\\/3c21f22f56fcf3bc46b94bc60ea4fef6\"},\"breadcrumb\":{\"@id\":\"https:\\\/\\\/dana.com.br\\\/canaldana\\\/2024\\\/10\\\/09\\\/com-assinatura-azul-tem-seguro-de-carros-mais-usados-que-cabe-do-bolso\\\/#breadcrumb\"},\"inLanguage\":\"pt-BR\",\"potentialAction\":[{\"@type\":\"ReadAction\",\"target\":[\"https:\\\/\\\/dana.com.br\\\/canaldana\\\/2024\\\/10\\\/09\\\/com-assinatura-azul-tem-seguro-de-carros-mais-usados-que-cabe-do-bolso\\\/\"]}]},{\"@type\":\"BreadcrumbList\",\"@id\":\"https:\\\/\\\/dana.com.br\\\/canaldana\\\/2024\\\/10\\\/09\\\/com-assinatura-azul-tem-seguro-de-carros-mais-usados-que-cabe-do-bolso\\\/#breadcrumb\",\"itemListElement\":[{\"@type\":\"ListItem\",\"position\":1,\"name\":\"Home\",\"item\":\"https:\\\/\\\/dana.com.br\\\/canaldana\\\/\"},{\"@type\":\"ListItem\",\"position\":2,\"name\":\"Mercado\",\"item\":\"https:\\\/\\\/dana.com.br\\\/canaldana\\\/mercado\\\/\"},{\"@type\":\"ListItem\",\"position\":3,\"name\":\"Com assinatura, Azul tem seguro de carros mais usados que \u201ccabe do bolso\u201d\"}]},{\"@type\":\"WebSite\",\"@id\":\"https:\\\/\\\/dana.com.br\\\/canaldana\\\/#website\",\"url\":\"https:\\\/\\\/dana.com.br\\\/canaldana\\\/\",\"name\":\"Canal Dana\",\"description\":\"Informativo com as principais not\u00edcias da ind\u00fastria automotiva\",\"potentialAction\":[{\"@type\":\"SearchAction\",\"target\":{\"@type\":\"EntryPoint\",\"urlTemplate\":\"https:\\\/\\\/dana.com.br\\\/canaldana\\\/?s={search_term_string}\"},\"query-input\":{\"@type\":\"PropertyValueSpecification\",\"valueRequired\":true,\"valueName\":\"search_term_string\"}}],\"inLanguage\":\"pt-BR\"},{\"@type\":\"Person\",\"@id\":\"https:\\\/\\\/dana.com.br\\\/canaldana\\\/#\\\/schema\\\/person\\\/3c21f22f56fcf3bc46b94bc60ea4fef6\",\"name\":\"Canal Dana\",\"image\":{\"@type\":\"ImageObject\",\"inLanguage\":\"pt-BR\",\"@id\":\"https:\\\/\\\/secure.gravatar.com\\\/avatar\\\/420aaf9278582877d9018637c6817617705899d2858d7572ef0fe59a6b6454b4?s=96&d=mm&r=g\",\"url\":\"https:\\\/\\\/secure.gravatar.com\\\/avatar\\\/420aaf9278582877d9018637c6817617705899d2858d7572ef0fe59a6b6454b4?s=96&d=mm&r=g\",\"contentUrl\":\"https:\\\/\\\/secure.gravatar.com\\\/avatar\\\/420aaf9278582877d9018637c6817617705899d2858d7572ef0fe59a6b6454b4?s=96&d=mm&r=g\",\"caption\":\"Canal Dana\"},\"url\":\"https:\\\/\\\/dana.com.br\\\/canaldana\\\/author\\\/cdeditor\\\/\"}]}<\/script>\n<!-- \/ Yoast SEO plugin. -->","yoast_head_json":{"title":"Com assinatura, Azul tem seguro de carros mais usados que \u201ccabe do bolso\u201d - Canal Dana","robots":{"index":"index","follow":"follow","max-snippet":"max-snippet:-1","max-image-preview":"max-image-preview:large","max-video-preview":"max-video-preview:-1"},"canonical":"https:\/\/dana.com.br\/canaldana\/2024\/10\/09\/com-assinatura-azul-tem-seguro-de-carros-mais-usados-que-cabe-do-bolso\/","og_locale":"pt_BR","og_type":"article","og_title":"Com assinatura, Azul tem seguro de carros mais usados que \u201ccabe do bolso\u201d - Canal Dana","og_description":"AutoInd\u00fastria &nbsp; Fazer seguro de um autom\u00f3vel \u00e9 quase obrigat\u00f3rio para quem n\u00e3o quer ter dor de cabe\u00e7a com a perda do bem ou arcar com preju\u00edzos materiais e pessoas de terceiros. Quando se trata de um ve\u00edculo novo ou seminovo, os propriet\u00e1rios n\u00e3o t\u00eam tantas d\u00favidas ou dificuldades financeiras que os impe\u00e7am de procurar\u2026 Leia mais \u00bb","og_url":"https:\/\/dana.com.br\/canaldana\/2024\/10\/09\/com-assinatura-azul-tem-seguro-de-carros-mais-usados-que-cabe-do-bolso\/","og_site_name":"Canal Dana","article_published_time":"2024-10-09T11:30:12+00:00","author":"Canal Dana","twitter_card":"summary_large_image","twitter_misc":{"Escrito por":"Canal Dana","Est. tempo de leitura":"4 minutos"},"schema":{"@context":"https:\/\/schema.org","@graph":[{"@type":"Article","@id":"https:\/\/dana.com.br\/canaldana\/2024\/10\/09\/com-assinatura-azul-tem-seguro-de-carros-mais-usados-que-cabe-do-bolso\/#article","isPartOf":{"@id":"https:\/\/dana.com.br\/canaldana\/2024\/10\/09\/com-assinatura-azul-tem-seguro-de-carros-mais-usados-que-cabe-do-bolso\/"},"author":{"name":"Canal Dana","@id":"https:\/\/dana.com.br\/canaldana\/#\/schema\/person\/3c21f22f56fcf3bc46b94bc60ea4fef6"},"headline":"Com assinatura, Azul tem seguro de carros mais usados que \u201ccabe do bolso\u201d","datePublished":"2024-10-09T11:30:12+00:00","mainEntityOfPage":{"@id":"https:\/\/dana.com.br\/canaldana\/2024\/10\/09\/com-assinatura-azul-tem-seguro-de-carros-mais-usados-que-cabe-do-bolso\/"},"wordCount":626,"articleSection":["Mercado"],"inLanguage":"pt-BR"},{"@type":"WebPage","@id":"https:\/\/dana.com.br\/canaldana\/2024\/10\/09\/com-assinatura-azul-tem-seguro-de-carros-mais-usados-que-cabe-do-bolso\/","url":"https:\/\/dana.com.br\/canaldana\/2024\/10\/09\/com-assinatura-azul-tem-seguro-de-carros-mais-usados-que-cabe-do-bolso\/","name":"Com assinatura, Azul tem seguro de carros mais usados que \u201ccabe do bolso\u201d - Canal Dana","isPartOf":{"@id":"https:\/\/dana.com.br\/canaldana\/#website"},"datePublished":"2024-10-09T11:30:12+00:00","author":{"@id":"https:\/\/dana.com.br\/canaldana\/#\/schema\/person\/3c21f22f56fcf3bc46b94bc60ea4fef6"},"breadcrumb":{"@id":"https:\/\/dana.com.br\/canaldana\/2024\/10\/09\/com-assinatura-azul-tem-seguro-de-carros-mais-usados-que-cabe-do-bolso\/#breadcrumb"},"inLanguage":"pt-BR","potentialAction":[{"@type":"ReadAction","target":["https:\/\/dana.com.br\/canaldana\/2024\/10\/09\/com-assinatura-azul-tem-seguro-de-carros-mais-usados-que-cabe-do-bolso\/"]}]},{"@type":"BreadcrumbList","@id":"https:\/\/dana.com.br\/canaldana\/2024\/10\/09\/com-assinatura-azul-tem-seguro-de-carros-mais-usados-que-cabe-do-bolso\/#breadcrumb","itemListElement":[{"@type":"ListItem","position":1,"name":"Home","item":"https:\/\/dana.com.br\/canaldana\/"},{"@type":"ListItem","position":2,"name":"Mercado","item":"https:\/\/dana.com.br\/canaldana\/mercado\/"},{"@type":"ListItem","position":3,"name":"Com assinatura, Azul tem seguro de carros mais usados que \u201ccabe do bolso\u201d"}]},{"@type":"WebSite","@id":"https:\/\/dana.com.br\/canaldana\/#website","url":"https:\/\/dana.com.br\/canaldana\/","name":"Canal Dana","description":"Informativo com as principais not\u00edcias da ind\u00fastria automotiva","potentialAction":[{"@type":"SearchAction","target":{"@type":"EntryPoint","urlTemplate":"https:\/\/dana.com.br\/canaldana\/?s={search_term_string}"},"query-input":{"@type":"PropertyValueSpecification","valueRequired":true,"valueName":"search_term_string"}}],"inLanguage":"pt-BR"},{"@type":"Person","@id":"https:\/\/dana.com.br\/canaldana\/#\/schema\/person\/3c21f22f56fcf3bc46b94bc60ea4fef6","name":"Canal Dana","image":{"@type":"ImageObject","inLanguage":"pt-BR","@id":"https:\/\/secure.gravatar.com\/avatar\/420aaf9278582877d9018637c6817617705899d2858d7572ef0fe59a6b6454b4?s=96&d=mm&r=g","url":"https:\/\/secure.gravatar.com\/avatar\/420aaf9278582877d9018637c6817617705899d2858d7572ef0fe59a6b6454b4?s=96&d=mm&r=g","contentUrl":"https:\/\/secure.gravatar.com\/avatar\/420aaf9278582877d9018637c6817617705899d2858d7572ef0fe59a6b6454b4?s=96&d=mm&r=g","caption":"Canal Dana"},"url":"https:\/\/dana.com.br\/canaldana\/author\/cdeditor\/"}]}},"_links":{"self":[{"href":"https:\/\/dana.com.br\/canaldana\/wp-json\/wp\/v2\/posts\/77001","targetHints":{"allow":["GET"]}}],"collection":[{"href":"https:\/\/dana.com.br\/canaldana\/wp-json\/wp\/v2\/posts"}],"about":[{"href":"https:\/\/dana.com.br\/canaldana\/wp-json\/wp\/v2\/types\/post"}],"author":[{"embeddable":true,"href":"https:\/\/dana.com.br\/canaldana\/wp-json\/wp\/v2\/users\/3"}],"replies":[{"embeddable":true,"href":"https:\/\/dana.com.br\/canaldana\/wp-json\/wp\/v2\/comments?post=77001"}],"version-history":[{"count":1,"href":"https:\/\/dana.com.br\/canaldana\/wp-json\/wp\/v2\/posts\/77001\/revisions"}],"predecessor-version":[{"id":77002,"href":"https:\/\/dana.com.br\/canaldana\/wp-json\/wp\/v2\/posts\/77001\/revisions\/77002"}],"wp:attachment":[{"href":"https:\/\/dana.com.br\/canaldana\/wp-json\/wp\/v2\/media?parent=77001"}],"wp:term":[{"taxonomy":"category","embeddable":true,"href":"https:\/\/dana.com.br\/canaldana\/wp-json\/wp\/v2\/categories?post=77001"},{"taxonomy":"post_tag","embeddable":true,"href":"https:\/\/dana.com.br\/canaldana\/wp-json\/wp\/v2\/tags?post=77001"}],"curies":[{"name":"wp","href":"https:\/\/api.w.org\/{rel}","templated":true}]}}