{"id":76964,"date":"2024-10-08T09:08:42","date_gmt":"2024-10-08T12:08:42","guid":{"rendered":"https:\/\/dana.com.br\/canaldana\/?p=76964"},"modified":"2024-10-08T09:08:42","modified_gmt":"2024-10-08T12:08:42","slug":"gwm-inaugura-mais-uma-concessionaria-em-sao-paulo","status":"publish","type":"post","link":"https:\/\/dana.com.br\/canaldana\/2024\/10\/08\/gwm-inaugura-mais-uma-concessionaria-em-sao-paulo\/","title":{"rendered":"GWM inaugura mais uma concession\u00e1ria em S\u00e3o Paulo"},"content":{"rendered":"<p><em>Motor Mais<\/em><\/p>\n<p>&nbsp;<\/p>\n<p>A GWM Brasil, em parceria com o Grupo Toriba, anuncia a inaugura\u00e7\u00e3o da terceira concession\u00e1ria GWM do grupo no estado de S\u00e3o Paulo. A nova loja fica na avenida Alc\u00e2ntara Machado, 3.400, na Radial Leste em S\u00e3o Paulo (SP). As outras duas lojas ficam nas cidades de S\u00e3o Caetano do Sul e Santos.<\/p>\n<p>&nbsp;<\/p>\n<p>Foram investidos R$ 2 milh\u00f5es para inaugurar o novo espa\u00e7o, que ocupa 1.150 m\u00b2, e oferece uma estrutura completa, com showroom moderno e inteligente, muita conectividade e tecnologia.<\/p>\n<p>&nbsp;<\/p>\n<p>\u201cS\u00e3o Paulo \u00e9 o maior mercado consumidor de carros eletrificados. Por isso, investir na abertura de mais uma concession\u00e1ria na capital \u00e9 garantia de sucesso de vendas. Ainda mais tendo \u00e0 frente do neg\u00f3cio a Toriba, um dos maiores e mais consolidados grupos revendedores de autom\u00f3veis do Pa\u00eds\u201d, destaca Alexandre Oliveira, Diretor de Vendas e Desenvolvimento de Rede da GWM Brasil.<\/p>\n<p>&nbsp;<\/p>\n<p>Atualmente, a GWM possui uma ampla rede na maioria das capitais do Brasil, atuando em mais de 50 cidades com 76 pontos de venda, sendo 51 concession\u00e1rias plenas e 25 lojas em shoppings. Todas as concession\u00e1rias oferecem o GWM Delivery, um servi\u00e7o \u00fanico e in\u00e9dito no Brasil, que atende gratuitamente qualquer endere\u00e7o das 5.570 cidades do Pa\u00eds. No GWM Delivery, o ve\u00edculo \u00e9 levado em um caminh\u00e3o, acompanhado do motorista e de um embaixador da marca, que realiza a entrega t\u00e9cnica ao cliente.<\/p>\n<p>&nbsp;<\/p>\n<p>A autotech tamb\u00e9m oferece um sistema de vendas pelo Mercado Livre, proporcionando uma experi\u00eancia diferenciada ao cliente. Para efetuar a compra do ve\u00edculo, sem sair de casa, \u00e9 s\u00f3 depositar R$ 9 mil para garantir sua pr\u00e9-reserva. O restante s\u00f3 \u00e9 pago quando o carro \u00e9 efetivamente faturado para o cliente. O pagamento do saldo pode ser feito por Pix ou boleto, sem necessidade de o cliente ir \u00e0 concession\u00e1ria f\u00edsica. (Motor Mais)<\/p>\n","protected":false},"excerpt":{"rendered":"<p>Motor Mais &nbsp; A GWM Brasil, em parceria com o Grupo Toriba, anuncia a inaugura\u00e7\u00e3o da terceira concession\u00e1ria GWM do grupo no estado de S\u00e3o Paulo. A nova loja fica na avenida Alc\u00e2ntara Machado, 3.400, na Radial Leste em S\u00e3o Paulo (SP). As outras duas lojas ficam nas cidades de S\u00e3o Caetano do Sul e\u2026 <a class=\"readmore\" href=\"https:\/\/dana.com.br\/canaldana\/2024\/10\/08\/gwm-inaugura-mais-uma-concessionaria-em-sao-paulo\/\">Leia mais \u00bb<\/a><\/p>\n","protected":false},"author":3,"featured_media":0,"comment_status":"closed","ping_status":"closed","sticky":false,"template":"","format":"standard","meta":{"_acf_changed":false,"footnotes":""},"categories":[79],"tags":[],"class_list":["post-76964","post","type-post","status-publish","format-standard","hentry","category-mercado"],"acf":[],"yoast_head":"<!-- This site is optimized with the Yoast SEO plugin v27.3 - https:\/\/yoast.com\/product\/yoast-seo-wordpress\/ -->\n<title>GWM inaugura mais uma concession\u00e1ria em S\u00e3o Paulo - Canal Dana<\/title>\n<meta name=\"robots\" content=\"index, follow, max-snippet:-1, max-image-preview:large, max-video-preview:-1\" \/>\n<link rel=\"canonical\" href=\"https:\/\/dana.com.br\/canaldana\/2024\/10\/08\/gwm-inaugura-mais-uma-concessionaria-em-sao-paulo\/\" \/>\n<meta property=\"og:locale\" content=\"pt_BR\" \/>\n<meta property=\"og:type\" content=\"article\" \/>\n<meta property=\"og:title\" content=\"GWM inaugura mais uma concession\u00e1ria em S\u00e3o Paulo - Canal Dana\" \/>\n<meta property=\"og:description\" content=\"Motor Mais &nbsp; A GWM Brasil, em parceria com o Grupo Toriba, anuncia a inaugura\u00e7\u00e3o da terceira concession\u00e1ria GWM do grupo no estado de S\u00e3o Paulo. A nova loja fica na avenida Alc\u00e2ntara Machado, 3.400, na Radial Leste em S\u00e3o Paulo (SP). As outras duas lojas ficam nas cidades de S\u00e3o Caetano do Sul e\u2026 Leia mais \u00bb\" \/>\n<meta property=\"og:url\" content=\"https:\/\/dana.com.br\/canaldana\/2024\/10\/08\/gwm-inaugura-mais-uma-concessionaria-em-sao-paulo\/\" \/>\n<meta property=\"og:site_name\" content=\"Canal Dana\" \/>\n<meta property=\"article:published_time\" content=\"2024-10-08T12:08:42+00:00\" \/>\n<meta name=\"author\" content=\"Canal Dana\" \/>\n<meta name=\"twitter:card\" content=\"summary_large_image\" \/>\n<meta name=\"twitter:label1\" content=\"Escrito por\" \/>\n\t<meta name=\"twitter:data1\" content=\"Canal Dana\" \/>\n\t<meta name=\"twitter:label2\" content=\"Est. tempo de leitura\" \/>\n\t<meta name=\"twitter:data2\" content=\"2 minutos\" \/>\n<script type=\"application\/ld+json\" class=\"yoast-schema-graph\">{\"@context\":\"https:\\\/\\\/schema.org\",\"@graph\":[{\"@type\":\"Article\",\"@id\":\"https:\\\/\\\/dana.com.br\\\/canaldana\\\/2024\\\/10\\\/08\\\/gwm-inaugura-mais-uma-concessionaria-em-sao-paulo\\\/#article\",\"isPartOf\":{\"@id\":\"https:\\\/\\\/dana.com.br\\\/canaldana\\\/2024\\\/10\\\/08\\\/gwm-inaugura-mais-uma-concessionaria-em-sao-paulo\\\/\"},\"author\":{\"name\":\"Canal Dana\",\"@id\":\"https:\\\/\\\/dana.com.br\\\/canaldana\\\/#\\\/schema\\\/person\\\/3c21f22f56fcf3bc46b94bc60ea4fef6\"},\"headline\":\"GWM inaugura mais uma concession\u00e1ria em S\u00e3o Paulo\",\"datePublished\":\"2024-10-08T12:08:42+00:00\",\"mainEntityOfPage\":{\"@id\":\"https:\\\/\\\/dana.com.br\\\/canaldana\\\/2024\\\/10\\\/08\\\/gwm-inaugura-mais-uma-concessionaria-em-sao-paulo\\\/\"},\"wordCount\":326,\"articleSection\":[\"Mercado\"],\"inLanguage\":\"pt-BR\"},{\"@type\":\"WebPage\",\"@id\":\"https:\\\/\\\/dana.com.br\\\/canaldana\\\/2024\\\/10\\\/08\\\/gwm-inaugura-mais-uma-concessionaria-em-sao-paulo\\\/\",\"url\":\"https:\\\/\\\/dana.com.br\\\/canaldana\\\/2024\\\/10\\\/08\\\/gwm-inaugura-mais-uma-concessionaria-em-sao-paulo\\\/\",\"name\":\"GWM inaugura mais uma concession\u00e1ria em S\u00e3o Paulo - Canal Dana\",\"isPartOf\":{\"@id\":\"https:\\\/\\\/dana.com.br\\\/canaldana\\\/#website\"},\"datePublished\":\"2024-10-08T12:08:42+00:00\",\"author\":{\"@id\":\"https:\\\/\\\/dana.com.br\\\/canaldana\\\/#\\\/schema\\\/person\\\/3c21f22f56fcf3bc46b94bc60ea4fef6\"},\"breadcrumb\":{\"@id\":\"https:\\\/\\\/dana.com.br\\\/canaldana\\\/2024\\\/10\\\/08\\\/gwm-inaugura-mais-uma-concessionaria-em-sao-paulo\\\/#breadcrumb\"},\"inLanguage\":\"pt-BR\",\"potentialAction\":[{\"@type\":\"ReadAction\",\"target\":[\"https:\\\/\\\/dana.com.br\\\/canaldana\\\/2024\\\/10\\\/08\\\/gwm-inaugura-mais-uma-concessionaria-em-sao-paulo\\\/\"]}]},{\"@type\":\"BreadcrumbList\",\"@id\":\"https:\\\/\\\/dana.com.br\\\/canaldana\\\/2024\\\/10\\\/08\\\/gwm-inaugura-mais-uma-concessionaria-em-sao-paulo\\\/#breadcrumb\",\"itemListElement\":[{\"@type\":\"ListItem\",\"position\":1,\"name\":\"Home\",\"item\":\"https:\\\/\\\/dana.com.br\\\/canaldana\\\/\"},{\"@type\":\"ListItem\",\"position\":2,\"name\":\"Mercado\",\"item\":\"https:\\\/\\\/dana.com.br\\\/canaldana\\\/mercado\\\/\"},{\"@type\":\"ListItem\",\"position\":3,\"name\":\"GWM inaugura mais uma concession\u00e1ria em S\u00e3o Paulo\"}]},{\"@type\":\"WebSite\",\"@id\":\"https:\\\/\\\/dana.com.br\\\/canaldana\\\/#website\",\"url\":\"https:\\\/\\\/dana.com.br\\\/canaldana\\\/\",\"name\":\"Canal Dana\",\"description\":\"Informativo com as principais not\u00edcias da ind\u00fastria automotiva\",\"potentialAction\":[{\"@type\":\"SearchAction\",\"target\":{\"@type\":\"EntryPoint\",\"urlTemplate\":\"https:\\\/\\\/dana.com.br\\\/canaldana\\\/?s={search_term_string}\"},\"query-input\":{\"@type\":\"PropertyValueSpecification\",\"valueRequired\":true,\"valueName\":\"search_term_string\"}}],\"inLanguage\":\"pt-BR\"},{\"@type\":\"Person\",\"@id\":\"https:\\\/\\\/dana.com.br\\\/canaldana\\\/#\\\/schema\\\/person\\\/3c21f22f56fcf3bc46b94bc60ea4fef6\",\"name\":\"Canal Dana\",\"image\":{\"@type\":\"ImageObject\",\"inLanguage\":\"pt-BR\",\"@id\":\"https:\\\/\\\/secure.gravatar.com\\\/avatar\\\/420aaf9278582877d9018637c6817617705899d2858d7572ef0fe59a6b6454b4?s=96&d=mm&r=g\",\"url\":\"https:\\\/\\\/secure.gravatar.com\\\/avatar\\\/420aaf9278582877d9018637c6817617705899d2858d7572ef0fe59a6b6454b4?s=96&d=mm&r=g\",\"contentUrl\":\"https:\\\/\\\/secure.gravatar.com\\\/avatar\\\/420aaf9278582877d9018637c6817617705899d2858d7572ef0fe59a6b6454b4?s=96&d=mm&r=g\",\"caption\":\"Canal Dana\"},\"url\":\"https:\\\/\\\/dana.com.br\\\/canaldana\\\/author\\\/cdeditor\\\/\"}]}<\/script>\n<!-- \/ Yoast SEO plugin. -->","yoast_head_json":{"title":"GWM inaugura mais uma concession\u00e1ria em S\u00e3o Paulo - Canal Dana","robots":{"index":"index","follow":"follow","max-snippet":"max-snippet:-1","max-image-preview":"max-image-preview:large","max-video-preview":"max-video-preview:-1"},"canonical":"https:\/\/dana.com.br\/canaldana\/2024\/10\/08\/gwm-inaugura-mais-uma-concessionaria-em-sao-paulo\/","og_locale":"pt_BR","og_type":"article","og_title":"GWM inaugura mais uma concession\u00e1ria em S\u00e3o Paulo - Canal Dana","og_description":"Motor Mais &nbsp; A GWM Brasil, em parceria com o Grupo Toriba, anuncia a inaugura\u00e7\u00e3o da terceira concession\u00e1ria GWM do grupo no estado de S\u00e3o Paulo. A nova loja fica na avenida Alc\u00e2ntara Machado, 3.400, na Radial Leste em S\u00e3o Paulo (SP). As outras duas lojas ficam nas cidades de S\u00e3o Caetano do Sul e\u2026 Leia mais \u00bb","og_url":"https:\/\/dana.com.br\/canaldana\/2024\/10\/08\/gwm-inaugura-mais-uma-concessionaria-em-sao-paulo\/","og_site_name":"Canal Dana","article_published_time":"2024-10-08T12:08:42+00:00","author":"Canal Dana","twitter_card":"summary_large_image","twitter_misc":{"Escrito por":"Canal Dana","Est. tempo de leitura":"2 minutos"},"schema":{"@context":"https:\/\/schema.org","@graph":[{"@type":"Article","@id":"https:\/\/dana.com.br\/canaldana\/2024\/10\/08\/gwm-inaugura-mais-uma-concessionaria-em-sao-paulo\/#article","isPartOf":{"@id":"https:\/\/dana.com.br\/canaldana\/2024\/10\/08\/gwm-inaugura-mais-uma-concessionaria-em-sao-paulo\/"},"author":{"name":"Canal Dana","@id":"https:\/\/dana.com.br\/canaldana\/#\/schema\/person\/3c21f22f56fcf3bc46b94bc60ea4fef6"},"headline":"GWM inaugura mais uma concession\u00e1ria em S\u00e3o Paulo","datePublished":"2024-10-08T12:08:42+00:00","mainEntityOfPage":{"@id":"https:\/\/dana.com.br\/canaldana\/2024\/10\/08\/gwm-inaugura-mais-uma-concessionaria-em-sao-paulo\/"},"wordCount":326,"articleSection":["Mercado"],"inLanguage":"pt-BR"},{"@type":"WebPage","@id":"https:\/\/dana.com.br\/canaldana\/2024\/10\/08\/gwm-inaugura-mais-uma-concessionaria-em-sao-paulo\/","url":"https:\/\/dana.com.br\/canaldana\/2024\/10\/08\/gwm-inaugura-mais-uma-concessionaria-em-sao-paulo\/","name":"GWM inaugura mais uma concession\u00e1ria em S\u00e3o Paulo - Canal Dana","isPartOf":{"@id":"https:\/\/dana.com.br\/canaldana\/#website"},"datePublished":"2024-10-08T12:08:42+00:00","author":{"@id":"https:\/\/dana.com.br\/canaldana\/#\/schema\/person\/3c21f22f56fcf3bc46b94bc60ea4fef6"},"breadcrumb":{"@id":"https:\/\/dana.com.br\/canaldana\/2024\/10\/08\/gwm-inaugura-mais-uma-concessionaria-em-sao-paulo\/#breadcrumb"},"inLanguage":"pt-BR","potentialAction":[{"@type":"ReadAction","target":["https:\/\/dana.com.br\/canaldana\/2024\/10\/08\/gwm-inaugura-mais-uma-concessionaria-em-sao-paulo\/"]}]},{"@type":"BreadcrumbList","@id":"https:\/\/dana.com.br\/canaldana\/2024\/10\/08\/gwm-inaugura-mais-uma-concessionaria-em-sao-paulo\/#breadcrumb","itemListElement":[{"@type":"ListItem","position":1,"name":"Home","item":"https:\/\/dana.com.br\/canaldana\/"},{"@type":"ListItem","position":2,"name":"Mercado","item":"https:\/\/dana.com.br\/canaldana\/mercado\/"},{"@type":"ListItem","position":3,"name":"GWM inaugura mais uma concession\u00e1ria em S\u00e3o Paulo"}]},{"@type":"WebSite","@id":"https:\/\/dana.com.br\/canaldana\/#website","url":"https:\/\/dana.com.br\/canaldana\/","name":"Canal Dana","description":"Informativo com as principais not\u00edcias da ind\u00fastria automotiva","potentialAction":[{"@type":"SearchAction","target":{"@type":"EntryPoint","urlTemplate":"https:\/\/dana.com.br\/canaldana\/?s={search_term_string}"},"query-input":{"@type":"PropertyValueSpecification","valueRequired":true,"valueName":"search_term_string"}}],"inLanguage":"pt-BR"},{"@type":"Person","@id":"https:\/\/dana.com.br\/canaldana\/#\/schema\/person\/3c21f22f56fcf3bc46b94bc60ea4fef6","name":"Canal Dana","image":{"@type":"ImageObject","inLanguage":"pt-BR","@id":"https:\/\/secure.gravatar.com\/avatar\/420aaf9278582877d9018637c6817617705899d2858d7572ef0fe59a6b6454b4?s=96&d=mm&r=g","url":"https:\/\/secure.gravatar.com\/avatar\/420aaf9278582877d9018637c6817617705899d2858d7572ef0fe59a6b6454b4?s=96&d=mm&r=g","contentUrl":"https:\/\/secure.gravatar.com\/avatar\/420aaf9278582877d9018637c6817617705899d2858d7572ef0fe59a6b6454b4?s=96&d=mm&r=g","caption":"Canal Dana"},"url":"https:\/\/dana.com.br\/canaldana\/author\/cdeditor\/"}]}},"_links":{"self":[{"href":"https:\/\/dana.com.br\/canaldana\/wp-json\/wp\/v2\/posts\/76964","targetHints":{"allow":["GET"]}}],"collection":[{"href":"https:\/\/dana.com.br\/canaldana\/wp-json\/wp\/v2\/posts"}],"about":[{"href":"https:\/\/dana.com.br\/canaldana\/wp-json\/wp\/v2\/types\/post"}],"author":[{"embeddable":true,"href":"https:\/\/dana.com.br\/canaldana\/wp-json\/wp\/v2\/users\/3"}],"replies":[{"embeddable":true,"href":"https:\/\/dana.com.br\/canaldana\/wp-json\/wp\/v2\/comments?post=76964"}],"version-history":[{"count":1,"href":"https:\/\/dana.com.br\/canaldana\/wp-json\/wp\/v2\/posts\/76964\/revisions"}],"predecessor-version":[{"id":76965,"href":"https:\/\/dana.com.br\/canaldana\/wp-json\/wp\/v2\/posts\/76964\/revisions\/76965"}],"wp:attachment":[{"href":"https:\/\/dana.com.br\/canaldana\/wp-json\/wp\/v2\/media?parent=76964"}],"wp:term":[{"taxonomy":"category","embeddable":true,"href":"https:\/\/dana.com.br\/canaldana\/wp-json\/wp\/v2\/categories?post=76964"},{"taxonomy":"post_tag","embeddable":true,"href":"https:\/\/dana.com.br\/canaldana\/wp-json\/wp\/v2\/tags?post=76964"}],"curies":[{"name":"wp","href":"https:\/\/api.w.org\/{rel}","templated":true}]}}