{"id":76958,"date":"2024-10-08T09:06:55","date_gmt":"2024-10-08T12:06:55","guid":{"rendered":"https:\/\/dana.com.br\/canaldana\/?p=76958"},"modified":"2024-10-08T09:06:55","modified_gmt":"2024-10-08T12:06:55","slug":"citroen-basalt-tem-desconto-para-pcd-veja-precos","status":"publish","type":"post","link":"https:\/\/dana.com.br\/canaldana\/2024\/10\/08\/citroen-basalt-tem-desconto-para-pcd-veja-precos\/","title":{"rendered":"Citro\u00ebn Basalt tem desconto para PCD, veja pre\u00e7os"},"content":{"rendered":"<p><em>Portal Terra\/Mobilidade<\/em><\/p>\n<p>&nbsp;<\/p>\n<p>A Citro\u00ebn acaba de liberar seu mais novo lan\u00e7amento para o p\u00fablico PCD: o Basalt. O novo SUV Cup\u00ea da Citro\u00ebn foi disponibilizado na modalidade em tr\u00eas vers\u00f5es: Feel 1.0, Feel T200 e Shine T200, sengundo apurado pelo site Mundo do Autom\u00f3vel para PCD.<\/p>\n<p>&nbsp;<\/p>\n<p>Ainda segundo o site, todas as vers\u00f5es oferecem isen\u00e7\u00e3o integral de IPI e parcial de ICMS. Al\u00e9m disso, a fabricante est\u00e1 aplicando um b\u00f4nus de 12% na modalidade. Contudo, \u00e9 importante destacar que os pre\u00e7os p\u00fablicos anunciados no lan\u00e7amento s\u00e3o promocionais, e portanto, n\u00e3o s\u00e3o v\u00e1lidos para vendas diretas.<\/p>\n<p>&nbsp;<\/p>\n<p>Primeiramente, a vers\u00e3o de entrada, a Feel 1.0 manual, oferece um desconto significativo de R$ 21.700. Esta vers\u00e3o inclui uma s\u00e9rie de itens de s\u00e9rie como 4 airbags, ar-condicionado, banco do motorista com regulagem de altura, c\u00e2mera de r\u00e9 e chave canivete. Al\u00e9m disso, h\u00e1 dire\u00e7\u00e3o el\u00e9trica com regulagem de altura, luzes diurnas em LEDs, painel de instrumentos de 7\u201d, retrovisores el\u00e9tricos, rodas de 16\u201d com pneus 205\/50 e central multim\u00eddia de 10\u201d com Android Auto e Apple CarPlay sem fios.<\/p>\n<p>&nbsp;<\/p>\n<p>Passando para a vers\u00e3o intermedi\u00e1ria, a Feel T200 CVT, o desconto aumenta para R$ 24.900. Ela possui todos os equipamentos da vers\u00e3o Feel 1.0 MT, mas acrescenta um motor turbo e c\u00e2mbio autom\u00e1tico CVT.<\/p>\n<p>&nbsp;<\/p>\n<p>Por fim, a vers\u00e3o topo de linha, a Shine T200 CVT, conta com um desconto ainda maior de R$ 25.500. Ela vem equipada com todos os itens das vers\u00f5es anteriores e acrescenta ainda mais comodidade, como ar-agrega bancos e volante com revestimento premium, far\u00f3is de neblina, limitador e piloto autom\u00e1tico. Como opcional, a vers\u00e3o Shine oferece pintura bitom, rodas diamantadas e sensor de estacionamento traseiro, refor\u00e7ando seu car\u00e1ter de luxo.<\/p>\n<p>&nbsp;<\/p>\n<p>No quesito mec\u00e2nico, a vers\u00e3o de entrada vem equipada com motor 1.0 Firefly aspirado de at\u00e9 75 cavalos e 10,7 kgfm de torque, com c\u00e2mbio manual.<\/p>\n<p>&nbsp;<\/p>\n<p>J\u00e1 as vers\u00f5es Feel T200 e Shine T200 trazem motor 1.0 turbo de at\u00e9 130 cavalos e 20,4 kgfm de torque, aliado a um c\u00e2mbio CVT que simula sete velocidades, proporcionando uma dire\u00e7\u00e3o mais din\u00e2mica.<\/p>\n<p>&nbsp;<\/p>\n<p>Confira os pre\u00e7os do Citro\u00ebn Basalt para PCD<\/p>\n<p>&nbsp;<\/p>\n<p>Feel 1.0 MT<\/p>\n<p>&nbsp;<\/p>\n<p>Pre\u00e7o p\u00fablico: R$ 96.990<\/p>\n<p>Pre\u00e7o PCD: R$ 75.290<\/p>\n<p>Feel 1.0 T200 CVT<\/p>\n<p>&nbsp;<\/p>\n<p><strong>Pre\u00e7o p\u00fablico:<\/strong> R$ 112.290<\/p>\n<p><strong>Pre\u00e7o PCD:<\/strong> R$ 87.390<\/p>\n<p>Shine 1.0 T200 CVT<\/p>\n<p>&nbsp;<\/p>\n<p><strong>Pre\u00e7o p\u00fablico:<\/strong> R$ 115.890<\/p>\n<p><strong>Pre\u00e7o PCD:<\/strong> R$ 90.390<\/p>\n<p>(Portal Terra\/Mobilidade)<\/p>\n","protected":false},"excerpt":{"rendered":"<p>Portal Terra\/Mobilidade &nbsp; A Citro\u00ebn acaba de liberar seu mais novo lan\u00e7amento para o p\u00fablico PCD: o Basalt. O novo SUV Cup\u00ea da Citro\u00ebn foi disponibilizado na modalidade em tr\u00eas vers\u00f5es: Feel 1.0, Feel T200 e Shine T200, sengundo apurado pelo site Mundo do Autom\u00f3vel para PCD. &nbsp; Ainda segundo o site, todas as vers\u00f5es\u2026 <a class=\"readmore\" href=\"https:\/\/dana.com.br\/canaldana\/2024\/10\/08\/citroen-basalt-tem-desconto-para-pcd-veja-precos\/\">Leia mais \u00bb<\/a><\/p>\n","protected":false},"author":3,"featured_media":0,"comment_status":"closed","ping_status":"closed","sticky":false,"template":"","format":"standard","meta":{"_acf_changed":false,"footnotes":""},"categories":[79],"tags":[],"class_list":["post-76958","post","type-post","status-publish","format-standard","hentry","category-mercado"],"acf":[],"yoast_head":"<!-- This site is optimized with the Yoast SEO plugin v27.3 - https:\/\/yoast.com\/product\/yoast-seo-wordpress\/ -->\n<title>Citro\u00ebn Basalt tem desconto para PCD, veja pre\u00e7os - Canal Dana<\/title>\n<meta name=\"robots\" content=\"index, follow, max-snippet:-1, max-image-preview:large, max-video-preview:-1\" \/>\n<link rel=\"canonical\" href=\"https:\/\/dana.com.br\/canaldana\/2024\/10\/08\/citroen-basalt-tem-desconto-para-pcd-veja-precos\/\" \/>\n<meta property=\"og:locale\" content=\"pt_BR\" \/>\n<meta property=\"og:type\" content=\"article\" \/>\n<meta property=\"og:title\" content=\"Citro\u00ebn Basalt tem desconto para PCD, veja pre\u00e7os - Canal Dana\" \/>\n<meta property=\"og:description\" content=\"Portal Terra\/Mobilidade &nbsp; A Citro\u00ebn acaba de liberar seu mais novo lan\u00e7amento para o p\u00fablico PCD: o Basalt. O novo SUV Cup\u00ea da Citro\u00ebn foi disponibilizado na modalidade em tr\u00eas vers\u00f5es: Feel 1.0, Feel T200 e Shine T200, sengundo apurado pelo site Mundo do Autom\u00f3vel para PCD. &nbsp; Ainda segundo o site, todas as vers\u00f5es\u2026 Leia mais \u00bb\" \/>\n<meta property=\"og:url\" content=\"https:\/\/dana.com.br\/canaldana\/2024\/10\/08\/citroen-basalt-tem-desconto-para-pcd-veja-precos\/\" \/>\n<meta property=\"og:site_name\" content=\"Canal Dana\" \/>\n<meta property=\"article:published_time\" content=\"2024-10-08T12:06:55+00:00\" \/>\n<meta name=\"author\" content=\"Canal Dana\" \/>\n<meta name=\"twitter:card\" content=\"summary_large_image\" \/>\n<meta name=\"twitter:label1\" content=\"Escrito por\" \/>\n\t<meta name=\"twitter:data1\" content=\"Canal Dana\" \/>\n\t<meta name=\"twitter:label2\" content=\"Est. tempo de leitura\" \/>\n\t<meta name=\"twitter:data2\" content=\"3 minutos\" \/>\n<script type=\"application\/ld+json\" class=\"yoast-schema-graph\">{\"@context\":\"https:\\\/\\\/schema.org\",\"@graph\":[{\"@type\":\"Article\",\"@id\":\"https:\\\/\\\/dana.com.br\\\/canaldana\\\/2024\\\/10\\\/08\\\/citroen-basalt-tem-desconto-para-pcd-veja-precos\\\/#article\",\"isPartOf\":{\"@id\":\"https:\\\/\\\/dana.com.br\\\/canaldana\\\/2024\\\/10\\\/08\\\/citroen-basalt-tem-desconto-para-pcd-veja-precos\\\/\"},\"author\":{\"name\":\"Canal Dana\",\"@id\":\"https:\\\/\\\/dana.com.br\\\/canaldana\\\/#\\\/schema\\\/person\\\/3c21f22f56fcf3bc46b94bc60ea4fef6\"},\"headline\":\"Citro\u00ebn Basalt tem desconto para PCD, veja pre\u00e7os\",\"datePublished\":\"2024-10-08T12:06:55+00:00\",\"mainEntityOfPage\":{\"@id\":\"https:\\\/\\\/dana.com.br\\\/canaldana\\\/2024\\\/10\\\/08\\\/citroen-basalt-tem-desconto-para-pcd-veja-precos\\\/\"},\"wordCount\":440,\"articleSection\":[\"Mercado\"],\"inLanguage\":\"pt-BR\"},{\"@type\":\"WebPage\",\"@id\":\"https:\\\/\\\/dana.com.br\\\/canaldana\\\/2024\\\/10\\\/08\\\/citroen-basalt-tem-desconto-para-pcd-veja-precos\\\/\",\"url\":\"https:\\\/\\\/dana.com.br\\\/canaldana\\\/2024\\\/10\\\/08\\\/citroen-basalt-tem-desconto-para-pcd-veja-precos\\\/\",\"name\":\"Citro\u00ebn Basalt tem desconto para PCD, veja pre\u00e7os - Canal Dana\",\"isPartOf\":{\"@id\":\"https:\\\/\\\/dana.com.br\\\/canaldana\\\/#website\"},\"datePublished\":\"2024-10-08T12:06:55+00:00\",\"author\":{\"@id\":\"https:\\\/\\\/dana.com.br\\\/canaldana\\\/#\\\/schema\\\/person\\\/3c21f22f56fcf3bc46b94bc60ea4fef6\"},\"breadcrumb\":{\"@id\":\"https:\\\/\\\/dana.com.br\\\/canaldana\\\/2024\\\/10\\\/08\\\/citroen-basalt-tem-desconto-para-pcd-veja-precos\\\/#breadcrumb\"},\"inLanguage\":\"pt-BR\",\"potentialAction\":[{\"@type\":\"ReadAction\",\"target\":[\"https:\\\/\\\/dana.com.br\\\/canaldana\\\/2024\\\/10\\\/08\\\/citroen-basalt-tem-desconto-para-pcd-veja-precos\\\/\"]}]},{\"@type\":\"BreadcrumbList\",\"@id\":\"https:\\\/\\\/dana.com.br\\\/canaldana\\\/2024\\\/10\\\/08\\\/citroen-basalt-tem-desconto-para-pcd-veja-precos\\\/#breadcrumb\",\"itemListElement\":[{\"@type\":\"ListItem\",\"position\":1,\"name\":\"Home\",\"item\":\"https:\\\/\\\/dana.com.br\\\/canaldana\\\/\"},{\"@type\":\"ListItem\",\"position\":2,\"name\":\"Mercado\",\"item\":\"https:\\\/\\\/dana.com.br\\\/canaldana\\\/mercado\\\/\"},{\"@type\":\"ListItem\",\"position\":3,\"name\":\"Citro\u00ebn Basalt tem desconto para PCD, veja pre\u00e7os\"}]},{\"@type\":\"WebSite\",\"@id\":\"https:\\\/\\\/dana.com.br\\\/canaldana\\\/#website\",\"url\":\"https:\\\/\\\/dana.com.br\\\/canaldana\\\/\",\"name\":\"Canal Dana\",\"description\":\"Informativo com as principais not\u00edcias da ind\u00fastria automotiva\",\"potentialAction\":[{\"@type\":\"SearchAction\",\"target\":{\"@type\":\"EntryPoint\",\"urlTemplate\":\"https:\\\/\\\/dana.com.br\\\/canaldana\\\/?s={search_term_string}\"},\"query-input\":{\"@type\":\"PropertyValueSpecification\",\"valueRequired\":true,\"valueName\":\"search_term_string\"}}],\"inLanguage\":\"pt-BR\"},{\"@type\":\"Person\",\"@id\":\"https:\\\/\\\/dana.com.br\\\/canaldana\\\/#\\\/schema\\\/person\\\/3c21f22f56fcf3bc46b94bc60ea4fef6\",\"name\":\"Canal Dana\",\"image\":{\"@type\":\"ImageObject\",\"inLanguage\":\"pt-BR\",\"@id\":\"https:\\\/\\\/secure.gravatar.com\\\/avatar\\\/420aaf9278582877d9018637c6817617705899d2858d7572ef0fe59a6b6454b4?s=96&d=mm&r=g\",\"url\":\"https:\\\/\\\/secure.gravatar.com\\\/avatar\\\/420aaf9278582877d9018637c6817617705899d2858d7572ef0fe59a6b6454b4?s=96&d=mm&r=g\",\"contentUrl\":\"https:\\\/\\\/secure.gravatar.com\\\/avatar\\\/420aaf9278582877d9018637c6817617705899d2858d7572ef0fe59a6b6454b4?s=96&d=mm&r=g\",\"caption\":\"Canal Dana\"},\"url\":\"https:\\\/\\\/dana.com.br\\\/canaldana\\\/author\\\/cdeditor\\\/\"}]}<\/script>\n<!-- \/ Yoast SEO plugin. -->","yoast_head_json":{"title":"Citro\u00ebn Basalt tem desconto para PCD, veja pre\u00e7os - Canal Dana","robots":{"index":"index","follow":"follow","max-snippet":"max-snippet:-1","max-image-preview":"max-image-preview:large","max-video-preview":"max-video-preview:-1"},"canonical":"https:\/\/dana.com.br\/canaldana\/2024\/10\/08\/citroen-basalt-tem-desconto-para-pcd-veja-precos\/","og_locale":"pt_BR","og_type":"article","og_title":"Citro\u00ebn Basalt tem desconto para PCD, veja pre\u00e7os - Canal Dana","og_description":"Portal Terra\/Mobilidade &nbsp; A Citro\u00ebn acaba de liberar seu mais novo lan\u00e7amento para o p\u00fablico PCD: o Basalt. O novo SUV Cup\u00ea da Citro\u00ebn foi disponibilizado na modalidade em tr\u00eas vers\u00f5es: Feel 1.0, Feel T200 e Shine T200, sengundo apurado pelo site Mundo do Autom\u00f3vel para PCD. &nbsp; Ainda segundo o site, todas as vers\u00f5es\u2026 Leia mais \u00bb","og_url":"https:\/\/dana.com.br\/canaldana\/2024\/10\/08\/citroen-basalt-tem-desconto-para-pcd-veja-precos\/","og_site_name":"Canal Dana","article_published_time":"2024-10-08T12:06:55+00:00","author":"Canal Dana","twitter_card":"summary_large_image","twitter_misc":{"Escrito por":"Canal Dana","Est. tempo de leitura":"3 minutos"},"schema":{"@context":"https:\/\/schema.org","@graph":[{"@type":"Article","@id":"https:\/\/dana.com.br\/canaldana\/2024\/10\/08\/citroen-basalt-tem-desconto-para-pcd-veja-precos\/#article","isPartOf":{"@id":"https:\/\/dana.com.br\/canaldana\/2024\/10\/08\/citroen-basalt-tem-desconto-para-pcd-veja-precos\/"},"author":{"name":"Canal Dana","@id":"https:\/\/dana.com.br\/canaldana\/#\/schema\/person\/3c21f22f56fcf3bc46b94bc60ea4fef6"},"headline":"Citro\u00ebn Basalt tem desconto para PCD, veja pre\u00e7os","datePublished":"2024-10-08T12:06:55+00:00","mainEntityOfPage":{"@id":"https:\/\/dana.com.br\/canaldana\/2024\/10\/08\/citroen-basalt-tem-desconto-para-pcd-veja-precos\/"},"wordCount":440,"articleSection":["Mercado"],"inLanguage":"pt-BR"},{"@type":"WebPage","@id":"https:\/\/dana.com.br\/canaldana\/2024\/10\/08\/citroen-basalt-tem-desconto-para-pcd-veja-precos\/","url":"https:\/\/dana.com.br\/canaldana\/2024\/10\/08\/citroen-basalt-tem-desconto-para-pcd-veja-precos\/","name":"Citro\u00ebn Basalt tem desconto para PCD, veja pre\u00e7os - Canal Dana","isPartOf":{"@id":"https:\/\/dana.com.br\/canaldana\/#website"},"datePublished":"2024-10-08T12:06:55+00:00","author":{"@id":"https:\/\/dana.com.br\/canaldana\/#\/schema\/person\/3c21f22f56fcf3bc46b94bc60ea4fef6"},"breadcrumb":{"@id":"https:\/\/dana.com.br\/canaldana\/2024\/10\/08\/citroen-basalt-tem-desconto-para-pcd-veja-precos\/#breadcrumb"},"inLanguage":"pt-BR","potentialAction":[{"@type":"ReadAction","target":["https:\/\/dana.com.br\/canaldana\/2024\/10\/08\/citroen-basalt-tem-desconto-para-pcd-veja-precos\/"]}]},{"@type":"BreadcrumbList","@id":"https:\/\/dana.com.br\/canaldana\/2024\/10\/08\/citroen-basalt-tem-desconto-para-pcd-veja-precos\/#breadcrumb","itemListElement":[{"@type":"ListItem","position":1,"name":"Home","item":"https:\/\/dana.com.br\/canaldana\/"},{"@type":"ListItem","position":2,"name":"Mercado","item":"https:\/\/dana.com.br\/canaldana\/mercado\/"},{"@type":"ListItem","position":3,"name":"Citro\u00ebn Basalt tem desconto para PCD, veja pre\u00e7os"}]},{"@type":"WebSite","@id":"https:\/\/dana.com.br\/canaldana\/#website","url":"https:\/\/dana.com.br\/canaldana\/","name":"Canal Dana","description":"Informativo com as principais not\u00edcias da ind\u00fastria automotiva","potentialAction":[{"@type":"SearchAction","target":{"@type":"EntryPoint","urlTemplate":"https:\/\/dana.com.br\/canaldana\/?s={search_term_string}"},"query-input":{"@type":"PropertyValueSpecification","valueRequired":true,"valueName":"search_term_string"}}],"inLanguage":"pt-BR"},{"@type":"Person","@id":"https:\/\/dana.com.br\/canaldana\/#\/schema\/person\/3c21f22f56fcf3bc46b94bc60ea4fef6","name":"Canal Dana","image":{"@type":"ImageObject","inLanguage":"pt-BR","@id":"https:\/\/secure.gravatar.com\/avatar\/420aaf9278582877d9018637c6817617705899d2858d7572ef0fe59a6b6454b4?s=96&d=mm&r=g","url":"https:\/\/secure.gravatar.com\/avatar\/420aaf9278582877d9018637c6817617705899d2858d7572ef0fe59a6b6454b4?s=96&d=mm&r=g","contentUrl":"https:\/\/secure.gravatar.com\/avatar\/420aaf9278582877d9018637c6817617705899d2858d7572ef0fe59a6b6454b4?s=96&d=mm&r=g","caption":"Canal Dana"},"url":"https:\/\/dana.com.br\/canaldana\/author\/cdeditor\/"}]}},"_links":{"self":[{"href":"https:\/\/dana.com.br\/canaldana\/wp-json\/wp\/v2\/posts\/76958","targetHints":{"allow":["GET"]}}],"collection":[{"href":"https:\/\/dana.com.br\/canaldana\/wp-json\/wp\/v2\/posts"}],"about":[{"href":"https:\/\/dana.com.br\/canaldana\/wp-json\/wp\/v2\/types\/post"}],"author":[{"embeddable":true,"href":"https:\/\/dana.com.br\/canaldana\/wp-json\/wp\/v2\/users\/3"}],"replies":[{"embeddable":true,"href":"https:\/\/dana.com.br\/canaldana\/wp-json\/wp\/v2\/comments?post=76958"}],"version-history":[{"count":1,"href":"https:\/\/dana.com.br\/canaldana\/wp-json\/wp\/v2\/posts\/76958\/revisions"}],"predecessor-version":[{"id":76959,"href":"https:\/\/dana.com.br\/canaldana\/wp-json\/wp\/v2\/posts\/76958\/revisions\/76959"}],"wp:attachment":[{"href":"https:\/\/dana.com.br\/canaldana\/wp-json\/wp\/v2\/media?parent=76958"}],"wp:term":[{"taxonomy":"category","embeddable":true,"href":"https:\/\/dana.com.br\/canaldana\/wp-json\/wp\/v2\/categories?post=76958"},{"taxonomy":"post_tag","embeddable":true,"href":"https:\/\/dana.com.br\/canaldana\/wp-json\/wp\/v2\/tags?post=76958"}],"curies":[{"name":"wp","href":"https:\/\/api.w.org\/{rel}","templated":true}]}}