{"id":76952,"date":"2024-10-08T09:05:04","date_gmt":"2024-10-08T12:05:04","guid":{"rendered":"https:\/\/dana.com.br\/canaldana\/?p=76952"},"modified":"2024-10-08T09:05:04","modified_gmt":"2024-10-08T12:05:04","slug":"setcepar-oferece-cursos-voltados-ao-transporte-de-cargas-em-outubro","status":"publish","type":"post","link":"https:\/\/dana.com.br\/canaldana\/2024\/10\/08\/setcepar-oferece-cursos-voltados-ao-transporte-de-cargas-em-outubro\/","title":{"rendered":"SETCEPAR oferece cursos voltados ao transporte de cargas em outubro"},"content":{"rendered":"<p><em>Frota &amp; Cia\u00a0\u00a0 <\/em><\/p>\n<p>&nbsp;<\/p>\n<p>Com a ideia de capacitar os profissionais, contribuir para a inova\u00e7\u00e3o e a competitividade das empresas no mercado, o Sindicato das Empresas de Transportes de Cargas no Estado do Paran\u00e1 (SETCEPAR), por meio do Instituto Setcepar de Educa\u00e7\u00e3o no Transporte (ISET), oferecer\u00e1 cursos voltados a profissionais do setor de transporte.<\/p>\n<p>&nbsp;<\/p>\n<p>De acordo com a coordenadora de Recursos Humanos do SETCEPAR, Vivian Nunes, os cursos s\u00e3o fundamentais para o desenvolvimento profissional dos trabalhadores do setor de transporte. \u201cEles n\u00e3o apenas capacitam os colaboradores com conhecimentos t\u00e9cnicos e pr\u00e1ticos, mas tamb\u00e9m promovem a efici\u00eancia operacional nas empresas\u201d.<\/p>\n<p>&nbsp;<\/p>\n<p>Para o m\u00eas de outubro, destacam-se os cursos de Apura\u00e7\u00e3o de ICMS para transportadoras do Paran\u00e1; Desenvolvimento de Conferentes de Cargas; Rotina de Departamento Pessoal para Transportadoras e, por fim, Gest\u00e3o da Performance da Frota de Ve\u00edculos atrav\u00e9s de Indicadores de Desempenho. \u201cA forma\u00e7\u00e3o cont\u00ednua \u00e9 essencial para garantir que os profissionais estejam atualizados com as melhores pr\u00e1ticas e legisla\u00e7\u00f5es, especialmente em \u00e1reas cr\u00edticas como a apura\u00e7\u00e3o de ICMS e a Gest\u00e3o de Recursos Humanos\u201d, explica Nunes.<\/p>\n<p>&nbsp;<\/p>\n<p>O SETCEPAR possui programa\u00e7\u00e3o mensal de Reuni\u00f5es das Comiss\u00f5es T\u00e9cnicas, Cursos de Forma\u00e7\u00e3o de Instrutor de Motorista e Forma\u00e7\u00e3o de Motorista Carreteiro. Para mais informa\u00e7\u00f5es e acompanhamento da programa\u00e7\u00e3o clique aqui.<\/p>\n<p>&nbsp;<\/p>\n<p>Programa\u00e7\u00e3o dos cursos de outubro de 2024:<\/p>\n<p>&nbsp;<\/p>\n<ul>\n<li>08 de outubro \u2013 Caf\u00e9 com Conte\u00fado<\/li>\n<li>10 de outubro \u2013 Apura\u00e7\u00e3o de ICMS para Transportadoras do Paran\u00e1<\/li>\n<li>15 de outubro \u2013 A gest\u00e3o SMS nos Transportes de Cargas<\/li>\n<li>15 de outubro \u2013 Desenvolvimento de Conferentes de Cargas<\/li>\n<li>16, 17, 23 e 24 de outubro \u2013 Rotinas de Departamento Pessoal para Transportadoras<\/li>\n<li>18 de outubro \u2013 Comiss\u00e3o de Recursos Humanos<\/li>\n<li>22 \u00e0 30 de outubro \u2013 Forma\u00e7\u00e3o de Motorista Carreteiro<\/li>\n<li>28 de outubro \u2013 Gest\u00e3o da Performance da Frota de Ve\u00edculos atrav\u00e9s de Indicadores de Desempenho<\/li>\n<li>28, 29 e 30 de outubro \u2013 Forma\u00e7\u00e3o de Instrutor de Motorista<\/li>\n<li>31 de outubro \u2013 Atualiza\u00e7\u00f5es Jur\u00eddicas<\/li>\n<\/ul>\n<p>(Frota &amp; Cia\/Victor Fagarassi)<\/p>\n","protected":false},"excerpt":{"rendered":"<p>Frota &amp; Cia\u00a0\u00a0 &nbsp; Com a ideia de capacitar os profissionais, contribuir para a inova\u00e7\u00e3o e a competitividade das empresas no mercado, o Sindicato das Empresas de Transportes de Cargas no Estado do Paran\u00e1 (SETCEPAR), por meio do Instituto Setcepar de Educa\u00e7\u00e3o no Transporte (ISET), oferecer\u00e1 cursos voltados a profissionais do setor de transporte. &nbsp;\u2026 <a class=\"readmore\" href=\"https:\/\/dana.com.br\/canaldana\/2024\/10\/08\/setcepar-oferece-cursos-voltados-ao-transporte-de-cargas-em-outubro\/\">Leia mais \u00bb<\/a><\/p>\n","protected":false},"author":3,"featured_media":0,"comment_status":"closed","ping_status":"closed","sticky":false,"template":"","format":"standard","meta":{"_acf_changed":false,"footnotes":""},"categories":[68],"tags":[],"class_list":["post-76952","post","type-post","status-publish","format-standard","hentry","category-cursos"],"acf":[],"yoast_head":"<!-- This site is optimized with the Yoast SEO plugin v27.3 - https:\/\/yoast.com\/product\/yoast-seo-wordpress\/ -->\n<title>SETCEPAR oferece cursos voltados ao transporte de cargas em outubro - Canal Dana<\/title>\n<meta name=\"robots\" content=\"index, follow, max-snippet:-1, max-image-preview:large, max-video-preview:-1\" \/>\n<link rel=\"canonical\" href=\"https:\/\/dana.com.br\/canaldana\/2024\/10\/08\/setcepar-oferece-cursos-voltados-ao-transporte-de-cargas-em-outubro\/\" \/>\n<meta property=\"og:locale\" content=\"pt_BR\" \/>\n<meta property=\"og:type\" content=\"article\" \/>\n<meta property=\"og:title\" content=\"SETCEPAR oferece cursos voltados ao transporte de cargas em outubro - Canal Dana\" \/>\n<meta property=\"og:description\" content=\"Frota &amp; Cia\u00a0\u00a0 &nbsp; Com a ideia de capacitar os profissionais, contribuir para a inova\u00e7\u00e3o e a competitividade das empresas no mercado, o Sindicato das Empresas de Transportes de Cargas no Estado do Paran\u00e1 (SETCEPAR), por meio do Instituto Setcepar de Educa\u00e7\u00e3o no Transporte (ISET), oferecer\u00e1 cursos voltados a profissionais do setor de transporte. &nbsp;\u2026 Leia mais \u00bb\" \/>\n<meta property=\"og:url\" content=\"https:\/\/dana.com.br\/canaldana\/2024\/10\/08\/setcepar-oferece-cursos-voltados-ao-transporte-de-cargas-em-outubro\/\" \/>\n<meta property=\"og:site_name\" content=\"Canal Dana\" \/>\n<meta property=\"article:published_time\" content=\"2024-10-08T12:05:04+00:00\" \/>\n<meta name=\"author\" content=\"Canal Dana\" \/>\n<meta name=\"twitter:card\" content=\"summary_large_image\" \/>\n<meta name=\"twitter:label1\" content=\"Escrito por\" \/>\n\t<meta name=\"twitter:data1\" content=\"Canal Dana\" \/>\n\t<meta name=\"twitter:label2\" content=\"Est. tempo de leitura\" \/>\n\t<meta name=\"twitter:data2\" content=\"2 minutos\" \/>\n<script type=\"application\/ld+json\" class=\"yoast-schema-graph\">{\"@context\":\"https:\\\/\\\/schema.org\",\"@graph\":[{\"@type\":\"Article\",\"@id\":\"https:\\\/\\\/dana.com.br\\\/canaldana\\\/2024\\\/10\\\/08\\\/setcepar-oferece-cursos-voltados-ao-transporte-de-cargas-em-outubro\\\/#article\",\"isPartOf\":{\"@id\":\"https:\\\/\\\/dana.com.br\\\/canaldana\\\/2024\\\/10\\\/08\\\/setcepar-oferece-cursos-voltados-ao-transporte-de-cargas-em-outubro\\\/\"},\"author\":{\"name\":\"Canal Dana\",\"@id\":\"https:\\\/\\\/dana.com.br\\\/canaldana\\\/#\\\/schema\\\/person\\\/3c21f22f56fcf3bc46b94bc60ea4fef6\"},\"headline\":\"SETCEPAR oferece cursos voltados ao transporte de cargas em outubro\",\"datePublished\":\"2024-10-08T12:05:04+00:00\",\"mainEntityOfPage\":{\"@id\":\"https:\\\/\\\/dana.com.br\\\/canaldana\\\/2024\\\/10\\\/08\\\/setcepar-oferece-cursos-voltados-ao-transporte-de-cargas-em-outubro\\\/\"},\"wordCount\":349,\"articleSection\":[\"Cursos\"],\"inLanguage\":\"pt-BR\"},{\"@type\":\"WebPage\",\"@id\":\"https:\\\/\\\/dana.com.br\\\/canaldana\\\/2024\\\/10\\\/08\\\/setcepar-oferece-cursos-voltados-ao-transporte-de-cargas-em-outubro\\\/\",\"url\":\"https:\\\/\\\/dana.com.br\\\/canaldana\\\/2024\\\/10\\\/08\\\/setcepar-oferece-cursos-voltados-ao-transporte-de-cargas-em-outubro\\\/\",\"name\":\"SETCEPAR oferece cursos voltados ao transporte de cargas em outubro - Canal Dana\",\"isPartOf\":{\"@id\":\"https:\\\/\\\/dana.com.br\\\/canaldana\\\/#website\"},\"datePublished\":\"2024-10-08T12:05:04+00:00\",\"author\":{\"@id\":\"https:\\\/\\\/dana.com.br\\\/canaldana\\\/#\\\/schema\\\/person\\\/3c21f22f56fcf3bc46b94bc60ea4fef6\"},\"breadcrumb\":{\"@id\":\"https:\\\/\\\/dana.com.br\\\/canaldana\\\/2024\\\/10\\\/08\\\/setcepar-oferece-cursos-voltados-ao-transporte-de-cargas-em-outubro\\\/#breadcrumb\"},\"inLanguage\":\"pt-BR\",\"potentialAction\":[{\"@type\":\"ReadAction\",\"target\":[\"https:\\\/\\\/dana.com.br\\\/canaldana\\\/2024\\\/10\\\/08\\\/setcepar-oferece-cursos-voltados-ao-transporte-de-cargas-em-outubro\\\/\"]}]},{\"@type\":\"BreadcrumbList\",\"@id\":\"https:\\\/\\\/dana.com.br\\\/canaldana\\\/2024\\\/10\\\/08\\\/setcepar-oferece-cursos-voltados-ao-transporte-de-cargas-em-outubro\\\/#breadcrumb\",\"itemListElement\":[{\"@type\":\"ListItem\",\"position\":1,\"name\":\"Home\",\"item\":\"https:\\\/\\\/dana.com.br\\\/canaldana\\\/\"},{\"@type\":\"ListItem\",\"position\":2,\"name\":\"Cursos\",\"item\":\"https:\\\/\\\/dana.com.br\\\/canaldana\\\/cursos\\\/\"},{\"@type\":\"ListItem\",\"position\":3,\"name\":\"SETCEPAR oferece cursos voltados ao transporte de cargas em outubro\"}]},{\"@type\":\"WebSite\",\"@id\":\"https:\\\/\\\/dana.com.br\\\/canaldana\\\/#website\",\"url\":\"https:\\\/\\\/dana.com.br\\\/canaldana\\\/\",\"name\":\"Canal Dana\",\"description\":\"Informativo com as principais not\u00edcias da ind\u00fastria automotiva\",\"potentialAction\":[{\"@type\":\"SearchAction\",\"target\":{\"@type\":\"EntryPoint\",\"urlTemplate\":\"https:\\\/\\\/dana.com.br\\\/canaldana\\\/?s={search_term_string}\"},\"query-input\":{\"@type\":\"PropertyValueSpecification\",\"valueRequired\":true,\"valueName\":\"search_term_string\"}}],\"inLanguage\":\"pt-BR\"},{\"@type\":\"Person\",\"@id\":\"https:\\\/\\\/dana.com.br\\\/canaldana\\\/#\\\/schema\\\/person\\\/3c21f22f56fcf3bc46b94bc60ea4fef6\",\"name\":\"Canal Dana\",\"image\":{\"@type\":\"ImageObject\",\"inLanguage\":\"pt-BR\",\"@id\":\"https:\\\/\\\/secure.gravatar.com\\\/avatar\\\/420aaf9278582877d9018637c6817617705899d2858d7572ef0fe59a6b6454b4?s=96&d=mm&r=g\",\"url\":\"https:\\\/\\\/secure.gravatar.com\\\/avatar\\\/420aaf9278582877d9018637c6817617705899d2858d7572ef0fe59a6b6454b4?s=96&d=mm&r=g\",\"contentUrl\":\"https:\\\/\\\/secure.gravatar.com\\\/avatar\\\/420aaf9278582877d9018637c6817617705899d2858d7572ef0fe59a6b6454b4?s=96&d=mm&r=g\",\"caption\":\"Canal Dana\"},\"url\":\"https:\\\/\\\/dana.com.br\\\/canaldana\\\/author\\\/cdeditor\\\/\"}]}<\/script>\n<!-- \/ Yoast SEO plugin. -->","yoast_head_json":{"title":"SETCEPAR oferece cursos voltados ao transporte de cargas em outubro - Canal Dana","robots":{"index":"index","follow":"follow","max-snippet":"max-snippet:-1","max-image-preview":"max-image-preview:large","max-video-preview":"max-video-preview:-1"},"canonical":"https:\/\/dana.com.br\/canaldana\/2024\/10\/08\/setcepar-oferece-cursos-voltados-ao-transporte-de-cargas-em-outubro\/","og_locale":"pt_BR","og_type":"article","og_title":"SETCEPAR oferece cursos voltados ao transporte de cargas em outubro - Canal Dana","og_description":"Frota &amp; Cia\u00a0\u00a0 &nbsp; Com a ideia de capacitar os profissionais, contribuir para a inova\u00e7\u00e3o e a competitividade das empresas no mercado, o Sindicato das Empresas de Transportes de Cargas no Estado do Paran\u00e1 (SETCEPAR), por meio do Instituto Setcepar de Educa\u00e7\u00e3o no Transporte (ISET), oferecer\u00e1 cursos voltados a profissionais do setor de transporte. &nbsp;\u2026 Leia mais \u00bb","og_url":"https:\/\/dana.com.br\/canaldana\/2024\/10\/08\/setcepar-oferece-cursos-voltados-ao-transporte-de-cargas-em-outubro\/","og_site_name":"Canal Dana","article_published_time":"2024-10-08T12:05:04+00:00","author":"Canal Dana","twitter_card":"summary_large_image","twitter_misc":{"Escrito por":"Canal Dana","Est. tempo de leitura":"2 minutos"},"schema":{"@context":"https:\/\/schema.org","@graph":[{"@type":"Article","@id":"https:\/\/dana.com.br\/canaldana\/2024\/10\/08\/setcepar-oferece-cursos-voltados-ao-transporte-de-cargas-em-outubro\/#article","isPartOf":{"@id":"https:\/\/dana.com.br\/canaldana\/2024\/10\/08\/setcepar-oferece-cursos-voltados-ao-transporte-de-cargas-em-outubro\/"},"author":{"name":"Canal Dana","@id":"https:\/\/dana.com.br\/canaldana\/#\/schema\/person\/3c21f22f56fcf3bc46b94bc60ea4fef6"},"headline":"SETCEPAR oferece cursos voltados ao transporte de cargas em outubro","datePublished":"2024-10-08T12:05:04+00:00","mainEntityOfPage":{"@id":"https:\/\/dana.com.br\/canaldana\/2024\/10\/08\/setcepar-oferece-cursos-voltados-ao-transporte-de-cargas-em-outubro\/"},"wordCount":349,"articleSection":["Cursos"],"inLanguage":"pt-BR"},{"@type":"WebPage","@id":"https:\/\/dana.com.br\/canaldana\/2024\/10\/08\/setcepar-oferece-cursos-voltados-ao-transporte-de-cargas-em-outubro\/","url":"https:\/\/dana.com.br\/canaldana\/2024\/10\/08\/setcepar-oferece-cursos-voltados-ao-transporte-de-cargas-em-outubro\/","name":"SETCEPAR oferece cursos voltados ao transporte de cargas em outubro - Canal Dana","isPartOf":{"@id":"https:\/\/dana.com.br\/canaldana\/#website"},"datePublished":"2024-10-08T12:05:04+00:00","author":{"@id":"https:\/\/dana.com.br\/canaldana\/#\/schema\/person\/3c21f22f56fcf3bc46b94bc60ea4fef6"},"breadcrumb":{"@id":"https:\/\/dana.com.br\/canaldana\/2024\/10\/08\/setcepar-oferece-cursos-voltados-ao-transporte-de-cargas-em-outubro\/#breadcrumb"},"inLanguage":"pt-BR","potentialAction":[{"@type":"ReadAction","target":["https:\/\/dana.com.br\/canaldana\/2024\/10\/08\/setcepar-oferece-cursos-voltados-ao-transporte-de-cargas-em-outubro\/"]}]},{"@type":"BreadcrumbList","@id":"https:\/\/dana.com.br\/canaldana\/2024\/10\/08\/setcepar-oferece-cursos-voltados-ao-transporte-de-cargas-em-outubro\/#breadcrumb","itemListElement":[{"@type":"ListItem","position":1,"name":"Home","item":"https:\/\/dana.com.br\/canaldana\/"},{"@type":"ListItem","position":2,"name":"Cursos","item":"https:\/\/dana.com.br\/canaldana\/cursos\/"},{"@type":"ListItem","position":3,"name":"SETCEPAR oferece cursos voltados ao transporte de cargas em outubro"}]},{"@type":"WebSite","@id":"https:\/\/dana.com.br\/canaldana\/#website","url":"https:\/\/dana.com.br\/canaldana\/","name":"Canal Dana","description":"Informativo com as principais not\u00edcias da ind\u00fastria automotiva","potentialAction":[{"@type":"SearchAction","target":{"@type":"EntryPoint","urlTemplate":"https:\/\/dana.com.br\/canaldana\/?s={search_term_string}"},"query-input":{"@type":"PropertyValueSpecification","valueRequired":true,"valueName":"search_term_string"}}],"inLanguage":"pt-BR"},{"@type":"Person","@id":"https:\/\/dana.com.br\/canaldana\/#\/schema\/person\/3c21f22f56fcf3bc46b94bc60ea4fef6","name":"Canal Dana","image":{"@type":"ImageObject","inLanguage":"pt-BR","@id":"https:\/\/secure.gravatar.com\/avatar\/420aaf9278582877d9018637c6817617705899d2858d7572ef0fe59a6b6454b4?s=96&d=mm&r=g","url":"https:\/\/secure.gravatar.com\/avatar\/420aaf9278582877d9018637c6817617705899d2858d7572ef0fe59a6b6454b4?s=96&d=mm&r=g","contentUrl":"https:\/\/secure.gravatar.com\/avatar\/420aaf9278582877d9018637c6817617705899d2858d7572ef0fe59a6b6454b4?s=96&d=mm&r=g","caption":"Canal Dana"},"url":"https:\/\/dana.com.br\/canaldana\/author\/cdeditor\/"}]}},"_links":{"self":[{"href":"https:\/\/dana.com.br\/canaldana\/wp-json\/wp\/v2\/posts\/76952","targetHints":{"allow":["GET"]}}],"collection":[{"href":"https:\/\/dana.com.br\/canaldana\/wp-json\/wp\/v2\/posts"}],"about":[{"href":"https:\/\/dana.com.br\/canaldana\/wp-json\/wp\/v2\/types\/post"}],"author":[{"embeddable":true,"href":"https:\/\/dana.com.br\/canaldana\/wp-json\/wp\/v2\/users\/3"}],"replies":[{"embeddable":true,"href":"https:\/\/dana.com.br\/canaldana\/wp-json\/wp\/v2\/comments?post=76952"}],"version-history":[{"count":1,"href":"https:\/\/dana.com.br\/canaldana\/wp-json\/wp\/v2\/posts\/76952\/revisions"}],"predecessor-version":[{"id":76953,"href":"https:\/\/dana.com.br\/canaldana\/wp-json\/wp\/v2\/posts\/76952\/revisions\/76953"}],"wp:attachment":[{"href":"https:\/\/dana.com.br\/canaldana\/wp-json\/wp\/v2\/media?parent=76952"}],"wp:term":[{"taxonomy":"category","embeddable":true,"href":"https:\/\/dana.com.br\/canaldana\/wp-json\/wp\/v2\/categories?post=76952"},{"taxonomy":"post_tag","embeddable":true,"href":"https:\/\/dana.com.br\/canaldana\/wp-json\/wp\/v2\/tags?post=76952"}],"curies":[{"name":"wp","href":"https:\/\/api.w.org\/{rel}","templated":true}]}}