{"id":76886,"date":"2024-10-04T09:20:44","date_gmt":"2024-10-04T12:20:44","guid":{"rendered":"https:\/\/dana.com.br\/canaldana\/?p=76886"},"modified":"2024-10-04T09:20:44","modified_gmt":"2024-10-04T12:20:44","slug":"citroen-basalt-pretende-democratizar-o-segmento","status":"publish","type":"post","link":"https:\/\/dana.com.br\/canaldana\/2024\/10\/04\/citroen-basalt-pretende-democratizar-o-segmento\/","title":{"rendered":"Citro\u00ebn Basalt pretende democratizar o segmento"},"content":{"rendered":"<p><em>AutoInd\u00fastria <\/em><\/p>\n<p>&nbsp;<\/p>\n<p>A Citro\u00ebn conclui a renova\u00e7\u00e3o da linha de autom\u00f3veis na regi\u00e3o, iniciada em 2022 com o novo C3 sob o chamado projeto C-Cubed, ao lan\u00e7ar o Basalt, primeiro SUV Cup\u00ea da marca por aqui. O modelo, produzido na f\u00e1brica de Porto Real (RJ), re\u00fane oferta de tr\u00eas vers\u00f5es \u2013 Feel, Feel Turbo 200 e Shine Turbo 200 \u2013 e objetivo de atrair consumidor que, at\u00e9 ent\u00e3o, poderia apenas desejar um carro do segmento, mas n\u00e3o comprar. O mais forte argumento na miss\u00e3o s\u00e3o os pre\u00e7os das variantes: R$ 89.990, R$ 96.990 e R$ 104.990, o que os tornam os mais acess\u00edveis da categoria.<\/p>\n<p>&nbsp;<\/p>\n<p>O Basalt, no entanto, tamb\u00e9m re\u00fane um conjunto capaz de entregar resultado convincente sob a an\u00e1lise de custo-benef\u00edcio. Embora seja uma quest\u00e3o de gosto pessoal, a apar\u00eancia do carro tem muitas possibilidades de agradar. A carroceria cup\u00ea \u00e9 tradi\u00e7\u00e3o da marca e foi justamente na linha de uma hist\u00f3ria centen\u00e1ria que o time de engenheiros encontrou a inspira\u00e7\u00e3o para o novo modelo.<\/p>\n<p>&nbsp;<\/p>\n<p>\u201cOlhamos para o passado para criar o Basalt, em especial os cup\u00eas e, em particular uma s\u00e9rie especial de 1978 chamada GS Basalt\u201d, conta Felipe Daemon, vice-presidente da Citro\u00ebn para a Am\u00e9rica Latina.<\/p>\n<p>&nbsp;<\/p>\n<p>Depois, o SUV Cup\u00ea n\u00e3o decepciona em conforto e conveni\u00eancias. O projeto privilegiou espa\u00e7o interno gra\u00e7as a uma dist\u00e2ncia entre-eixos de 2.645 mil\u00edmetros. Medida mais ampla se comparada aos rivais do radar da Citro\u00ebn. Renault Kardian e Nissan Kicks t\u00eam 2.604 mm e 2.620 mm, respectivamente. Tamb\u00e9m entrega porta-malas mais generoso, de 490 litros, contra 336 l e 419 l, nos mesmos confrontos.<\/p>\n<p>&nbsp;<\/p>\n<p>Internamente, o carro apresenta um acabamento bem-cuidado, com revestimentos agrad\u00e1veis ao toque. Traz 17 polegadas em tela, 7 do painel de instrumentos e 10,25 da central multim\u00eddia sens\u00edvel ao toque e conex\u00e3o com os apps Android Auto e Apple Carplay.<\/p>\n<p>&nbsp;<\/p>\n<p>Desde a oferta de entrada, o pacote de equipamento de s\u00e9rie tamb\u00e9m n\u00e3o desaponta, com trio el\u00e9trico, dire\u00e7\u00e3o com assist\u00eancia el\u00e9trica, c\u00e2mera de r\u00e9, monitoramento da press\u00e3o dos pneus, airbags laterais, ar-condicionado, far\u00f3is com luz diurna de LED, rodas de liga-leve de 16 polegadas e assistente de partida em rampa.<\/p>\n<p>&nbsp;<\/p>\n<p>Na linha do Basalt o consumidor pode optar por dois conjuntos mec\u00e2nicos. A vers\u00e3o de entrada Feel traz o motor 1.0 Firefly de 75 cv (etanol) associado a c\u00e2mbio manual de cinco marchas. As outras duas op\u00e7\u00f5es, Feel Turbo 200 e Shine Turbo 200, como os sobrenomes indicam, s\u00e3o equipadas com o motor turbo 200 de 130 cv (etanol) acoplado a c\u00e2mbio autom\u00e1tico CVT de sete marchas.<\/p>\n<p>&nbsp;<\/p>\n<p>Para o lan\u00e7amento, a marca ainda preparou a s\u00e9rie First Edition (R$ 107.390) baseada na variante de topo da gama que se diferencia com pintura bitom (branco e preto no teto), rodas escurecidas e itens exclusivos para a vers\u00e3o, como pedaleiras, tapetes e soleiras metalizadas.<\/p>\n<p>&nbsp;<\/p>\n<p>O vice-presidente da Citro\u00ebn prefere n\u00e3o fazer proje\u00e7\u00f5es a respeito do resultado de mercado que o Basalt poder\u00e1 trazer para a marca. Apenas afirma que ter\u00e1 papel importante para contribuir com crescimento nas vendas e, por consequ\u00eancia, maior participa\u00e7\u00e3o. De acordo com dados de licenciamento consolidado pela Anfavea, no acumulado at\u00e9 agosto a Citro\u00ebn registrou 20.879 autom\u00f3veis emplacados, al\u00e9m de volume 9,6% maior em rela\u00e7\u00e3o mesmo per\u00edodo do ano passado, representou participa\u00e7\u00e3o de 1,75% nas vendas totais do segmento. (AutoInd\u00fastria\/D\u00e9cio Costa)<\/p>\n","protected":false},"excerpt":{"rendered":"<p>AutoInd\u00fastria &nbsp; A Citro\u00ebn conclui a renova\u00e7\u00e3o da linha de autom\u00f3veis na regi\u00e3o, iniciada em 2022 com o novo C3 sob o chamado projeto C-Cubed, ao lan\u00e7ar o Basalt, primeiro SUV Cup\u00ea da marca por aqui. O modelo, produzido na f\u00e1brica de Porto Real (RJ), re\u00fane oferta de tr\u00eas vers\u00f5es \u2013 Feel, Feel Turbo 200\u2026 <a class=\"readmore\" href=\"https:\/\/dana.com.br\/canaldana\/2024\/10\/04\/citroen-basalt-pretende-democratizar-o-segmento\/\">Leia mais \u00bb<\/a><\/p>\n","protected":false},"author":3,"featured_media":0,"comment_status":"closed","ping_status":"closed","sticky":false,"template":"","format":"standard","meta":{"_acf_changed":false,"footnotes":""},"categories":[79],"tags":[],"class_list":["post-76886","post","type-post","status-publish","format-standard","hentry","category-mercado"],"acf":[],"yoast_head":"<!-- This site is optimized with the Yoast SEO plugin v27.3 - https:\/\/yoast.com\/product\/yoast-seo-wordpress\/ -->\n<title>Citro\u00ebn Basalt pretende democratizar o segmento - Canal Dana<\/title>\n<meta name=\"robots\" content=\"index, follow, max-snippet:-1, max-image-preview:large, max-video-preview:-1\" \/>\n<link rel=\"canonical\" href=\"https:\/\/dana.com.br\/canaldana\/2024\/10\/04\/citroen-basalt-pretende-democratizar-o-segmento\/\" \/>\n<meta property=\"og:locale\" content=\"pt_BR\" \/>\n<meta property=\"og:type\" content=\"article\" \/>\n<meta property=\"og:title\" content=\"Citro\u00ebn Basalt pretende democratizar o segmento - Canal Dana\" \/>\n<meta property=\"og:description\" content=\"AutoInd\u00fastria &nbsp; A Citro\u00ebn conclui a renova\u00e7\u00e3o da linha de autom\u00f3veis na regi\u00e3o, iniciada em 2022 com o novo C3 sob o chamado projeto C-Cubed, ao lan\u00e7ar o Basalt, primeiro SUV Cup\u00ea da marca por aqui. O modelo, produzido na f\u00e1brica de Porto Real (RJ), re\u00fane oferta de tr\u00eas vers\u00f5es \u2013 Feel, Feel Turbo 200\u2026 Leia mais \u00bb\" \/>\n<meta property=\"og:url\" content=\"https:\/\/dana.com.br\/canaldana\/2024\/10\/04\/citroen-basalt-pretende-democratizar-o-segmento\/\" \/>\n<meta property=\"og:site_name\" content=\"Canal Dana\" \/>\n<meta property=\"article:published_time\" content=\"2024-10-04T12:20:44+00:00\" \/>\n<meta name=\"author\" content=\"Canal Dana\" \/>\n<meta name=\"twitter:card\" content=\"summary_large_image\" \/>\n<meta name=\"twitter:label1\" content=\"Escrito por\" \/>\n\t<meta name=\"twitter:data1\" content=\"Canal Dana\" \/>\n\t<meta name=\"twitter:label2\" content=\"Est. tempo de leitura\" \/>\n\t<meta name=\"twitter:data2\" content=\"3 minutos\" \/>\n<script type=\"application\/ld+json\" class=\"yoast-schema-graph\">{\"@context\":\"https:\\\/\\\/schema.org\",\"@graph\":[{\"@type\":\"Article\",\"@id\":\"https:\\\/\\\/dana.com.br\\\/canaldana\\\/2024\\\/10\\\/04\\\/citroen-basalt-pretende-democratizar-o-segmento\\\/#article\",\"isPartOf\":{\"@id\":\"https:\\\/\\\/dana.com.br\\\/canaldana\\\/2024\\\/10\\\/04\\\/citroen-basalt-pretende-democratizar-o-segmento\\\/\"},\"author\":{\"name\":\"Canal Dana\",\"@id\":\"https:\\\/\\\/dana.com.br\\\/canaldana\\\/#\\\/schema\\\/person\\\/3c21f22f56fcf3bc46b94bc60ea4fef6\"},\"headline\":\"Citro\u00ebn Basalt pretende democratizar o segmento\",\"datePublished\":\"2024-10-04T12:20:44+00:00\",\"mainEntityOfPage\":{\"@id\":\"https:\\\/\\\/dana.com.br\\\/canaldana\\\/2024\\\/10\\\/04\\\/citroen-basalt-pretende-democratizar-o-segmento\\\/\"},\"wordCount\":608,\"articleSection\":[\"Mercado\"],\"inLanguage\":\"pt-BR\"},{\"@type\":\"WebPage\",\"@id\":\"https:\\\/\\\/dana.com.br\\\/canaldana\\\/2024\\\/10\\\/04\\\/citroen-basalt-pretende-democratizar-o-segmento\\\/\",\"url\":\"https:\\\/\\\/dana.com.br\\\/canaldana\\\/2024\\\/10\\\/04\\\/citroen-basalt-pretende-democratizar-o-segmento\\\/\",\"name\":\"Citro\u00ebn Basalt pretende democratizar o segmento - Canal Dana\",\"isPartOf\":{\"@id\":\"https:\\\/\\\/dana.com.br\\\/canaldana\\\/#website\"},\"datePublished\":\"2024-10-04T12:20:44+00:00\",\"author\":{\"@id\":\"https:\\\/\\\/dana.com.br\\\/canaldana\\\/#\\\/schema\\\/person\\\/3c21f22f56fcf3bc46b94bc60ea4fef6\"},\"breadcrumb\":{\"@id\":\"https:\\\/\\\/dana.com.br\\\/canaldana\\\/2024\\\/10\\\/04\\\/citroen-basalt-pretende-democratizar-o-segmento\\\/#breadcrumb\"},\"inLanguage\":\"pt-BR\",\"potentialAction\":[{\"@type\":\"ReadAction\",\"target\":[\"https:\\\/\\\/dana.com.br\\\/canaldana\\\/2024\\\/10\\\/04\\\/citroen-basalt-pretende-democratizar-o-segmento\\\/\"]}]},{\"@type\":\"BreadcrumbList\",\"@id\":\"https:\\\/\\\/dana.com.br\\\/canaldana\\\/2024\\\/10\\\/04\\\/citroen-basalt-pretende-democratizar-o-segmento\\\/#breadcrumb\",\"itemListElement\":[{\"@type\":\"ListItem\",\"position\":1,\"name\":\"Home\",\"item\":\"https:\\\/\\\/dana.com.br\\\/canaldana\\\/\"},{\"@type\":\"ListItem\",\"position\":2,\"name\":\"Mercado\",\"item\":\"https:\\\/\\\/dana.com.br\\\/canaldana\\\/mercado\\\/\"},{\"@type\":\"ListItem\",\"position\":3,\"name\":\"Citro\u00ebn Basalt pretende democratizar o segmento\"}]},{\"@type\":\"WebSite\",\"@id\":\"https:\\\/\\\/dana.com.br\\\/canaldana\\\/#website\",\"url\":\"https:\\\/\\\/dana.com.br\\\/canaldana\\\/\",\"name\":\"Canal Dana\",\"description\":\"Informativo com as principais not\u00edcias da ind\u00fastria automotiva\",\"potentialAction\":[{\"@type\":\"SearchAction\",\"target\":{\"@type\":\"EntryPoint\",\"urlTemplate\":\"https:\\\/\\\/dana.com.br\\\/canaldana\\\/?s={search_term_string}\"},\"query-input\":{\"@type\":\"PropertyValueSpecification\",\"valueRequired\":true,\"valueName\":\"search_term_string\"}}],\"inLanguage\":\"pt-BR\"},{\"@type\":\"Person\",\"@id\":\"https:\\\/\\\/dana.com.br\\\/canaldana\\\/#\\\/schema\\\/person\\\/3c21f22f56fcf3bc46b94bc60ea4fef6\",\"name\":\"Canal Dana\",\"image\":{\"@type\":\"ImageObject\",\"inLanguage\":\"pt-BR\",\"@id\":\"https:\\\/\\\/secure.gravatar.com\\\/avatar\\\/420aaf9278582877d9018637c6817617705899d2858d7572ef0fe59a6b6454b4?s=96&d=mm&r=g\",\"url\":\"https:\\\/\\\/secure.gravatar.com\\\/avatar\\\/420aaf9278582877d9018637c6817617705899d2858d7572ef0fe59a6b6454b4?s=96&d=mm&r=g\",\"contentUrl\":\"https:\\\/\\\/secure.gravatar.com\\\/avatar\\\/420aaf9278582877d9018637c6817617705899d2858d7572ef0fe59a6b6454b4?s=96&d=mm&r=g\",\"caption\":\"Canal Dana\"},\"url\":\"https:\\\/\\\/dana.com.br\\\/canaldana\\\/author\\\/cdeditor\\\/\"}]}<\/script>\n<!-- \/ Yoast SEO plugin. -->","yoast_head_json":{"title":"Citro\u00ebn Basalt pretende democratizar o segmento - Canal Dana","robots":{"index":"index","follow":"follow","max-snippet":"max-snippet:-1","max-image-preview":"max-image-preview:large","max-video-preview":"max-video-preview:-1"},"canonical":"https:\/\/dana.com.br\/canaldana\/2024\/10\/04\/citroen-basalt-pretende-democratizar-o-segmento\/","og_locale":"pt_BR","og_type":"article","og_title":"Citro\u00ebn Basalt pretende democratizar o segmento - Canal Dana","og_description":"AutoInd\u00fastria &nbsp; A Citro\u00ebn conclui a renova\u00e7\u00e3o da linha de autom\u00f3veis na regi\u00e3o, iniciada em 2022 com o novo C3 sob o chamado projeto C-Cubed, ao lan\u00e7ar o Basalt, primeiro SUV Cup\u00ea da marca por aqui. O modelo, produzido na f\u00e1brica de Porto Real (RJ), re\u00fane oferta de tr\u00eas vers\u00f5es \u2013 Feel, Feel Turbo 200\u2026 Leia mais \u00bb","og_url":"https:\/\/dana.com.br\/canaldana\/2024\/10\/04\/citroen-basalt-pretende-democratizar-o-segmento\/","og_site_name":"Canal Dana","article_published_time":"2024-10-04T12:20:44+00:00","author":"Canal Dana","twitter_card":"summary_large_image","twitter_misc":{"Escrito por":"Canal Dana","Est. tempo de leitura":"3 minutos"},"schema":{"@context":"https:\/\/schema.org","@graph":[{"@type":"Article","@id":"https:\/\/dana.com.br\/canaldana\/2024\/10\/04\/citroen-basalt-pretende-democratizar-o-segmento\/#article","isPartOf":{"@id":"https:\/\/dana.com.br\/canaldana\/2024\/10\/04\/citroen-basalt-pretende-democratizar-o-segmento\/"},"author":{"name":"Canal Dana","@id":"https:\/\/dana.com.br\/canaldana\/#\/schema\/person\/3c21f22f56fcf3bc46b94bc60ea4fef6"},"headline":"Citro\u00ebn Basalt pretende democratizar o segmento","datePublished":"2024-10-04T12:20:44+00:00","mainEntityOfPage":{"@id":"https:\/\/dana.com.br\/canaldana\/2024\/10\/04\/citroen-basalt-pretende-democratizar-o-segmento\/"},"wordCount":608,"articleSection":["Mercado"],"inLanguage":"pt-BR"},{"@type":"WebPage","@id":"https:\/\/dana.com.br\/canaldana\/2024\/10\/04\/citroen-basalt-pretende-democratizar-o-segmento\/","url":"https:\/\/dana.com.br\/canaldana\/2024\/10\/04\/citroen-basalt-pretende-democratizar-o-segmento\/","name":"Citro\u00ebn Basalt pretende democratizar o segmento - Canal Dana","isPartOf":{"@id":"https:\/\/dana.com.br\/canaldana\/#website"},"datePublished":"2024-10-04T12:20:44+00:00","author":{"@id":"https:\/\/dana.com.br\/canaldana\/#\/schema\/person\/3c21f22f56fcf3bc46b94bc60ea4fef6"},"breadcrumb":{"@id":"https:\/\/dana.com.br\/canaldana\/2024\/10\/04\/citroen-basalt-pretende-democratizar-o-segmento\/#breadcrumb"},"inLanguage":"pt-BR","potentialAction":[{"@type":"ReadAction","target":["https:\/\/dana.com.br\/canaldana\/2024\/10\/04\/citroen-basalt-pretende-democratizar-o-segmento\/"]}]},{"@type":"BreadcrumbList","@id":"https:\/\/dana.com.br\/canaldana\/2024\/10\/04\/citroen-basalt-pretende-democratizar-o-segmento\/#breadcrumb","itemListElement":[{"@type":"ListItem","position":1,"name":"Home","item":"https:\/\/dana.com.br\/canaldana\/"},{"@type":"ListItem","position":2,"name":"Mercado","item":"https:\/\/dana.com.br\/canaldana\/mercado\/"},{"@type":"ListItem","position":3,"name":"Citro\u00ebn Basalt pretende democratizar o segmento"}]},{"@type":"WebSite","@id":"https:\/\/dana.com.br\/canaldana\/#website","url":"https:\/\/dana.com.br\/canaldana\/","name":"Canal Dana","description":"Informativo com as principais not\u00edcias da ind\u00fastria automotiva","potentialAction":[{"@type":"SearchAction","target":{"@type":"EntryPoint","urlTemplate":"https:\/\/dana.com.br\/canaldana\/?s={search_term_string}"},"query-input":{"@type":"PropertyValueSpecification","valueRequired":true,"valueName":"search_term_string"}}],"inLanguage":"pt-BR"},{"@type":"Person","@id":"https:\/\/dana.com.br\/canaldana\/#\/schema\/person\/3c21f22f56fcf3bc46b94bc60ea4fef6","name":"Canal Dana","image":{"@type":"ImageObject","inLanguage":"pt-BR","@id":"https:\/\/secure.gravatar.com\/avatar\/420aaf9278582877d9018637c6817617705899d2858d7572ef0fe59a6b6454b4?s=96&d=mm&r=g","url":"https:\/\/secure.gravatar.com\/avatar\/420aaf9278582877d9018637c6817617705899d2858d7572ef0fe59a6b6454b4?s=96&d=mm&r=g","contentUrl":"https:\/\/secure.gravatar.com\/avatar\/420aaf9278582877d9018637c6817617705899d2858d7572ef0fe59a6b6454b4?s=96&d=mm&r=g","caption":"Canal Dana"},"url":"https:\/\/dana.com.br\/canaldana\/author\/cdeditor\/"}]}},"_links":{"self":[{"href":"https:\/\/dana.com.br\/canaldana\/wp-json\/wp\/v2\/posts\/76886","targetHints":{"allow":["GET"]}}],"collection":[{"href":"https:\/\/dana.com.br\/canaldana\/wp-json\/wp\/v2\/posts"}],"about":[{"href":"https:\/\/dana.com.br\/canaldana\/wp-json\/wp\/v2\/types\/post"}],"author":[{"embeddable":true,"href":"https:\/\/dana.com.br\/canaldana\/wp-json\/wp\/v2\/users\/3"}],"replies":[{"embeddable":true,"href":"https:\/\/dana.com.br\/canaldana\/wp-json\/wp\/v2\/comments?post=76886"}],"version-history":[{"count":1,"href":"https:\/\/dana.com.br\/canaldana\/wp-json\/wp\/v2\/posts\/76886\/revisions"}],"predecessor-version":[{"id":76887,"href":"https:\/\/dana.com.br\/canaldana\/wp-json\/wp\/v2\/posts\/76886\/revisions\/76887"}],"wp:attachment":[{"href":"https:\/\/dana.com.br\/canaldana\/wp-json\/wp\/v2\/media?parent=76886"}],"wp:term":[{"taxonomy":"category","embeddable":true,"href":"https:\/\/dana.com.br\/canaldana\/wp-json\/wp\/v2\/categories?post=76886"},{"taxonomy":"post_tag","embeddable":true,"href":"https:\/\/dana.com.br\/canaldana\/wp-json\/wp\/v2\/tags?post=76886"}],"curies":[{"name":"wp","href":"https:\/\/api.w.org\/{rel}","templated":true}]}}