{"id":76776,"date":"2024-10-01T08:16:57","date_gmt":"2024-10-01T11:16:57","guid":{"rendered":"https:\/\/dana.com.br\/canaldana\/?p=76776"},"modified":"2024-10-01T08:16:57","modified_gmt":"2024-10-01T11:16:57","slug":"byd-entrega-100-onibus-eletricos-no-uruguai","status":"publish","type":"post","link":"https:\/\/dana.com.br\/canaldana\/2024\/10\/01\/byd-entrega-100-onibus-eletricos-no-uruguai\/","title":{"rendered":"BYD entrega 100 \u00f4nibus el\u00e9tricos no Uruguai"},"content":{"rendered":"<p><em>Frota &amp; Cia\u00a0 <\/em><\/p>\n<p>&nbsp;<\/p>\n<p>Neste m\u00eas de setembro, a BYD entregou 100 \u00f4nibus totalmente el\u00e9tricos para a CUTCSA, a maior operadora de transporte p\u00fablico el\u00e9trico do Uruguai, em sua f\u00e1brica de Qingdao. A meta da CUTCSA \u00e9 atingir uma frota totalmente eletrificada at\u00e9 2040. Os ve\u00edculos s\u00e3o modelos K9UD, de 12 metros de comprimento, feitos sob medida para o mercado uruguaio.<\/p>\n<p>&nbsp;<\/p>\n<p>Atualmente, a BYD lidera o mercado de \u00f4nibus el\u00e9trico da Am\u00e9rica Latina, segundo dados do E-Bus Radar, atualizado em agosto, com 2.600 unidades, seguida pela Foton (1.380) e Yutong (840). No total, s\u00e3o cerca de 5.900 \u00f4nibus el\u00e9tricos que est\u00e3o em opera\u00e7\u00e3o em 41 cidades em 12 pa\u00edses latino-americanos. No Brasil, rodam 602 \u00f4nibus el\u00e9tricos. O pa\u00eds com a maior frota el\u00e9trica na Am\u00e9rica Latina ainda \u00e9 o Chile, com 2658, seguido pela Col\u00f4mbia com 1590.<\/p>\n<p>&nbsp;<\/p>\n<p>O evento contou com a presen\u00e7a de v\u00e1rias autoridades, incluindo Juan Antonio Salgado, Presidente do Grupo CUTCSA; Fernando Barcia, Gerente Geral; Martin Orlando, Conselheiro do Uruguai na China; Deng Yuan, Gerente de Pa\u00eds da BYD no Uruguai; Zhang Lin, Vice-Gerente Geral da Divis\u00e3o de Vendas de Autom\u00f3veis da BYD Am\u00e9rica; e Wang Bao Can, Gerente Geral da F\u00e1brica de Ve\u00edculos Comerciais da BYD em Qingdao.<\/p>\n<p>&nbsp;<\/p>\n<p>\u201cOs \u00f4nibus el\u00e9tricos K9UD, medindo 12 metros de comprimento, s\u00e3o adaptados para o mercado uruguaio, com foco em sustentabilidade ambiental, efici\u00eancia energ\u00e9tica, tecnologia inteligente, seguran\u00e7a e conforto. Esses \u00f4nibus personalizados, n\u00e3o apenas mostram as mais recentes inova\u00e7\u00f5es tecnol\u00f3gicas da BYD, mas tamb\u00e9m simbolizam a sincera coopera\u00e7\u00e3o e o progresso cont\u00ednuo entre as duas partes, representando um passo fundamental na busca pela eletrifica\u00e7\u00e3o de 100% do transporte p\u00fablico no Uruguai\u201d. Disse a BYD via nota. (Frota &amp; Cia\/Victor Fagarassi)<\/p>\n","protected":false},"excerpt":{"rendered":"<p>Frota &amp; Cia\u00a0 &nbsp; Neste m\u00eas de setembro, a BYD entregou 100 \u00f4nibus totalmente el\u00e9tricos para a CUTCSA, a maior operadora de transporte p\u00fablico el\u00e9trico do Uruguai, em sua f\u00e1brica de Qingdao. A meta da CUTCSA \u00e9 atingir uma frota totalmente eletrificada at\u00e9 2040. Os ve\u00edculos s\u00e3o modelos K9UD, de 12 metros de comprimento, feitos\u2026 <a class=\"readmore\" href=\"https:\/\/dana.com.br\/canaldana\/2024\/10\/01\/byd-entrega-100-onibus-eletricos-no-uruguai\/\">Leia mais \u00bb<\/a><\/p>\n","protected":false},"author":3,"featured_media":0,"comment_status":"closed","ping_status":"closed","sticky":false,"template":"","format":"standard","meta":{"_acf_changed":false,"footnotes":""},"categories":[110],"tags":[],"class_list":["post-76776","post","type-post","status-publish","format-standard","hentry","category-eletricos"],"acf":[],"yoast_head":"<!-- This site is optimized with the Yoast SEO plugin v27.3 - https:\/\/yoast.com\/product\/yoast-seo-wordpress\/ -->\n<title>BYD entrega 100 \u00f4nibus el\u00e9tricos no Uruguai - Canal Dana<\/title>\n<meta name=\"robots\" content=\"index, follow, max-snippet:-1, max-image-preview:large, max-video-preview:-1\" \/>\n<link rel=\"canonical\" href=\"https:\/\/dana.com.br\/canaldana\/2024\/10\/01\/byd-entrega-100-onibus-eletricos-no-uruguai\/\" \/>\n<meta property=\"og:locale\" content=\"pt_BR\" \/>\n<meta property=\"og:type\" content=\"article\" \/>\n<meta property=\"og:title\" content=\"BYD entrega 100 \u00f4nibus el\u00e9tricos no Uruguai - Canal Dana\" \/>\n<meta property=\"og:description\" content=\"Frota &amp; Cia\u00a0 &nbsp; Neste m\u00eas de setembro, a BYD entregou 100 \u00f4nibus totalmente el\u00e9tricos para a CUTCSA, a maior operadora de transporte p\u00fablico el\u00e9trico do Uruguai, em sua f\u00e1brica de Qingdao. A meta da CUTCSA \u00e9 atingir uma frota totalmente eletrificada at\u00e9 2040. Os ve\u00edculos s\u00e3o modelos K9UD, de 12 metros de comprimento, feitos\u2026 Leia mais \u00bb\" \/>\n<meta property=\"og:url\" content=\"https:\/\/dana.com.br\/canaldana\/2024\/10\/01\/byd-entrega-100-onibus-eletricos-no-uruguai\/\" \/>\n<meta property=\"og:site_name\" content=\"Canal Dana\" \/>\n<meta property=\"article:published_time\" content=\"2024-10-01T11:16:57+00:00\" \/>\n<meta name=\"author\" content=\"Canal Dana\" \/>\n<meta name=\"twitter:card\" content=\"summary_large_image\" \/>\n<meta name=\"twitter:label1\" content=\"Escrito por\" \/>\n\t<meta name=\"twitter:data1\" content=\"Canal Dana\" \/>\n\t<meta name=\"twitter:label2\" content=\"Est. tempo de leitura\" \/>\n\t<meta name=\"twitter:data2\" content=\"2 minutos\" \/>\n<script type=\"application\/ld+json\" class=\"yoast-schema-graph\">{\"@context\":\"https:\\\/\\\/schema.org\",\"@graph\":[{\"@type\":\"Article\",\"@id\":\"https:\\\/\\\/dana.com.br\\\/canaldana\\\/2024\\\/10\\\/01\\\/byd-entrega-100-onibus-eletricos-no-uruguai\\\/#article\",\"isPartOf\":{\"@id\":\"https:\\\/\\\/dana.com.br\\\/canaldana\\\/2024\\\/10\\\/01\\\/byd-entrega-100-onibus-eletricos-no-uruguai\\\/\"},\"author\":{\"name\":\"Canal Dana\",\"@id\":\"https:\\\/\\\/dana.com.br\\\/canaldana\\\/#\\\/schema\\\/person\\\/3c21f22f56fcf3bc46b94bc60ea4fef6\"},\"headline\":\"BYD entrega 100 \u00f4nibus el\u00e9tricos no Uruguai\",\"datePublished\":\"2024-10-01T11:16:57+00:00\",\"mainEntityOfPage\":{\"@id\":\"https:\\\/\\\/dana.com.br\\\/canaldana\\\/2024\\\/10\\\/01\\\/byd-entrega-100-onibus-eletricos-no-uruguai\\\/\"},\"wordCount\":317,\"articleSection\":[\"El\u00e9tricos\"],\"inLanguage\":\"pt-BR\"},{\"@type\":\"WebPage\",\"@id\":\"https:\\\/\\\/dana.com.br\\\/canaldana\\\/2024\\\/10\\\/01\\\/byd-entrega-100-onibus-eletricos-no-uruguai\\\/\",\"url\":\"https:\\\/\\\/dana.com.br\\\/canaldana\\\/2024\\\/10\\\/01\\\/byd-entrega-100-onibus-eletricos-no-uruguai\\\/\",\"name\":\"BYD entrega 100 \u00f4nibus el\u00e9tricos no Uruguai - Canal Dana\",\"isPartOf\":{\"@id\":\"https:\\\/\\\/dana.com.br\\\/canaldana\\\/#website\"},\"datePublished\":\"2024-10-01T11:16:57+00:00\",\"author\":{\"@id\":\"https:\\\/\\\/dana.com.br\\\/canaldana\\\/#\\\/schema\\\/person\\\/3c21f22f56fcf3bc46b94bc60ea4fef6\"},\"breadcrumb\":{\"@id\":\"https:\\\/\\\/dana.com.br\\\/canaldana\\\/2024\\\/10\\\/01\\\/byd-entrega-100-onibus-eletricos-no-uruguai\\\/#breadcrumb\"},\"inLanguage\":\"pt-BR\",\"potentialAction\":[{\"@type\":\"ReadAction\",\"target\":[\"https:\\\/\\\/dana.com.br\\\/canaldana\\\/2024\\\/10\\\/01\\\/byd-entrega-100-onibus-eletricos-no-uruguai\\\/\"]}]},{\"@type\":\"BreadcrumbList\",\"@id\":\"https:\\\/\\\/dana.com.br\\\/canaldana\\\/2024\\\/10\\\/01\\\/byd-entrega-100-onibus-eletricos-no-uruguai\\\/#breadcrumb\",\"itemListElement\":[{\"@type\":\"ListItem\",\"position\":1,\"name\":\"Home\",\"item\":\"https:\\\/\\\/dana.com.br\\\/canaldana\\\/\"},{\"@type\":\"ListItem\",\"position\":2,\"name\":\"El\u00e9tricos\",\"item\":\"https:\\\/\\\/dana.com.br\\\/canaldana\\\/eletricos\\\/\"},{\"@type\":\"ListItem\",\"position\":3,\"name\":\"BYD entrega 100 \u00f4nibus el\u00e9tricos no Uruguai\"}]},{\"@type\":\"WebSite\",\"@id\":\"https:\\\/\\\/dana.com.br\\\/canaldana\\\/#website\",\"url\":\"https:\\\/\\\/dana.com.br\\\/canaldana\\\/\",\"name\":\"Canal Dana\",\"description\":\"Informativo com as principais not\u00edcias da ind\u00fastria automotiva\",\"potentialAction\":[{\"@type\":\"SearchAction\",\"target\":{\"@type\":\"EntryPoint\",\"urlTemplate\":\"https:\\\/\\\/dana.com.br\\\/canaldana\\\/?s={search_term_string}\"},\"query-input\":{\"@type\":\"PropertyValueSpecification\",\"valueRequired\":true,\"valueName\":\"search_term_string\"}}],\"inLanguage\":\"pt-BR\"},{\"@type\":\"Person\",\"@id\":\"https:\\\/\\\/dana.com.br\\\/canaldana\\\/#\\\/schema\\\/person\\\/3c21f22f56fcf3bc46b94bc60ea4fef6\",\"name\":\"Canal Dana\",\"image\":{\"@type\":\"ImageObject\",\"inLanguage\":\"pt-BR\",\"@id\":\"https:\\\/\\\/secure.gravatar.com\\\/avatar\\\/420aaf9278582877d9018637c6817617705899d2858d7572ef0fe59a6b6454b4?s=96&d=mm&r=g\",\"url\":\"https:\\\/\\\/secure.gravatar.com\\\/avatar\\\/420aaf9278582877d9018637c6817617705899d2858d7572ef0fe59a6b6454b4?s=96&d=mm&r=g\",\"contentUrl\":\"https:\\\/\\\/secure.gravatar.com\\\/avatar\\\/420aaf9278582877d9018637c6817617705899d2858d7572ef0fe59a6b6454b4?s=96&d=mm&r=g\",\"caption\":\"Canal Dana\"},\"url\":\"https:\\\/\\\/dana.com.br\\\/canaldana\\\/author\\\/cdeditor\\\/\"}]}<\/script>\n<!-- \/ Yoast SEO plugin. -->","yoast_head_json":{"title":"BYD entrega 100 \u00f4nibus el\u00e9tricos no Uruguai - Canal Dana","robots":{"index":"index","follow":"follow","max-snippet":"max-snippet:-1","max-image-preview":"max-image-preview:large","max-video-preview":"max-video-preview:-1"},"canonical":"https:\/\/dana.com.br\/canaldana\/2024\/10\/01\/byd-entrega-100-onibus-eletricos-no-uruguai\/","og_locale":"pt_BR","og_type":"article","og_title":"BYD entrega 100 \u00f4nibus el\u00e9tricos no Uruguai - Canal Dana","og_description":"Frota &amp; Cia\u00a0 &nbsp; Neste m\u00eas de setembro, a BYD entregou 100 \u00f4nibus totalmente el\u00e9tricos para a CUTCSA, a maior operadora de transporte p\u00fablico el\u00e9trico do Uruguai, em sua f\u00e1brica de Qingdao. A meta da CUTCSA \u00e9 atingir uma frota totalmente eletrificada at\u00e9 2040. Os ve\u00edculos s\u00e3o modelos K9UD, de 12 metros de comprimento, feitos\u2026 Leia mais \u00bb","og_url":"https:\/\/dana.com.br\/canaldana\/2024\/10\/01\/byd-entrega-100-onibus-eletricos-no-uruguai\/","og_site_name":"Canal Dana","article_published_time":"2024-10-01T11:16:57+00:00","author":"Canal Dana","twitter_card":"summary_large_image","twitter_misc":{"Escrito por":"Canal Dana","Est. tempo de leitura":"2 minutos"},"schema":{"@context":"https:\/\/schema.org","@graph":[{"@type":"Article","@id":"https:\/\/dana.com.br\/canaldana\/2024\/10\/01\/byd-entrega-100-onibus-eletricos-no-uruguai\/#article","isPartOf":{"@id":"https:\/\/dana.com.br\/canaldana\/2024\/10\/01\/byd-entrega-100-onibus-eletricos-no-uruguai\/"},"author":{"name":"Canal Dana","@id":"https:\/\/dana.com.br\/canaldana\/#\/schema\/person\/3c21f22f56fcf3bc46b94bc60ea4fef6"},"headline":"BYD entrega 100 \u00f4nibus el\u00e9tricos no Uruguai","datePublished":"2024-10-01T11:16:57+00:00","mainEntityOfPage":{"@id":"https:\/\/dana.com.br\/canaldana\/2024\/10\/01\/byd-entrega-100-onibus-eletricos-no-uruguai\/"},"wordCount":317,"articleSection":["El\u00e9tricos"],"inLanguage":"pt-BR"},{"@type":"WebPage","@id":"https:\/\/dana.com.br\/canaldana\/2024\/10\/01\/byd-entrega-100-onibus-eletricos-no-uruguai\/","url":"https:\/\/dana.com.br\/canaldana\/2024\/10\/01\/byd-entrega-100-onibus-eletricos-no-uruguai\/","name":"BYD entrega 100 \u00f4nibus el\u00e9tricos no Uruguai - Canal Dana","isPartOf":{"@id":"https:\/\/dana.com.br\/canaldana\/#website"},"datePublished":"2024-10-01T11:16:57+00:00","author":{"@id":"https:\/\/dana.com.br\/canaldana\/#\/schema\/person\/3c21f22f56fcf3bc46b94bc60ea4fef6"},"breadcrumb":{"@id":"https:\/\/dana.com.br\/canaldana\/2024\/10\/01\/byd-entrega-100-onibus-eletricos-no-uruguai\/#breadcrumb"},"inLanguage":"pt-BR","potentialAction":[{"@type":"ReadAction","target":["https:\/\/dana.com.br\/canaldana\/2024\/10\/01\/byd-entrega-100-onibus-eletricos-no-uruguai\/"]}]},{"@type":"BreadcrumbList","@id":"https:\/\/dana.com.br\/canaldana\/2024\/10\/01\/byd-entrega-100-onibus-eletricos-no-uruguai\/#breadcrumb","itemListElement":[{"@type":"ListItem","position":1,"name":"Home","item":"https:\/\/dana.com.br\/canaldana\/"},{"@type":"ListItem","position":2,"name":"El\u00e9tricos","item":"https:\/\/dana.com.br\/canaldana\/eletricos\/"},{"@type":"ListItem","position":3,"name":"BYD entrega 100 \u00f4nibus el\u00e9tricos no Uruguai"}]},{"@type":"WebSite","@id":"https:\/\/dana.com.br\/canaldana\/#website","url":"https:\/\/dana.com.br\/canaldana\/","name":"Canal Dana","description":"Informativo com as principais not\u00edcias da ind\u00fastria automotiva","potentialAction":[{"@type":"SearchAction","target":{"@type":"EntryPoint","urlTemplate":"https:\/\/dana.com.br\/canaldana\/?s={search_term_string}"},"query-input":{"@type":"PropertyValueSpecification","valueRequired":true,"valueName":"search_term_string"}}],"inLanguage":"pt-BR"},{"@type":"Person","@id":"https:\/\/dana.com.br\/canaldana\/#\/schema\/person\/3c21f22f56fcf3bc46b94bc60ea4fef6","name":"Canal Dana","image":{"@type":"ImageObject","inLanguage":"pt-BR","@id":"https:\/\/secure.gravatar.com\/avatar\/420aaf9278582877d9018637c6817617705899d2858d7572ef0fe59a6b6454b4?s=96&d=mm&r=g","url":"https:\/\/secure.gravatar.com\/avatar\/420aaf9278582877d9018637c6817617705899d2858d7572ef0fe59a6b6454b4?s=96&d=mm&r=g","contentUrl":"https:\/\/secure.gravatar.com\/avatar\/420aaf9278582877d9018637c6817617705899d2858d7572ef0fe59a6b6454b4?s=96&d=mm&r=g","caption":"Canal Dana"},"url":"https:\/\/dana.com.br\/canaldana\/author\/cdeditor\/"}]}},"_links":{"self":[{"href":"https:\/\/dana.com.br\/canaldana\/wp-json\/wp\/v2\/posts\/76776","targetHints":{"allow":["GET"]}}],"collection":[{"href":"https:\/\/dana.com.br\/canaldana\/wp-json\/wp\/v2\/posts"}],"about":[{"href":"https:\/\/dana.com.br\/canaldana\/wp-json\/wp\/v2\/types\/post"}],"author":[{"embeddable":true,"href":"https:\/\/dana.com.br\/canaldana\/wp-json\/wp\/v2\/users\/3"}],"replies":[{"embeddable":true,"href":"https:\/\/dana.com.br\/canaldana\/wp-json\/wp\/v2\/comments?post=76776"}],"version-history":[{"count":1,"href":"https:\/\/dana.com.br\/canaldana\/wp-json\/wp\/v2\/posts\/76776\/revisions"}],"predecessor-version":[{"id":76777,"href":"https:\/\/dana.com.br\/canaldana\/wp-json\/wp\/v2\/posts\/76776\/revisions\/76777"}],"wp:attachment":[{"href":"https:\/\/dana.com.br\/canaldana\/wp-json\/wp\/v2\/media?parent=76776"}],"wp:term":[{"taxonomy":"category","embeddable":true,"href":"https:\/\/dana.com.br\/canaldana\/wp-json\/wp\/v2\/categories?post=76776"},{"taxonomy":"post_tag","embeddable":true,"href":"https:\/\/dana.com.br\/canaldana\/wp-json\/wp\/v2\/tags?post=76776"}],"curies":[{"name":"wp","href":"https:\/\/api.w.org\/{rel}","templated":true}]}}