{"id":76774,"date":"2024-10-01T08:16:29","date_gmt":"2024-10-01T11:16:29","guid":{"rendered":"https:\/\/dana.com.br\/canaldana\/?p=76774"},"modified":"2024-10-01T08:16:29","modified_gmt":"2024-10-01T11:16:29","slug":"iveco-bus-novos-contratos-para-onibus-eletricos-a-hidrogenio-e-a-bateria-impulsionam-a-marca-ao-sucesso-na-franca","status":"publish","type":"post","link":"https:\/\/dana.com.br\/canaldana\/2024\/10\/01\/iveco-bus-novos-contratos-para-onibus-eletricos-a-hidrogenio-e-a-bateria-impulsionam-a-marca-ao-sucesso-na-franca\/","title":{"rendered":"IVECO BUS: Novos contratos para \u00f4nibus el\u00e9tricos a hidrog\u00eanio e a bateria impulsionam a marca ao sucesso na Fran\u00e7a"},"content":{"rendered":"<p><em>Coisas de Agora<\/em><\/p>\n<p>&nbsp;<\/p>\n<p>A IVECO BUS, marca de \u00f4nibus urbanos, intermunicipais e tur\u00edsticos do Iveco Group (EXM: IVG), recebeu tr\u00eas novos contratos para solu\u00e7\u00f5es de mobilidade el\u00e9trica na Fran\u00e7a, refor\u00e7ando a lideran\u00e7a da marca na transi\u00e7\u00e3o para um transporte p\u00fablico mais limpo e ecol\u00f3gico. No total, 31 \u00f4nibus com c\u00e9lula de combust\u00edvel de hidrog\u00eanio e 20 \u00f4nibus el\u00e9tricos a bateria foram encomendados desde o in\u00edcio de setembro.<\/p>\n<p>&nbsp;<\/p>\n<p>A Comunidade Urbana de Cannes L\u00e9rins renovou sua confian\u00e7a na IVECO BUS e encomendou doze \u00f4nibus de c\u00e9lula de combust\u00edvel de hidrog\u00eanio GX 337 H2 LINIUM BRT. As entregas come\u00e7ar\u00e3o no segundo semestre de 2025 para complementar os trinta e cinco \u00f4nibus el\u00e9tricos a bateria IVECO BUS GX ELEC j\u00e1 na frota.<\/p>\n<p>&nbsp;<\/p>\n<p>A Lorient Agglom\u00e9ration tamb\u00e9m escolheu a tecnologia de hidrog\u00eanio da IVECO BUS para sua rede, com dezenove \u00f4nibus GX 337 H2 LINIUM, cinco dos quais entrar\u00e3o em servi\u00e7o no segundo semestre de 2025.<\/p>\n<p>&nbsp;<\/p>\n<p>O terceiro contrato \u00e9 com a Grand Reims Mobilit\u00e9s, que selecionou a IVECO BUS para entregar vinte (com op\u00e7\u00e3o para nove adicionais) \u00f4nibus el\u00e9tricos a bateria GX 437 ELEC LINIUM BRT. Esses ve\u00edculos come\u00e7ar\u00e3o a operar nas ruas de Reims no outono de 2025.<\/p>\n<p>&nbsp;<\/p>\n<p>O \u00f4nibus de c\u00e9lula de combust\u00edvel de hidrog\u00eanio escolhido por Cannes e Lorient \u00e9 um dos resultados da parceria entre o Iveco Group e a Hyundai Motor Company que come\u00e7ou em 2022. O modelo \u00e9 equipado com um sistema avan\u00e7ado de c\u00e9lula de combust\u00edvel desenvolvido pela HTWO, a marca de neg\u00f3cios de hidrog\u00eanio do Hyundai Motor Group, e um pacote de bateria da FPT Industrial, a marca do Iveco Group dedicada ao design e produ\u00e7\u00e3o de motores de baixo impacto ambiental. O \u00f4nibus el\u00e9trico a bateria para Reims faz parte da linha de sucesso que j\u00e1 foi escolhida por mais de cem clientes na Europa, com mais de tr\u00eas mil unidades encomendadas.<\/p>\n<p>&nbsp;<\/p>\n<p>Domenico Nucera, Presidente da Unidade de Neg\u00f3cios de \u00d4nibus do Iveco Group, comentou: \u201cEstamos orgulhosos da confian\u00e7a depositada em n\u00f3s por essas comunidades urbanas com vis\u00e3o de futuro. Esses projetos ressaltam a expertise da IVECO BUS em mobilidade sustent\u00e1vel, abrangendo todas as faixas e tecnologias para ve\u00edculos de baixa a zero emiss\u00e3o. Al\u00e9m disso, confirmamos nossa lideran\u00e7a no mercado franc\u00eas, onde continuamos comprometidos em fornecer solu\u00e7\u00f5es de mobilidade de alto desempenho que atendam \u00e0s diversas necessidades dos clientes. Estamos ansiosos para continuar nossa jornada em dire\u00e7\u00e3o a um transporte p\u00fablico mais sustent\u00e1vel e um futuro mais verde com nossos parceiros na Fran\u00e7a e em toda a Europa\u201d. (Coisas de Agora)<\/p>\n","protected":false},"excerpt":{"rendered":"<p>Coisas de Agora &nbsp; A IVECO BUS, marca de \u00f4nibus urbanos, intermunicipais e tur\u00edsticos do Iveco Group (EXM: IVG), recebeu tr\u00eas novos contratos para solu\u00e7\u00f5es de mobilidade el\u00e9trica na Fran\u00e7a, refor\u00e7ando a lideran\u00e7a da marca na transi\u00e7\u00e3o para um transporte p\u00fablico mais limpo e ecol\u00f3gico. No total, 31 \u00f4nibus com c\u00e9lula de combust\u00edvel de hidrog\u00eanio\u2026 <a class=\"readmore\" href=\"https:\/\/dana.com.br\/canaldana\/2024\/10\/01\/iveco-bus-novos-contratos-para-onibus-eletricos-a-hidrogenio-e-a-bateria-impulsionam-a-marca-ao-sucesso-na-franca\/\">Leia mais \u00bb<\/a><\/p>\n","protected":false},"author":3,"featured_media":0,"comment_status":"closed","ping_status":"closed","sticky":false,"template":"","format":"standard","meta":{"_acf_changed":false,"footnotes":""},"categories":[110],"tags":[],"class_list":["post-76774","post","type-post","status-publish","format-standard","hentry","category-eletricos"],"acf":[],"yoast_head":"<!-- This site is optimized with the Yoast SEO plugin v27.3 - https:\/\/yoast.com\/product\/yoast-seo-wordpress\/ -->\n<title>IVECO BUS: Novos contratos para \u00f4nibus el\u00e9tricos a hidrog\u00eanio e a bateria impulsionam a marca ao sucesso na Fran\u00e7a - Canal Dana<\/title>\n<meta name=\"robots\" content=\"index, follow, max-snippet:-1, max-image-preview:large, max-video-preview:-1\" \/>\n<link rel=\"canonical\" href=\"https:\/\/dana.com.br\/canaldana\/2024\/10\/01\/iveco-bus-novos-contratos-para-onibus-eletricos-a-hidrogenio-e-a-bateria-impulsionam-a-marca-ao-sucesso-na-franca\/\" \/>\n<meta property=\"og:locale\" content=\"pt_BR\" \/>\n<meta property=\"og:type\" content=\"article\" \/>\n<meta property=\"og:title\" content=\"IVECO BUS: Novos contratos para \u00f4nibus el\u00e9tricos a hidrog\u00eanio e a bateria impulsionam a marca ao sucesso na Fran\u00e7a - Canal Dana\" \/>\n<meta property=\"og:description\" content=\"Coisas de Agora &nbsp; A IVECO BUS, marca de \u00f4nibus urbanos, intermunicipais e tur\u00edsticos do Iveco Group (EXM: IVG), recebeu tr\u00eas novos contratos para solu\u00e7\u00f5es de mobilidade el\u00e9trica na Fran\u00e7a, refor\u00e7ando a lideran\u00e7a da marca na transi\u00e7\u00e3o para um transporte p\u00fablico mais limpo e ecol\u00f3gico. No total, 31 \u00f4nibus com c\u00e9lula de combust\u00edvel de hidrog\u00eanio\u2026 Leia mais \u00bb\" \/>\n<meta property=\"og:url\" content=\"https:\/\/dana.com.br\/canaldana\/2024\/10\/01\/iveco-bus-novos-contratos-para-onibus-eletricos-a-hidrogenio-e-a-bateria-impulsionam-a-marca-ao-sucesso-na-franca\/\" \/>\n<meta property=\"og:site_name\" content=\"Canal Dana\" \/>\n<meta property=\"article:published_time\" content=\"2024-10-01T11:16:29+00:00\" \/>\n<meta name=\"author\" content=\"Canal Dana\" \/>\n<meta name=\"twitter:card\" content=\"summary_large_image\" \/>\n<meta name=\"twitter:label1\" content=\"Escrito por\" \/>\n\t<meta name=\"twitter:data1\" content=\"Canal Dana\" \/>\n\t<meta name=\"twitter:label2\" content=\"Est. tempo de leitura\" \/>\n\t<meta name=\"twitter:data2\" content=\"3 minutos\" \/>\n<script type=\"application\/ld+json\" class=\"yoast-schema-graph\">{\"@context\":\"https:\\\/\\\/schema.org\",\"@graph\":[{\"@type\":\"Article\",\"@id\":\"https:\\\/\\\/dana.com.br\\\/canaldana\\\/2024\\\/10\\\/01\\\/iveco-bus-novos-contratos-para-onibus-eletricos-a-hidrogenio-e-a-bateria-impulsionam-a-marca-ao-sucesso-na-franca\\\/#article\",\"isPartOf\":{\"@id\":\"https:\\\/\\\/dana.com.br\\\/canaldana\\\/2024\\\/10\\\/01\\\/iveco-bus-novos-contratos-para-onibus-eletricos-a-hidrogenio-e-a-bateria-impulsionam-a-marca-ao-sucesso-na-franca\\\/\"},\"author\":{\"name\":\"Canal Dana\",\"@id\":\"https:\\\/\\\/dana.com.br\\\/canaldana\\\/#\\\/schema\\\/person\\\/3c21f22f56fcf3bc46b94bc60ea4fef6\"},\"headline\":\"IVECO BUS: Novos contratos para \u00f4nibus el\u00e9tricos a hidrog\u00eanio e a bateria impulsionam a marca ao sucesso na Fran\u00e7a\",\"datePublished\":\"2024-10-01T11:16:29+00:00\",\"mainEntityOfPage\":{\"@id\":\"https:\\\/\\\/dana.com.br\\\/canaldana\\\/2024\\\/10\\\/01\\\/iveco-bus-novos-contratos-para-onibus-eletricos-a-hidrogenio-e-a-bateria-impulsionam-a-marca-ao-sucesso-na-franca\\\/\"},\"wordCount\":495,\"articleSection\":[\"El\u00e9tricos\"],\"inLanguage\":\"pt-BR\"},{\"@type\":\"WebPage\",\"@id\":\"https:\\\/\\\/dana.com.br\\\/canaldana\\\/2024\\\/10\\\/01\\\/iveco-bus-novos-contratos-para-onibus-eletricos-a-hidrogenio-e-a-bateria-impulsionam-a-marca-ao-sucesso-na-franca\\\/\",\"url\":\"https:\\\/\\\/dana.com.br\\\/canaldana\\\/2024\\\/10\\\/01\\\/iveco-bus-novos-contratos-para-onibus-eletricos-a-hidrogenio-e-a-bateria-impulsionam-a-marca-ao-sucesso-na-franca\\\/\",\"name\":\"IVECO BUS: Novos contratos para \u00f4nibus el\u00e9tricos a hidrog\u00eanio e a bateria impulsionam a marca ao sucesso na Fran\u00e7a - Canal Dana\",\"isPartOf\":{\"@id\":\"https:\\\/\\\/dana.com.br\\\/canaldana\\\/#website\"},\"datePublished\":\"2024-10-01T11:16:29+00:00\",\"author\":{\"@id\":\"https:\\\/\\\/dana.com.br\\\/canaldana\\\/#\\\/schema\\\/person\\\/3c21f22f56fcf3bc46b94bc60ea4fef6\"},\"breadcrumb\":{\"@id\":\"https:\\\/\\\/dana.com.br\\\/canaldana\\\/2024\\\/10\\\/01\\\/iveco-bus-novos-contratos-para-onibus-eletricos-a-hidrogenio-e-a-bateria-impulsionam-a-marca-ao-sucesso-na-franca\\\/#breadcrumb\"},\"inLanguage\":\"pt-BR\",\"potentialAction\":[{\"@type\":\"ReadAction\",\"target\":[\"https:\\\/\\\/dana.com.br\\\/canaldana\\\/2024\\\/10\\\/01\\\/iveco-bus-novos-contratos-para-onibus-eletricos-a-hidrogenio-e-a-bateria-impulsionam-a-marca-ao-sucesso-na-franca\\\/\"]}]},{\"@type\":\"BreadcrumbList\",\"@id\":\"https:\\\/\\\/dana.com.br\\\/canaldana\\\/2024\\\/10\\\/01\\\/iveco-bus-novos-contratos-para-onibus-eletricos-a-hidrogenio-e-a-bateria-impulsionam-a-marca-ao-sucesso-na-franca\\\/#breadcrumb\",\"itemListElement\":[{\"@type\":\"ListItem\",\"position\":1,\"name\":\"Home\",\"item\":\"https:\\\/\\\/dana.com.br\\\/canaldana\\\/\"},{\"@type\":\"ListItem\",\"position\":2,\"name\":\"El\u00e9tricos\",\"item\":\"https:\\\/\\\/dana.com.br\\\/canaldana\\\/eletricos\\\/\"},{\"@type\":\"ListItem\",\"position\":3,\"name\":\"IVECO BUS: Novos contratos para \u00f4nibus el\u00e9tricos a hidrog\u00eanio e a bateria impulsionam a marca ao sucesso na Fran\u00e7a\"}]},{\"@type\":\"WebSite\",\"@id\":\"https:\\\/\\\/dana.com.br\\\/canaldana\\\/#website\",\"url\":\"https:\\\/\\\/dana.com.br\\\/canaldana\\\/\",\"name\":\"Canal Dana\",\"description\":\"Informativo com as principais not\u00edcias da ind\u00fastria automotiva\",\"potentialAction\":[{\"@type\":\"SearchAction\",\"target\":{\"@type\":\"EntryPoint\",\"urlTemplate\":\"https:\\\/\\\/dana.com.br\\\/canaldana\\\/?s={search_term_string}\"},\"query-input\":{\"@type\":\"PropertyValueSpecification\",\"valueRequired\":true,\"valueName\":\"search_term_string\"}}],\"inLanguage\":\"pt-BR\"},{\"@type\":\"Person\",\"@id\":\"https:\\\/\\\/dana.com.br\\\/canaldana\\\/#\\\/schema\\\/person\\\/3c21f22f56fcf3bc46b94bc60ea4fef6\",\"name\":\"Canal Dana\",\"image\":{\"@type\":\"ImageObject\",\"inLanguage\":\"pt-BR\",\"@id\":\"https:\\\/\\\/secure.gravatar.com\\\/avatar\\\/420aaf9278582877d9018637c6817617705899d2858d7572ef0fe59a6b6454b4?s=96&d=mm&r=g\",\"url\":\"https:\\\/\\\/secure.gravatar.com\\\/avatar\\\/420aaf9278582877d9018637c6817617705899d2858d7572ef0fe59a6b6454b4?s=96&d=mm&r=g\",\"contentUrl\":\"https:\\\/\\\/secure.gravatar.com\\\/avatar\\\/420aaf9278582877d9018637c6817617705899d2858d7572ef0fe59a6b6454b4?s=96&d=mm&r=g\",\"caption\":\"Canal Dana\"},\"url\":\"https:\\\/\\\/dana.com.br\\\/canaldana\\\/author\\\/cdeditor\\\/\"}]}<\/script>\n<!-- \/ Yoast SEO plugin. -->","yoast_head_json":{"title":"IVECO BUS: Novos contratos para \u00f4nibus el\u00e9tricos a hidrog\u00eanio e a bateria impulsionam a marca ao sucesso na Fran\u00e7a - Canal Dana","robots":{"index":"index","follow":"follow","max-snippet":"max-snippet:-1","max-image-preview":"max-image-preview:large","max-video-preview":"max-video-preview:-1"},"canonical":"https:\/\/dana.com.br\/canaldana\/2024\/10\/01\/iveco-bus-novos-contratos-para-onibus-eletricos-a-hidrogenio-e-a-bateria-impulsionam-a-marca-ao-sucesso-na-franca\/","og_locale":"pt_BR","og_type":"article","og_title":"IVECO BUS: Novos contratos para \u00f4nibus el\u00e9tricos a hidrog\u00eanio e a bateria impulsionam a marca ao sucesso na Fran\u00e7a - Canal Dana","og_description":"Coisas de Agora &nbsp; A IVECO BUS, marca de \u00f4nibus urbanos, intermunicipais e tur\u00edsticos do Iveco Group (EXM: IVG), recebeu tr\u00eas novos contratos para solu\u00e7\u00f5es de mobilidade el\u00e9trica na Fran\u00e7a, refor\u00e7ando a lideran\u00e7a da marca na transi\u00e7\u00e3o para um transporte p\u00fablico mais limpo e ecol\u00f3gico. No total, 31 \u00f4nibus com c\u00e9lula de combust\u00edvel de hidrog\u00eanio\u2026 Leia mais \u00bb","og_url":"https:\/\/dana.com.br\/canaldana\/2024\/10\/01\/iveco-bus-novos-contratos-para-onibus-eletricos-a-hidrogenio-e-a-bateria-impulsionam-a-marca-ao-sucesso-na-franca\/","og_site_name":"Canal Dana","article_published_time":"2024-10-01T11:16:29+00:00","author":"Canal Dana","twitter_card":"summary_large_image","twitter_misc":{"Escrito por":"Canal Dana","Est. tempo de leitura":"3 minutos"},"schema":{"@context":"https:\/\/schema.org","@graph":[{"@type":"Article","@id":"https:\/\/dana.com.br\/canaldana\/2024\/10\/01\/iveco-bus-novos-contratos-para-onibus-eletricos-a-hidrogenio-e-a-bateria-impulsionam-a-marca-ao-sucesso-na-franca\/#article","isPartOf":{"@id":"https:\/\/dana.com.br\/canaldana\/2024\/10\/01\/iveco-bus-novos-contratos-para-onibus-eletricos-a-hidrogenio-e-a-bateria-impulsionam-a-marca-ao-sucesso-na-franca\/"},"author":{"name":"Canal Dana","@id":"https:\/\/dana.com.br\/canaldana\/#\/schema\/person\/3c21f22f56fcf3bc46b94bc60ea4fef6"},"headline":"IVECO BUS: Novos contratos para \u00f4nibus el\u00e9tricos a hidrog\u00eanio e a bateria impulsionam a marca ao sucesso na Fran\u00e7a","datePublished":"2024-10-01T11:16:29+00:00","mainEntityOfPage":{"@id":"https:\/\/dana.com.br\/canaldana\/2024\/10\/01\/iveco-bus-novos-contratos-para-onibus-eletricos-a-hidrogenio-e-a-bateria-impulsionam-a-marca-ao-sucesso-na-franca\/"},"wordCount":495,"articleSection":["El\u00e9tricos"],"inLanguage":"pt-BR"},{"@type":"WebPage","@id":"https:\/\/dana.com.br\/canaldana\/2024\/10\/01\/iveco-bus-novos-contratos-para-onibus-eletricos-a-hidrogenio-e-a-bateria-impulsionam-a-marca-ao-sucesso-na-franca\/","url":"https:\/\/dana.com.br\/canaldana\/2024\/10\/01\/iveco-bus-novos-contratos-para-onibus-eletricos-a-hidrogenio-e-a-bateria-impulsionam-a-marca-ao-sucesso-na-franca\/","name":"IVECO BUS: Novos contratos para \u00f4nibus el\u00e9tricos a hidrog\u00eanio e a bateria impulsionam a marca ao sucesso na Fran\u00e7a - Canal Dana","isPartOf":{"@id":"https:\/\/dana.com.br\/canaldana\/#website"},"datePublished":"2024-10-01T11:16:29+00:00","author":{"@id":"https:\/\/dana.com.br\/canaldana\/#\/schema\/person\/3c21f22f56fcf3bc46b94bc60ea4fef6"},"breadcrumb":{"@id":"https:\/\/dana.com.br\/canaldana\/2024\/10\/01\/iveco-bus-novos-contratos-para-onibus-eletricos-a-hidrogenio-e-a-bateria-impulsionam-a-marca-ao-sucesso-na-franca\/#breadcrumb"},"inLanguage":"pt-BR","potentialAction":[{"@type":"ReadAction","target":["https:\/\/dana.com.br\/canaldana\/2024\/10\/01\/iveco-bus-novos-contratos-para-onibus-eletricos-a-hidrogenio-e-a-bateria-impulsionam-a-marca-ao-sucesso-na-franca\/"]}]},{"@type":"BreadcrumbList","@id":"https:\/\/dana.com.br\/canaldana\/2024\/10\/01\/iveco-bus-novos-contratos-para-onibus-eletricos-a-hidrogenio-e-a-bateria-impulsionam-a-marca-ao-sucesso-na-franca\/#breadcrumb","itemListElement":[{"@type":"ListItem","position":1,"name":"Home","item":"https:\/\/dana.com.br\/canaldana\/"},{"@type":"ListItem","position":2,"name":"El\u00e9tricos","item":"https:\/\/dana.com.br\/canaldana\/eletricos\/"},{"@type":"ListItem","position":3,"name":"IVECO BUS: Novos contratos para \u00f4nibus el\u00e9tricos a hidrog\u00eanio e a bateria impulsionam a marca ao sucesso na Fran\u00e7a"}]},{"@type":"WebSite","@id":"https:\/\/dana.com.br\/canaldana\/#website","url":"https:\/\/dana.com.br\/canaldana\/","name":"Canal Dana","description":"Informativo com as principais not\u00edcias da ind\u00fastria automotiva","potentialAction":[{"@type":"SearchAction","target":{"@type":"EntryPoint","urlTemplate":"https:\/\/dana.com.br\/canaldana\/?s={search_term_string}"},"query-input":{"@type":"PropertyValueSpecification","valueRequired":true,"valueName":"search_term_string"}}],"inLanguage":"pt-BR"},{"@type":"Person","@id":"https:\/\/dana.com.br\/canaldana\/#\/schema\/person\/3c21f22f56fcf3bc46b94bc60ea4fef6","name":"Canal Dana","image":{"@type":"ImageObject","inLanguage":"pt-BR","@id":"https:\/\/secure.gravatar.com\/avatar\/420aaf9278582877d9018637c6817617705899d2858d7572ef0fe59a6b6454b4?s=96&d=mm&r=g","url":"https:\/\/secure.gravatar.com\/avatar\/420aaf9278582877d9018637c6817617705899d2858d7572ef0fe59a6b6454b4?s=96&d=mm&r=g","contentUrl":"https:\/\/secure.gravatar.com\/avatar\/420aaf9278582877d9018637c6817617705899d2858d7572ef0fe59a6b6454b4?s=96&d=mm&r=g","caption":"Canal Dana"},"url":"https:\/\/dana.com.br\/canaldana\/author\/cdeditor\/"}]}},"_links":{"self":[{"href":"https:\/\/dana.com.br\/canaldana\/wp-json\/wp\/v2\/posts\/76774","targetHints":{"allow":["GET"]}}],"collection":[{"href":"https:\/\/dana.com.br\/canaldana\/wp-json\/wp\/v2\/posts"}],"about":[{"href":"https:\/\/dana.com.br\/canaldana\/wp-json\/wp\/v2\/types\/post"}],"author":[{"embeddable":true,"href":"https:\/\/dana.com.br\/canaldana\/wp-json\/wp\/v2\/users\/3"}],"replies":[{"embeddable":true,"href":"https:\/\/dana.com.br\/canaldana\/wp-json\/wp\/v2\/comments?post=76774"}],"version-history":[{"count":1,"href":"https:\/\/dana.com.br\/canaldana\/wp-json\/wp\/v2\/posts\/76774\/revisions"}],"predecessor-version":[{"id":76775,"href":"https:\/\/dana.com.br\/canaldana\/wp-json\/wp\/v2\/posts\/76774\/revisions\/76775"}],"wp:attachment":[{"href":"https:\/\/dana.com.br\/canaldana\/wp-json\/wp\/v2\/media?parent=76774"}],"wp:term":[{"taxonomy":"category","embeddable":true,"href":"https:\/\/dana.com.br\/canaldana\/wp-json\/wp\/v2\/categories?post=76774"},{"taxonomy":"post_tag","embeddable":true,"href":"https:\/\/dana.com.br\/canaldana\/wp-json\/wp\/v2\/tags?post=76774"}],"curies":[{"name":"wp","href":"https:\/\/api.w.org\/{rel}","templated":true}]}}