{"id":76716,"date":"2024-09-27T08:32:10","date_gmt":"2024-09-27T11:32:10","guid":{"rendered":"https:\/\/dana.com.br\/canaldana\/?p=76716"},"modified":"2024-09-27T08:32:10","modified_gmt":"2024-09-27T11:32:10","slug":"fiat-pulse-drive-t200-volta-ao-portfolio-do-suv-apos-2-anos","status":"publish","type":"post","link":"https:\/\/dana.com.br\/canaldana\/2024\/09\/27\/fiat-pulse-drive-t200-volta-ao-portfolio-do-suv-apos-2-anos\/","title":{"rendered":"Fiat Pulse Drive T200 volta ao portf\u00f3lio do SUV ap\u00f3s 2 anos"},"content":{"rendered":"<p><em>Portal N10<\/em><\/p>\n<p>&nbsp;<\/p>\n<p>O Fiat Pulse Drive T200 2025 est\u00e1 de volta ao mercado, ap\u00f3s ter sido discretamente retirado de linha em 2023. Agora, ele retorna como op\u00e7\u00e3o de entrada entre as vers\u00f5es com motor turbo. Na \u00e9poca, a Stellantis decidiu reduzir a quantidade de vers\u00f5es do SUV compacto, mas parece que a estrat\u00e9gia n\u00e3o alcan\u00e7ou os resultados esperados. Quase dois anos depois, a marca optou por reintroduzir essa configura\u00e7\u00e3o em sua linha de produtos.<\/p>\n<p>&nbsp;<\/p>\n<p>Sob o cap\u00f4, o Fiat Pulse Drive T200 traz o mesmo motor presente nas vers\u00f5es Audace e Impetus: um 1.0 Turbo de 4 cilindros e 12 v\u00e1lvulas. Esse motor gera at\u00e9 130 cv a 5.750 rpm e oferece um torque de 20,4 kgf.ma 1.700 rpm. A transmiss\u00e3o \u00e9 autom\u00e1tica de 7 marchas.<\/p>\n<p>&nbsp;<\/p>\n<p>A vers\u00e3o Drive T200 do Pulse ser\u00e1 relan\u00e7ada como parte de um teste especial durante a campanha Tributo 125, que comemora os 125 anos da Fiat. Al\u00e9m do Pulse, outros modelos, como Argo, Fastback, Strada e Toro, tamb\u00e9m autorizam edi\u00e7\u00f5es especiais com detalhes exclusivos.<\/p>\n<p>&nbsp;<\/p>\n<p>Caso essa s\u00e9rie especial tenha uma boa acessibilidade, h\u00e1 chances de que a vers\u00e3o Drive T200 volte permanentemente ao mercado. No momento, essa configura\u00e7\u00e3o ser\u00e1 vendida com o pacote Tributo 125, custando R$ 128.990.<\/p>\n<p>&nbsp;<\/p>\n<p>O Fiat Pulse Drive T200 vem equipado com uma central multim\u00eddia de 10,1 polegadas, que oferece conectividade sem fio com Apple CarPlay e Android Auto. O painel de instrumentos possui uma tela de 3,5 polegadas para o computador de bordo.<\/p>\n<p>&nbsp;<\/p>\n<p>O SUV tamb\u00e9m cont\u00e9m chave canivete, ajuste de altura da coluna de dire\u00e7\u00e3o, retrovisores el\u00e9tricos e rodas de 17 polegadas com acabamento escurecido, al\u00e9m de piloto autom\u00e1tico.<\/p>\n<p>&nbsp;<\/p>\n<p>Entre os itens de seguran\u00e7a e conforto, o Fiat Pulse traz 4 airbags, ar condicionado autom\u00e1tico, ajuste de altura para o banco do motorista, vidros el\u00e9tricos nas quatro portas, bancos e volantes revestidos em couro, far\u00f3is de LED, chave presencial e lanternas traseiras em LED. (Portal N10)<\/p>\n","protected":false},"excerpt":{"rendered":"<p>Portal N10 &nbsp; O Fiat Pulse Drive T200 2025 est\u00e1 de volta ao mercado, ap\u00f3s ter sido discretamente retirado de linha em 2023. Agora, ele retorna como op\u00e7\u00e3o de entrada entre as vers\u00f5es com motor turbo. Na \u00e9poca, a Stellantis decidiu reduzir a quantidade de vers\u00f5es do SUV compacto, mas parece que a estrat\u00e9gia n\u00e3o\u2026 <a class=\"readmore\" href=\"https:\/\/dana.com.br\/canaldana\/2024\/09\/27\/fiat-pulse-drive-t200-volta-ao-portfolio-do-suv-apos-2-anos\/\">Leia mais \u00bb<\/a><\/p>\n","protected":false},"author":3,"featured_media":0,"comment_status":"closed","ping_status":"closed","sticky":false,"template":"","format":"standard","meta":{"_acf_changed":false,"footnotes":""},"categories":[79],"tags":[],"class_list":["post-76716","post","type-post","status-publish","format-standard","hentry","category-mercado"],"acf":[],"yoast_head":"<!-- This site is optimized with the Yoast SEO plugin v27.3 - https:\/\/yoast.com\/product\/yoast-seo-wordpress\/ -->\n<title>Fiat Pulse Drive T200 volta ao portf\u00f3lio do SUV ap\u00f3s 2 anos - Canal Dana<\/title>\n<meta name=\"robots\" content=\"index, follow, max-snippet:-1, max-image-preview:large, max-video-preview:-1\" \/>\n<link rel=\"canonical\" href=\"https:\/\/dana.com.br\/canaldana\/2024\/09\/27\/fiat-pulse-drive-t200-volta-ao-portfolio-do-suv-apos-2-anos\/\" \/>\n<meta property=\"og:locale\" content=\"pt_BR\" \/>\n<meta property=\"og:type\" content=\"article\" \/>\n<meta property=\"og:title\" content=\"Fiat Pulse Drive T200 volta ao portf\u00f3lio do SUV ap\u00f3s 2 anos - Canal Dana\" \/>\n<meta property=\"og:description\" content=\"Portal N10 &nbsp; O Fiat Pulse Drive T200 2025 est\u00e1 de volta ao mercado, ap\u00f3s ter sido discretamente retirado de linha em 2023. Agora, ele retorna como op\u00e7\u00e3o de entrada entre as vers\u00f5es com motor turbo. Na \u00e9poca, a Stellantis decidiu reduzir a quantidade de vers\u00f5es do SUV compacto, mas parece que a estrat\u00e9gia n\u00e3o\u2026 Leia mais \u00bb\" \/>\n<meta property=\"og:url\" content=\"https:\/\/dana.com.br\/canaldana\/2024\/09\/27\/fiat-pulse-drive-t200-volta-ao-portfolio-do-suv-apos-2-anos\/\" \/>\n<meta property=\"og:site_name\" content=\"Canal Dana\" \/>\n<meta property=\"article:published_time\" content=\"2024-09-27T11:32:10+00:00\" \/>\n<meta name=\"author\" content=\"Canal Dana\" \/>\n<meta name=\"twitter:card\" content=\"summary_large_image\" \/>\n<meta name=\"twitter:label1\" content=\"Escrito por\" \/>\n\t<meta name=\"twitter:data1\" content=\"Canal Dana\" \/>\n\t<meta name=\"twitter:label2\" content=\"Est. tempo de leitura\" \/>\n\t<meta name=\"twitter:data2\" content=\"2 minutos\" \/>\n<script type=\"application\/ld+json\" class=\"yoast-schema-graph\">{\"@context\":\"https:\\\/\\\/schema.org\",\"@graph\":[{\"@type\":\"Article\",\"@id\":\"https:\\\/\\\/dana.com.br\\\/canaldana\\\/2024\\\/09\\\/27\\\/fiat-pulse-drive-t200-volta-ao-portfolio-do-suv-apos-2-anos\\\/#article\",\"isPartOf\":{\"@id\":\"https:\\\/\\\/dana.com.br\\\/canaldana\\\/2024\\\/09\\\/27\\\/fiat-pulse-drive-t200-volta-ao-portfolio-do-suv-apos-2-anos\\\/\"},\"author\":{\"name\":\"Canal Dana\",\"@id\":\"https:\\\/\\\/dana.com.br\\\/canaldana\\\/#\\\/schema\\\/person\\\/3c21f22f56fcf3bc46b94bc60ea4fef6\"},\"headline\":\"Fiat Pulse Drive T200 volta ao portf\u00f3lio do SUV ap\u00f3s 2 anos\",\"datePublished\":\"2024-09-27T11:32:10+00:00\",\"mainEntityOfPage\":{\"@id\":\"https:\\\/\\\/dana.com.br\\\/canaldana\\\/2024\\\/09\\\/27\\\/fiat-pulse-drive-t200-volta-ao-portfolio-do-suv-apos-2-anos\\\/\"},\"wordCount\":351,\"articleSection\":[\"Mercado\"],\"inLanguage\":\"pt-BR\"},{\"@type\":\"WebPage\",\"@id\":\"https:\\\/\\\/dana.com.br\\\/canaldana\\\/2024\\\/09\\\/27\\\/fiat-pulse-drive-t200-volta-ao-portfolio-do-suv-apos-2-anos\\\/\",\"url\":\"https:\\\/\\\/dana.com.br\\\/canaldana\\\/2024\\\/09\\\/27\\\/fiat-pulse-drive-t200-volta-ao-portfolio-do-suv-apos-2-anos\\\/\",\"name\":\"Fiat Pulse Drive T200 volta ao portf\u00f3lio do SUV ap\u00f3s 2 anos - Canal Dana\",\"isPartOf\":{\"@id\":\"https:\\\/\\\/dana.com.br\\\/canaldana\\\/#website\"},\"datePublished\":\"2024-09-27T11:32:10+00:00\",\"author\":{\"@id\":\"https:\\\/\\\/dana.com.br\\\/canaldana\\\/#\\\/schema\\\/person\\\/3c21f22f56fcf3bc46b94bc60ea4fef6\"},\"breadcrumb\":{\"@id\":\"https:\\\/\\\/dana.com.br\\\/canaldana\\\/2024\\\/09\\\/27\\\/fiat-pulse-drive-t200-volta-ao-portfolio-do-suv-apos-2-anos\\\/#breadcrumb\"},\"inLanguage\":\"pt-BR\",\"potentialAction\":[{\"@type\":\"ReadAction\",\"target\":[\"https:\\\/\\\/dana.com.br\\\/canaldana\\\/2024\\\/09\\\/27\\\/fiat-pulse-drive-t200-volta-ao-portfolio-do-suv-apos-2-anos\\\/\"]}]},{\"@type\":\"BreadcrumbList\",\"@id\":\"https:\\\/\\\/dana.com.br\\\/canaldana\\\/2024\\\/09\\\/27\\\/fiat-pulse-drive-t200-volta-ao-portfolio-do-suv-apos-2-anos\\\/#breadcrumb\",\"itemListElement\":[{\"@type\":\"ListItem\",\"position\":1,\"name\":\"Home\",\"item\":\"https:\\\/\\\/dana.com.br\\\/canaldana\\\/\"},{\"@type\":\"ListItem\",\"position\":2,\"name\":\"Mercado\",\"item\":\"https:\\\/\\\/dana.com.br\\\/canaldana\\\/mercado\\\/\"},{\"@type\":\"ListItem\",\"position\":3,\"name\":\"Fiat Pulse Drive T200 volta ao portf\u00f3lio do SUV ap\u00f3s 2 anos\"}]},{\"@type\":\"WebSite\",\"@id\":\"https:\\\/\\\/dana.com.br\\\/canaldana\\\/#website\",\"url\":\"https:\\\/\\\/dana.com.br\\\/canaldana\\\/\",\"name\":\"Canal Dana\",\"description\":\"Informativo com as principais not\u00edcias da ind\u00fastria automotiva\",\"potentialAction\":[{\"@type\":\"SearchAction\",\"target\":{\"@type\":\"EntryPoint\",\"urlTemplate\":\"https:\\\/\\\/dana.com.br\\\/canaldana\\\/?s={search_term_string}\"},\"query-input\":{\"@type\":\"PropertyValueSpecification\",\"valueRequired\":true,\"valueName\":\"search_term_string\"}}],\"inLanguage\":\"pt-BR\"},{\"@type\":\"Person\",\"@id\":\"https:\\\/\\\/dana.com.br\\\/canaldana\\\/#\\\/schema\\\/person\\\/3c21f22f56fcf3bc46b94bc60ea4fef6\",\"name\":\"Canal Dana\",\"image\":{\"@type\":\"ImageObject\",\"inLanguage\":\"pt-BR\",\"@id\":\"https:\\\/\\\/secure.gravatar.com\\\/avatar\\\/420aaf9278582877d9018637c6817617705899d2858d7572ef0fe59a6b6454b4?s=96&d=mm&r=g\",\"url\":\"https:\\\/\\\/secure.gravatar.com\\\/avatar\\\/420aaf9278582877d9018637c6817617705899d2858d7572ef0fe59a6b6454b4?s=96&d=mm&r=g\",\"contentUrl\":\"https:\\\/\\\/secure.gravatar.com\\\/avatar\\\/420aaf9278582877d9018637c6817617705899d2858d7572ef0fe59a6b6454b4?s=96&d=mm&r=g\",\"caption\":\"Canal Dana\"},\"url\":\"https:\\\/\\\/dana.com.br\\\/canaldana\\\/author\\\/cdeditor\\\/\"}]}<\/script>\n<!-- \/ Yoast SEO plugin. -->","yoast_head_json":{"title":"Fiat Pulse Drive T200 volta ao portf\u00f3lio do SUV ap\u00f3s 2 anos - Canal Dana","robots":{"index":"index","follow":"follow","max-snippet":"max-snippet:-1","max-image-preview":"max-image-preview:large","max-video-preview":"max-video-preview:-1"},"canonical":"https:\/\/dana.com.br\/canaldana\/2024\/09\/27\/fiat-pulse-drive-t200-volta-ao-portfolio-do-suv-apos-2-anos\/","og_locale":"pt_BR","og_type":"article","og_title":"Fiat Pulse Drive T200 volta ao portf\u00f3lio do SUV ap\u00f3s 2 anos - Canal Dana","og_description":"Portal N10 &nbsp; O Fiat Pulse Drive T200 2025 est\u00e1 de volta ao mercado, ap\u00f3s ter sido discretamente retirado de linha em 2023. Agora, ele retorna como op\u00e7\u00e3o de entrada entre as vers\u00f5es com motor turbo. Na \u00e9poca, a Stellantis decidiu reduzir a quantidade de vers\u00f5es do SUV compacto, mas parece que a estrat\u00e9gia n\u00e3o\u2026 Leia mais \u00bb","og_url":"https:\/\/dana.com.br\/canaldana\/2024\/09\/27\/fiat-pulse-drive-t200-volta-ao-portfolio-do-suv-apos-2-anos\/","og_site_name":"Canal Dana","article_published_time":"2024-09-27T11:32:10+00:00","author":"Canal Dana","twitter_card":"summary_large_image","twitter_misc":{"Escrito por":"Canal Dana","Est. tempo de leitura":"2 minutos"},"schema":{"@context":"https:\/\/schema.org","@graph":[{"@type":"Article","@id":"https:\/\/dana.com.br\/canaldana\/2024\/09\/27\/fiat-pulse-drive-t200-volta-ao-portfolio-do-suv-apos-2-anos\/#article","isPartOf":{"@id":"https:\/\/dana.com.br\/canaldana\/2024\/09\/27\/fiat-pulse-drive-t200-volta-ao-portfolio-do-suv-apos-2-anos\/"},"author":{"name":"Canal Dana","@id":"https:\/\/dana.com.br\/canaldana\/#\/schema\/person\/3c21f22f56fcf3bc46b94bc60ea4fef6"},"headline":"Fiat Pulse Drive T200 volta ao portf\u00f3lio do SUV ap\u00f3s 2 anos","datePublished":"2024-09-27T11:32:10+00:00","mainEntityOfPage":{"@id":"https:\/\/dana.com.br\/canaldana\/2024\/09\/27\/fiat-pulse-drive-t200-volta-ao-portfolio-do-suv-apos-2-anos\/"},"wordCount":351,"articleSection":["Mercado"],"inLanguage":"pt-BR"},{"@type":"WebPage","@id":"https:\/\/dana.com.br\/canaldana\/2024\/09\/27\/fiat-pulse-drive-t200-volta-ao-portfolio-do-suv-apos-2-anos\/","url":"https:\/\/dana.com.br\/canaldana\/2024\/09\/27\/fiat-pulse-drive-t200-volta-ao-portfolio-do-suv-apos-2-anos\/","name":"Fiat Pulse Drive T200 volta ao portf\u00f3lio do SUV ap\u00f3s 2 anos - Canal Dana","isPartOf":{"@id":"https:\/\/dana.com.br\/canaldana\/#website"},"datePublished":"2024-09-27T11:32:10+00:00","author":{"@id":"https:\/\/dana.com.br\/canaldana\/#\/schema\/person\/3c21f22f56fcf3bc46b94bc60ea4fef6"},"breadcrumb":{"@id":"https:\/\/dana.com.br\/canaldana\/2024\/09\/27\/fiat-pulse-drive-t200-volta-ao-portfolio-do-suv-apos-2-anos\/#breadcrumb"},"inLanguage":"pt-BR","potentialAction":[{"@type":"ReadAction","target":["https:\/\/dana.com.br\/canaldana\/2024\/09\/27\/fiat-pulse-drive-t200-volta-ao-portfolio-do-suv-apos-2-anos\/"]}]},{"@type":"BreadcrumbList","@id":"https:\/\/dana.com.br\/canaldana\/2024\/09\/27\/fiat-pulse-drive-t200-volta-ao-portfolio-do-suv-apos-2-anos\/#breadcrumb","itemListElement":[{"@type":"ListItem","position":1,"name":"Home","item":"https:\/\/dana.com.br\/canaldana\/"},{"@type":"ListItem","position":2,"name":"Mercado","item":"https:\/\/dana.com.br\/canaldana\/mercado\/"},{"@type":"ListItem","position":3,"name":"Fiat Pulse Drive T200 volta ao portf\u00f3lio do SUV ap\u00f3s 2 anos"}]},{"@type":"WebSite","@id":"https:\/\/dana.com.br\/canaldana\/#website","url":"https:\/\/dana.com.br\/canaldana\/","name":"Canal Dana","description":"Informativo com as principais not\u00edcias da ind\u00fastria automotiva","potentialAction":[{"@type":"SearchAction","target":{"@type":"EntryPoint","urlTemplate":"https:\/\/dana.com.br\/canaldana\/?s={search_term_string}"},"query-input":{"@type":"PropertyValueSpecification","valueRequired":true,"valueName":"search_term_string"}}],"inLanguage":"pt-BR"},{"@type":"Person","@id":"https:\/\/dana.com.br\/canaldana\/#\/schema\/person\/3c21f22f56fcf3bc46b94bc60ea4fef6","name":"Canal Dana","image":{"@type":"ImageObject","inLanguage":"pt-BR","@id":"https:\/\/secure.gravatar.com\/avatar\/420aaf9278582877d9018637c6817617705899d2858d7572ef0fe59a6b6454b4?s=96&d=mm&r=g","url":"https:\/\/secure.gravatar.com\/avatar\/420aaf9278582877d9018637c6817617705899d2858d7572ef0fe59a6b6454b4?s=96&d=mm&r=g","contentUrl":"https:\/\/secure.gravatar.com\/avatar\/420aaf9278582877d9018637c6817617705899d2858d7572ef0fe59a6b6454b4?s=96&d=mm&r=g","caption":"Canal Dana"},"url":"https:\/\/dana.com.br\/canaldana\/author\/cdeditor\/"}]}},"_links":{"self":[{"href":"https:\/\/dana.com.br\/canaldana\/wp-json\/wp\/v2\/posts\/76716","targetHints":{"allow":["GET"]}}],"collection":[{"href":"https:\/\/dana.com.br\/canaldana\/wp-json\/wp\/v2\/posts"}],"about":[{"href":"https:\/\/dana.com.br\/canaldana\/wp-json\/wp\/v2\/types\/post"}],"author":[{"embeddable":true,"href":"https:\/\/dana.com.br\/canaldana\/wp-json\/wp\/v2\/users\/3"}],"replies":[{"embeddable":true,"href":"https:\/\/dana.com.br\/canaldana\/wp-json\/wp\/v2\/comments?post=76716"}],"version-history":[{"count":1,"href":"https:\/\/dana.com.br\/canaldana\/wp-json\/wp\/v2\/posts\/76716\/revisions"}],"predecessor-version":[{"id":76717,"href":"https:\/\/dana.com.br\/canaldana\/wp-json\/wp\/v2\/posts\/76716\/revisions\/76717"}],"wp:attachment":[{"href":"https:\/\/dana.com.br\/canaldana\/wp-json\/wp\/v2\/media?parent=76716"}],"wp:term":[{"taxonomy":"category","embeddable":true,"href":"https:\/\/dana.com.br\/canaldana\/wp-json\/wp\/v2\/categories?post=76716"},{"taxonomy":"post_tag","embeddable":true,"href":"https:\/\/dana.com.br\/canaldana\/wp-json\/wp\/v2\/tags?post=76716"}],"curies":[{"name":"wp","href":"https:\/\/api.w.org\/{rel}","templated":true}]}}