{"id":76696,"date":"2024-09-27T08:05:44","date_gmt":"2024-09-27T11:05:44","guid":{"rendered":"https:\/\/dana.com.br\/canaldana\/?p=76696"},"modified":"2024-09-27T08:05:44","modified_gmt":"2024-09-27T11:05:44","slug":"stellantis-e-ufpe-oferecem-vagas-para-especializacao-na-industria-automotiva","status":"publish","type":"post","link":"https:\/\/dana.com.br\/canaldana\/2024\/09\/27\/stellantis-e-ufpe-oferecem-vagas-para-especializacao-na-industria-automotiva\/","title":{"rendered":"Stellantis e UFPE oferecem vagas para especializa\u00e7\u00e3o na ind\u00fastria automotiva"},"content":{"rendered":"<p><em>Motor Mais<\/em><\/p>\n<p>&nbsp;<\/p>\n<p>Stellantis, em parceria com o Centro de Inform\u00e1tica (CIn) da UFPE e a FACEPE, oferece curso de p\u00f3s-gradua\u00e7\u00e3o Lato Sensu gratuito, com 75 vagas voltadas para o setor automotivo. A terceira edi\u00e7\u00e3o do Programa de Resid\u00eancia Tecnol\u00f3gica \u00e9 destinada a profissionais graduados em Engenharia, com dom\u00ednio em ingl\u00eas e os interessados t\u00eam at\u00e9 o dia 27 de setembro para se inscrever.<\/p>\n<p>&nbsp;<\/p>\n<p>Com in\u00edcio em outubro de 2024, o programa oferece 25 vagas em cada uma das tr\u00eas \u00e1reas de especializa\u00e7\u00e3o: Engenharia de Sistemas de Controle de Propuls\u00e3o (Controls), Engenharia de Calibra\u00e7\u00e3o de M\u00f3dulos de Propuls\u00e3o (Calibration) e Desenvolvimento de Software para o Setor Automotivo (Software). Os 15 candidatos com melhor coloca\u00e7\u00e3o em cada especializa\u00e7\u00e3o receber\u00e3o uma bolsa no valor total de R$ 24 mil, a serem pagas durante os seis meses de forma\u00e7\u00e3o, que combinam 360 horas aprendizado te\u00f3rico e pr\u00e1tico.<\/p>\n<p>&nbsp;<\/p>\n<p>O gerente de Engenharia Avan\u00e7ada da Stellantis, Toshizaemom Noce, refor\u00e7a que o programa oferece n\u00e3o s\u00f3 uma forma\u00e7\u00e3o t\u00e9cnica de alto n\u00edvel, mas tamb\u00e9m uma conex\u00e3o direta com a ind\u00fastria automotiva. \u201cCerca de 90% dos alunos das turmas anteriores foram contratados ap\u00f3s o curso\u201d, destaca Noce.<\/p>\n<p>&nbsp;<\/p>\n<p>Mais informa\u00e7\u00f5es sobre o curso, processo seletivo e cronograma est\u00e3o dispon\u00edveis neste link: edital. https:\/\/drive.google.com\/drive\/folders\/1Bl3Yqes-1jFXERuwYI13sPQ4jNE9LrfB<\/p>\n<p>&nbsp;<\/p>\n<p><strong>Sobre o Centro de Inform\u00e1tica da UFPE (CIn-UFPE) <\/strong><\/p>\n<p>&nbsp;<\/p>\n<p>O CIn-UFPE \u00e9 uma das principais institui\u00e7\u00f5es de ensino e pesquisa em tecnologia do Brasil e da Am\u00e9rica Latina, com destaque em projetos de inova\u00e7\u00e3o para o setor automotivo. Reconhecido nacional e internacionalmente, o centro \u00e9 uma Unidade Embrapii em Tecnologias e Sistemas Veiculares, e o LIVE (Laborat\u00f3rio de Inova\u00e7\u00e3o para Cidades Inteligentes), que integra o CIn, ser\u00e1 um dos respons\u00e1veis pelo desenvolvimento da resid\u00eancia.<\/p>\n<p><strong>\u00a0<\/strong><\/p>\n<p><strong>Sobre a FACEPE <\/strong><\/p>\n<p>&nbsp;<\/p>\n<p>A FACEPE atua promovendo o desenvolvimento cient\u00edfico e tecnol\u00f3gico em Pernambuco, com foco no fomento \u00e0 inova\u00e7\u00e3o e forma\u00e7\u00e3o de recursos humanos qualificados. Parte dos recursos para as bolsas do programa de Resid\u00eancia Tecnol\u00f3gica \u00e9 proveniente do EDITAL COMPET 07\/2024, que apoia novos programas de resid\u00eancia no estado. (Motor Mais)<\/p>\n","protected":false},"excerpt":{"rendered":"<p>Motor Mais &nbsp; Stellantis, em parceria com o Centro de Inform\u00e1tica (CIn) da UFPE e a FACEPE, oferece curso de p\u00f3s-gradua\u00e7\u00e3o Lato Sensu gratuito, com 75 vagas voltadas para o setor automotivo. A terceira edi\u00e7\u00e3o do Programa de Resid\u00eancia Tecnol\u00f3gica \u00e9 destinada a profissionais graduados em Engenharia, com dom\u00ednio em ingl\u00eas e os interessados t\u00eam\u2026 <a class=\"readmore\" href=\"https:\/\/dana.com.br\/canaldana\/2024\/09\/27\/stellantis-e-ufpe-oferecem-vagas-para-especializacao-na-industria-automotiva\/\">Leia mais \u00bb<\/a><\/p>\n","protected":false},"author":3,"featured_media":0,"comment_status":"closed","ping_status":"closed","sticky":false,"template":"","format":"standard","meta":{"_acf_changed":false,"footnotes":""},"categories":[68],"tags":[],"class_list":["post-76696","post","type-post","status-publish","format-standard","hentry","category-cursos"],"acf":[],"yoast_head":"<!-- This site is optimized with the Yoast SEO plugin v27.3 - https:\/\/yoast.com\/product\/yoast-seo-wordpress\/ -->\n<title>Stellantis e UFPE oferecem vagas para especializa\u00e7\u00e3o na ind\u00fastria automotiva - Canal Dana<\/title>\n<meta name=\"robots\" content=\"index, follow, max-snippet:-1, max-image-preview:large, max-video-preview:-1\" \/>\n<link rel=\"canonical\" href=\"https:\/\/dana.com.br\/canaldana\/2024\/09\/27\/stellantis-e-ufpe-oferecem-vagas-para-especializacao-na-industria-automotiva\/\" \/>\n<meta property=\"og:locale\" content=\"pt_BR\" \/>\n<meta property=\"og:type\" content=\"article\" \/>\n<meta property=\"og:title\" content=\"Stellantis e UFPE oferecem vagas para especializa\u00e7\u00e3o na ind\u00fastria automotiva - Canal Dana\" \/>\n<meta property=\"og:description\" content=\"Motor Mais &nbsp; Stellantis, em parceria com o Centro de Inform\u00e1tica (CIn) da UFPE e a FACEPE, oferece curso de p\u00f3s-gradua\u00e7\u00e3o Lato Sensu gratuito, com 75 vagas voltadas para o setor automotivo. A terceira edi\u00e7\u00e3o do Programa de Resid\u00eancia Tecnol\u00f3gica \u00e9 destinada a profissionais graduados em Engenharia, com dom\u00ednio em ingl\u00eas e os interessados t\u00eam\u2026 Leia mais \u00bb\" \/>\n<meta property=\"og:url\" content=\"https:\/\/dana.com.br\/canaldana\/2024\/09\/27\/stellantis-e-ufpe-oferecem-vagas-para-especializacao-na-industria-automotiva\/\" \/>\n<meta property=\"og:site_name\" content=\"Canal Dana\" \/>\n<meta property=\"article:published_time\" content=\"2024-09-27T11:05:44+00:00\" \/>\n<meta name=\"author\" content=\"Canal Dana\" \/>\n<meta name=\"twitter:card\" content=\"summary_large_image\" \/>\n<meta name=\"twitter:label1\" content=\"Escrito por\" \/>\n\t<meta name=\"twitter:data1\" content=\"Canal Dana\" \/>\n\t<meta name=\"twitter:label2\" content=\"Est. tempo de leitura\" \/>\n\t<meta name=\"twitter:data2\" content=\"2 minutos\" \/>\n<script type=\"application\/ld+json\" class=\"yoast-schema-graph\">{\"@context\":\"https:\\\/\\\/schema.org\",\"@graph\":[{\"@type\":\"Article\",\"@id\":\"https:\\\/\\\/dana.com.br\\\/canaldana\\\/2024\\\/09\\\/27\\\/stellantis-e-ufpe-oferecem-vagas-para-especializacao-na-industria-automotiva\\\/#article\",\"isPartOf\":{\"@id\":\"https:\\\/\\\/dana.com.br\\\/canaldana\\\/2024\\\/09\\\/27\\\/stellantis-e-ufpe-oferecem-vagas-para-especializacao-na-industria-automotiva\\\/\"},\"author\":{\"name\":\"Canal Dana\",\"@id\":\"https:\\\/\\\/dana.com.br\\\/canaldana\\\/#\\\/schema\\\/person\\\/3c21f22f56fcf3bc46b94bc60ea4fef6\"},\"headline\":\"Stellantis e UFPE oferecem vagas para especializa\u00e7\u00e3o na ind\u00fastria automotiva\",\"datePublished\":\"2024-09-27T11:05:44+00:00\",\"mainEntityOfPage\":{\"@id\":\"https:\\\/\\\/dana.com.br\\\/canaldana\\\/2024\\\/09\\\/27\\\/stellantis-e-ufpe-oferecem-vagas-para-especializacao-na-industria-automotiva\\\/\"},\"wordCount\":396,\"articleSection\":[\"Cursos\"],\"inLanguage\":\"pt-BR\"},{\"@type\":\"WebPage\",\"@id\":\"https:\\\/\\\/dana.com.br\\\/canaldana\\\/2024\\\/09\\\/27\\\/stellantis-e-ufpe-oferecem-vagas-para-especializacao-na-industria-automotiva\\\/\",\"url\":\"https:\\\/\\\/dana.com.br\\\/canaldana\\\/2024\\\/09\\\/27\\\/stellantis-e-ufpe-oferecem-vagas-para-especializacao-na-industria-automotiva\\\/\",\"name\":\"Stellantis e UFPE oferecem vagas para especializa\u00e7\u00e3o na ind\u00fastria automotiva - Canal Dana\",\"isPartOf\":{\"@id\":\"https:\\\/\\\/dana.com.br\\\/canaldana\\\/#website\"},\"datePublished\":\"2024-09-27T11:05:44+00:00\",\"author\":{\"@id\":\"https:\\\/\\\/dana.com.br\\\/canaldana\\\/#\\\/schema\\\/person\\\/3c21f22f56fcf3bc46b94bc60ea4fef6\"},\"breadcrumb\":{\"@id\":\"https:\\\/\\\/dana.com.br\\\/canaldana\\\/2024\\\/09\\\/27\\\/stellantis-e-ufpe-oferecem-vagas-para-especializacao-na-industria-automotiva\\\/#breadcrumb\"},\"inLanguage\":\"pt-BR\",\"potentialAction\":[{\"@type\":\"ReadAction\",\"target\":[\"https:\\\/\\\/dana.com.br\\\/canaldana\\\/2024\\\/09\\\/27\\\/stellantis-e-ufpe-oferecem-vagas-para-especializacao-na-industria-automotiva\\\/\"]}]},{\"@type\":\"BreadcrumbList\",\"@id\":\"https:\\\/\\\/dana.com.br\\\/canaldana\\\/2024\\\/09\\\/27\\\/stellantis-e-ufpe-oferecem-vagas-para-especializacao-na-industria-automotiva\\\/#breadcrumb\",\"itemListElement\":[{\"@type\":\"ListItem\",\"position\":1,\"name\":\"Home\",\"item\":\"https:\\\/\\\/dana.com.br\\\/canaldana\\\/\"},{\"@type\":\"ListItem\",\"position\":2,\"name\":\"Cursos\",\"item\":\"https:\\\/\\\/dana.com.br\\\/canaldana\\\/cursos\\\/\"},{\"@type\":\"ListItem\",\"position\":3,\"name\":\"Stellantis e UFPE oferecem vagas para especializa\u00e7\u00e3o na ind\u00fastria automotiva\"}]},{\"@type\":\"WebSite\",\"@id\":\"https:\\\/\\\/dana.com.br\\\/canaldana\\\/#website\",\"url\":\"https:\\\/\\\/dana.com.br\\\/canaldana\\\/\",\"name\":\"Canal Dana\",\"description\":\"Informativo com as principais not\u00edcias da ind\u00fastria automotiva\",\"potentialAction\":[{\"@type\":\"SearchAction\",\"target\":{\"@type\":\"EntryPoint\",\"urlTemplate\":\"https:\\\/\\\/dana.com.br\\\/canaldana\\\/?s={search_term_string}\"},\"query-input\":{\"@type\":\"PropertyValueSpecification\",\"valueRequired\":true,\"valueName\":\"search_term_string\"}}],\"inLanguage\":\"pt-BR\"},{\"@type\":\"Person\",\"@id\":\"https:\\\/\\\/dana.com.br\\\/canaldana\\\/#\\\/schema\\\/person\\\/3c21f22f56fcf3bc46b94bc60ea4fef6\",\"name\":\"Canal Dana\",\"image\":{\"@type\":\"ImageObject\",\"inLanguage\":\"pt-BR\",\"@id\":\"https:\\\/\\\/secure.gravatar.com\\\/avatar\\\/420aaf9278582877d9018637c6817617705899d2858d7572ef0fe59a6b6454b4?s=96&d=mm&r=g\",\"url\":\"https:\\\/\\\/secure.gravatar.com\\\/avatar\\\/420aaf9278582877d9018637c6817617705899d2858d7572ef0fe59a6b6454b4?s=96&d=mm&r=g\",\"contentUrl\":\"https:\\\/\\\/secure.gravatar.com\\\/avatar\\\/420aaf9278582877d9018637c6817617705899d2858d7572ef0fe59a6b6454b4?s=96&d=mm&r=g\",\"caption\":\"Canal Dana\"},\"url\":\"https:\\\/\\\/dana.com.br\\\/canaldana\\\/author\\\/cdeditor\\\/\"}]}<\/script>\n<!-- \/ Yoast SEO plugin. -->","yoast_head_json":{"title":"Stellantis e UFPE oferecem vagas para especializa\u00e7\u00e3o na ind\u00fastria automotiva - Canal Dana","robots":{"index":"index","follow":"follow","max-snippet":"max-snippet:-1","max-image-preview":"max-image-preview:large","max-video-preview":"max-video-preview:-1"},"canonical":"https:\/\/dana.com.br\/canaldana\/2024\/09\/27\/stellantis-e-ufpe-oferecem-vagas-para-especializacao-na-industria-automotiva\/","og_locale":"pt_BR","og_type":"article","og_title":"Stellantis e UFPE oferecem vagas para especializa\u00e7\u00e3o na ind\u00fastria automotiva - Canal Dana","og_description":"Motor Mais &nbsp; Stellantis, em parceria com o Centro de Inform\u00e1tica (CIn) da UFPE e a FACEPE, oferece curso de p\u00f3s-gradua\u00e7\u00e3o Lato Sensu gratuito, com 75 vagas voltadas para o setor automotivo. A terceira edi\u00e7\u00e3o do Programa de Resid\u00eancia Tecnol\u00f3gica \u00e9 destinada a profissionais graduados em Engenharia, com dom\u00ednio em ingl\u00eas e os interessados t\u00eam\u2026 Leia mais \u00bb","og_url":"https:\/\/dana.com.br\/canaldana\/2024\/09\/27\/stellantis-e-ufpe-oferecem-vagas-para-especializacao-na-industria-automotiva\/","og_site_name":"Canal Dana","article_published_time":"2024-09-27T11:05:44+00:00","author":"Canal Dana","twitter_card":"summary_large_image","twitter_misc":{"Escrito por":"Canal Dana","Est. tempo de leitura":"2 minutos"},"schema":{"@context":"https:\/\/schema.org","@graph":[{"@type":"Article","@id":"https:\/\/dana.com.br\/canaldana\/2024\/09\/27\/stellantis-e-ufpe-oferecem-vagas-para-especializacao-na-industria-automotiva\/#article","isPartOf":{"@id":"https:\/\/dana.com.br\/canaldana\/2024\/09\/27\/stellantis-e-ufpe-oferecem-vagas-para-especializacao-na-industria-automotiva\/"},"author":{"name":"Canal Dana","@id":"https:\/\/dana.com.br\/canaldana\/#\/schema\/person\/3c21f22f56fcf3bc46b94bc60ea4fef6"},"headline":"Stellantis e UFPE oferecem vagas para especializa\u00e7\u00e3o na ind\u00fastria automotiva","datePublished":"2024-09-27T11:05:44+00:00","mainEntityOfPage":{"@id":"https:\/\/dana.com.br\/canaldana\/2024\/09\/27\/stellantis-e-ufpe-oferecem-vagas-para-especializacao-na-industria-automotiva\/"},"wordCount":396,"articleSection":["Cursos"],"inLanguage":"pt-BR"},{"@type":"WebPage","@id":"https:\/\/dana.com.br\/canaldana\/2024\/09\/27\/stellantis-e-ufpe-oferecem-vagas-para-especializacao-na-industria-automotiva\/","url":"https:\/\/dana.com.br\/canaldana\/2024\/09\/27\/stellantis-e-ufpe-oferecem-vagas-para-especializacao-na-industria-automotiva\/","name":"Stellantis e UFPE oferecem vagas para especializa\u00e7\u00e3o na ind\u00fastria automotiva - Canal Dana","isPartOf":{"@id":"https:\/\/dana.com.br\/canaldana\/#website"},"datePublished":"2024-09-27T11:05:44+00:00","author":{"@id":"https:\/\/dana.com.br\/canaldana\/#\/schema\/person\/3c21f22f56fcf3bc46b94bc60ea4fef6"},"breadcrumb":{"@id":"https:\/\/dana.com.br\/canaldana\/2024\/09\/27\/stellantis-e-ufpe-oferecem-vagas-para-especializacao-na-industria-automotiva\/#breadcrumb"},"inLanguage":"pt-BR","potentialAction":[{"@type":"ReadAction","target":["https:\/\/dana.com.br\/canaldana\/2024\/09\/27\/stellantis-e-ufpe-oferecem-vagas-para-especializacao-na-industria-automotiva\/"]}]},{"@type":"BreadcrumbList","@id":"https:\/\/dana.com.br\/canaldana\/2024\/09\/27\/stellantis-e-ufpe-oferecem-vagas-para-especializacao-na-industria-automotiva\/#breadcrumb","itemListElement":[{"@type":"ListItem","position":1,"name":"Home","item":"https:\/\/dana.com.br\/canaldana\/"},{"@type":"ListItem","position":2,"name":"Cursos","item":"https:\/\/dana.com.br\/canaldana\/cursos\/"},{"@type":"ListItem","position":3,"name":"Stellantis e UFPE oferecem vagas para especializa\u00e7\u00e3o na ind\u00fastria automotiva"}]},{"@type":"WebSite","@id":"https:\/\/dana.com.br\/canaldana\/#website","url":"https:\/\/dana.com.br\/canaldana\/","name":"Canal Dana","description":"Informativo com as principais not\u00edcias da ind\u00fastria automotiva","potentialAction":[{"@type":"SearchAction","target":{"@type":"EntryPoint","urlTemplate":"https:\/\/dana.com.br\/canaldana\/?s={search_term_string}"},"query-input":{"@type":"PropertyValueSpecification","valueRequired":true,"valueName":"search_term_string"}}],"inLanguage":"pt-BR"},{"@type":"Person","@id":"https:\/\/dana.com.br\/canaldana\/#\/schema\/person\/3c21f22f56fcf3bc46b94bc60ea4fef6","name":"Canal Dana","image":{"@type":"ImageObject","inLanguage":"pt-BR","@id":"https:\/\/secure.gravatar.com\/avatar\/420aaf9278582877d9018637c6817617705899d2858d7572ef0fe59a6b6454b4?s=96&d=mm&r=g","url":"https:\/\/secure.gravatar.com\/avatar\/420aaf9278582877d9018637c6817617705899d2858d7572ef0fe59a6b6454b4?s=96&d=mm&r=g","contentUrl":"https:\/\/secure.gravatar.com\/avatar\/420aaf9278582877d9018637c6817617705899d2858d7572ef0fe59a6b6454b4?s=96&d=mm&r=g","caption":"Canal Dana"},"url":"https:\/\/dana.com.br\/canaldana\/author\/cdeditor\/"}]}},"_links":{"self":[{"href":"https:\/\/dana.com.br\/canaldana\/wp-json\/wp\/v2\/posts\/76696","targetHints":{"allow":["GET"]}}],"collection":[{"href":"https:\/\/dana.com.br\/canaldana\/wp-json\/wp\/v2\/posts"}],"about":[{"href":"https:\/\/dana.com.br\/canaldana\/wp-json\/wp\/v2\/types\/post"}],"author":[{"embeddable":true,"href":"https:\/\/dana.com.br\/canaldana\/wp-json\/wp\/v2\/users\/3"}],"replies":[{"embeddable":true,"href":"https:\/\/dana.com.br\/canaldana\/wp-json\/wp\/v2\/comments?post=76696"}],"version-history":[{"count":1,"href":"https:\/\/dana.com.br\/canaldana\/wp-json\/wp\/v2\/posts\/76696\/revisions"}],"predecessor-version":[{"id":76697,"href":"https:\/\/dana.com.br\/canaldana\/wp-json\/wp\/v2\/posts\/76696\/revisions\/76697"}],"wp:attachment":[{"href":"https:\/\/dana.com.br\/canaldana\/wp-json\/wp\/v2\/media?parent=76696"}],"wp:term":[{"taxonomy":"category","embeddable":true,"href":"https:\/\/dana.com.br\/canaldana\/wp-json\/wp\/v2\/categories?post=76696"},{"taxonomy":"post_tag","embeddable":true,"href":"https:\/\/dana.com.br\/canaldana\/wp-json\/wp\/v2\/tags?post=76696"}],"curies":[{"name":"wp","href":"https:\/\/api.w.org\/{rel}","templated":true}]}}