{"id":76654,"date":"2024-09-25T10:13:04","date_gmt":"2024-09-25T13:13:04","guid":{"rendered":"https:\/\/dana.com.br\/canaldana\/?p=76654"},"modified":"2024-09-25T10:13:04","modified_gmt":"2024-09-25T13:13:04","slug":"consorcio-de-veiculos-movimenta-mais-de-r-125-bilhoes-no-ano","status":"publish","type":"post","link":"https:\/\/dana.com.br\/canaldana\/2024\/09\/25\/consorcio-de-veiculos-movimenta-mais-de-r-125-bilhoes-no-ano\/","title":{"rendered":"Cons\u00f3rcio de ve\u00edculos movimenta mais de R$ 125 bilh\u00f5es no ano"},"content":{"rendered":"<p><em>AutoInd\u00fastria<\/em><\/p>\n<p>&nbsp;<\/p>\n<p>A venda de novas cotas de ve\u00edculos teve evolu\u00e7\u00e3o inexpressiva no acumulado at\u00e9 agosto, de apenas 1,4%, com 2,2 milh\u00f5es de ades\u00f5es este ano.<\/p>\n<p>&nbsp;<\/p>\n<p>Mas como houve alta nos t\u00edquetes m\u00e9dios doa cons\u00f3rcio de ve\u00edculos leves, pesados e tamb\u00e9m de motocicletas, o total de cr\u00e9ditos comercializados cresceu 10,7%, de R$ 113,2 bilh\u00f5es para R$ 125,5 bilh\u00f5es no comparativo interanual.<\/p>\n<p>&nbsp;<\/p>\n<p>Segundo dados divulgados pela Abac, Associa\u00e7\u00e3o Brasileira das Administradoras de Cons\u00f3rcio, nesta ter\u00e7a-feira, 24, houve avan\u00e7o de 4% no acumulado de consorciados contemplados, com cerca de R$ 50 bilh\u00f5es potencialmente injetados no mercado automotivo, valor 18,4% maior do que o registrado nos primeiros oito meses de 2023.<\/p>\n<p>&nbsp;<\/p>\n<p>Dos 8,56 milh\u00f5es de participantes ativos em ve\u00edculos automotores, 54,9% pertencem ao grupo de ve\u00edculos leves, 35,4% contemplam motocicletas e 9,7% s\u00e3o interessados na aquisi\u00e7\u00e3o de caminh\u00f5es, \u00f4nibus e implementos rodovi\u00e1rios.<\/p>\n<p>&nbsp;<\/p>\n<p>Por segmento, o que teve maior eleva\u00e7\u00e3o no t\u00edquete m\u00e9dio \u2013 de 39,6% \u2013 foi o de pesados, que passou de R$ 137,23 em agosto do ano passado para R$ 191,60 em id\u00eantico m\u00eas deste ano.<\/p>\n<p>&nbsp;<\/p>\n<p>Os demais segmentos tamb\u00e9m evolu\u00edram acima da infla\u00e7\u00e3o, mas em \u00edndices menores, de 8,4% no caso dos leves \u2013 cujo t\u00edquete m\u00e9dio passou de R$ 58,18 ml para R$ 63,06 mil \u2013 e de 7,2% nas motos, de R$ 18,09 mil para R$ 19,39 mil.<\/p>\n<p>&nbsp;<\/p>\n<p>\u201cPassados dois ter\u00e7os do ano, o sistema de cons\u00f3rcios continuou sua trajet\u00f3ria de boas performances\u201d, comenta Paulo Roberto Rossi, presidente executivo da Abac. \u201cO principal destaque, considerando todos as categorias, foi o recorde mensal de ades\u00f5es registrado em agosto, que atingiu 481,42 mil vendas em cotas de ve\u00edculos, im\u00f3veis, eletrodom\u00e9sticos e servi\u00e7os\u201d.<\/p>\n<p>&nbsp;<\/p>\n<p>Na avalia\u00e7\u00e3o do executivo, o bom desempenho do cons\u00f3rcio reflete a crescente conscientiza\u00e7\u00e3o sobre educa\u00e7\u00e3o financeira: \u201cS\u00e3o pessoas f\u00edsicas ou jur\u00eddicas que, ao focar suas proje\u00e7\u00f5es futuras, usufruem do sistema de cons\u00f3rcio sem arcar com o \u00f4nus dos juros, com equil\u00edbrio or\u00e7ament\u00e1rio e exercendo seus compromissos financeiros com tranquilidade\u201d, complementa Rossi. (AutoInd\u00fastria)<\/p>\n","protected":false},"excerpt":{"rendered":"<p>AutoInd\u00fastria &nbsp; A venda de novas cotas de ve\u00edculos teve evolu\u00e7\u00e3o inexpressiva no acumulado at\u00e9 agosto, de apenas 1,4%, com 2,2 milh\u00f5es de ades\u00f5es este ano. &nbsp; Mas como houve alta nos t\u00edquetes m\u00e9dios doa cons\u00f3rcio de ve\u00edculos leves, pesados e tamb\u00e9m de motocicletas, o total de cr\u00e9ditos comercializados cresceu 10,7%, de R$ 113,2 bilh\u00f5es\u2026 <a class=\"readmore\" href=\"https:\/\/dana.com.br\/canaldana\/2024\/09\/25\/consorcio-de-veiculos-movimenta-mais-de-r-125-bilhoes-no-ano\/\">Leia mais \u00bb<\/a><\/p>\n","protected":false},"author":3,"featured_media":0,"comment_status":"closed","ping_status":"closed","sticky":false,"template":"","format":"standard","meta":{"_acf_changed":false,"footnotes":""},"categories":[61],"tags":[],"class_list":["post-76654","post","type-post","status-publish","format-standard","hentry","category-destaques"],"acf":[],"yoast_head":"<!-- This site is optimized with the Yoast SEO plugin v27.3 - https:\/\/yoast.com\/product\/yoast-seo-wordpress\/ -->\n<title>Cons\u00f3rcio de ve\u00edculos movimenta mais de R$ 125 bilh\u00f5es no ano - Canal Dana<\/title>\n<meta name=\"robots\" content=\"index, follow, max-snippet:-1, max-image-preview:large, max-video-preview:-1\" \/>\n<link rel=\"canonical\" href=\"https:\/\/dana.com.br\/canaldana\/2024\/09\/25\/consorcio-de-veiculos-movimenta-mais-de-r-125-bilhoes-no-ano\/\" \/>\n<meta property=\"og:locale\" content=\"pt_BR\" \/>\n<meta property=\"og:type\" content=\"article\" \/>\n<meta property=\"og:title\" content=\"Cons\u00f3rcio de ve\u00edculos movimenta mais de R$ 125 bilh\u00f5es no ano - Canal Dana\" \/>\n<meta property=\"og:description\" content=\"AutoInd\u00fastria &nbsp; A venda de novas cotas de ve\u00edculos teve evolu\u00e7\u00e3o inexpressiva no acumulado at\u00e9 agosto, de apenas 1,4%, com 2,2 milh\u00f5es de ades\u00f5es este ano. &nbsp; Mas como houve alta nos t\u00edquetes m\u00e9dios doa cons\u00f3rcio de ve\u00edculos leves, pesados e tamb\u00e9m de motocicletas, o total de cr\u00e9ditos comercializados cresceu 10,7%, de R$ 113,2 bilh\u00f5es\u2026 Leia mais \u00bb\" \/>\n<meta property=\"og:url\" content=\"https:\/\/dana.com.br\/canaldana\/2024\/09\/25\/consorcio-de-veiculos-movimenta-mais-de-r-125-bilhoes-no-ano\/\" \/>\n<meta property=\"og:site_name\" content=\"Canal Dana\" \/>\n<meta property=\"article:published_time\" content=\"2024-09-25T13:13:04+00:00\" \/>\n<meta name=\"author\" content=\"Canal Dana\" \/>\n<meta name=\"twitter:card\" content=\"summary_large_image\" \/>\n<meta name=\"twitter:label1\" content=\"Escrito por\" \/>\n\t<meta name=\"twitter:data1\" content=\"Canal Dana\" \/>\n\t<meta name=\"twitter:label2\" content=\"Est. tempo de leitura\" \/>\n\t<meta name=\"twitter:data2\" content=\"2 minutos\" \/>\n<script type=\"application\/ld+json\" class=\"yoast-schema-graph\">{\"@context\":\"https:\\\/\\\/schema.org\",\"@graph\":[{\"@type\":\"Article\",\"@id\":\"https:\\\/\\\/dana.com.br\\\/canaldana\\\/2024\\\/09\\\/25\\\/consorcio-de-veiculos-movimenta-mais-de-r-125-bilhoes-no-ano\\\/#article\",\"isPartOf\":{\"@id\":\"https:\\\/\\\/dana.com.br\\\/canaldana\\\/2024\\\/09\\\/25\\\/consorcio-de-veiculos-movimenta-mais-de-r-125-bilhoes-no-ano\\\/\"},\"author\":{\"name\":\"Canal Dana\",\"@id\":\"https:\\\/\\\/dana.com.br\\\/canaldana\\\/#\\\/schema\\\/person\\\/3c21f22f56fcf3bc46b94bc60ea4fef6\"},\"headline\":\"Cons\u00f3rcio de ve\u00edculos movimenta mais de R$ 125 bilh\u00f5es no ano\",\"datePublished\":\"2024-09-25T13:13:04+00:00\",\"mainEntityOfPage\":{\"@id\":\"https:\\\/\\\/dana.com.br\\\/canaldana\\\/2024\\\/09\\\/25\\\/consorcio-de-veiculos-movimenta-mais-de-r-125-bilhoes-no-ano\\\/\"},\"wordCount\":372,\"articleSection\":[\"Destaques\"],\"inLanguage\":\"pt-BR\"},{\"@type\":\"WebPage\",\"@id\":\"https:\\\/\\\/dana.com.br\\\/canaldana\\\/2024\\\/09\\\/25\\\/consorcio-de-veiculos-movimenta-mais-de-r-125-bilhoes-no-ano\\\/\",\"url\":\"https:\\\/\\\/dana.com.br\\\/canaldana\\\/2024\\\/09\\\/25\\\/consorcio-de-veiculos-movimenta-mais-de-r-125-bilhoes-no-ano\\\/\",\"name\":\"Cons\u00f3rcio de ve\u00edculos movimenta mais de R$ 125 bilh\u00f5es no ano - Canal Dana\",\"isPartOf\":{\"@id\":\"https:\\\/\\\/dana.com.br\\\/canaldana\\\/#website\"},\"datePublished\":\"2024-09-25T13:13:04+00:00\",\"author\":{\"@id\":\"https:\\\/\\\/dana.com.br\\\/canaldana\\\/#\\\/schema\\\/person\\\/3c21f22f56fcf3bc46b94bc60ea4fef6\"},\"breadcrumb\":{\"@id\":\"https:\\\/\\\/dana.com.br\\\/canaldana\\\/2024\\\/09\\\/25\\\/consorcio-de-veiculos-movimenta-mais-de-r-125-bilhoes-no-ano\\\/#breadcrumb\"},\"inLanguage\":\"pt-BR\",\"potentialAction\":[{\"@type\":\"ReadAction\",\"target\":[\"https:\\\/\\\/dana.com.br\\\/canaldana\\\/2024\\\/09\\\/25\\\/consorcio-de-veiculos-movimenta-mais-de-r-125-bilhoes-no-ano\\\/\"]}]},{\"@type\":\"BreadcrumbList\",\"@id\":\"https:\\\/\\\/dana.com.br\\\/canaldana\\\/2024\\\/09\\\/25\\\/consorcio-de-veiculos-movimenta-mais-de-r-125-bilhoes-no-ano\\\/#breadcrumb\",\"itemListElement\":[{\"@type\":\"ListItem\",\"position\":1,\"name\":\"Home\",\"item\":\"https:\\\/\\\/dana.com.br\\\/canaldana\\\/\"},{\"@type\":\"ListItem\",\"position\":2,\"name\":\"Destaques\",\"item\":\"https:\\\/\\\/dana.com.br\\\/canaldana\\\/destaques\\\/\"},{\"@type\":\"ListItem\",\"position\":3,\"name\":\"Cons\u00f3rcio de ve\u00edculos movimenta mais de R$ 125 bilh\u00f5es no ano\"}]},{\"@type\":\"WebSite\",\"@id\":\"https:\\\/\\\/dana.com.br\\\/canaldana\\\/#website\",\"url\":\"https:\\\/\\\/dana.com.br\\\/canaldana\\\/\",\"name\":\"Canal Dana\",\"description\":\"Informativo com as principais not\u00edcias da ind\u00fastria automotiva\",\"potentialAction\":[{\"@type\":\"SearchAction\",\"target\":{\"@type\":\"EntryPoint\",\"urlTemplate\":\"https:\\\/\\\/dana.com.br\\\/canaldana\\\/?s={search_term_string}\"},\"query-input\":{\"@type\":\"PropertyValueSpecification\",\"valueRequired\":true,\"valueName\":\"search_term_string\"}}],\"inLanguage\":\"pt-BR\"},{\"@type\":\"Person\",\"@id\":\"https:\\\/\\\/dana.com.br\\\/canaldana\\\/#\\\/schema\\\/person\\\/3c21f22f56fcf3bc46b94bc60ea4fef6\",\"name\":\"Canal Dana\",\"image\":{\"@type\":\"ImageObject\",\"inLanguage\":\"pt-BR\",\"@id\":\"https:\\\/\\\/secure.gravatar.com\\\/avatar\\\/420aaf9278582877d9018637c6817617705899d2858d7572ef0fe59a6b6454b4?s=96&d=mm&r=g\",\"url\":\"https:\\\/\\\/secure.gravatar.com\\\/avatar\\\/420aaf9278582877d9018637c6817617705899d2858d7572ef0fe59a6b6454b4?s=96&d=mm&r=g\",\"contentUrl\":\"https:\\\/\\\/secure.gravatar.com\\\/avatar\\\/420aaf9278582877d9018637c6817617705899d2858d7572ef0fe59a6b6454b4?s=96&d=mm&r=g\",\"caption\":\"Canal Dana\"},\"url\":\"https:\\\/\\\/dana.com.br\\\/canaldana\\\/author\\\/cdeditor\\\/\"}]}<\/script>\n<!-- \/ Yoast SEO plugin. -->","yoast_head_json":{"title":"Cons\u00f3rcio de ve\u00edculos movimenta mais de R$ 125 bilh\u00f5es no ano - Canal Dana","robots":{"index":"index","follow":"follow","max-snippet":"max-snippet:-1","max-image-preview":"max-image-preview:large","max-video-preview":"max-video-preview:-1"},"canonical":"https:\/\/dana.com.br\/canaldana\/2024\/09\/25\/consorcio-de-veiculos-movimenta-mais-de-r-125-bilhoes-no-ano\/","og_locale":"pt_BR","og_type":"article","og_title":"Cons\u00f3rcio de ve\u00edculos movimenta mais de R$ 125 bilh\u00f5es no ano - Canal Dana","og_description":"AutoInd\u00fastria &nbsp; A venda de novas cotas de ve\u00edculos teve evolu\u00e7\u00e3o inexpressiva no acumulado at\u00e9 agosto, de apenas 1,4%, com 2,2 milh\u00f5es de ades\u00f5es este ano. &nbsp; Mas como houve alta nos t\u00edquetes m\u00e9dios doa cons\u00f3rcio de ve\u00edculos leves, pesados e tamb\u00e9m de motocicletas, o total de cr\u00e9ditos comercializados cresceu 10,7%, de R$ 113,2 bilh\u00f5es\u2026 Leia mais \u00bb","og_url":"https:\/\/dana.com.br\/canaldana\/2024\/09\/25\/consorcio-de-veiculos-movimenta-mais-de-r-125-bilhoes-no-ano\/","og_site_name":"Canal Dana","article_published_time":"2024-09-25T13:13:04+00:00","author":"Canal Dana","twitter_card":"summary_large_image","twitter_misc":{"Escrito por":"Canal Dana","Est. tempo de leitura":"2 minutos"},"schema":{"@context":"https:\/\/schema.org","@graph":[{"@type":"Article","@id":"https:\/\/dana.com.br\/canaldana\/2024\/09\/25\/consorcio-de-veiculos-movimenta-mais-de-r-125-bilhoes-no-ano\/#article","isPartOf":{"@id":"https:\/\/dana.com.br\/canaldana\/2024\/09\/25\/consorcio-de-veiculos-movimenta-mais-de-r-125-bilhoes-no-ano\/"},"author":{"name":"Canal Dana","@id":"https:\/\/dana.com.br\/canaldana\/#\/schema\/person\/3c21f22f56fcf3bc46b94bc60ea4fef6"},"headline":"Cons\u00f3rcio de ve\u00edculos movimenta mais de R$ 125 bilh\u00f5es no ano","datePublished":"2024-09-25T13:13:04+00:00","mainEntityOfPage":{"@id":"https:\/\/dana.com.br\/canaldana\/2024\/09\/25\/consorcio-de-veiculos-movimenta-mais-de-r-125-bilhoes-no-ano\/"},"wordCount":372,"articleSection":["Destaques"],"inLanguage":"pt-BR"},{"@type":"WebPage","@id":"https:\/\/dana.com.br\/canaldana\/2024\/09\/25\/consorcio-de-veiculos-movimenta-mais-de-r-125-bilhoes-no-ano\/","url":"https:\/\/dana.com.br\/canaldana\/2024\/09\/25\/consorcio-de-veiculos-movimenta-mais-de-r-125-bilhoes-no-ano\/","name":"Cons\u00f3rcio de ve\u00edculos movimenta mais de R$ 125 bilh\u00f5es no ano - Canal Dana","isPartOf":{"@id":"https:\/\/dana.com.br\/canaldana\/#website"},"datePublished":"2024-09-25T13:13:04+00:00","author":{"@id":"https:\/\/dana.com.br\/canaldana\/#\/schema\/person\/3c21f22f56fcf3bc46b94bc60ea4fef6"},"breadcrumb":{"@id":"https:\/\/dana.com.br\/canaldana\/2024\/09\/25\/consorcio-de-veiculos-movimenta-mais-de-r-125-bilhoes-no-ano\/#breadcrumb"},"inLanguage":"pt-BR","potentialAction":[{"@type":"ReadAction","target":["https:\/\/dana.com.br\/canaldana\/2024\/09\/25\/consorcio-de-veiculos-movimenta-mais-de-r-125-bilhoes-no-ano\/"]}]},{"@type":"BreadcrumbList","@id":"https:\/\/dana.com.br\/canaldana\/2024\/09\/25\/consorcio-de-veiculos-movimenta-mais-de-r-125-bilhoes-no-ano\/#breadcrumb","itemListElement":[{"@type":"ListItem","position":1,"name":"Home","item":"https:\/\/dana.com.br\/canaldana\/"},{"@type":"ListItem","position":2,"name":"Destaques","item":"https:\/\/dana.com.br\/canaldana\/destaques\/"},{"@type":"ListItem","position":3,"name":"Cons\u00f3rcio de ve\u00edculos movimenta mais de R$ 125 bilh\u00f5es no ano"}]},{"@type":"WebSite","@id":"https:\/\/dana.com.br\/canaldana\/#website","url":"https:\/\/dana.com.br\/canaldana\/","name":"Canal Dana","description":"Informativo com as principais not\u00edcias da ind\u00fastria automotiva","potentialAction":[{"@type":"SearchAction","target":{"@type":"EntryPoint","urlTemplate":"https:\/\/dana.com.br\/canaldana\/?s={search_term_string}"},"query-input":{"@type":"PropertyValueSpecification","valueRequired":true,"valueName":"search_term_string"}}],"inLanguage":"pt-BR"},{"@type":"Person","@id":"https:\/\/dana.com.br\/canaldana\/#\/schema\/person\/3c21f22f56fcf3bc46b94bc60ea4fef6","name":"Canal Dana","image":{"@type":"ImageObject","inLanguage":"pt-BR","@id":"https:\/\/secure.gravatar.com\/avatar\/420aaf9278582877d9018637c6817617705899d2858d7572ef0fe59a6b6454b4?s=96&d=mm&r=g","url":"https:\/\/secure.gravatar.com\/avatar\/420aaf9278582877d9018637c6817617705899d2858d7572ef0fe59a6b6454b4?s=96&d=mm&r=g","contentUrl":"https:\/\/secure.gravatar.com\/avatar\/420aaf9278582877d9018637c6817617705899d2858d7572ef0fe59a6b6454b4?s=96&d=mm&r=g","caption":"Canal Dana"},"url":"https:\/\/dana.com.br\/canaldana\/author\/cdeditor\/"}]}},"_links":{"self":[{"href":"https:\/\/dana.com.br\/canaldana\/wp-json\/wp\/v2\/posts\/76654","targetHints":{"allow":["GET"]}}],"collection":[{"href":"https:\/\/dana.com.br\/canaldana\/wp-json\/wp\/v2\/posts"}],"about":[{"href":"https:\/\/dana.com.br\/canaldana\/wp-json\/wp\/v2\/types\/post"}],"author":[{"embeddable":true,"href":"https:\/\/dana.com.br\/canaldana\/wp-json\/wp\/v2\/users\/3"}],"replies":[{"embeddable":true,"href":"https:\/\/dana.com.br\/canaldana\/wp-json\/wp\/v2\/comments?post=76654"}],"version-history":[{"count":1,"href":"https:\/\/dana.com.br\/canaldana\/wp-json\/wp\/v2\/posts\/76654\/revisions"}],"predecessor-version":[{"id":76655,"href":"https:\/\/dana.com.br\/canaldana\/wp-json\/wp\/v2\/posts\/76654\/revisions\/76655"}],"wp:attachment":[{"href":"https:\/\/dana.com.br\/canaldana\/wp-json\/wp\/v2\/media?parent=76654"}],"wp:term":[{"taxonomy":"category","embeddable":true,"href":"https:\/\/dana.com.br\/canaldana\/wp-json\/wp\/v2\/categories?post=76654"},{"taxonomy":"post_tag","embeddable":true,"href":"https:\/\/dana.com.br\/canaldana\/wp-json\/wp\/v2\/tags?post=76654"}],"curies":[{"name":"wp","href":"https:\/\/api.w.org\/{rel}","templated":true}]}}