{"id":76648,"date":"2024-09-25T10:11:06","date_gmt":"2024-09-25T13:11:06","guid":{"rendered":"https:\/\/dana.com.br\/canaldana\/?p=76648"},"modified":"2024-09-25T10:11:06","modified_gmt":"2024-09-25T13:11:06","slug":"por-r-395-mil-hyundai-ioniq-5-ja-esta-disponivel-em-pre-venda","status":"publish","type":"post","link":"https:\/\/dana.com.br\/canaldana\/2024\/09\/25\/por-r-395-mil-hyundai-ioniq-5-ja-esta-disponivel-em-pre-venda\/","title":{"rendered":"Por R$ 395 mil, Hyundai IONIQ 5 j\u00e1 est\u00e1 dispon\u00edvel em pr\u00e9-venda"},"content":{"rendered":"<p><em>AutoInd\u00fastria<\/em><\/p>\n<p>&nbsp;<\/p>\n<p>A Hyundai iniciou nesta ter\u00e7a-feira, 24, a pr\u00e9-venda do IONIQ 5, ve\u00edculo 100% el\u00e9trico que foi atualizado mundialmente em mar\u00e7o e ganhou bateria de 84,0 kWh, com autonomia de 374 km, segundo Inmetro.<\/p>\n<p>&nbsp;<\/p>\n<p>Comercializado em vers\u00e3o \u00fanica, a Signature, por R$ 394.990, suas primeiras unidades ser\u00e3o entregues em novembro. O modelo \u00e9 compat\u00edvel com recarregadores ultrarr\u00e1pidos de at\u00e9 800V ou 350 kW (DC), o que possibilita recarga de 10% a 80% em 18 minutos.<\/p>\n<p>&nbsp;<\/p>\n<p>Segundo a montadora coreana, o modelo inaugura no Pa\u00eds o segmento dos CUVs \u2013 Crossovers Utility Vehicles da Hyundai. Ele vem equipado com dois motores el\u00e9tricos integrados aos eixos dianteiro e traseiro, uma combina\u00e7\u00e3o que proporciona torque m\u00e1ximo de 61,6 kgfm e 325 cv de pot\u00eancia m\u00e1xima.<\/p>\n<p>&nbsp;<\/p>\n<p>Sua velocidade m\u00e1xima \u00e9 de 185 km\/h e a acelera\u00e7\u00e3o de 0 a 100 km\/h leva apenas 5,3 segundos.<\/p>\n<p>&nbsp;<\/p>\n<p>\u201cEstamos trazendo para o Brasil o ve\u00edculo que a Hyundai desenvolveu para redefinir a mobilidade el\u00e9trica\u201d, comenta Angel Martinez, vice-presidente de Vendas da Hyundai Motor Brasil. \u201cN\u00e3o por acaso, tem em seu curr\u00edculo os pr\u00eamios mais cobi\u00e7ados do mundo\u201d.<\/p>\n<p>&nbsp;<\/p>\n<p>Os interessados em aderir \u00e0 pr\u00e9-venda podem preencher formul\u00e1rio no site da Hyundai, com dep\u00f3sito para a reserva de R$ 5.000. (AutoInd\u00fastria)<\/p>\n","protected":false},"excerpt":{"rendered":"<p>AutoInd\u00fastria &nbsp; A Hyundai iniciou nesta ter\u00e7a-feira, 24, a pr\u00e9-venda do IONIQ 5, ve\u00edculo 100% el\u00e9trico que foi atualizado mundialmente em mar\u00e7o e ganhou bateria de 84,0 kWh, com autonomia de 374 km, segundo Inmetro. &nbsp; Comercializado em vers\u00e3o \u00fanica, a Signature, por R$ 394.990, suas primeiras unidades ser\u00e3o entregues em novembro. O modelo \u00e9\u2026 <a class=\"readmore\" href=\"https:\/\/dana.com.br\/canaldana\/2024\/09\/25\/por-r-395-mil-hyundai-ioniq-5-ja-esta-disponivel-em-pre-venda\/\">Leia mais \u00bb<\/a><\/p>\n","protected":false},"author":3,"featured_media":0,"comment_status":"closed","ping_status":"closed","sticky":false,"template":"","format":"standard","meta":{"_acf_changed":false,"footnotes":""},"categories":[79],"tags":[],"class_list":["post-76648","post","type-post","status-publish","format-standard","hentry","category-mercado"],"acf":[],"yoast_head":"<!-- This site is optimized with the Yoast SEO plugin v27.3 - https:\/\/yoast.com\/product\/yoast-seo-wordpress\/ -->\n<title>Por R$ 395 mil, Hyundai IONIQ 5 j\u00e1 est\u00e1 dispon\u00edvel em pr\u00e9-venda - Canal Dana<\/title>\n<meta name=\"robots\" content=\"index, follow, max-snippet:-1, max-image-preview:large, max-video-preview:-1\" \/>\n<link rel=\"canonical\" href=\"https:\/\/dana.com.br\/canaldana\/2024\/09\/25\/por-r-395-mil-hyundai-ioniq-5-ja-esta-disponivel-em-pre-venda\/\" \/>\n<meta property=\"og:locale\" content=\"pt_BR\" \/>\n<meta property=\"og:type\" content=\"article\" \/>\n<meta property=\"og:title\" content=\"Por R$ 395 mil, Hyundai IONIQ 5 j\u00e1 est\u00e1 dispon\u00edvel em pr\u00e9-venda - Canal Dana\" \/>\n<meta property=\"og:description\" content=\"AutoInd\u00fastria &nbsp; A Hyundai iniciou nesta ter\u00e7a-feira, 24, a pr\u00e9-venda do IONIQ 5, ve\u00edculo 100% el\u00e9trico que foi atualizado mundialmente em mar\u00e7o e ganhou bateria de 84,0 kWh, com autonomia de 374 km, segundo Inmetro. &nbsp; Comercializado em vers\u00e3o \u00fanica, a Signature, por R$ 394.990, suas primeiras unidades ser\u00e3o entregues em novembro. O modelo \u00e9\u2026 Leia mais \u00bb\" \/>\n<meta property=\"og:url\" content=\"https:\/\/dana.com.br\/canaldana\/2024\/09\/25\/por-r-395-mil-hyundai-ioniq-5-ja-esta-disponivel-em-pre-venda\/\" \/>\n<meta property=\"og:site_name\" content=\"Canal Dana\" \/>\n<meta property=\"article:published_time\" content=\"2024-09-25T13:11:06+00:00\" \/>\n<meta name=\"author\" content=\"Canal Dana\" \/>\n<meta name=\"twitter:card\" content=\"summary_large_image\" \/>\n<meta name=\"twitter:label1\" content=\"Escrito por\" \/>\n\t<meta name=\"twitter:data1\" content=\"Canal Dana\" \/>\n\t<meta name=\"twitter:label2\" content=\"Est. tempo de leitura\" \/>\n\t<meta name=\"twitter:data2\" content=\"2 minutos\" \/>\n<script type=\"application\/ld+json\" class=\"yoast-schema-graph\">{\"@context\":\"https:\\\/\\\/schema.org\",\"@graph\":[{\"@type\":\"Article\",\"@id\":\"https:\\\/\\\/dana.com.br\\\/canaldana\\\/2024\\\/09\\\/25\\\/por-r-395-mil-hyundai-ioniq-5-ja-esta-disponivel-em-pre-venda\\\/#article\",\"isPartOf\":{\"@id\":\"https:\\\/\\\/dana.com.br\\\/canaldana\\\/2024\\\/09\\\/25\\\/por-r-395-mil-hyundai-ioniq-5-ja-esta-disponivel-em-pre-venda\\\/\"},\"author\":{\"name\":\"Canal Dana\",\"@id\":\"https:\\\/\\\/dana.com.br\\\/canaldana\\\/#\\\/schema\\\/person\\\/3c21f22f56fcf3bc46b94bc60ea4fef6\"},\"headline\":\"Por R$ 395 mil, Hyundai IONIQ 5 j\u00e1 est\u00e1 dispon\u00edvel em pr\u00e9-venda\",\"datePublished\":\"2024-09-25T13:11:06+00:00\",\"mainEntityOfPage\":{\"@id\":\"https:\\\/\\\/dana.com.br\\\/canaldana\\\/2024\\\/09\\\/25\\\/por-r-395-mil-hyundai-ioniq-5-ja-esta-disponivel-em-pre-venda\\\/\"},\"wordCount\":229,\"articleSection\":[\"Mercado\"],\"inLanguage\":\"pt-BR\"},{\"@type\":\"WebPage\",\"@id\":\"https:\\\/\\\/dana.com.br\\\/canaldana\\\/2024\\\/09\\\/25\\\/por-r-395-mil-hyundai-ioniq-5-ja-esta-disponivel-em-pre-venda\\\/\",\"url\":\"https:\\\/\\\/dana.com.br\\\/canaldana\\\/2024\\\/09\\\/25\\\/por-r-395-mil-hyundai-ioniq-5-ja-esta-disponivel-em-pre-venda\\\/\",\"name\":\"Por R$ 395 mil, Hyundai IONIQ 5 j\u00e1 est\u00e1 dispon\u00edvel em pr\u00e9-venda - Canal Dana\",\"isPartOf\":{\"@id\":\"https:\\\/\\\/dana.com.br\\\/canaldana\\\/#website\"},\"datePublished\":\"2024-09-25T13:11:06+00:00\",\"author\":{\"@id\":\"https:\\\/\\\/dana.com.br\\\/canaldana\\\/#\\\/schema\\\/person\\\/3c21f22f56fcf3bc46b94bc60ea4fef6\"},\"breadcrumb\":{\"@id\":\"https:\\\/\\\/dana.com.br\\\/canaldana\\\/2024\\\/09\\\/25\\\/por-r-395-mil-hyundai-ioniq-5-ja-esta-disponivel-em-pre-venda\\\/#breadcrumb\"},\"inLanguage\":\"pt-BR\",\"potentialAction\":[{\"@type\":\"ReadAction\",\"target\":[\"https:\\\/\\\/dana.com.br\\\/canaldana\\\/2024\\\/09\\\/25\\\/por-r-395-mil-hyundai-ioniq-5-ja-esta-disponivel-em-pre-venda\\\/\"]}]},{\"@type\":\"BreadcrumbList\",\"@id\":\"https:\\\/\\\/dana.com.br\\\/canaldana\\\/2024\\\/09\\\/25\\\/por-r-395-mil-hyundai-ioniq-5-ja-esta-disponivel-em-pre-venda\\\/#breadcrumb\",\"itemListElement\":[{\"@type\":\"ListItem\",\"position\":1,\"name\":\"Home\",\"item\":\"https:\\\/\\\/dana.com.br\\\/canaldana\\\/\"},{\"@type\":\"ListItem\",\"position\":2,\"name\":\"Mercado\",\"item\":\"https:\\\/\\\/dana.com.br\\\/canaldana\\\/mercado\\\/\"},{\"@type\":\"ListItem\",\"position\":3,\"name\":\"Por R$ 395 mil, Hyundai IONIQ 5 j\u00e1 est\u00e1 dispon\u00edvel em pr\u00e9-venda\"}]},{\"@type\":\"WebSite\",\"@id\":\"https:\\\/\\\/dana.com.br\\\/canaldana\\\/#website\",\"url\":\"https:\\\/\\\/dana.com.br\\\/canaldana\\\/\",\"name\":\"Canal Dana\",\"description\":\"Informativo com as principais not\u00edcias da ind\u00fastria automotiva\",\"potentialAction\":[{\"@type\":\"SearchAction\",\"target\":{\"@type\":\"EntryPoint\",\"urlTemplate\":\"https:\\\/\\\/dana.com.br\\\/canaldana\\\/?s={search_term_string}\"},\"query-input\":{\"@type\":\"PropertyValueSpecification\",\"valueRequired\":true,\"valueName\":\"search_term_string\"}}],\"inLanguage\":\"pt-BR\"},{\"@type\":\"Person\",\"@id\":\"https:\\\/\\\/dana.com.br\\\/canaldana\\\/#\\\/schema\\\/person\\\/3c21f22f56fcf3bc46b94bc60ea4fef6\",\"name\":\"Canal Dana\",\"image\":{\"@type\":\"ImageObject\",\"inLanguage\":\"pt-BR\",\"@id\":\"https:\\\/\\\/secure.gravatar.com\\\/avatar\\\/420aaf9278582877d9018637c6817617705899d2858d7572ef0fe59a6b6454b4?s=96&d=mm&r=g\",\"url\":\"https:\\\/\\\/secure.gravatar.com\\\/avatar\\\/420aaf9278582877d9018637c6817617705899d2858d7572ef0fe59a6b6454b4?s=96&d=mm&r=g\",\"contentUrl\":\"https:\\\/\\\/secure.gravatar.com\\\/avatar\\\/420aaf9278582877d9018637c6817617705899d2858d7572ef0fe59a6b6454b4?s=96&d=mm&r=g\",\"caption\":\"Canal Dana\"},\"url\":\"https:\\\/\\\/dana.com.br\\\/canaldana\\\/author\\\/cdeditor\\\/\"}]}<\/script>\n<!-- \/ Yoast SEO plugin. -->","yoast_head_json":{"title":"Por R$ 395 mil, Hyundai IONIQ 5 j\u00e1 est\u00e1 dispon\u00edvel em pr\u00e9-venda - Canal Dana","robots":{"index":"index","follow":"follow","max-snippet":"max-snippet:-1","max-image-preview":"max-image-preview:large","max-video-preview":"max-video-preview:-1"},"canonical":"https:\/\/dana.com.br\/canaldana\/2024\/09\/25\/por-r-395-mil-hyundai-ioniq-5-ja-esta-disponivel-em-pre-venda\/","og_locale":"pt_BR","og_type":"article","og_title":"Por R$ 395 mil, Hyundai IONIQ 5 j\u00e1 est\u00e1 dispon\u00edvel em pr\u00e9-venda - Canal Dana","og_description":"AutoInd\u00fastria &nbsp; A Hyundai iniciou nesta ter\u00e7a-feira, 24, a pr\u00e9-venda do IONIQ 5, ve\u00edculo 100% el\u00e9trico que foi atualizado mundialmente em mar\u00e7o e ganhou bateria de 84,0 kWh, com autonomia de 374 km, segundo Inmetro. &nbsp; Comercializado em vers\u00e3o \u00fanica, a Signature, por R$ 394.990, suas primeiras unidades ser\u00e3o entregues em novembro. O modelo \u00e9\u2026 Leia mais \u00bb","og_url":"https:\/\/dana.com.br\/canaldana\/2024\/09\/25\/por-r-395-mil-hyundai-ioniq-5-ja-esta-disponivel-em-pre-venda\/","og_site_name":"Canal Dana","article_published_time":"2024-09-25T13:11:06+00:00","author":"Canal Dana","twitter_card":"summary_large_image","twitter_misc":{"Escrito por":"Canal Dana","Est. tempo de leitura":"2 minutos"},"schema":{"@context":"https:\/\/schema.org","@graph":[{"@type":"Article","@id":"https:\/\/dana.com.br\/canaldana\/2024\/09\/25\/por-r-395-mil-hyundai-ioniq-5-ja-esta-disponivel-em-pre-venda\/#article","isPartOf":{"@id":"https:\/\/dana.com.br\/canaldana\/2024\/09\/25\/por-r-395-mil-hyundai-ioniq-5-ja-esta-disponivel-em-pre-venda\/"},"author":{"name":"Canal Dana","@id":"https:\/\/dana.com.br\/canaldana\/#\/schema\/person\/3c21f22f56fcf3bc46b94bc60ea4fef6"},"headline":"Por R$ 395 mil, Hyundai IONIQ 5 j\u00e1 est\u00e1 dispon\u00edvel em pr\u00e9-venda","datePublished":"2024-09-25T13:11:06+00:00","mainEntityOfPage":{"@id":"https:\/\/dana.com.br\/canaldana\/2024\/09\/25\/por-r-395-mil-hyundai-ioniq-5-ja-esta-disponivel-em-pre-venda\/"},"wordCount":229,"articleSection":["Mercado"],"inLanguage":"pt-BR"},{"@type":"WebPage","@id":"https:\/\/dana.com.br\/canaldana\/2024\/09\/25\/por-r-395-mil-hyundai-ioniq-5-ja-esta-disponivel-em-pre-venda\/","url":"https:\/\/dana.com.br\/canaldana\/2024\/09\/25\/por-r-395-mil-hyundai-ioniq-5-ja-esta-disponivel-em-pre-venda\/","name":"Por R$ 395 mil, Hyundai IONIQ 5 j\u00e1 est\u00e1 dispon\u00edvel em pr\u00e9-venda - Canal Dana","isPartOf":{"@id":"https:\/\/dana.com.br\/canaldana\/#website"},"datePublished":"2024-09-25T13:11:06+00:00","author":{"@id":"https:\/\/dana.com.br\/canaldana\/#\/schema\/person\/3c21f22f56fcf3bc46b94bc60ea4fef6"},"breadcrumb":{"@id":"https:\/\/dana.com.br\/canaldana\/2024\/09\/25\/por-r-395-mil-hyundai-ioniq-5-ja-esta-disponivel-em-pre-venda\/#breadcrumb"},"inLanguage":"pt-BR","potentialAction":[{"@type":"ReadAction","target":["https:\/\/dana.com.br\/canaldana\/2024\/09\/25\/por-r-395-mil-hyundai-ioniq-5-ja-esta-disponivel-em-pre-venda\/"]}]},{"@type":"BreadcrumbList","@id":"https:\/\/dana.com.br\/canaldana\/2024\/09\/25\/por-r-395-mil-hyundai-ioniq-5-ja-esta-disponivel-em-pre-venda\/#breadcrumb","itemListElement":[{"@type":"ListItem","position":1,"name":"Home","item":"https:\/\/dana.com.br\/canaldana\/"},{"@type":"ListItem","position":2,"name":"Mercado","item":"https:\/\/dana.com.br\/canaldana\/mercado\/"},{"@type":"ListItem","position":3,"name":"Por R$ 395 mil, Hyundai IONIQ 5 j\u00e1 est\u00e1 dispon\u00edvel em pr\u00e9-venda"}]},{"@type":"WebSite","@id":"https:\/\/dana.com.br\/canaldana\/#website","url":"https:\/\/dana.com.br\/canaldana\/","name":"Canal Dana","description":"Informativo com as principais not\u00edcias da ind\u00fastria automotiva","potentialAction":[{"@type":"SearchAction","target":{"@type":"EntryPoint","urlTemplate":"https:\/\/dana.com.br\/canaldana\/?s={search_term_string}"},"query-input":{"@type":"PropertyValueSpecification","valueRequired":true,"valueName":"search_term_string"}}],"inLanguage":"pt-BR"},{"@type":"Person","@id":"https:\/\/dana.com.br\/canaldana\/#\/schema\/person\/3c21f22f56fcf3bc46b94bc60ea4fef6","name":"Canal Dana","image":{"@type":"ImageObject","inLanguage":"pt-BR","@id":"https:\/\/secure.gravatar.com\/avatar\/420aaf9278582877d9018637c6817617705899d2858d7572ef0fe59a6b6454b4?s=96&d=mm&r=g","url":"https:\/\/secure.gravatar.com\/avatar\/420aaf9278582877d9018637c6817617705899d2858d7572ef0fe59a6b6454b4?s=96&d=mm&r=g","contentUrl":"https:\/\/secure.gravatar.com\/avatar\/420aaf9278582877d9018637c6817617705899d2858d7572ef0fe59a6b6454b4?s=96&d=mm&r=g","caption":"Canal Dana"},"url":"https:\/\/dana.com.br\/canaldana\/author\/cdeditor\/"}]}},"_links":{"self":[{"href":"https:\/\/dana.com.br\/canaldana\/wp-json\/wp\/v2\/posts\/76648","targetHints":{"allow":["GET"]}}],"collection":[{"href":"https:\/\/dana.com.br\/canaldana\/wp-json\/wp\/v2\/posts"}],"about":[{"href":"https:\/\/dana.com.br\/canaldana\/wp-json\/wp\/v2\/types\/post"}],"author":[{"embeddable":true,"href":"https:\/\/dana.com.br\/canaldana\/wp-json\/wp\/v2\/users\/3"}],"replies":[{"embeddable":true,"href":"https:\/\/dana.com.br\/canaldana\/wp-json\/wp\/v2\/comments?post=76648"}],"version-history":[{"count":1,"href":"https:\/\/dana.com.br\/canaldana\/wp-json\/wp\/v2\/posts\/76648\/revisions"}],"predecessor-version":[{"id":76649,"href":"https:\/\/dana.com.br\/canaldana\/wp-json\/wp\/v2\/posts\/76648\/revisions\/76649"}],"wp:attachment":[{"href":"https:\/\/dana.com.br\/canaldana\/wp-json\/wp\/v2\/media?parent=76648"}],"wp:term":[{"taxonomy":"category","embeddable":true,"href":"https:\/\/dana.com.br\/canaldana\/wp-json\/wp\/v2\/categories?post=76648"},{"taxonomy":"post_tag","embeddable":true,"href":"https:\/\/dana.com.br\/canaldana\/wp-json\/wp\/v2\/tags?post=76648"}],"curies":[{"name":"wp","href":"https:\/\/api.w.org\/{rel}","templated":true}]}}