{"id":76624,"date":"2024-09-24T08:07:50","date_gmt":"2024-09-24T11:07:50","guid":{"rendered":"https:\/\/dana.com.br\/canaldana\/?p=76624"},"modified":"2024-09-24T08:07:50","modified_gmt":"2024-09-24T11:07:50","slug":"volvo-inicia-validacao-de-caminhoes-pesados-100-eletricos-na-logistica-de-sua-fabrica-no-brasil","status":"publish","type":"post","link":"https:\/\/dana.com.br\/canaldana\/2024\/09\/24\/volvo-inicia-validacao-de-caminhoes-pesados-100-eletricos-na-logistica-de-sua-fabrica-no-brasil\/","title":{"rendered":"Volvo inicia valida\u00e7\u00e3o de caminh\u00f5es pesados 100% el\u00e9tricos na log\u00edstica de sua f\u00e1brica no Brasil"},"content":{"rendered":"<p><em>Truck &amp; Bus Builder Am\u00e9rica do Sul<\/em><\/p>\n<p>&nbsp;<\/p>\n<p>Em nova fase do estudo conjunto com a Secretaria Nacional do Tr\u00e2nsito (Senatran) sobre distribui\u00e7\u00e3o de carga nos eixos de caminh\u00f5es el\u00e9tricos, a Volvo inicia o uso, em car\u00e1ter experimental, desses ve\u00edculos com zero emiss\u00f5es na log\u00edstica de seu complexo industrial em Curitiba (PR), para o abastecimento de diversos componentes nas linhas de produ\u00e7\u00e3o. A iniciativa traz uma redu\u00e7\u00e3o de 738 toneladas de emiss\u00f5es de CO2 por ano, dentro do compromisso da marca com a descarboniza\u00e7\u00e3o nos transportes e nas suas pr\u00f3prias opera\u00e7\u00f5es de manufatura.<\/p>\n<p>&nbsp;<\/p>\n<p>Realizada pelas transportadoras Ritmo Log\u00edstica e TLog, a opera\u00e7\u00e3o \u00e9 executada por dez caminh\u00f5es Volvo FM Electric, em rotas diversas no Paran\u00e1 e Santa Catarina at\u00e9 a f\u00e1brica da Volvo em Curitiba. \u201cEstamos conciliando nossa contribui\u00e7\u00e3o para esse estudo conjunto com a Senatran com as metas de descarbonizar nossas pr\u00f3prias opera\u00e7\u00f5es de transporte. Nossos caminh\u00f5es el\u00e9tricos s\u00e3o classificados como ZEV (zero emission vehicles\/ve\u00edculos com zero emiss\u00f5es)\u201d, afirma Alan Holzmann, diretor de estrat\u00e9gia e planejamento de produto caminh\u00f5es da Volvo.<\/p>\n<p>&nbsp;<\/p>\n<p><strong>Descarboniza\u00e7\u00e3o<\/strong><\/p>\n<p>&nbsp;<\/p>\n<p>Os caminh\u00f5es FM Electric que abastecem a produ\u00e7\u00e3o da Volvo rodam at\u00e9 380 quil\u00f4metros por dia, em diversas viagens de ida e vinda entre os fornecedores e a f\u00e1brica. A recarga das baterias \u00e9 feita nos intervalos e ap\u00f3s a jornada di\u00e1ria. \u201cAl\u00e9m de ajudar nossos clientes na descarboniza\u00e7\u00e3o de suas frotas, temos a meta de reduzir emiss\u00f5es em nossas pr\u00f3prias opera\u00e7\u00f5es industriais e de transporte, chegando a zero CO2 em 2040. O uso de caminh\u00f5es pesados el\u00e9tricos \u00e9 parte importante dessa iniciativa\u201d, observa Bettina Konig, diretora de opera\u00e7\u00f5es de transporte de manufatura da Volvo.<\/p>\n<p>&nbsp;<\/p>\n<p>Dentre os componentes transportados est\u00e3o os quadros de chassi dos \u00f4nibus e caminh\u00f5es. O sistema funciona em Just In Time, um regime de gest\u00e3o que encaixa as pe\u00e7as de acordo com a demanda di\u00e1ria. Qualquer eventualidade ou atraso pode comprometer o fluxo da f\u00e1brica. \u201cOs caminh\u00f5es Volvo FM Electric entregam os quadros de chassi diretamente na linha de produ\u00e7\u00e3o diversas vezes ao dia, nos dois turnos de atividade da planta. Al\u00e9m de zero emiss\u00f5es, h\u00e1 redu\u00e7\u00e3o substancial de ru\u00eddo\u201d, assegura Aline Gaensly, head de compras de servi\u00e7os log\u00edsticos da Volvo.<\/p>\n<p>&nbsp;<\/p>\n<p><strong>Jornada sustent\u00e1vel<\/strong><\/p>\n<p>&nbsp;<\/p>\n<p>A eletrifica\u00e7\u00e3o do fluxo log\u00edstico de pe\u00e7as \u00e9 mais um marco na jornada de sustentabilidade da Volvo em suas opera\u00e7\u00f5es no Brasil. Toda a energia da f\u00e1brica de Curitiba vem de fontes 100% renov\u00e1veis. Al\u00e9m disso, h\u00e1 mais de 15 anos todos os res\u00edduos s\u00e3o destinados de forma circular: mais de 50 mil toneladas deixaram de seguir para aterro desde 2008. Mais recentemente, a Volvo foi pioneira na introdu\u00e7\u00e3o do abastecimento de seus ve\u00edculos na f\u00e1brica com o Diesel Verde R5, medida que tem poupado a emiss\u00e3o de 400 toneladas anuais de CO2 na planta. Nos \u00faltimos cinco anos, houve redu\u00e7\u00e3o de 30% nas emiss\u00f5es por ve\u00edculo produzido em Curitiba. \u201cA introdu\u00e7\u00e3o de caminh\u00f5es el\u00e9tricos em nossa log\u00edstica de recebimento de pe\u00e7as \u00e9 mais uma das diversas a\u00e7\u00f5es para reduzir ainda mais nossa pegada de carbono\u201d, diz Bettina. Na Europa, a marca j\u00e1 tem f\u00e1bricas totalmente livres de CO2 em Sk\u00f6vde (Su\u00e9cia) e Ghent (B\u00e9lgica).<\/p>\n<p>&nbsp;<\/p>\n<p><strong>Avan\u00e7os na eletromobilidade<\/strong><\/p>\n<p>&nbsp;<\/p>\n<p>Em 2019, a Volvo foi a primeira entre as fabricantes tradicionais a oferecer caminh\u00f5es 100% el\u00e9tricos na Europa. De l\u00e1 para c\u00e1, a oferta se expandiu para diversos continentes. Atualmente h\u00e1 4.200 caminh\u00f5es el\u00e9tricos Volvo em opera\u00e7\u00e3o em 48 pa\u00edses. Eles fazem parte do objetivo da marca de reduzir em 50% as emiss\u00f5es de CO2 de seus ve\u00edculos at\u00e9 2030 e em 100% at\u00e9 2040.<\/p>\n<p>&nbsp;<\/p>\n<p>No Brasil, o modelo el\u00e9trico da Volvo \u00e9 o FM Electric, um caminh\u00e3o pesado de at\u00e9 50 toneladas de CMT, com pot\u00eancia de 490 kW (660 hp). Seu carregamento total pode ser feito de 1h30 at\u00e9 8 horas, dependendo do tipo de carregador. \u00c9 dotado de alta tecnologia, suspens\u00e3o a ar em todos os eixos, freios de regenera\u00e7\u00e3o, v\u00e1rios dispositivos de seguran\u00e7a, muito conforto e reduzid\u00edssimo n\u00edvel de ru\u00eddo. \u00c9 um ve\u00edculo para uma s\u00e9rie de opera\u00e7\u00f5es, desde o transporte de produtos industrializados, cargas refrigeradas, alimentos e bebidas, at\u00e9 bens de consumo e hortifrutigranjeiros, podendo ser implementado com ba\u00fa ou sider, em carretas de dois ou tr\u00eas eixos. (Truck &amp; Bus Builder Am\u00e9rica do Sul)<\/p>\n","protected":false},"excerpt":{"rendered":"<p>Truck &amp; Bus Builder Am\u00e9rica do Sul &nbsp; Em nova fase do estudo conjunto com a Secretaria Nacional do Tr\u00e2nsito (Senatran) sobre distribui\u00e7\u00e3o de carga nos eixos de caminh\u00f5es el\u00e9tricos, a Volvo inicia o uso, em car\u00e1ter experimental, desses ve\u00edculos com zero emiss\u00f5es na log\u00edstica de seu complexo industrial em Curitiba (PR), para o abastecimento\u2026 <a class=\"readmore\" href=\"https:\/\/dana.com.br\/canaldana\/2024\/09\/24\/volvo-inicia-validacao-de-caminhoes-pesados-100-eletricos-na-logistica-de-sua-fabrica-no-brasil\/\">Leia mais \u00bb<\/a><\/p>\n","protected":false},"author":3,"featured_media":0,"comment_status":"closed","ping_status":"closed","sticky":false,"template":"","format":"standard","meta":{"_acf_changed":false,"footnotes":""},"categories":[61],"tags":[],"class_list":["post-76624","post","type-post","status-publish","format-standard","hentry","category-destaques"],"acf":[],"yoast_head":"<!-- This site is optimized with the Yoast SEO plugin v27.3 - https:\/\/yoast.com\/product\/yoast-seo-wordpress\/ -->\n<title>Volvo inicia valida\u00e7\u00e3o de caminh\u00f5es pesados 100% el\u00e9tricos na log\u00edstica de sua f\u00e1brica no Brasil - Canal Dana<\/title>\n<meta name=\"robots\" content=\"index, follow, max-snippet:-1, max-image-preview:large, max-video-preview:-1\" \/>\n<link rel=\"canonical\" href=\"https:\/\/dana.com.br\/canaldana\/2024\/09\/24\/volvo-inicia-validacao-de-caminhoes-pesados-100-eletricos-na-logistica-de-sua-fabrica-no-brasil\/\" \/>\n<meta property=\"og:locale\" content=\"pt_BR\" \/>\n<meta property=\"og:type\" content=\"article\" \/>\n<meta property=\"og:title\" content=\"Volvo inicia valida\u00e7\u00e3o de caminh\u00f5es pesados 100% el\u00e9tricos na log\u00edstica de sua f\u00e1brica no Brasil - Canal Dana\" \/>\n<meta property=\"og:description\" content=\"Truck &amp; Bus Builder Am\u00e9rica do Sul &nbsp; Em nova fase do estudo conjunto com a Secretaria Nacional do Tr\u00e2nsito (Senatran) sobre distribui\u00e7\u00e3o de carga nos eixos de caminh\u00f5es el\u00e9tricos, a Volvo inicia o uso, em car\u00e1ter experimental, desses ve\u00edculos com zero emiss\u00f5es na log\u00edstica de seu complexo industrial em Curitiba (PR), para o abastecimento\u2026 Leia mais \u00bb\" \/>\n<meta property=\"og:url\" content=\"https:\/\/dana.com.br\/canaldana\/2024\/09\/24\/volvo-inicia-validacao-de-caminhoes-pesados-100-eletricos-na-logistica-de-sua-fabrica-no-brasil\/\" \/>\n<meta property=\"og:site_name\" content=\"Canal Dana\" \/>\n<meta property=\"article:published_time\" content=\"2024-09-24T11:07:50+00:00\" \/>\n<meta name=\"author\" content=\"Canal Dana\" \/>\n<meta name=\"twitter:card\" content=\"summary_large_image\" \/>\n<meta name=\"twitter:label1\" content=\"Escrito por\" \/>\n\t<meta name=\"twitter:data1\" content=\"Canal Dana\" \/>\n\t<meta name=\"twitter:label2\" content=\"Est. tempo de leitura\" \/>\n\t<meta name=\"twitter:data2\" content=\"4 minutos\" \/>\n<script type=\"application\/ld+json\" class=\"yoast-schema-graph\">{\"@context\":\"https:\\\/\\\/schema.org\",\"@graph\":[{\"@type\":\"Article\",\"@id\":\"https:\\\/\\\/dana.com.br\\\/canaldana\\\/2024\\\/09\\\/24\\\/volvo-inicia-validacao-de-caminhoes-pesados-100-eletricos-na-logistica-de-sua-fabrica-no-brasil\\\/#article\",\"isPartOf\":{\"@id\":\"https:\\\/\\\/dana.com.br\\\/canaldana\\\/2024\\\/09\\\/24\\\/volvo-inicia-validacao-de-caminhoes-pesados-100-eletricos-na-logistica-de-sua-fabrica-no-brasil\\\/\"},\"author\":{\"name\":\"Canal Dana\",\"@id\":\"https:\\\/\\\/dana.com.br\\\/canaldana\\\/#\\\/schema\\\/person\\\/3c21f22f56fcf3bc46b94bc60ea4fef6\"},\"headline\":\"Volvo inicia valida\u00e7\u00e3o de caminh\u00f5es pesados 100% el\u00e9tricos na log\u00edstica de sua f\u00e1brica no Brasil\",\"datePublished\":\"2024-09-24T11:07:50+00:00\",\"mainEntityOfPage\":{\"@id\":\"https:\\\/\\\/dana.com.br\\\/canaldana\\\/2024\\\/09\\\/24\\\/volvo-inicia-validacao-de-caminhoes-pesados-100-eletricos-na-logistica-de-sua-fabrica-no-brasil\\\/\"},\"wordCount\":807,\"articleSection\":[\"Destaques\"],\"inLanguage\":\"pt-BR\"},{\"@type\":\"WebPage\",\"@id\":\"https:\\\/\\\/dana.com.br\\\/canaldana\\\/2024\\\/09\\\/24\\\/volvo-inicia-validacao-de-caminhoes-pesados-100-eletricos-na-logistica-de-sua-fabrica-no-brasil\\\/\",\"url\":\"https:\\\/\\\/dana.com.br\\\/canaldana\\\/2024\\\/09\\\/24\\\/volvo-inicia-validacao-de-caminhoes-pesados-100-eletricos-na-logistica-de-sua-fabrica-no-brasil\\\/\",\"name\":\"Volvo inicia valida\u00e7\u00e3o de caminh\u00f5es pesados 100% el\u00e9tricos na log\u00edstica de sua f\u00e1brica no Brasil - Canal Dana\",\"isPartOf\":{\"@id\":\"https:\\\/\\\/dana.com.br\\\/canaldana\\\/#website\"},\"datePublished\":\"2024-09-24T11:07:50+00:00\",\"author\":{\"@id\":\"https:\\\/\\\/dana.com.br\\\/canaldana\\\/#\\\/schema\\\/person\\\/3c21f22f56fcf3bc46b94bc60ea4fef6\"},\"breadcrumb\":{\"@id\":\"https:\\\/\\\/dana.com.br\\\/canaldana\\\/2024\\\/09\\\/24\\\/volvo-inicia-validacao-de-caminhoes-pesados-100-eletricos-na-logistica-de-sua-fabrica-no-brasil\\\/#breadcrumb\"},\"inLanguage\":\"pt-BR\",\"potentialAction\":[{\"@type\":\"ReadAction\",\"target\":[\"https:\\\/\\\/dana.com.br\\\/canaldana\\\/2024\\\/09\\\/24\\\/volvo-inicia-validacao-de-caminhoes-pesados-100-eletricos-na-logistica-de-sua-fabrica-no-brasil\\\/\"]}]},{\"@type\":\"BreadcrumbList\",\"@id\":\"https:\\\/\\\/dana.com.br\\\/canaldana\\\/2024\\\/09\\\/24\\\/volvo-inicia-validacao-de-caminhoes-pesados-100-eletricos-na-logistica-de-sua-fabrica-no-brasil\\\/#breadcrumb\",\"itemListElement\":[{\"@type\":\"ListItem\",\"position\":1,\"name\":\"Home\",\"item\":\"https:\\\/\\\/dana.com.br\\\/canaldana\\\/\"},{\"@type\":\"ListItem\",\"position\":2,\"name\":\"Destaques\",\"item\":\"https:\\\/\\\/dana.com.br\\\/canaldana\\\/destaques\\\/\"},{\"@type\":\"ListItem\",\"position\":3,\"name\":\"Volvo inicia valida\u00e7\u00e3o de caminh\u00f5es pesados 100% el\u00e9tricos na log\u00edstica de sua f\u00e1brica no Brasil\"}]},{\"@type\":\"WebSite\",\"@id\":\"https:\\\/\\\/dana.com.br\\\/canaldana\\\/#website\",\"url\":\"https:\\\/\\\/dana.com.br\\\/canaldana\\\/\",\"name\":\"Canal Dana\",\"description\":\"Informativo com as principais not\u00edcias da ind\u00fastria automotiva\",\"potentialAction\":[{\"@type\":\"SearchAction\",\"target\":{\"@type\":\"EntryPoint\",\"urlTemplate\":\"https:\\\/\\\/dana.com.br\\\/canaldana\\\/?s={search_term_string}\"},\"query-input\":{\"@type\":\"PropertyValueSpecification\",\"valueRequired\":true,\"valueName\":\"search_term_string\"}}],\"inLanguage\":\"pt-BR\"},{\"@type\":\"Person\",\"@id\":\"https:\\\/\\\/dana.com.br\\\/canaldana\\\/#\\\/schema\\\/person\\\/3c21f22f56fcf3bc46b94bc60ea4fef6\",\"name\":\"Canal Dana\",\"image\":{\"@type\":\"ImageObject\",\"inLanguage\":\"pt-BR\",\"@id\":\"https:\\\/\\\/secure.gravatar.com\\\/avatar\\\/420aaf9278582877d9018637c6817617705899d2858d7572ef0fe59a6b6454b4?s=96&d=mm&r=g\",\"url\":\"https:\\\/\\\/secure.gravatar.com\\\/avatar\\\/420aaf9278582877d9018637c6817617705899d2858d7572ef0fe59a6b6454b4?s=96&d=mm&r=g\",\"contentUrl\":\"https:\\\/\\\/secure.gravatar.com\\\/avatar\\\/420aaf9278582877d9018637c6817617705899d2858d7572ef0fe59a6b6454b4?s=96&d=mm&r=g\",\"caption\":\"Canal Dana\"},\"url\":\"https:\\\/\\\/dana.com.br\\\/canaldana\\\/author\\\/cdeditor\\\/\"}]}<\/script>\n<!-- \/ Yoast SEO plugin. -->","yoast_head_json":{"title":"Volvo inicia valida\u00e7\u00e3o de caminh\u00f5es pesados 100% el\u00e9tricos na log\u00edstica de sua f\u00e1brica no Brasil - Canal Dana","robots":{"index":"index","follow":"follow","max-snippet":"max-snippet:-1","max-image-preview":"max-image-preview:large","max-video-preview":"max-video-preview:-1"},"canonical":"https:\/\/dana.com.br\/canaldana\/2024\/09\/24\/volvo-inicia-validacao-de-caminhoes-pesados-100-eletricos-na-logistica-de-sua-fabrica-no-brasil\/","og_locale":"pt_BR","og_type":"article","og_title":"Volvo inicia valida\u00e7\u00e3o de caminh\u00f5es pesados 100% el\u00e9tricos na log\u00edstica de sua f\u00e1brica no Brasil - Canal Dana","og_description":"Truck &amp; Bus Builder Am\u00e9rica do Sul &nbsp; Em nova fase do estudo conjunto com a Secretaria Nacional do Tr\u00e2nsito (Senatran) sobre distribui\u00e7\u00e3o de carga nos eixos de caminh\u00f5es el\u00e9tricos, a Volvo inicia o uso, em car\u00e1ter experimental, desses ve\u00edculos com zero emiss\u00f5es na log\u00edstica de seu complexo industrial em Curitiba (PR), para o abastecimento\u2026 Leia mais \u00bb","og_url":"https:\/\/dana.com.br\/canaldana\/2024\/09\/24\/volvo-inicia-validacao-de-caminhoes-pesados-100-eletricos-na-logistica-de-sua-fabrica-no-brasil\/","og_site_name":"Canal Dana","article_published_time":"2024-09-24T11:07:50+00:00","author":"Canal Dana","twitter_card":"summary_large_image","twitter_misc":{"Escrito por":"Canal Dana","Est. tempo de leitura":"4 minutos"},"schema":{"@context":"https:\/\/schema.org","@graph":[{"@type":"Article","@id":"https:\/\/dana.com.br\/canaldana\/2024\/09\/24\/volvo-inicia-validacao-de-caminhoes-pesados-100-eletricos-na-logistica-de-sua-fabrica-no-brasil\/#article","isPartOf":{"@id":"https:\/\/dana.com.br\/canaldana\/2024\/09\/24\/volvo-inicia-validacao-de-caminhoes-pesados-100-eletricos-na-logistica-de-sua-fabrica-no-brasil\/"},"author":{"name":"Canal Dana","@id":"https:\/\/dana.com.br\/canaldana\/#\/schema\/person\/3c21f22f56fcf3bc46b94bc60ea4fef6"},"headline":"Volvo inicia valida\u00e7\u00e3o de caminh\u00f5es pesados 100% el\u00e9tricos na log\u00edstica de sua f\u00e1brica no Brasil","datePublished":"2024-09-24T11:07:50+00:00","mainEntityOfPage":{"@id":"https:\/\/dana.com.br\/canaldana\/2024\/09\/24\/volvo-inicia-validacao-de-caminhoes-pesados-100-eletricos-na-logistica-de-sua-fabrica-no-brasil\/"},"wordCount":807,"articleSection":["Destaques"],"inLanguage":"pt-BR"},{"@type":"WebPage","@id":"https:\/\/dana.com.br\/canaldana\/2024\/09\/24\/volvo-inicia-validacao-de-caminhoes-pesados-100-eletricos-na-logistica-de-sua-fabrica-no-brasil\/","url":"https:\/\/dana.com.br\/canaldana\/2024\/09\/24\/volvo-inicia-validacao-de-caminhoes-pesados-100-eletricos-na-logistica-de-sua-fabrica-no-brasil\/","name":"Volvo inicia valida\u00e7\u00e3o de caminh\u00f5es pesados 100% el\u00e9tricos na log\u00edstica de sua f\u00e1brica no Brasil - Canal Dana","isPartOf":{"@id":"https:\/\/dana.com.br\/canaldana\/#website"},"datePublished":"2024-09-24T11:07:50+00:00","author":{"@id":"https:\/\/dana.com.br\/canaldana\/#\/schema\/person\/3c21f22f56fcf3bc46b94bc60ea4fef6"},"breadcrumb":{"@id":"https:\/\/dana.com.br\/canaldana\/2024\/09\/24\/volvo-inicia-validacao-de-caminhoes-pesados-100-eletricos-na-logistica-de-sua-fabrica-no-brasil\/#breadcrumb"},"inLanguage":"pt-BR","potentialAction":[{"@type":"ReadAction","target":["https:\/\/dana.com.br\/canaldana\/2024\/09\/24\/volvo-inicia-validacao-de-caminhoes-pesados-100-eletricos-na-logistica-de-sua-fabrica-no-brasil\/"]}]},{"@type":"BreadcrumbList","@id":"https:\/\/dana.com.br\/canaldana\/2024\/09\/24\/volvo-inicia-validacao-de-caminhoes-pesados-100-eletricos-na-logistica-de-sua-fabrica-no-brasil\/#breadcrumb","itemListElement":[{"@type":"ListItem","position":1,"name":"Home","item":"https:\/\/dana.com.br\/canaldana\/"},{"@type":"ListItem","position":2,"name":"Destaques","item":"https:\/\/dana.com.br\/canaldana\/destaques\/"},{"@type":"ListItem","position":3,"name":"Volvo inicia valida\u00e7\u00e3o de caminh\u00f5es pesados 100% el\u00e9tricos na log\u00edstica de sua f\u00e1brica no Brasil"}]},{"@type":"WebSite","@id":"https:\/\/dana.com.br\/canaldana\/#website","url":"https:\/\/dana.com.br\/canaldana\/","name":"Canal Dana","description":"Informativo com as principais not\u00edcias da ind\u00fastria automotiva","potentialAction":[{"@type":"SearchAction","target":{"@type":"EntryPoint","urlTemplate":"https:\/\/dana.com.br\/canaldana\/?s={search_term_string}"},"query-input":{"@type":"PropertyValueSpecification","valueRequired":true,"valueName":"search_term_string"}}],"inLanguage":"pt-BR"},{"@type":"Person","@id":"https:\/\/dana.com.br\/canaldana\/#\/schema\/person\/3c21f22f56fcf3bc46b94bc60ea4fef6","name":"Canal Dana","image":{"@type":"ImageObject","inLanguage":"pt-BR","@id":"https:\/\/secure.gravatar.com\/avatar\/420aaf9278582877d9018637c6817617705899d2858d7572ef0fe59a6b6454b4?s=96&d=mm&r=g","url":"https:\/\/secure.gravatar.com\/avatar\/420aaf9278582877d9018637c6817617705899d2858d7572ef0fe59a6b6454b4?s=96&d=mm&r=g","contentUrl":"https:\/\/secure.gravatar.com\/avatar\/420aaf9278582877d9018637c6817617705899d2858d7572ef0fe59a6b6454b4?s=96&d=mm&r=g","caption":"Canal Dana"},"url":"https:\/\/dana.com.br\/canaldana\/author\/cdeditor\/"}]}},"_links":{"self":[{"href":"https:\/\/dana.com.br\/canaldana\/wp-json\/wp\/v2\/posts\/76624","targetHints":{"allow":["GET"]}}],"collection":[{"href":"https:\/\/dana.com.br\/canaldana\/wp-json\/wp\/v2\/posts"}],"about":[{"href":"https:\/\/dana.com.br\/canaldana\/wp-json\/wp\/v2\/types\/post"}],"author":[{"embeddable":true,"href":"https:\/\/dana.com.br\/canaldana\/wp-json\/wp\/v2\/users\/3"}],"replies":[{"embeddable":true,"href":"https:\/\/dana.com.br\/canaldana\/wp-json\/wp\/v2\/comments?post=76624"}],"version-history":[{"count":1,"href":"https:\/\/dana.com.br\/canaldana\/wp-json\/wp\/v2\/posts\/76624\/revisions"}],"predecessor-version":[{"id":76625,"href":"https:\/\/dana.com.br\/canaldana\/wp-json\/wp\/v2\/posts\/76624\/revisions\/76625"}],"wp:attachment":[{"href":"https:\/\/dana.com.br\/canaldana\/wp-json\/wp\/v2\/media?parent=76624"}],"wp:term":[{"taxonomy":"category","embeddable":true,"href":"https:\/\/dana.com.br\/canaldana\/wp-json\/wp\/v2\/categories?post=76624"},{"taxonomy":"post_tag","embeddable":true,"href":"https:\/\/dana.com.br\/canaldana\/wp-json\/wp\/v2\/tags?post=76624"}],"curies":[{"name":"wp","href":"https:\/\/api.w.org\/{rel}","templated":true}]}}