{"id":76618,"date":"2024-09-24T08:05:56","date_gmt":"2024-09-24T11:05:56","guid":{"rendered":"https:\/\/dana.com.br\/canaldana\/?p=76618"},"modified":"2024-09-24T08:05:56","modified_gmt":"2024-09-24T11:05:56","slug":"mercado-eleva-projecao-de-inflacao-para-437-com-a-selic-indo-a-115-este-ano","status":"publish","type":"post","link":"https:\/\/dana.com.br\/canaldana\/2024\/09\/24\/mercado-eleva-projecao-de-inflacao-para-437-com-a-selic-indo-a-115-este-ano\/","title":{"rendered":"Mercado eleva proje\u00e7\u00e3o de infla\u00e7\u00e3o para 4,37%, com a Selic indo a 11,5% este ano"},"content":{"rendered":"<p><em>O Estado de S. Paulo <\/em><\/p>\n<p>&nbsp;<\/p>\n<p>O mercado voltou a aumentar as proje\u00e7\u00f5es para a infla\u00e7\u00e3o nos pr\u00f3ximos anos, mesmo j\u00e1 considerando uma taxa Selic m\u00e9dia mais alta at\u00e9 o fim de 2025. De acordo com o relat\u00f3rio Focus, divulgado ontem pelo Banco Central, a mediana das proje\u00e7\u00f5es dos analistas para o IPCA de 2024 subiu de 4,35% para 4,37%, aproximando-se ainda mais do teto da meta este ano, de 4,50%.<\/p>\n<p>&nbsp;<\/p>\n<p>Foi a d\u00e9cima alta seguida do \u00edndice da infla\u00e7\u00e3o. Considerando apenas as 97 proje\u00e7\u00f5es atualizadas nos \u00faltimos cinco dias \u00fateis, o IPCA passou de 4,37% para 4,40%. Um m\u00eas atr\u00e1s, a estimativa para o \u00edndice era de 4,25%. Em seu cen\u00e1rio de refer\u00eancia, o BC espera que o IPCA feche o ano em 4,30%, e desacelere a 3,70% em 2025.<\/p>\n<p>&nbsp;<\/p>\n<p>O novo reajuste para cima das estimativas do mercado para a infla\u00e7\u00e3o veio um dia antes da divulga\u00e7\u00e3o da ata da reuni\u00e3o da semana passada do Copom, que decidiu pela alta de 0,25 ponto porcentual na Selic, sinalizando em seu comunicado \u2013 que falou em uma assimetria altista no balan\u00e7o de riscos para a infla\u00e7\u00e3o \u2013 a possibilidade de ajustes maiores na taxa nas pr\u00f3ximas reuni\u00f5es. O que levou muito analistas a falarem numa taxa Selic de at\u00e9 12% em janeiro de 2025.<\/p>\n<p>&nbsp;<\/p>\n<p><strong>\u2018Balan\u00e7o de riscos\u2019<\/strong><\/p>\n<p>&nbsp;<\/p>\n<p>No boletim Focus divulgado ontem, a mediana para a Selic no final de 2024 voltou a subir, passando de 11,25% para 11,50%, confirmando que o mercado j\u00e1 espera pelo menos um aumento de 0,5 ponto porcentual nos juros este ano.<\/p>\n<p>&nbsp;<\/p>\n<p>Na \u00faltima quarta-feira, entre os riscos inflacion\u00e1rios o colegiado citou ainda o hiato do produto, at\u00e9 ent\u00e3o considerado est\u00e1vel, agora com um vi\u00e9s positivo. \u201cO ritmo de ajustes futuros na taxa de juros e a magnitude total do ciclo ora iniciado ser\u00e3o ditados pelo firme compromisso de converg\u00eancia da infla\u00e7\u00e3o \u00e0 meta e depender\u00e3o da evolu\u00e7\u00e3o da din\u00e2mica da infla\u00e7\u00e3o, em especial dos componentes mais sens\u00edveis \u00e0 atividade econ\u00f4mica e \u00e0 pol\u00edtica monet\u00e1ria, das proje\u00e7\u00f5es de infla\u00e7\u00e3o, das expectativas de infla\u00e7\u00e3o, do hiato do produto e do balan\u00e7o de riscos\u201d, afirmou o Copom, no comunicado sobre a decis\u00e3o.<\/p>\n<p>&nbsp;<\/p>\n<p>Assim, a mediana para o IPCA de 2025, que mais se aproxima do horizonte relevante da pol\u00edtica monet\u00e1ria, subiu de 3,95% para 3,97% na edi\u00e7\u00e3o do Focus divulgada ontem. Considerando apenas as 96 proje\u00e7\u00f5es atualizadas nos \u00faltimos cinco dias \u00fateis, essa mediana j\u00e1 passou de 3,97% para 4%.<\/p>\n<p>&nbsp;<\/p>\n<p>A estimativa para 2026 tamb\u00e9m oscilou para cima, de 3,61% para 3,62%, subindo pela segunda semana consecutiva. As expectativas para esses dois anos est\u00e3o acima do centro da meta, de 3%, com toler\u00e2ncia de 1,5 ponto para mais ou para menos. (O Estado de S. Paulo\/C\u00edcero Cotrim)<\/p>\n","protected":false},"excerpt":{"rendered":"<p>O Estado de S. Paulo &nbsp; O mercado voltou a aumentar as proje\u00e7\u00f5es para a infla\u00e7\u00e3o nos pr\u00f3ximos anos, mesmo j\u00e1 considerando uma taxa Selic m\u00e9dia mais alta at\u00e9 o fim de 2025. De acordo com o relat\u00f3rio Focus, divulgado ontem pelo Banco Central, a mediana das proje\u00e7\u00f5es dos analistas para o IPCA de 2024\u2026 <a class=\"readmore\" href=\"https:\/\/dana.com.br\/canaldana\/2024\/09\/24\/mercado-eleva-projecao-de-inflacao-para-437-com-a-selic-indo-a-115-este-ano\/\">Leia mais \u00bb<\/a><\/p>\n","protected":false},"author":3,"featured_media":0,"comment_status":"closed","ping_status":"closed","sticky":false,"template":"","format":"standard","meta":{"_acf_changed":false,"footnotes":""},"categories":[79],"tags":[],"class_list":["post-76618","post","type-post","status-publish","format-standard","hentry","category-mercado"],"acf":[],"yoast_head":"<!-- This site is optimized with the Yoast SEO plugin v27.3 - https:\/\/yoast.com\/product\/yoast-seo-wordpress\/ -->\n<title>Mercado eleva proje\u00e7\u00e3o de infla\u00e7\u00e3o para 4,37%, com a Selic indo a 11,5% este ano - Canal Dana<\/title>\n<meta name=\"robots\" content=\"index, follow, max-snippet:-1, max-image-preview:large, max-video-preview:-1\" \/>\n<link rel=\"canonical\" href=\"https:\/\/dana.com.br\/canaldana\/2024\/09\/24\/mercado-eleva-projecao-de-inflacao-para-437-com-a-selic-indo-a-115-este-ano\/\" \/>\n<meta property=\"og:locale\" content=\"pt_BR\" \/>\n<meta property=\"og:type\" content=\"article\" \/>\n<meta property=\"og:title\" content=\"Mercado eleva proje\u00e7\u00e3o de infla\u00e7\u00e3o para 4,37%, com a Selic indo a 11,5% este ano - Canal Dana\" \/>\n<meta property=\"og:description\" content=\"O Estado de S. Paulo &nbsp; O mercado voltou a aumentar as proje\u00e7\u00f5es para a infla\u00e7\u00e3o nos pr\u00f3ximos anos, mesmo j\u00e1 considerando uma taxa Selic m\u00e9dia mais alta at\u00e9 o fim de 2025. De acordo com o relat\u00f3rio Focus, divulgado ontem pelo Banco Central, a mediana das proje\u00e7\u00f5es dos analistas para o IPCA de 2024\u2026 Leia mais \u00bb\" \/>\n<meta property=\"og:url\" content=\"https:\/\/dana.com.br\/canaldana\/2024\/09\/24\/mercado-eleva-projecao-de-inflacao-para-437-com-a-selic-indo-a-115-este-ano\/\" \/>\n<meta property=\"og:site_name\" content=\"Canal Dana\" \/>\n<meta property=\"article:published_time\" content=\"2024-09-24T11:05:56+00:00\" \/>\n<meta name=\"author\" content=\"Canal Dana\" \/>\n<meta name=\"twitter:card\" content=\"summary_large_image\" \/>\n<meta name=\"twitter:label1\" content=\"Escrito por\" \/>\n\t<meta name=\"twitter:data1\" content=\"Canal Dana\" \/>\n\t<meta name=\"twitter:label2\" content=\"Est. tempo de leitura\" \/>\n\t<meta name=\"twitter:data2\" content=\"3 minutos\" \/>\n<script type=\"application\/ld+json\" class=\"yoast-schema-graph\">{\"@context\":\"https:\\\/\\\/schema.org\",\"@graph\":[{\"@type\":\"Article\",\"@id\":\"https:\\\/\\\/dana.com.br\\\/canaldana\\\/2024\\\/09\\\/24\\\/mercado-eleva-projecao-de-inflacao-para-437-com-a-selic-indo-a-115-este-ano\\\/#article\",\"isPartOf\":{\"@id\":\"https:\\\/\\\/dana.com.br\\\/canaldana\\\/2024\\\/09\\\/24\\\/mercado-eleva-projecao-de-inflacao-para-437-com-a-selic-indo-a-115-este-ano\\\/\"},\"author\":{\"name\":\"Canal Dana\",\"@id\":\"https:\\\/\\\/dana.com.br\\\/canaldana\\\/#\\\/schema\\\/person\\\/3c21f22f56fcf3bc46b94bc60ea4fef6\"},\"headline\":\"Mercado eleva proje\u00e7\u00e3o de infla\u00e7\u00e3o para 4,37%, com a Selic indo a 11,5% este ano\",\"datePublished\":\"2024-09-24T11:05:56+00:00\",\"mainEntityOfPage\":{\"@id\":\"https:\\\/\\\/dana.com.br\\\/canaldana\\\/2024\\\/09\\\/24\\\/mercado-eleva-projecao-de-inflacao-para-437-com-a-selic-indo-a-115-este-ano\\\/\"},\"wordCount\":487,\"articleSection\":[\"Mercado\"],\"inLanguage\":\"pt-BR\"},{\"@type\":\"WebPage\",\"@id\":\"https:\\\/\\\/dana.com.br\\\/canaldana\\\/2024\\\/09\\\/24\\\/mercado-eleva-projecao-de-inflacao-para-437-com-a-selic-indo-a-115-este-ano\\\/\",\"url\":\"https:\\\/\\\/dana.com.br\\\/canaldana\\\/2024\\\/09\\\/24\\\/mercado-eleva-projecao-de-inflacao-para-437-com-a-selic-indo-a-115-este-ano\\\/\",\"name\":\"Mercado eleva proje\u00e7\u00e3o de infla\u00e7\u00e3o para 4,37%, com a Selic indo a 11,5% este ano - Canal Dana\",\"isPartOf\":{\"@id\":\"https:\\\/\\\/dana.com.br\\\/canaldana\\\/#website\"},\"datePublished\":\"2024-09-24T11:05:56+00:00\",\"author\":{\"@id\":\"https:\\\/\\\/dana.com.br\\\/canaldana\\\/#\\\/schema\\\/person\\\/3c21f22f56fcf3bc46b94bc60ea4fef6\"},\"breadcrumb\":{\"@id\":\"https:\\\/\\\/dana.com.br\\\/canaldana\\\/2024\\\/09\\\/24\\\/mercado-eleva-projecao-de-inflacao-para-437-com-a-selic-indo-a-115-este-ano\\\/#breadcrumb\"},\"inLanguage\":\"pt-BR\",\"potentialAction\":[{\"@type\":\"ReadAction\",\"target\":[\"https:\\\/\\\/dana.com.br\\\/canaldana\\\/2024\\\/09\\\/24\\\/mercado-eleva-projecao-de-inflacao-para-437-com-a-selic-indo-a-115-este-ano\\\/\"]}]},{\"@type\":\"BreadcrumbList\",\"@id\":\"https:\\\/\\\/dana.com.br\\\/canaldana\\\/2024\\\/09\\\/24\\\/mercado-eleva-projecao-de-inflacao-para-437-com-a-selic-indo-a-115-este-ano\\\/#breadcrumb\",\"itemListElement\":[{\"@type\":\"ListItem\",\"position\":1,\"name\":\"Home\",\"item\":\"https:\\\/\\\/dana.com.br\\\/canaldana\\\/\"},{\"@type\":\"ListItem\",\"position\":2,\"name\":\"Mercado\",\"item\":\"https:\\\/\\\/dana.com.br\\\/canaldana\\\/mercado\\\/\"},{\"@type\":\"ListItem\",\"position\":3,\"name\":\"Mercado eleva proje\u00e7\u00e3o de infla\u00e7\u00e3o para 4,37%, com a Selic indo a 11,5% este ano\"}]},{\"@type\":\"WebSite\",\"@id\":\"https:\\\/\\\/dana.com.br\\\/canaldana\\\/#website\",\"url\":\"https:\\\/\\\/dana.com.br\\\/canaldana\\\/\",\"name\":\"Canal Dana\",\"description\":\"Informativo com as principais not\u00edcias da ind\u00fastria automotiva\",\"potentialAction\":[{\"@type\":\"SearchAction\",\"target\":{\"@type\":\"EntryPoint\",\"urlTemplate\":\"https:\\\/\\\/dana.com.br\\\/canaldana\\\/?s={search_term_string}\"},\"query-input\":{\"@type\":\"PropertyValueSpecification\",\"valueRequired\":true,\"valueName\":\"search_term_string\"}}],\"inLanguage\":\"pt-BR\"},{\"@type\":\"Person\",\"@id\":\"https:\\\/\\\/dana.com.br\\\/canaldana\\\/#\\\/schema\\\/person\\\/3c21f22f56fcf3bc46b94bc60ea4fef6\",\"name\":\"Canal Dana\",\"image\":{\"@type\":\"ImageObject\",\"inLanguage\":\"pt-BR\",\"@id\":\"https:\\\/\\\/secure.gravatar.com\\\/avatar\\\/420aaf9278582877d9018637c6817617705899d2858d7572ef0fe59a6b6454b4?s=96&d=mm&r=g\",\"url\":\"https:\\\/\\\/secure.gravatar.com\\\/avatar\\\/420aaf9278582877d9018637c6817617705899d2858d7572ef0fe59a6b6454b4?s=96&d=mm&r=g\",\"contentUrl\":\"https:\\\/\\\/secure.gravatar.com\\\/avatar\\\/420aaf9278582877d9018637c6817617705899d2858d7572ef0fe59a6b6454b4?s=96&d=mm&r=g\",\"caption\":\"Canal Dana\"},\"url\":\"https:\\\/\\\/dana.com.br\\\/canaldana\\\/author\\\/cdeditor\\\/\"}]}<\/script>\n<!-- \/ Yoast SEO plugin. -->","yoast_head_json":{"title":"Mercado eleva proje\u00e7\u00e3o de infla\u00e7\u00e3o para 4,37%, com a Selic indo a 11,5% este ano - Canal Dana","robots":{"index":"index","follow":"follow","max-snippet":"max-snippet:-1","max-image-preview":"max-image-preview:large","max-video-preview":"max-video-preview:-1"},"canonical":"https:\/\/dana.com.br\/canaldana\/2024\/09\/24\/mercado-eleva-projecao-de-inflacao-para-437-com-a-selic-indo-a-115-este-ano\/","og_locale":"pt_BR","og_type":"article","og_title":"Mercado eleva proje\u00e7\u00e3o de infla\u00e7\u00e3o para 4,37%, com a Selic indo a 11,5% este ano - Canal Dana","og_description":"O Estado de S. Paulo &nbsp; O mercado voltou a aumentar as proje\u00e7\u00f5es para a infla\u00e7\u00e3o nos pr\u00f3ximos anos, mesmo j\u00e1 considerando uma taxa Selic m\u00e9dia mais alta at\u00e9 o fim de 2025. De acordo com o relat\u00f3rio Focus, divulgado ontem pelo Banco Central, a mediana das proje\u00e7\u00f5es dos analistas para o IPCA de 2024\u2026 Leia mais \u00bb","og_url":"https:\/\/dana.com.br\/canaldana\/2024\/09\/24\/mercado-eleva-projecao-de-inflacao-para-437-com-a-selic-indo-a-115-este-ano\/","og_site_name":"Canal Dana","article_published_time":"2024-09-24T11:05:56+00:00","author":"Canal Dana","twitter_card":"summary_large_image","twitter_misc":{"Escrito por":"Canal Dana","Est. tempo de leitura":"3 minutos"},"schema":{"@context":"https:\/\/schema.org","@graph":[{"@type":"Article","@id":"https:\/\/dana.com.br\/canaldana\/2024\/09\/24\/mercado-eleva-projecao-de-inflacao-para-437-com-a-selic-indo-a-115-este-ano\/#article","isPartOf":{"@id":"https:\/\/dana.com.br\/canaldana\/2024\/09\/24\/mercado-eleva-projecao-de-inflacao-para-437-com-a-selic-indo-a-115-este-ano\/"},"author":{"name":"Canal Dana","@id":"https:\/\/dana.com.br\/canaldana\/#\/schema\/person\/3c21f22f56fcf3bc46b94bc60ea4fef6"},"headline":"Mercado eleva proje\u00e7\u00e3o de infla\u00e7\u00e3o para 4,37%, com a Selic indo a 11,5% este ano","datePublished":"2024-09-24T11:05:56+00:00","mainEntityOfPage":{"@id":"https:\/\/dana.com.br\/canaldana\/2024\/09\/24\/mercado-eleva-projecao-de-inflacao-para-437-com-a-selic-indo-a-115-este-ano\/"},"wordCount":487,"articleSection":["Mercado"],"inLanguage":"pt-BR"},{"@type":"WebPage","@id":"https:\/\/dana.com.br\/canaldana\/2024\/09\/24\/mercado-eleva-projecao-de-inflacao-para-437-com-a-selic-indo-a-115-este-ano\/","url":"https:\/\/dana.com.br\/canaldana\/2024\/09\/24\/mercado-eleva-projecao-de-inflacao-para-437-com-a-selic-indo-a-115-este-ano\/","name":"Mercado eleva proje\u00e7\u00e3o de infla\u00e7\u00e3o para 4,37%, com a Selic indo a 11,5% este ano - Canal Dana","isPartOf":{"@id":"https:\/\/dana.com.br\/canaldana\/#website"},"datePublished":"2024-09-24T11:05:56+00:00","author":{"@id":"https:\/\/dana.com.br\/canaldana\/#\/schema\/person\/3c21f22f56fcf3bc46b94bc60ea4fef6"},"breadcrumb":{"@id":"https:\/\/dana.com.br\/canaldana\/2024\/09\/24\/mercado-eleva-projecao-de-inflacao-para-437-com-a-selic-indo-a-115-este-ano\/#breadcrumb"},"inLanguage":"pt-BR","potentialAction":[{"@type":"ReadAction","target":["https:\/\/dana.com.br\/canaldana\/2024\/09\/24\/mercado-eleva-projecao-de-inflacao-para-437-com-a-selic-indo-a-115-este-ano\/"]}]},{"@type":"BreadcrumbList","@id":"https:\/\/dana.com.br\/canaldana\/2024\/09\/24\/mercado-eleva-projecao-de-inflacao-para-437-com-a-selic-indo-a-115-este-ano\/#breadcrumb","itemListElement":[{"@type":"ListItem","position":1,"name":"Home","item":"https:\/\/dana.com.br\/canaldana\/"},{"@type":"ListItem","position":2,"name":"Mercado","item":"https:\/\/dana.com.br\/canaldana\/mercado\/"},{"@type":"ListItem","position":3,"name":"Mercado eleva proje\u00e7\u00e3o de infla\u00e7\u00e3o para 4,37%, com a Selic indo a 11,5% este ano"}]},{"@type":"WebSite","@id":"https:\/\/dana.com.br\/canaldana\/#website","url":"https:\/\/dana.com.br\/canaldana\/","name":"Canal Dana","description":"Informativo com as principais not\u00edcias da ind\u00fastria automotiva","potentialAction":[{"@type":"SearchAction","target":{"@type":"EntryPoint","urlTemplate":"https:\/\/dana.com.br\/canaldana\/?s={search_term_string}"},"query-input":{"@type":"PropertyValueSpecification","valueRequired":true,"valueName":"search_term_string"}}],"inLanguage":"pt-BR"},{"@type":"Person","@id":"https:\/\/dana.com.br\/canaldana\/#\/schema\/person\/3c21f22f56fcf3bc46b94bc60ea4fef6","name":"Canal Dana","image":{"@type":"ImageObject","inLanguage":"pt-BR","@id":"https:\/\/secure.gravatar.com\/avatar\/420aaf9278582877d9018637c6817617705899d2858d7572ef0fe59a6b6454b4?s=96&d=mm&r=g","url":"https:\/\/secure.gravatar.com\/avatar\/420aaf9278582877d9018637c6817617705899d2858d7572ef0fe59a6b6454b4?s=96&d=mm&r=g","contentUrl":"https:\/\/secure.gravatar.com\/avatar\/420aaf9278582877d9018637c6817617705899d2858d7572ef0fe59a6b6454b4?s=96&d=mm&r=g","caption":"Canal Dana"},"url":"https:\/\/dana.com.br\/canaldana\/author\/cdeditor\/"}]}},"_links":{"self":[{"href":"https:\/\/dana.com.br\/canaldana\/wp-json\/wp\/v2\/posts\/76618","targetHints":{"allow":["GET"]}}],"collection":[{"href":"https:\/\/dana.com.br\/canaldana\/wp-json\/wp\/v2\/posts"}],"about":[{"href":"https:\/\/dana.com.br\/canaldana\/wp-json\/wp\/v2\/types\/post"}],"author":[{"embeddable":true,"href":"https:\/\/dana.com.br\/canaldana\/wp-json\/wp\/v2\/users\/3"}],"replies":[{"embeddable":true,"href":"https:\/\/dana.com.br\/canaldana\/wp-json\/wp\/v2\/comments?post=76618"}],"version-history":[{"count":1,"href":"https:\/\/dana.com.br\/canaldana\/wp-json\/wp\/v2\/posts\/76618\/revisions"}],"predecessor-version":[{"id":76619,"href":"https:\/\/dana.com.br\/canaldana\/wp-json\/wp\/v2\/posts\/76618\/revisions\/76619"}],"wp:attachment":[{"href":"https:\/\/dana.com.br\/canaldana\/wp-json\/wp\/v2\/media?parent=76618"}],"wp:term":[{"taxonomy":"category","embeddable":true,"href":"https:\/\/dana.com.br\/canaldana\/wp-json\/wp\/v2\/categories?post=76618"},{"taxonomy":"post_tag","embeddable":true,"href":"https:\/\/dana.com.br\/canaldana\/wp-json\/wp\/v2\/tags?post=76618"}],"curies":[{"name":"wp","href":"https:\/\/api.w.org\/{rel}","templated":true}]}}