{"id":76547,"date":"2024-09-20T08:57:57","date_gmt":"2024-09-20T11:57:57","guid":{"rendered":"https:\/\/dana.com.br\/canaldana\/?p=76547"},"modified":"2024-09-20T08:57:57","modified_gmt":"2024-09-20T11:57:57","slug":"no-brasil-em-2025-omoda-c5-ganha-novo-visual-no-mercado-internacional","status":"publish","type":"post","link":"https:\/\/dana.com.br\/canaldana\/2024\/09\/20\/no-brasil-em-2025-omoda-c5-ganha-novo-visual-no-mercado-internacional\/","title":{"rendered":"No Brasil em 2025, Omoda C5 ganha novo visual no mercado internacional"},"content":{"rendered":"<p><em>Motor 1 <\/em><\/p>\n<p>&nbsp;<\/p>\n<p>Apresentado no mercado internacional em 2022, o Omoda 5\/C5 acaba de estrear atualiza\u00e7\u00f5es dentro da chamada reestiliza\u00e7\u00e3o de meia-vida. As novidades s\u00e3o concentradas especialmente na dianteira e incluem grade redesenhada (continua sem moldura, mas elementos internos revisados), para-choque com abertura ligeiramente mais ampla e arranjo interno dos far\u00f3is revisado.<\/p>\n<p>&nbsp;<\/p>\n<p>Al\u00e9m disso, a placa que conecta os DRLs muda de cromada para preta e agora traz a inscri\u00e7\u00e3o &#8216;Omoda&#8217;, que antes ficava posicionada diretamente no cap\u00f4. No mais, a marca atualizou a paleta de cores e passa a oferecer novas op\u00e7\u00f5es de pintura para a carroceria. A traseira e o interior ainda n\u00e3o foram revelados, mas tamb\u00e9m devem trazer novidades. O facelift ser\u00e1 lan\u00e7ado em mercados onde o C5 j\u00e1 \u00e9 vendido desde 2022, o que inclui R\u00fassia e M\u00e9xico.<\/p>\n<p>&nbsp;<\/p>\n<p>No mais, o modelo continua com 4,40 metros de comprimento, 1,83 m de largura, 1,58 m de altura e 2,63 m de entre-eixos. Dependendo do mercado onde \u00e9 oferecido, pode ser adquirido em variantes h\u00edbrida ou el\u00e9trica. No Brasil, a Chery confirmou desde o in\u00edcio de agosto que lan\u00e7ar\u00e1 em 2025 as marcas Omoda e Jaecoo. O C5 ser\u00e1 um dos primeiros modelos do portf\u00f3lio e chegar\u00e1 por aqui com visual original.<\/p>\n<p>&nbsp;<\/p>\n<p>A estrat\u00e9gia anunciada inclui a abertura de pelo menos 50 concession\u00e1rias em todo o pa\u00eds e fechamento de acordos com parceiros nacionais. Para a primeira fase do projeto, incluindo branding e demandas iniciais, est\u00e3o previstos R$ 200 milh\u00f5es em investimentos. Omoda e Jaecoo dividir\u00e3o as mesmas lojas e toda a opera\u00e7\u00e3o ser\u00e1 pr\u00f3pria &#8211; ou seja, sem rela\u00e7\u00e3o com o grupo CAOA (que segue como parceiro apenas da marca Chery).<\/p>\n<p>&nbsp;<\/p>\n<p>As vendas ser\u00e3o iniciadas com ve\u00edculos importados, mas a ideia \u00e9 estabelecer produ\u00e7\u00e3o nacional em um segundo momento. Nesse ponto, a ideia \u00e9 fazer do Brasil plataforma de exporta\u00e7\u00e3o para toda a Am\u00e9rica do Sul. Quando iniciadas, as atividades fabris ser\u00e3o baseadas em regime de CKD e o modelo escolhido para ganhar cidadania brasileira ser\u00e1 o que alcan\u00e7ar maior volume de vendas na fase inicial como importado. (Motor 1\/Dyogo Fagundes)<\/p>\n","protected":false},"excerpt":{"rendered":"<p>Motor 1 &nbsp; Apresentado no mercado internacional em 2022, o Omoda 5\/C5 acaba de estrear atualiza\u00e7\u00f5es dentro da chamada reestiliza\u00e7\u00e3o de meia-vida. As novidades s\u00e3o concentradas especialmente na dianteira e incluem grade redesenhada (continua sem moldura, mas elementos internos revisados), para-choque com abertura ligeiramente mais ampla e arranjo interno dos far\u00f3is revisado. &nbsp; Al\u00e9m disso,\u2026 <a class=\"readmore\" href=\"https:\/\/dana.com.br\/canaldana\/2024\/09\/20\/no-brasil-em-2025-omoda-c5-ganha-novo-visual-no-mercado-internacional\/\">Leia mais \u00bb<\/a><\/p>\n","protected":false},"author":3,"featured_media":0,"comment_status":"closed","ping_status":"closed","sticky":false,"template":"","format":"standard","meta":{"_acf_changed":false,"footnotes":""},"categories":[79],"tags":[],"class_list":["post-76547","post","type-post","status-publish","format-standard","hentry","category-mercado"],"acf":[],"yoast_head":"<!-- This site is optimized with the Yoast SEO plugin v27.3 - https:\/\/yoast.com\/product\/yoast-seo-wordpress\/ -->\n<title>No Brasil em 2025, Omoda C5 ganha novo visual no mercado internacional - Canal Dana<\/title>\n<meta name=\"robots\" content=\"index, follow, max-snippet:-1, max-image-preview:large, max-video-preview:-1\" \/>\n<link rel=\"canonical\" href=\"https:\/\/dana.com.br\/canaldana\/2024\/09\/20\/no-brasil-em-2025-omoda-c5-ganha-novo-visual-no-mercado-internacional\/\" \/>\n<meta property=\"og:locale\" content=\"pt_BR\" \/>\n<meta property=\"og:type\" content=\"article\" \/>\n<meta property=\"og:title\" content=\"No Brasil em 2025, Omoda C5 ganha novo visual no mercado internacional - Canal Dana\" \/>\n<meta property=\"og:description\" content=\"Motor 1 &nbsp; Apresentado no mercado internacional em 2022, o Omoda 5\/C5 acaba de estrear atualiza\u00e7\u00f5es dentro da chamada reestiliza\u00e7\u00e3o de meia-vida. As novidades s\u00e3o concentradas especialmente na dianteira e incluem grade redesenhada (continua sem moldura, mas elementos internos revisados), para-choque com abertura ligeiramente mais ampla e arranjo interno dos far\u00f3is revisado. &nbsp; Al\u00e9m disso,\u2026 Leia mais \u00bb\" \/>\n<meta property=\"og:url\" content=\"https:\/\/dana.com.br\/canaldana\/2024\/09\/20\/no-brasil-em-2025-omoda-c5-ganha-novo-visual-no-mercado-internacional\/\" \/>\n<meta property=\"og:site_name\" content=\"Canal Dana\" \/>\n<meta property=\"article:published_time\" content=\"2024-09-20T11:57:57+00:00\" \/>\n<meta name=\"author\" content=\"Canal Dana\" \/>\n<meta name=\"twitter:card\" content=\"summary_large_image\" \/>\n<meta name=\"twitter:label1\" content=\"Escrito por\" \/>\n\t<meta name=\"twitter:data1\" content=\"Canal Dana\" \/>\n\t<meta name=\"twitter:label2\" content=\"Est. tempo de leitura\" \/>\n\t<meta name=\"twitter:data2\" content=\"2 minutos\" \/>\n<script type=\"application\/ld+json\" class=\"yoast-schema-graph\">{\"@context\":\"https:\\\/\\\/schema.org\",\"@graph\":[{\"@type\":\"Article\",\"@id\":\"https:\\\/\\\/dana.com.br\\\/canaldana\\\/2024\\\/09\\\/20\\\/no-brasil-em-2025-omoda-c5-ganha-novo-visual-no-mercado-internacional\\\/#article\",\"isPartOf\":{\"@id\":\"https:\\\/\\\/dana.com.br\\\/canaldana\\\/2024\\\/09\\\/20\\\/no-brasil-em-2025-omoda-c5-ganha-novo-visual-no-mercado-internacional\\\/\"},\"author\":{\"name\":\"Canal Dana\",\"@id\":\"https:\\\/\\\/dana.com.br\\\/canaldana\\\/#\\\/schema\\\/person\\\/3c21f22f56fcf3bc46b94bc60ea4fef6\"},\"headline\":\"No Brasil em 2025, Omoda C5 ganha novo visual no mercado internacional\",\"datePublished\":\"2024-09-20T11:57:57+00:00\",\"mainEntityOfPage\":{\"@id\":\"https:\\\/\\\/dana.com.br\\\/canaldana\\\/2024\\\/09\\\/20\\\/no-brasil-em-2025-omoda-c5-ganha-novo-visual-no-mercado-internacional\\\/\"},\"wordCount\":378,\"articleSection\":[\"Mercado\"],\"inLanguage\":\"pt-BR\"},{\"@type\":\"WebPage\",\"@id\":\"https:\\\/\\\/dana.com.br\\\/canaldana\\\/2024\\\/09\\\/20\\\/no-brasil-em-2025-omoda-c5-ganha-novo-visual-no-mercado-internacional\\\/\",\"url\":\"https:\\\/\\\/dana.com.br\\\/canaldana\\\/2024\\\/09\\\/20\\\/no-brasil-em-2025-omoda-c5-ganha-novo-visual-no-mercado-internacional\\\/\",\"name\":\"No Brasil em 2025, Omoda C5 ganha novo visual no mercado internacional - Canal Dana\",\"isPartOf\":{\"@id\":\"https:\\\/\\\/dana.com.br\\\/canaldana\\\/#website\"},\"datePublished\":\"2024-09-20T11:57:57+00:00\",\"author\":{\"@id\":\"https:\\\/\\\/dana.com.br\\\/canaldana\\\/#\\\/schema\\\/person\\\/3c21f22f56fcf3bc46b94bc60ea4fef6\"},\"breadcrumb\":{\"@id\":\"https:\\\/\\\/dana.com.br\\\/canaldana\\\/2024\\\/09\\\/20\\\/no-brasil-em-2025-omoda-c5-ganha-novo-visual-no-mercado-internacional\\\/#breadcrumb\"},\"inLanguage\":\"pt-BR\",\"potentialAction\":[{\"@type\":\"ReadAction\",\"target\":[\"https:\\\/\\\/dana.com.br\\\/canaldana\\\/2024\\\/09\\\/20\\\/no-brasil-em-2025-omoda-c5-ganha-novo-visual-no-mercado-internacional\\\/\"]}]},{\"@type\":\"BreadcrumbList\",\"@id\":\"https:\\\/\\\/dana.com.br\\\/canaldana\\\/2024\\\/09\\\/20\\\/no-brasil-em-2025-omoda-c5-ganha-novo-visual-no-mercado-internacional\\\/#breadcrumb\",\"itemListElement\":[{\"@type\":\"ListItem\",\"position\":1,\"name\":\"Home\",\"item\":\"https:\\\/\\\/dana.com.br\\\/canaldana\\\/\"},{\"@type\":\"ListItem\",\"position\":2,\"name\":\"Mercado\",\"item\":\"https:\\\/\\\/dana.com.br\\\/canaldana\\\/mercado\\\/\"},{\"@type\":\"ListItem\",\"position\":3,\"name\":\"No Brasil em 2025, Omoda C5 ganha novo visual no mercado internacional\"}]},{\"@type\":\"WebSite\",\"@id\":\"https:\\\/\\\/dana.com.br\\\/canaldana\\\/#website\",\"url\":\"https:\\\/\\\/dana.com.br\\\/canaldana\\\/\",\"name\":\"Canal Dana\",\"description\":\"Informativo com as principais not\u00edcias da ind\u00fastria automotiva\",\"potentialAction\":[{\"@type\":\"SearchAction\",\"target\":{\"@type\":\"EntryPoint\",\"urlTemplate\":\"https:\\\/\\\/dana.com.br\\\/canaldana\\\/?s={search_term_string}\"},\"query-input\":{\"@type\":\"PropertyValueSpecification\",\"valueRequired\":true,\"valueName\":\"search_term_string\"}}],\"inLanguage\":\"pt-BR\"},{\"@type\":\"Person\",\"@id\":\"https:\\\/\\\/dana.com.br\\\/canaldana\\\/#\\\/schema\\\/person\\\/3c21f22f56fcf3bc46b94bc60ea4fef6\",\"name\":\"Canal Dana\",\"image\":{\"@type\":\"ImageObject\",\"inLanguage\":\"pt-BR\",\"@id\":\"https:\\\/\\\/secure.gravatar.com\\\/avatar\\\/420aaf9278582877d9018637c6817617705899d2858d7572ef0fe59a6b6454b4?s=96&d=mm&r=g\",\"url\":\"https:\\\/\\\/secure.gravatar.com\\\/avatar\\\/420aaf9278582877d9018637c6817617705899d2858d7572ef0fe59a6b6454b4?s=96&d=mm&r=g\",\"contentUrl\":\"https:\\\/\\\/secure.gravatar.com\\\/avatar\\\/420aaf9278582877d9018637c6817617705899d2858d7572ef0fe59a6b6454b4?s=96&d=mm&r=g\",\"caption\":\"Canal Dana\"},\"url\":\"https:\\\/\\\/dana.com.br\\\/canaldana\\\/author\\\/cdeditor\\\/\"}]}<\/script>\n<!-- \/ Yoast SEO plugin. -->","yoast_head_json":{"title":"No Brasil em 2025, Omoda C5 ganha novo visual no mercado internacional - Canal Dana","robots":{"index":"index","follow":"follow","max-snippet":"max-snippet:-1","max-image-preview":"max-image-preview:large","max-video-preview":"max-video-preview:-1"},"canonical":"https:\/\/dana.com.br\/canaldana\/2024\/09\/20\/no-brasil-em-2025-omoda-c5-ganha-novo-visual-no-mercado-internacional\/","og_locale":"pt_BR","og_type":"article","og_title":"No Brasil em 2025, Omoda C5 ganha novo visual no mercado internacional - Canal Dana","og_description":"Motor 1 &nbsp; Apresentado no mercado internacional em 2022, o Omoda 5\/C5 acaba de estrear atualiza\u00e7\u00f5es dentro da chamada reestiliza\u00e7\u00e3o de meia-vida. As novidades s\u00e3o concentradas especialmente na dianteira e incluem grade redesenhada (continua sem moldura, mas elementos internos revisados), para-choque com abertura ligeiramente mais ampla e arranjo interno dos far\u00f3is revisado. &nbsp; Al\u00e9m disso,\u2026 Leia mais \u00bb","og_url":"https:\/\/dana.com.br\/canaldana\/2024\/09\/20\/no-brasil-em-2025-omoda-c5-ganha-novo-visual-no-mercado-internacional\/","og_site_name":"Canal Dana","article_published_time":"2024-09-20T11:57:57+00:00","author":"Canal Dana","twitter_card":"summary_large_image","twitter_misc":{"Escrito por":"Canal Dana","Est. tempo de leitura":"2 minutos"},"schema":{"@context":"https:\/\/schema.org","@graph":[{"@type":"Article","@id":"https:\/\/dana.com.br\/canaldana\/2024\/09\/20\/no-brasil-em-2025-omoda-c5-ganha-novo-visual-no-mercado-internacional\/#article","isPartOf":{"@id":"https:\/\/dana.com.br\/canaldana\/2024\/09\/20\/no-brasil-em-2025-omoda-c5-ganha-novo-visual-no-mercado-internacional\/"},"author":{"name":"Canal Dana","@id":"https:\/\/dana.com.br\/canaldana\/#\/schema\/person\/3c21f22f56fcf3bc46b94bc60ea4fef6"},"headline":"No Brasil em 2025, Omoda C5 ganha novo visual no mercado internacional","datePublished":"2024-09-20T11:57:57+00:00","mainEntityOfPage":{"@id":"https:\/\/dana.com.br\/canaldana\/2024\/09\/20\/no-brasil-em-2025-omoda-c5-ganha-novo-visual-no-mercado-internacional\/"},"wordCount":378,"articleSection":["Mercado"],"inLanguage":"pt-BR"},{"@type":"WebPage","@id":"https:\/\/dana.com.br\/canaldana\/2024\/09\/20\/no-brasil-em-2025-omoda-c5-ganha-novo-visual-no-mercado-internacional\/","url":"https:\/\/dana.com.br\/canaldana\/2024\/09\/20\/no-brasil-em-2025-omoda-c5-ganha-novo-visual-no-mercado-internacional\/","name":"No Brasil em 2025, Omoda C5 ganha novo visual no mercado internacional - Canal Dana","isPartOf":{"@id":"https:\/\/dana.com.br\/canaldana\/#website"},"datePublished":"2024-09-20T11:57:57+00:00","author":{"@id":"https:\/\/dana.com.br\/canaldana\/#\/schema\/person\/3c21f22f56fcf3bc46b94bc60ea4fef6"},"breadcrumb":{"@id":"https:\/\/dana.com.br\/canaldana\/2024\/09\/20\/no-brasil-em-2025-omoda-c5-ganha-novo-visual-no-mercado-internacional\/#breadcrumb"},"inLanguage":"pt-BR","potentialAction":[{"@type":"ReadAction","target":["https:\/\/dana.com.br\/canaldana\/2024\/09\/20\/no-brasil-em-2025-omoda-c5-ganha-novo-visual-no-mercado-internacional\/"]}]},{"@type":"BreadcrumbList","@id":"https:\/\/dana.com.br\/canaldana\/2024\/09\/20\/no-brasil-em-2025-omoda-c5-ganha-novo-visual-no-mercado-internacional\/#breadcrumb","itemListElement":[{"@type":"ListItem","position":1,"name":"Home","item":"https:\/\/dana.com.br\/canaldana\/"},{"@type":"ListItem","position":2,"name":"Mercado","item":"https:\/\/dana.com.br\/canaldana\/mercado\/"},{"@type":"ListItem","position":3,"name":"No Brasil em 2025, Omoda C5 ganha novo visual no mercado internacional"}]},{"@type":"WebSite","@id":"https:\/\/dana.com.br\/canaldana\/#website","url":"https:\/\/dana.com.br\/canaldana\/","name":"Canal Dana","description":"Informativo com as principais not\u00edcias da ind\u00fastria automotiva","potentialAction":[{"@type":"SearchAction","target":{"@type":"EntryPoint","urlTemplate":"https:\/\/dana.com.br\/canaldana\/?s={search_term_string}"},"query-input":{"@type":"PropertyValueSpecification","valueRequired":true,"valueName":"search_term_string"}}],"inLanguage":"pt-BR"},{"@type":"Person","@id":"https:\/\/dana.com.br\/canaldana\/#\/schema\/person\/3c21f22f56fcf3bc46b94bc60ea4fef6","name":"Canal Dana","image":{"@type":"ImageObject","inLanguage":"pt-BR","@id":"https:\/\/secure.gravatar.com\/avatar\/420aaf9278582877d9018637c6817617705899d2858d7572ef0fe59a6b6454b4?s=96&d=mm&r=g","url":"https:\/\/secure.gravatar.com\/avatar\/420aaf9278582877d9018637c6817617705899d2858d7572ef0fe59a6b6454b4?s=96&d=mm&r=g","contentUrl":"https:\/\/secure.gravatar.com\/avatar\/420aaf9278582877d9018637c6817617705899d2858d7572ef0fe59a6b6454b4?s=96&d=mm&r=g","caption":"Canal Dana"},"url":"https:\/\/dana.com.br\/canaldana\/author\/cdeditor\/"}]}},"_links":{"self":[{"href":"https:\/\/dana.com.br\/canaldana\/wp-json\/wp\/v2\/posts\/76547","targetHints":{"allow":["GET"]}}],"collection":[{"href":"https:\/\/dana.com.br\/canaldana\/wp-json\/wp\/v2\/posts"}],"about":[{"href":"https:\/\/dana.com.br\/canaldana\/wp-json\/wp\/v2\/types\/post"}],"author":[{"embeddable":true,"href":"https:\/\/dana.com.br\/canaldana\/wp-json\/wp\/v2\/users\/3"}],"replies":[{"embeddable":true,"href":"https:\/\/dana.com.br\/canaldana\/wp-json\/wp\/v2\/comments?post=76547"}],"version-history":[{"count":1,"href":"https:\/\/dana.com.br\/canaldana\/wp-json\/wp\/v2\/posts\/76547\/revisions"}],"predecessor-version":[{"id":76548,"href":"https:\/\/dana.com.br\/canaldana\/wp-json\/wp\/v2\/posts\/76547\/revisions\/76548"}],"wp:attachment":[{"href":"https:\/\/dana.com.br\/canaldana\/wp-json\/wp\/v2\/media?parent=76547"}],"wp:term":[{"taxonomy":"category","embeddable":true,"href":"https:\/\/dana.com.br\/canaldana\/wp-json\/wp\/v2\/categories?post=76547"},{"taxonomy":"post_tag","embeddable":true,"href":"https:\/\/dana.com.br\/canaldana\/wp-json\/wp\/v2\/tags?post=76547"}],"curies":[{"name":"wp","href":"https:\/\/api.w.org\/{rel}","templated":true}]}}