{"id":76433,"date":"2024-09-16T08:53:46","date_gmt":"2024-09-16T11:53:46","guid":{"rendered":"https:\/\/dana.com.br\/canaldana\/?p=76433"},"modified":"2024-09-16T08:53:46","modified_gmt":"2024-09-16T11:53:46","slug":"pl-do-combustivel-do-futuro-e-aprovada-e-segue-para-sancao-de-lula-2","status":"publish","type":"post","link":"https:\/\/dana.com.br\/canaldana\/2024\/09\/16\/pl-do-combustivel-do-futuro-e-aprovada-e-segue-para-sancao-de-lula-2\/","title":{"rendered":"PL do combust\u00edvel do futuro \u00e9 aprovada e segue para san\u00e7\u00e3o de Lula"},"content":{"rendered":"<p><em>Transporte Moderno<\/em><\/p>\n<p>&nbsp;<\/p>\n<p>Nesta semana, o Plen\u00e1rio da C\u00e2mara dos Deputados aprovou o Projeto de Lei n\u00ba 528\/2020, conhecido como \u201cPL do combust\u00edvel do futuro\u201d. O projeto, que agora segue para san\u00e7\u00e3o do presidente Lula, estabelece a cria\u00e7\u00e3o de programas nacionais para diesel verde, combust\u00edvel sustent\u00e1vel para avia\u00e7\u00e3o e biometano. Al\u00e9m disso, redefine os crit\u00e9rios para o aumento do teor de biodiesel de base \u00e9ster no diesel f\u00f3ssil.<\/p>\n<p>&nbsp;<\/p>\n<p>A proposta foi aprovada no Senado na semana passada com a inclus\u00e3o de um dispositivo pleiteado pela Confedera\u00e7\u00e3o Nacional do Transporte (CNT), que garante a viabilidade t\u00e9cnica da mistura de biodiesel no diesel. No entanto, a C\u00e2mara optou por retirar as previs\u00f5es de testagens mec\u00e2nicas e laboratoriais inicialmente previstas, ap\u00f3s analisar as emendas do Senado.<\/p>\n<p>&nbsp;<\/p>\n<p>Apesar da remo\u00e7\u00e3o desses pontos cr\u00edticos para o setor de transporte, a exig\u00eancia de viabilidade t\u00e9cnica foi mantida, com a regulamenta\u00e7\u00e3o detalhada ficando a cargo da ANP (Ag\u00eancia Nacional do Petr\u00f3leo, G\u00e1s Natural e Biocombust\u00edveis) e do CNPE (Conselho Nacional de Pol\u00edtica Energ\u00e9tica), vinculados ao Minist\u00e9rio de Minas e Energia. A regulamenta\u00e7\u00e3o futura ser\u00e1 essencial para assegurar a qualidade e seguran\u00e7a dos combust\u00edveis.<\/p>\n<p>&nbsp;<\/p>\n<p>O texto aprovado pelo Senado incluiu 13 das 30 emendas apresentadas, entre elas as sugeridas pelos senadores Jorge Kajuru (PSB-GO) e La\u00e9rcio Oliveira (PP-SE), que abordavam a necessidade de comprova\u00e7\u00e3o t\u00e9cnica para o aumento do percentual de biodiesel no diesel. No entanto, as testagens laboratoriais e mec\u00e2nicas foram retiradas pela C\u00e2mara, o que poder\u00e1 afetar a implementa\u00e7\u00e3o pr\u00e1tica das mudan\u00e7as.<\/p>\n<p>&nbsp;<\/p>\n<p>O presidente da Rep\u00fablica ter\u00e1 15 dias \u00fateis ap\u00f3s o recebimento da reda\u00e7\u00e3o final para sancionar ou vetar a mat\u00e9ria. Com a san\u00e7\u00e3o, os minist\u00e9rios competentes iniciar\u00e3o a regulamenta\u00e7\u00e3o dos diversos pontos da nova pol\u00edtica p\u00fablica.<\/p>\n<p>&nbsp;<\/p>\n<p><strong>Falhas com o biodiesel<\/strong><\/p>\n<p>&nbsp;<\/p>\n<p>A CNT argumenta que, a partir de certos n\u00edveis, a presen\u00e7a de biodiesel pode causar falhas mec\u00e2nicas e reduzir a efici\u00eancia energ\u00e9tica dos ve\u00edculos, prejudicando o setor de transporte e limitando os benef\u00edcios ambientais esperados. Atualmente, o percentual de biodiesel na mistura \u00e9 de 14%, e o CNPE ser\u00e1 respons\u00e1vel por definir o novo percentual, que poder\u00e1 variar entre 13% e 25%.<\/p>\n<p>&nbsp;<\/p>\n<p>A aprova\u00e7\u00e3o do \u201cPL do Combust\u00edvel do Futuro\u201d representa um passo para a promo\u00e7\u00e3o de combust\u00edveis mais sustent\u00e1veis, alinhando o setor de transporte \u00e0s metas de redu\u00e7\u00e3o de emiss\u00f5es e inova\u00e7\u00e3o tecnol\u00f3gica. (Transporte Moderno)<\/p>\n","protected":false},"excerpt":{"rendered":"<p>Transporte Moderno &nbsp; Nesta semana, o Plen\u00e1rio da C\u00e2mara dos Deputados aprovou o Projeto de Lei n\u00ba 528\/2020, conhecido como \u201cPL do combust\u00edvel do futuro\u201d. O projeto, que agora segue para san\u00e7\u00e3o do presidente Lula, estabelece a cria\u00e7\u00e3o de programas nacionais para diesel verde, combust\u00edvel sustent\u00e1vel para avia\u00e7\u00e3o e biometano. Al\u00e9m disso, redefine os crit\u00e9rios\u2026 <a class=\"readmore\" href=\"https:\/\/dana.com.br\/canaldana\/2024\/09\/16\/pl-do-combustivel-do-futuro-e-aprovada-e-segue-para-sancao-de-lula-2\/\">Leia mais \u00bb<\/a><\/p>\n","protected":false},"author":3,"featured_media":0,"comment_status":"closed","ping_status":"closed","sticky":false,"template":"","format":"standard","meta":{"_acf_changed":false,"footnotes":""},"categories":[61],"tags":[],"class_list":["post-76433","post","type-post","status-publish","format-standard","hentry","category-destaques"],"acf":[],"yoast_head":"<!-- This site is optimized with the Yoast SEO plugin v27.3 - https:\/\/yoast.com\/product\/yoast-seo-wordpress\/ -->\n<title>PL do combust\u00edvel do futuro \u00e9 aprovada e segue para san\u00e7\u00e3o de Lula - Canal Dana<\/title>\n<meta name=\"robots\" content=\"index, follow, max-snippet:-1, max-image-preview:large, max-video-preview:-1\" \/>\n<link rel=\"canonical\" href=\"https:\/\/dana.com.br\/canaldana\/2024\/09\/16\/pl-do-combustivel-do-futuro-e-aprovada-e-segue-para-sancao-de-lula-2\/\" \/>\n<meta property=\"og:locale\" content=\"pt_BR\" \/>\n<meta property=\"og:type\" content=\"article\" \/>\n<meta property=\"og:title\" content=\"PL do combust\u00edvel do futuro \u00e9 aprovada e segue para san\u00e7\u00e3o de Lula - Canal Dana\" \/>\n<meta property=\"og:description\" content=\"Transporte Moderno &nbsp; Nesta semana, o Plen\u00e1rio da C\u00e2mara dos Deputados aprovou o Projeto de Lei n\u00ba 528\/2020, conhecido como \u201cPL do combust\u00edvel do futuro\u201d. O projeto, que agora segue para san\u00e7\u00e3o do presidente Lula, estabelece a cria\u00e7\u00e3o de programas nacionais para diesel verde, combust\u00edvel sustent\u00e1vel para avia\u00e7\u00e3o e biometano. Al\u00e9m disso, redefine os crit\u00e9rios\u2026 Leia mais \u00bb\" \/>\n<meta property=\"og:url\" content=\"https:\/\/dana.com.br\/canaldana\/2024\/09\/16\/pl-do-combustivel-do-futuro-e-aprovada-e-segue-para-sancao-de-lula-2\/\" \/>\n<meta property=\"og:site_name\" content=\"Canal Dana\" \/>\n<meta property=\"article:published_time\" content=\"2024-09-16T11:53:46+00:00\" \/>\n<meta name=\"author\" content=\"Canal Dana\" \/>\n<meta name=\"twitter:card\" content=\"summary_large_image\" \/>\n<meta name=\"twitter:label1\" content=\"Escrito por\" \/>\n\t<meta name=\"twitter:data1\" content=\"Canal Dana\" \/>\n\t<meta name=\"twitter:label2\" content=\"Est. tempo de leitura\" \/>\n\t<meta name=\"twitter:data2\" content=\"3 minutos\" \/>\n<script type=\"application\/ld+json\" class=\"yoast-schema-graph\">{\"@context\":\"https:\\\/\\\/schema.org\",\"@graph\":[{\"@type\":\"Article\",\"@id\":\"https:\\\/\\\/dana.com.br\\\/canaldana\\\/2024\\\/09\\\/16\\\/pl-do-combustivel-do-futuro-e-aprovada-e-segue-para-sancao-de-lula-2\\\/#article\",\"isPartOf\":{\"@id\":\"https:\\\/\\\/dana.com.br\\\/canaldana\\\/2024\\\/09\\\/16\\\/pl-do-combustivel-do-futuro-e-aprovada-e-segue-para-sancao-de-lula-2\\\/\"},\"author\":{\"name\":\"Canal Dana\",\"@id\":\"https:\\\/\\\/dana.com.br\\\/canaldana\\\/#\\\/schema\\\/person\\\/3c21f22f56fcf3bc46b94bc60ea4fef6\"},\"headline\":\"PL do combust\u00edvel do futuro \u00e9 aprovada e segue para san\u00e7\u00e3o de Lula\",\"datePublished\":\"2024-09-16T11:53:46+00:00\",\"mainEntityOfPage\":{\"@id\":\"https:\\\/\\\/dana.com.br\\\/canaldana\\\/2024\\\/09\\\/16\\\/pl-do-combustivel-do-futuro-e-aprovada-e-segue-para-sancao-de-lula-2\\\/\"},\"wordCount\":463,\"articleSection\":[\"Destaques\"],\"inLanguage\":\"pt-BR\"},{\"@type\":\"WebPage\",\"@id\":\"https:\\\/\\\/dana.com.br\\\/canaldana\\\/2024\\\/09\\\/16\\\/pl-do-combustivel-do-futuro-e-aprovada-e-segue-para-sancao-de-lula-2\\\/\",\"url\":\"https:\\\/\\\/dana.com.br\\\/canaldana\\\/2024\\\/09\\\/16\\\/pl-do-combustivel-do-futuro-e-aprovada-e-segue-para-sancao-de-lula-2\\\/\",\"name\":\"PL do combust\u00edvel do futuro \u00e9 aprovada e segue para san\u00e7\u00e3o de Lula - Canal Dana\",\"isPartOf\":{\"@id\":\"https:\\\/\\\/dana.com.br\\\/canaldana\\\/#website\"},\"datePublished\":\"2024-09-16T11:53:46+00:00\",\"author\":{\"@id\":\"https:\\\/\\\/dana.com.br\\\/canaldana\\\/#\\\/schema\\\/person\\\/3c21f22f56fcf3bc46b94bc60ea4fef6\"},\"breadcrumb\":{\"@id\":\"https:\\\/\\\/dana.com.br\\\/canaldana\\\/2024\\\/09\\\/16\\\/pl-do-combustivel-do-futuro-e-aprovada-e-segue-para-sancao-de-lula-2\\\/#breadcrumb\"},\"inLanguage\":\"pt-BR\",\"potentialAction\":[{\"@type\":\"ReadAction\",\"target\":[\"https:\\\/\\\/dana.com.br\\\/canaldana\\\/2024\\\/09\\\/16\\\/pl-do-combustivel-do-futuro-e-aprovada-e-segue-para-sancao-de-lula-2\\\/\"]}]},{\"@type\":\"BreadcrumbList\",\"@id\":\"https:\\\/\\\/dana.com.br\\\/canaldana\\\/2024\\\/09\\\/16\\\/pl-do-combustivel-do-futuro-e-aprovada-e-segue-para-sancao-de-lula-2\\\/#breadcrumb\",\"itemListElement\":[{\"@type\":\"ListItem\",\"position\":1,\"name\":\"Home\",\"item\":\"https:\\\/\\\/dana.com.br\\\/canaldana\\\/\"},{\"@type\":\"ListItem\",\"position\":2,\"name\":\"Destaques\",\"item\":\"https:\\\/\\\/dana.com.br\\\/canaldana\\\/destaques\\\/\"},{\"@type\":\"ListItem\",\"position\":3,\"name\":\"PL do combust\u00edvel do futuro \u00e9 aprovada e segue para san\u00e7\u00e3o de Lula\"}]},{\"@type\":\"WebSite\",\"@id\":\"https:\\\/\\\/dana.com.br\\\/canaldana\\\/#website\",\"url\":\"https:\\\/\\\/dana.com.br\\\/canaldana\\\/\",\"name\":\"Canal Dana\",\"description\":\"Informativo com as principais not\u00edcias da ind\u00fastria automotiva\",\"potentialAction\":[{\"@type\":\"SearchAction\",\"target\":{\"@type\":\"EntryPoint\",\"urlTemplate\":\"https:\\\/\\\/dana.com.br\\\/canaldana\\\/?s={search_term_string}\"},\"query-input\":{\"@type\":\"PropertyValueSpecification\",\"valueRequired\":true,\"valueName\":\"search_term_string\"}}],\"inLanguage\":\"pt-BR\"},{\"@type\":\"Person\",\"@id\":\"https:\\\/\\\/dana.com.br\\\/canaldana\\\/#\\\/schema\\\/person\\\/3c21f22f56fcf3bc46b94bc60ea4fef6\",\"name\":\"Canal Dana\",\"image\":{\"@type\":\"ImageObject\",\"inLanguage\":\"pt-BR\",\"@id\":\"https:\\\/\\\/secure.gravatar.com\\\/avatar\\\/420aaf9278582877d9018637c6817617705899d2858d7572ef0fe59a6b6454b4?s=96&d=mm&r=g\",\"url\":\"https:\\\/\\\/secure.gravatar.com\\\/avatar\\\/420aaf9278582877d9018637c6817617705899d2858d7572ef0fe59a6b6454b4?s=96&d=mm&r=g\",\"contentUrl\":\"https:\\\/\\\/secure.gravatar.com\\\/avatar\\\/420aaf9278582877d9018637c6817617705899d2858d7572ef0fe59a6b6454b4?s=96&d=mm&r=g\",\"caption\":\"Canal Dana\"},\"url\":\"https:\\\/\\\/dana.com.br\\\/canaldana\\\/author\\\/cdeditor\\\/\"}]}<\/script>\n<!-- \/ Yoast SEO plugin. -->","yoast_head_json":{"title":"PL do combust\u00edvel do futuro \u00e9 aprovada e segue para san\u00e7\u00e3o de Lula - Canal Dana","robots":{"index":"index","follow":"follow","max-snippet":"max-snippet:-1","max-image-preview":"max-image-preview:large","max-video-preview":"max-video-preview:-1"},"canonical":"https:\/\/dana.com.br\/canaldana\/2024\/09\/16\/pl-do-combustivel-do-futuro-e-aprovada-e-segue-para-sancao-de-lula-2\/","og_locale":"pt_BR","og_type":"article","og_title":"PL do combust\u00edvel do futuro \u00e9 aprovada e segue para san\u00e7\u00e3o de Lula - Canal Dana","og_description":"Transporte Moderno &nbsp; Nesta semana, o Plen\u00e1rio da C\u00e2mara dos Deputados aprovou o Projeto de Lei n\u00ba 528\/2020, conhecido como \u201cPL do combust\u00edvel do futuro\u201d. O projeto, que agora segue para san\u00e7\u00e3o do presidente Lula, estabelece a cria\u00e7\u00e3o de programas nacionais para diesel verde, combust\u00edvel sustent\u00e1vel para avia\u00e7\u00e3o e biometano. Al\u00e9m disso, redefine os crit\u00e9rios\u2026 Leia mais \u00bb","og_url":"https:\/\/dana.com.br\/canaldana\/2024\/09\/16\/pl-do-combustivel-do-futuro-e-aprovada-e-segue-para-sancao-de-lula-2\/","og_site_name":"Canal Dana","article_published_time":"2024-09-16T11:53:46+00:00","author":"Canal Dana","twitter_card":"summary_large_image","twitter_misc":{"Escrito por":"Canal Dana","Est. tempo de leitura":"3 minutos"},"schema":{"@context":"https:\/\/schema.org","@graph":[{"@type":"Article","@id":"https:\/\/dana.com.br\/canaldana\/2024\/09\/16\/pl-do-combustivel-do-futuro-e-aprovada-e-segue-para-sancao-de-lula-2\/#article","isPartOf":{"@id":"https:\/\/dana.com.br\/canaldana\/2024\/09\/16\/pl-do-combustivel-do-futuro-e-aprovada-e-segue-para-sancao-de-lula-2\/"},"author":{"name":"Canal Dana","@id":"https:\/\/dana.com.br\/canaldana\/#\/schema\/person\/3c21f22f56fcf3bc46b94bc60ea4fef6"},"headline":"PL do combust\u00edvel do futuro \u00e9 aprovada e segue para san\u00e7\u00e3o de Lula","datePublished":"2024-09-16T11:53:46+00:00","mainEntityOfPage":{"@id":"https:\/\/dana.com.br\/canaldana\/2024\/09\/16\/pl-do-combustivel-do-futuro-e-aprovada-e-segue-para-sancao-de-lula-2\/"},"wordCount":463,"articleSection":["Destaques"],"inLanguage":"pt-BR"},{"@type":"WebPage","@id":"https:\/\/dana.com.br\/canaldana\/2024\/09\/16\/pl-do-combustivel-do-futuro-e-aprovada-e-segue-para-sancao-de-lula-2\/","url":"https:\/\/dana.com.br\/canaldana\/2024\/09\/16\/pl-do-combustivel-do-futuro-e-aprovada-e-segue-para-sancao-de-lula-2\/","name":"PL do combust\u00edvel do futuro \u00e9 aprovada e segue para san\u00e7\u00e3o de Lula - Canal Dana","isPartOf":{"@id":"https:\/\/dana.com.br\/canaldana\/#website"},"datePublished":"2024-09-16T11:53:46+00:00","author":{"@id":"https:\/\/dana.com.br\/canaldana\/#\/schema\/person\/3c21f22f56fcf3bc46b94bc60ea4fef6"},"breadcrumb":{"@id":"https:\/\/dana.com.br\/canaldana\/2024\/09\/16\/pl-do-combustivel-do-futuro-e-aprovada-e-segue-para-sancao-de-lula-2\/#breadcrumb"},"inLanguage":"pt-BR","potentialAction":[{"@type":"ReadAction","target":["https:\/\/dana.com.br\/canaldana\/2024\/09\/16\/pl-do-combustivel-do-futuro-e-aprovada-e-segue-para-sancao-de-lula-2\/"]}]},{"@type":"BreadcrumbList","@id":"https:\/\/dana.com.br\/canaldana\/2024\/09\/16\/pl-do-combustivel-do-futuro-e-aprovada-e-segue-para-sancao-de-lula-2\/#breadcrumb","itemListElement":[{"@type":"ListItem","position":1,"name":"Home","item":"https:\/\/dana.com.br\/canaldana\/"},{"@type":"ListItem","position":2,"name":"Destaques","item":"https:\/\/dana.com.br\/canaldana\/destaques\/"},{"@type":"ListItem","position":3,"name":"PL do combust\u00edvel do futuro \u00e9 aprovada e segue para san\u00e7\u00e3o de Lula"}]},{"@type":"WebSite","@id":"https:\/\/dana.com.br\/canaldana\/#website","url":"https:\/\/dana.com.br\/canaldana\/","name":"Canal Dana","description":"Informativo com as principais not\u00edcias da ind\u00fastria automotiva","potentialAction":[{"@type":"SearchAction","target":{"@type":"EntryPoint","urlTemplate":"https:\/\/dana.com.br\/canaldana\/?s={search_term_string}"},"query-input":{"@type":"PropertyValueSpecification","valueRequired":true,"valueName":"search_term_string"}}],"inLanguage":"pt-BR"},{"@type":"Person","@id":"https:\/\/dana.com.br\/canaldana\/#\/schema\/person\/3c21f22f56fcf3bc46b94bc60ea4fef6","name":"Canal Dana","image":{"@type":"ImageObject","inLanguage":"pt-BR","@id":"https:\/\/secure.gravatar.com\/avatar\/420aaf9278582877d9018637c6817617705899d2858d7572ef0fe59a6b6454b4?s=96&d=mm&r=g","url":"https:\/\/secure.gravatar.com\/avatar\/420aaf9278582877d9018637c6817617705899d2858d7572ef0fe59a6b6454b4?s=96&d=mm&r=g","contentUrl":"https:\/\/secure.gravatar.com\/avatar\/420aaf9278582877d9018637c6817617705899d2858d7572ef0fe59a6b6454b4?s=96&d=mm&r=g","caption":"Canal Dana"},"url":"https:\/\/dana.com.br\/canaldana\/author\/cdeditor\/"}]}},"_links":{"self":[{"href":"https:\/\/dana.com.br\/canaldana\/wp-json\/wp\/v2\/posts\/76433","targetHints":{"allow":["GET"]}}],"collection":[{"href":"https:\/\/dana.com.br\/canaldana\/wp-json\/wp\/v2\/posts"}],"about":[{"href":"https:\/\/dana.com.br\/canaldana\/wp-json\/wp\/v2\/types\/post"}],"author":[{"embeddable":true,"href":"https:\/\/dana.com.br\/canaldana\/wp-json\/wp\/v2\/users\/3"}],"replies":[{"embeddable":true,"href":"https:\/\/dana.com.br\/canaldana\/wp-json\/wp\/v2\/comments?post=76433"}],"version-history":[{"count":1,"href":"https:\/\/dana.com.br\/canaldana\/wp-json\/wp\/v2\/posts\/76433\/revisions"}],"predecessor-version":[{"id":76434,"href":"https:\/\/dana.com.br\/canaldana\/wp-json\/wp\/v2\/posts\/76433\/revisions\/76434"}],"wp:attachment":[{"href":"https:\/\/dana.com.br\/canaldana\/wp-json\/wp\/v2\/media?parent=76433"}],"wp:term":[{"taxonomy":"category","embeddable":true,"href":"https:\/\/dana.com.br\/canaldana\/wp-json\/wp\/v2\/categories?post=76433"},{"taxonomy":"post_tag","embeddable":true,"href":"https:\/\/dana.com.br\/canaldana\/wp-json\/wp\/v2\/tags?post=76433"}],"curies":[{"name":"wp","href":"https:\/\/api.w.org\/{rel}","templated":true}]}}