{"id":76425,"date":"2024-09-16T08:49:27","date_gmt":"2024-09-16T11:49:27","guid":{"rendered":"https:\/\/dana.com.br\/canaldana\/?p=76425"},"modified":"2024-09-16T08:49:27","modified_gmt":"2024-09-16T11:49:27","slug":"disputa-no-mercado-de-caminhoes-pesados-e-sueca-e-acirrada","status":"publish","type":"post","link":"https:\/\/dana.com.br\/canaldana\/2024\/09\/16\/disputa-no-mercado-de-caminhoes-pesados-e-sueca-e-acirrada\/","title":{"rendered":"Disputa no mercado de caminh\u00f5es pesados \u00e9 sueca e acirrada"},"content":{"rendered":"<p><em>AutoInd\u00fastria <\/em><\/p>\n<p>&nbsp;<\/p>\n<p>Na mais representativa categoria do mercado de caminh\u00f5es, com participa\u00e7\u00e3o de 51% ao registrar 40.956 emplacamentos do total de 79.643 unidades de janeiro a agosto, a disputa de pesados \u00e9 de longe entre Scania e Volvo.<\/p>\n<p>&nbsp;<\/p>\n<p>Conforme dados da Anfavea, enquanto a primeira entregou 11.717, a segunda, somou 11.644 licenciamentos. Volume que representaram fatias de 28,6% e 28,4% nas vendas de pesados, respectivamente. A diferen\u00e7a chegou ao fim de agosto de apenas 73 ve\u00edculos.<\/p>\n<p>&nbsp;<\/p>\n<p>A superioridade nas vendas de pesados das suecas fica ainda mais evidente ao se observar o desempenho do restante do ranking. Na terceira coloca\u00e7\u00e3o, a Mercedes-Benz contabilizou at\u00e9 agosto 6.269 emplacamentos de caminh\u00f5es da categoria, pouco mais da metade do que vendeu a l\u00edder Scania nos oito primeiros meses do ano, representando 15,3% das vendas.<\/p>\n<p>&nbsp;<\/p>\n<p>Sem a prov\u00e1vel possibilidade de encostar nas marcas l\u00edderes, a Mercedes-Benz precisa se cuidar com a DAF, logo atr\u00e1s em quarto lugar com 5.197 caminh\u00f5es pesados vendidos at\u00e9 agosto ou 12,7% de participa\u00e7\u00e3o nos emplacamentos da categoria.<\/p>\n<p>&nbsp;<\/p>\n<p>O ranking encerra com a Volkswagen Caminh\u00f5es e \u00d4nibus ao somar 4.419 caminh\u00f5es pesados emplacados, 10,8% das vendas no segmento, e a Iveco, com 1.694 unidades entregues, 4,1% dos licenciamentos. Aqui, vale mencionar o efeito S-Way. Com o modelo, a marca obteve crescimento na categoria de 8,2% sobre o mesmo per\u00edodo do ano passado. (AutoInd\u00fastria\/D\u00e9cio Costa)<\/p>\n","protected":false},"excerpt":{"rendered":"<p>AutoInd\u00fastria &nbsp; Na mais representativa categoria do mercado de caminh\u00f5es, com participa\u00e7\u00e3o de 51% ao registrar 40.956 emplacamentos do total de 79.643 unidades de janeiro a agosto, a disputa de pesados \u00e9 de longe entre Scania e Volvo. &nbsp; Conforme dados da Anfavea, enquanto a primeira entregou 11.717, a segunda, somou 11.644 licenciamentos. Volume que\u2026 <a class=\"readmore\" href=\"https:\/\/dana.com.br\/canaldana\/2024\/09\/16\/disputa-no-mercado-de-caminhoes-pesados-e-sueca-e-acirrada\/\">Leia mais \u00bb<\/a><\/p>\n","protected":false},"author":3,"featured_media":0,"comment_status":"closed","ping_status":"closed","sticky":false,"template":"","format":"standard","meta":{"_acf_changed":false,"footnotes":""},"categories":[79],"tags":[],"class_list":["post-76425","post","type-post","status-publish","format-standard","hentry","category-mercado"],"acf":[],"yoast_head":"<!-- This site is optimized with the Yoast SEO plugin v27.3 - https:\/\/yoast.com\/product\/yoast-seo-wordpress\/ -->\n<title>Disputa no mercado de caminh\u00f5es pesados \u00e9 sueca e acirrada - Canal Dana<\/title>\n<meta name=\"robots\" content=\"index, follow, max-snippet:-1, max-image-preview:large, max-video-preview:-1\" \/>\n<link rel=\"canonical\" href=\"https:\/\/dana.com.br\/canaldana\/2024\/09\/16\/disputa-no-mercado-de-caminhoes-pesados-e-sueca-e-acirrada\/\" \/>\n<meta property=\"og:locale\" content=\"pt_BR\" \/>\n<meta property=\"og:type\" content=\"article\" \/>\n<meta property=\"og:title\" content=\"Disputa no mercado de caminh\u00f5es pesados \u00e9 sueca e acirrada - Canal Dana\" \/>\n<meta property=\"og:description\" content=\"AutoInd\u00fastria &nbsp; Na mais representativa categoria do mercado de caminh\u00f5es, com participa\u00e7\u00e3o de 51% ao registrar 40.956 emplacamentos do total de 79.643 unidades de janeiro a agosto, a disputa de pesados \u00e9 de longe entre Scania e Volvo. &nbsp; Conforme dados da Anfavea, enquanto a primeira entregou 11.717, a segunda, somou 11.644 licenciamentos. Volume que\u2026 Leia mais \u00bb\" \/>\n<meta property=\"og:url\" content=\"https:\/\/dana.com.br\/canaldana\/2024\/09\/16\/disputa-no-mercado-de-caminhoes-pesados-e-sueca-e-acirrada\/\" \/>\n<meta property=\"og:site_name\" content=\"Canal Dana\" \/>\n<meta property=\"article:published_time\" content=\"2024-09-16T11:49:27+00:00\" \/>\n<meta name=\"author\" content=\"Canal Dana\" \/>\n<meta name=\"twitter:card\" content=\"summary_large_image\" \/>\n<meta name=\"twitter:label1\" content=\"Escrito por\" \/>\n\t<meta name=\"twitter:data1\" content=\"Canal Dana\" \/>\n\t<meta name=\"twitter:label2\" content=\"Est. tempo de leitura\" \/>\n\t<meta name=\"twitter:data2\" content=\"2 minutos\" \/>\n<script type=\"application\/ld+json\" class=\"yoast-schema-graph\">{\"@context\":\"https:\\\/\\\/schema.org\",\"@graph\":[{\"@type\":\"Article\",\"@id\":\"https:\\\/\\\/dana.com.br\\\/canaldana\\\/2024\\\/09\\\/16\\\/disputa-no-mercado-de-caminhoes-pesados-e-sueca-e-acirrada\\\/#article\",\"isPartOf\":{\"@id\":\"https:\\\/\\\/dana.com.br\\\/canaldana\\\/2024\\\/09\\\/16\\\/disputa-no-mercado-de-caminhoes-pesados-e-sueca-e-acirrada\\\/\"},\"author\":{\"name\":\"Canal Dana\",\"@id\":\"https:\\\/\\\/dana.com.br\\\/canaldana\\\/#\\\/schema\\\/person\\\/3c21f22f56fcf3bc46b94bc60ea4fef6\"},\"headline\":\"Disputa no mercado de caminh\u00f5es pesados \u00e9 sueca e acirrada\",\"datePublished\":\"2024-09-16T11:49:27+00:00\",\"mainEntityOfPage\":{\"@id\":\"https:\\\/\\\/dana.com.br\\\/canaldana\\\/2024\\\/09\\\/16\\\/disputa-no-mercado-de-caminhoes-pesados-e-sueca-e-acirrada\\\/\"},\"wordCount\":239,\"articleSection\":[\"Mercado\"],\"inLanguage\":\"pt-BR\"},{\"@type\":\"WebPage\",\"@id\":\"https:\\\/\\\/dana.com.br\\\/canaldana\\\/2024\\\/09\\\/16\\\/disputa-no-mercado-de-caminhoes-pesados-e-sueca-e-acirrada\\\/\",\"url\":\"https:\\\/\\\/dana.com.br\\\/canaldana\\\/2024\\\/09\\\/16\\\/disputa-no-mercado-de-caminhoes-pesados-e-sueca-e-acirrada\\\/\",\"name\":\"Disputa no mercado de caminh\u00f5es pesados \u00e9 sueca e acirrada - Canal Dana\",\"isPartOf\":{\"@id\":\"https:\\\/\\\/dana.com.br\\\/canaldana\\\/#website\"},\"datePublished\":\"2024-09-16T11:49:27+00:00\",\"author\":{\"@id\":\"https:\\\/\\\/dana.com.br\\\/canaldana\\\/#\\\/schema\\\/person\\\/3c21f22f56fcf3bc46b94bc60ea4fef6\"},\"breadcrumb\":{\"@id\":\"https:\\\/\\\/dana.com.br\\\/canaldana\\\/2024\\\/09\\\/16\\\/disputa-no-mercado-de-caminhoes-pesados-e-sueca-e-acirrada\\\/#breadcrumb\"},\"inLanguage\":\"pt-BR\",\"potentialAction\":[{\"@type\":\"ReadAction\",\"target\":[\"https:\\\/\\\/dana.com.br\\\/canaldana\\\/2024\\\/09\\\/16\\\/disputa-no-mercado-de-caminhoes-pesados-e-sueca-e-acirrada\\\/\"]}]},{\"@type\":\"BreadcrumbList\",\"@id\":\"https:\\\/\\\/dana.com.br\\\/canaldana\\\/2024\\\/09\\\/16\\\/disputa-no-mercado-de-caminhoes-pesados-e-sueca-e-acirrada\\\/#breadcrumb\",\"itemListElement\":[{\"@type\":\"ListItem\",\"position\":1,\"name\":\"Home\",\"item\":\"https:\\\/\\\/dana.com.br\\\/canaldana\\\/\"},{\"@type\":\"ListItem\",\"position\":2,\"name\":\"Mercado\",\"item\":\"https:\\\/\\\/dana.com.br\\\/canaldana\\\/mercado\\\/\"},{\"@type\":\"ListItem\",\"position\":3,\"name\":\"Disputa no mercado de caminh\u00f5es pesados \u00e9 sueca e acirrada\"}]},{\"@type\":\"WebSite\",\"@id\":\"https:\\\/\\\/dana.com.br\\\/canaldana\\\/#website\",\"url\":\"https:\\\/\\\/dana.com.br\\\/canaldana\\\/\",\"name\":\"Canal Dana\",\"description\":\"Informativo com as principais not\u00edcias da ind\u00fastria automotiva\",\"potentialAction\":[{\"@type\":\"SearchAction\",\"target\":{\"@type\":\"EntryPoint\",\"urlTemplate\":\"https:\\\/\\\/dana.com.br\\\/canaldana\\\/?s={search_term_string}\"},\"query-input\":{\"@type\":\"PropertyValueSpecification\",\"valueRequired\":true,\"valueName\":\"search_term_string\"}}],\"inLanguage\":\"pt-BR\"},{\"@type\":\"Person\",\"@id\":\"https:\\\/\\\/dana.com.br\\\/canaldana\\\/#\\\/schema\\\/person\\\/3c21f22f56fcf3bc46b94bc60ea4fef6\",\"name\":\"Canal Dana\",\"image\":{\"@type\":\"ImageObject\",\"inLanguage\":\"pt-BR\",\"@id\":\"https:\\\/\\\/secure.gravatar.com\\\/avatar\\\/420aaf9278582877d9018637c6817617705899d2858d7572ef0fe59a6b6454b4?s=96&d=mm&r=g\",\"url\":\"https:\\\/\\\/secure.gravatar.com\\\/avatar\\\/420aaf9278582877d9018637c6817617705899d2858d7572ef0fe59a6b6454b4?s=96&d=mm&r=g\",\"contentUrl\":\"https:\\\/\\\/secure.gravatar.com\\\/avatar\\\/420aaf9278582877d9018637c6817617705899d2858d7572ef0fe59a6b6454b4?s=96&d=mm&r=g\",\"caption\":\"Canal Dana\"},\"url\":\"https:\\\/\\\/dana.com.br\\\/canaldana\\\/author\\\/cdeditor\\\/\"}]}<\/script>\n<!-- \/ Yoast SEO plugin. -->","yoast_head_json":{"title":"Disputa no mercado de caminh\u00f5es pesados \u00e9 sueca e acirrada - Canal Dana","robots":{"index":"index","follow":"follow","max-snippet":"max-snippet:-1","max-image-preview":"max-image-preview:large","max-video-preview":"max-video-preview:-1"},"canonical":"https:\/\/dana.com.br\/canaldana\/2024\/09\/16\/disputa-no-mercado-de-caminhoes-pesados-e-sueca-e-acirrada\/","og_locale":"pt_BR","og_type":"article","og_title":"Disputa no mercado de caminh\u00f5es pesados \u00e9 sueca e acirrada - Canal Dana","og_description":"AutoInd\u00fastria &nbsp; Na mais representativa categoria do mercado de caminh\u00f5es, com participa\u00e7\u00e3o de 51% ao registrar 40.956 emplacamentos do total de 79.643 unidades de janeiro a agosto, a disputa de pesados \u00e9 de longe entre Scania e Volvo. &nbsp; Conforme dados da Anfavea, enquanto a primeira entregou 11.717, a segunda, somou 11.644 licenciamentos. Volume que\u2026 Leia mais \u00bb","og_url":"https:\/\/dana.com.br\/canaldana\/2024\/09\/16\/disputa-no-mercado-de-caminhoes-pesados-e-sueca-e-acirrada\/","og_site_name":"Canal Dana","article_published_time":"2024-09-16T11:49:27+00:00","author":"Canal Dana","twitter_card":"summary_large_image","twitter_misc":{"Escrito por":"Canal Dana","Est. tempo de leitura":"2 minutos"},"schema":{"@context":"https:\/\/schema.org","@graph":[{"@type":"Article","@id":"https:\/\/dana.com.br\/canaldana\/2024\/09\/16\/disputa-no-mercado-de-caminhoes-pesados-e-sueca-e-acirrada\/#article","isPartOf":{"@id":"https:\/\/dana.com.br\/canaldana\/2024\/09\/16\/disputa-no-mercado-de-caminhoes-pesados-e-sueca-e-acirrada\/"},"author":{"name":"Canal Dana","@id":"https:\/\/dana.com.br\/canaldana\/#\/schema\/person\/3c21f22f56fcf3bc46b94bc60ea4fef6"},"headline":"Disputa no mercado de caminh\u00f5es pesados \u00e9 sueca e acirrada","datePublished":"2024-09-16T11:49:27+00:00","mainEntityOfPage":{"@id":"https:\/\/dana.com.br\/canaldana\/2024\/09\/16\/disputa-no-mercado-de-caminhoes-pesados-e-sueca-e-acirrada\/"},"wordCount":239,"articleSection":["Mercado"],"inLanguage":"pt-BR"},{"@type":"WebPage","@id":"https:\/\/dana.com.br\/canaldana\/2024\/09\/16\/disputa-no-mercado-de-caminhoes-pesados-e-sueca-e-acirrada\/","url":"https:\/\/dana.com.br\/canaldana\/2024\/09\/16\/disputa-no-mercado-de-caminhoes-pesados-e-sueca-e-acirrada\/","name":"Disputa no mercado de caminh\u00f5es pesados \u00e9 sueca e acirrada - Canal Dana","isPartOf":{"@id":"https:\/\/dana.com.br\/canaldana\/#website"},"datePublished":"2024-09-16T11:49:27+00:00","author":{"@id":"https:\/\/dana.com.br\/canaldana\/#\/schema\/person\/3c21f22f56fcf3bc46b94bc60ea4fef6"},"breadcrumb":{"@id":"https:\/\/dana.com.br\/canaldana\/2024\/09\/16\/disputa-no-mercado-de-caminhoes-pesados-e-sueca-e-acirrada\/#breadcrumb"},"inLanguage":"pt-BR","potentialAction":[{"@type":"ReadAction","target":["https:\/\/dana.com.br\/canaldana\/2024\/09\/16\/disputa-no-mercado-de-caminhoes-pesados-e-sueca-e-acirrada\/"]}]},{"@type":"BreadcrumbList","@id":"https:\/\/dana.com.br\/canaldana\/2024\/09\/16\/disputa-no-mercado-de-caminhoes-pesados-e-sueca-e-acirrada\/#breadcrumb","itemListElement":[{"@type":"ListItem","position":1,"name":"Home","item":"https:\/\/dana.com.br\/canaldana\/"},{"@type":"ListItem","position":2,"name":"Mercado","item":"https:\/\/dana.com.br\/canaldana\/mercado\/"},{"@type":"ListItem","position":3,"name":"Disputa no mercado de caminh\u00f5es pesados \u00e9 sueca e acirrada"}]},{"@type":"WebSite","@id":"https:\/\/dana.com.br\/canaldana\/#website","url":"https:\/\/dana.com.br\/canaldana\/","name":"Canal Dana","description":"Informativo com as principais not\u00edcias da ind\u00fastria automotiva","potentialAction":[{"@type":"SearchAction","target":{"@type":"EntryPoint","urlTemplate":"https:\/\/dana.com.br\/canaldana\/?s={search_term_string}"},"query-input":{"@type":"PropertyValueSpecification","valueRequired":true,"valueName":"search_term_string"}}],"inLanguage":"pt-BR"},{"@type":"Person","@id":"https:\/\/dana.com.br\/canaldana\/#\/schema\/person\/3c21f22f56fcf3bc46b94bc60ea4fef6","name":"Canal Dana","image":{"@type":"ImageObject","inLanguage":"pt-BR","@id":"https:\/\/secure.gravatar.com\/avatar\/420aaf9278582877d9018637c6817617705899d2858d7572ef0fe59a6b6454b4?s=96&d=mm&r=g","url":"https:\/\/secure.gravatar.com\/avatar\/420aaf9278582877d9018637c6817617705899d2858d7572ef0fe59a6b6454b4?s=96&d=mm&r=g","contentUrl":"https:\/\/secure.gravatar.com\/avatar\/420aaf9278582877d9018637c6817617705899d2858d7572ef0fe59a6b6454b4?s=96&d=mm&r=g","caption":"Canal Dana"},"url":"https:\/\/dana.com.br\/canaldana\/author\/cdeditor\/"}]}},"_links":{"self":[{"href":"https:\/\/dana.com.br\/canaldana\/wp-json\/wp\/v2\/posts\/76425","targetHints":{"allow":["GET"]}}],"collection":[{"href":"https:\/\/dana.com.br\/canaldana\/wp-json\/wp\/v2\/posts"}],"about":[{"href":"https:\/\/dana.com.br\/canaldana\/wp-json\/wp\/v2\/types\/post"}],"author":[{"embeddable":true,"href":"https:\/\/dana.com.br\/canaldana\/wp-json\/wp\/v2\/users\/3"}],"replies":[{"embeddable":true,"href":"https:\/\/dana.com.br\/canaldana\/wp-json\/wp\/v2\/comments?post=76425"}],"version-history":[{"count":1,"href":"https:\/\/dana.com.br\/canaldana\/wp-json\/wp\/v2\/posts\/76425\/revisions"}],"predecessor-version":[{"id":76426,"href":"https:\/\/dana.com.br\/canaldana\/wp-json\/wp\/v2\/posts\/76425\/revisions\/76426"}],"wp:attachment":[{"href":"https:\/\/dana.com.br\/canaldana\/wp-json\/wp\/v2\/media?parent=76425"}],"wp:term":[{"taxonomy":"category","embeddable":true,"href":"https:\/\/dana.com.br\/canaldana\/wp-json\/wp\/v2\/categories?post=76425"},{"taxonomy":"post_tag","embeddable":true,"href":"https:\/\/dana.com.br\/canaldana\/wp-json\/wp\/v2\/tags?post=76425"}],"curies":[{"name":"wp","href":"https:\/\/api.w.org\/{rel}","templated":true}]}}