{"id":76404,"date":"2024-09-13T08:41:29","date_gmt":"2024-09-13T11:41:29","guid":{"rendered":"https:\/\/dana.com.br\/canaldana\/?p=76404"},"modified":"2024-09-13T08:41:29","modified_gmt":"2024-09-13T11:41:29","slug":"kia-brasil-fecha-acordo-com-a-weg-para-fornecimento-de-solucoes-de-recarga-ao-ev5","status":"publish","type":"post","link":"https:\/\/dana.com.br\/canaldana\/2024\/09\/13\/kia-brasil-fecha-acordo-com-a-weg-para-fornecimento-de-solucoes-de-recarga-ao-ev5\/","title":{"rendered":"Kia Brasil fecha acordo com a WEG para fornecimento de solu\u00e7\u00f5es de recarga ao EV5"},"content":{"rendered":"<p><em>Motor Mais<\/em><\/p>\n<p>&nbsp;<\/p>\n<p>A Kia Brasil formalizou a homologa\u00e7\u00e3o da WEG como fornecedora de solu\u00e7\u00f5es de recarga para os primeiros 300 clientes do EV5, primeiro modelo 100% el\u00e9trico da marca para o mercado brasileiro, lan\u00e7ado no \u00faltimo dia 27 de agosto. O acordo inclui a entrega de esta\u00e7\u00f5es de recarga no modelo WEMOB\u00ae WALL, de 7kW, em corrente alternada (CA), al\u00e9m de disponibilizar esta\u00e7\u00f5es de recarga r\u00e1pida em corrente cont\u00ednua (CC) de 30, 40, 60 e 80 kW tamb\u00e9m homologadas pela importadora.<\/p>\n<p>&nbsp;<\/p>\n<p>Nas concession\u00e1rias ser\u00e3o instaladas as esta\u00e7\u00f5es de recarga nos modelos WALL e PARKING, possibilitando a recarga em 7,4 kW e 22 kW, respectivamente, permitindo aos clientes da marca interagirem com os produtos. Estes modelos s\u00e3o projetados para atender \u00e0 demanda de recarga semirr\u00e1pida dos ve\u00edculos el\u00e9tricos, garantindo que os clientes possam usufruir de um servi\u00e7o \u00e1gil e seguro durante suas visitas \u00e0s oficinas.<\/p>\n<p>&nbsp;<\/p>\n<p>Os modelos WALL e PARKING s\u00e3o inteligentes, ideais para resid\u00eancias, condom\u00ednios e estabelecimentos comerciais, podendo se conectar \u00e0 internet e a plataformas de gest\u00e3o para cobran\u00e7a ou rateio do consumo de cada usu\u00e1rio. Al\u00e9m disso, possibilita o controle de acesso via cart\u00f5es de proximidade (tags RFID) ou aplicativos de celular, possibilitando o controle de demanda de energia por meio do WEMOB\u00aeSmart Charging System. A tecnologia dispon\u00edvel no carregador tamb\u00e9m possibilita o uso de aplicativo para monitoramento, que permite aos clientes da Kia visualizarem as informa\u00e7\u00f5es das esta\u00e7\u00f5es de recarga em tempo real e na palma da m\u00e3o por meio do aplicativo para smartphones Wemob EV Drivers, com espelhamento no Apple Car Play e Android Auto dos ve\u00edculos el\u00e9tricos. (Motor Mais)<\/p>\n","protected":false},"excerpt":{"rendered":"<p>Motor Mais &nbsp; A Kia Brasil formalizou a homologa\u00e7\u00e3o da WEG como fornecedora de solu\u00e7\u00f5es de recarga para os primeiros 300 clientes do EV5, primeiro modelo 100% el\u00e9trico da marca para o mercado brasileiro, lan\u00e7ado no \u00faltimo dia 27 de agosto. O acordo inclui a entrega de esta\u00e7\u00f5es de recarga no modelo WEMOB\u00ae WALL, de\u2026 <a class=\"readmore\" href=\"https:\/\/dana.com.br\/canaldana\/2024\/09\/13\/kia-brasil-fecha-acordo-com-a-weg-para-fornecimento-de-solucoes-de-recarga-ao-ev5\/\">Leia mais \u00bb<\/a><\/p>\n","protected":false},"author":3,"featured_media":0,"comment_status":"closed","ping_status":"closed","sticky":false,"template":"","format":"standard","meta":{"_acf_changed":false,"footnotes":""},"categories":[61],"tags":[],"class_list":["post-76404","post","type-post","status-publish","format-standard","hentry","category-destaques"],"acf":[],"yoast_head":"<!-- This site is optimized with the Yoast SEO plugin v27.3 - https:\/\/yoast.com\/product\/yoast-seo-wordpress\/ -->\n<title>Kia Brasil fecha acordo com a WEG para fornecimento de solu\u00e7\u00f5es de recarga ao EV5 - Canal Dana<\/title>\n<meta name=\"robots\" content=\"index, follow, max-snippet:-1, max-image-preview:large, max-video-preview:-1\" \/>\n<link rel=\"canonical\" href=\"https:\/\/dana.com.br\/canaldana\/2024\/09\/13\/kia-brasil-fecha-acordo-com-a-weg-para-fornecimento-de-solucoes-de-recarga-ao-ev5\/\" \/>\n<meta property=\"og:locale\" content=\"pt_BR\" \/>\n<meta property=\"og:type\" content=\"article\" \/>\n<meta property=\"og:title\" content=\"Kia Brasil fecha acordo com a WEG para fornecimento de solu\u00e7\u00f5es de recarga ao EV5 - Canal Dana\" \/>\n<meta property=\"og:description\" content=\"Motor Mais &nbsp; A Kia Brasil formalizou a homologa\u00e7\u00e3o da WEG como fornecedora de solu\u00e7\u00f5es de recarga para os primeiros 300 clientes do EV5, primeiro modelo 100% el\u00e9trico da marca para o mercado brasileiro, lan\u00e7ado no \u00faltimo dia 27 de agosto. O acordo inclui a entrega de esta\u00e7\u00f5es de recarga no modelo WEMOB\u00ae WALL, de\u2026 Leia mais \u00bb\" \/>\n<meta property=\"og:url\" content=\"https:\/\/dana.com.br\/canaldana\/2024\/09\/13\/kia-brasil-fecha-acordo-com-a-weg-para-fornecimento-de-solucoes-de-recarga-ao-ev5\/\" \/>\n<meta property=\"og:site_name\" content=\"Canal Dana\" \/>\n<meta property=\"article:published_time\" content=\"2024-09-13T11:41:29+00:00\" \/>\n<meta name=\"author\" content=\"Canal Dana\" \/>\n<meta name=\"twitter:card\" content=\"summary_large_image\" \/>\n<meta name=\"twitter:label1\" content=\"Escrito por\" \/>\n\t<meta name=\"twitter:data1\" content=\"Canal Dana\" \/>\n\t<meta name=\"twitter:label2\" content=\"Est. tempo de leitura\" \/>\n\t<meta name=\"twitter:data2\" content=\"2 minutos\" \/>\n<script type=\"application\/ld+json\" class=\"yoast-schema-graph\">{\"@context\":\"https:\\\/\\\/schema.org\",\"@graph\":[{\"@type\":\"Article\",\"@id\":\"https:\\\/\\\/dana.com.br\\\/canaldana\\\/2024\\\/09\\\/13\\\/kia-brasil-fecha-acordo-com-a-weg-para-fornecimento-de-solucoes-de-recarga-ao-ev5\\\/#article\",\"isPartOf\":{\"@id\":\"https:\\\/\\\/dana.com.br\\\/canaldana\\\/2024\\\/09\\\/13\\\/kia-brasil-fecha-acordo-com-a-weg-para-fornecimento-de-solucoes-de-recarga-ao-ev5\\\/\"},\"author\":{\"name\":\"Canal Dana\",\"@id\":\"https:\\\/\\\/dana.com.br\\\/canaldana\\\/#\\\/schema\\\/person\\\/3c21f22f56fcf3bc46b94bc60ea4fef6\"},\"headline\":\"Kia Brasil fecha acordo com a WEG para fornecimento de solu\u00e7\u00f5es de recarga ao EV5\",\"datePublished\":\"2024-09-13T11:41:29+00:00\",\"mainEntityOfPage\":{\"@id\":\"https:\\\/\\\/dana.com.br\\\/canaldana\\\/2024\\\/09\\\/13\\\/kia-brasil-fecha-acordo-com-a-weg-para-fornecimento-de-solucoes-de-recarga-ao-ev5\\\/\"},\"wordCount\":306,\"articleSection\":[\"Destaques\"],\"inLanguage\":\"pt-BR\"},{\"@type\":\"WebPage\",\"@id\":\"https:\\\/\\\/dana.com.br\\\/canaldana\\\/2024\\\/09\\\/13\\\/kia-brasil-fecha-acordo-com-a-weg-para-fornecimento-de-solucoes-de-recarga-ao-ev5\\\/\",\"url\":\"https:\\\/\\\/dana.com.br\\\/canaldana\\\/2024\\\/09\\\/13\\\/kia-brasil-fecha-acordo-com-a-weg-para-fornecimento-de-solucoes-de-recarga-ao-ev5\\\/\",\"name\":\"Kia Brasil fecha acordo com a WEG para fornecimento de solu\u00e7\u00f5es de recarga ao EV5 - Canal Dana\",\"isPartOf\":{\"@id\":\"https:\\\/\\\/dana.com.br\\\/canaldana\\\/#website\"},\"datePublished\":\"2024-09-13T11:41:29+00:00\",\"author\":{\"@id\":\"https:\\\/\\\/dana.com.br\\\/canaldana\\\/#\\\/schema\\\/person\\\/3c21f22f56fcf3bc46b94bc60ea4fef6\"},\"breadcrumb\":{\"@id\":\"https:\\\/\\\/dana.com.br\\\/canaldana\\\/2024\\\/09\\\/13\\\/kia-brasil-fecha-acordo-com-a-weg-para-fornecimento-de-solucoes-de-recarga-ao-ev5\\\/#breadcrumb\"},\"inLanguage\":\"pt-BR\",\"potentialAction\":[{\"@type\":\"ReadAction\",\"target\":[\"https:\\\/\\\/dana.com.br\\\/canaldana\\\/2024\\\/09\\\/13\\\/kia-brasil-fecha-acordo-com-a-weg-para-fornecimento-de-solucoes-de-recarga-ao-ev5\\\/\"]}]},{\"@type\":\"BreadcrumbList\",\"@id\":\"https:\\\/\\\/dana.com.br\\\/canaldana\\\/2024\\\/09\\\/13\\\/kia-brasil-fecha-acordo-com-a-weg-para-fornecimento-de-solucoes-de-recarga-ao-ev5\\\/#breadcrumb\",\"itemListElement\":[{\"@type\":\"ListItem\",\"position\":1,\"name\":\"Home\",\"item\":\"https:\\\/\\\/dana.com.br\\\/canaldana\\\/\"},{\"@type\":\"ListItem\",\"position\":2,\"name\":\"Destaques\",\"item\":\"https:\\\/\\\/dana.com.br\\\/canaldana\\\/destaques\\\/\"},{\"@type\":\"ListItem\",\"position\":3,\"name\":\"Kia Brasil fecha acordo com a WEG para fornecimento de solu\u00e7\u00f5es de recarga ao EV5\"}]},{\"@type\":\"WebSite\",\"@id\":\"https:\\\/\\\/dana.com.br\\\/canaldana\\\/#website\",\"url\":\"https:\\\/\\\/dana.com.br\\\/canaldana\\\/\",\"name\":\"Canal Dana\",\"description\":\"Informativo com as principais not\u00edcias da ind\u00fastria automotiva\",\"potentialAction\":[{\"@type\":\"SearchAction\",\"target\":{\"@type\":\"EntryPoint\",\"urlTemplate\":\"https:\\\/\\\/dana.com.br\\\/canaldana\\\/?s={search_term_string}\"},\"query-input\":{\"@type\":\"PropertyValueSpecification\",\"valueRequired\":true,\"valueName\":\"search_term_string\"}}],\"inLanguage\":\"pt-BR\"},{\"@type\":\"Person\",\"@id\":\"https:\\\/\\\/dana.com.br\\\/canaldana\\\/#\\\/schema\\\/person\\\/3c21f22f56fcf3bc46b94bc60ea4fef6\",\"name\":\"Canal Dana\",\"image\":{\"@type\":\"ImageObject\",\"inLanguage\":\"pt-BR\",\"@id\":\"https:\\\/\\\/secure.gravatar.com\\\/avatar\\\/420aaf9278582877d9018637c6817617705899d2858d7572ef0fe59a6b6454b4?s=96&d=mm&r=g\",\"url\":\"https:\\\/\\\/secure.gravatar.com\\\/avatar\\\/420aaf9278582877d9018637c6817617705899d2858d7572ef0fe59a6b6454b4?s=96&d=mm&r=g\",\"contentUrl\":\"https:\\\/\\\/secure.gravatar.com\\\/avatar\\\/420aaf9278582877d9018637c6817617705899d2858d7572ef0fe59a6b6454b4?s=96&d=mm&r=g\",\"caption\":\"Canal Dana\"},\"url\":\"https:\\\/\\\/dana.com.br\\\/canaldana\\\/author\\\/cdeditor\\\/\"}]}<\/script>\n<!-- \/ Yoast SEO plugin. -->","yoast_head_json":{"title":"Kia Brasil fecha acordo com a WEG para fornecimento de solu\u00e7\u00f5es de recarga ao EV5 - Canal Dana","robots":{"index":"index","follow":"follow","max-snippet":"max-snippet:-1","max-image-preview":"max-image-preview:large","max-video-preview":"max-video-preview:-1"},"canonical":"https:\/\/dana.com.br\/canaldana\/2024\/09\/13\/kia-brasil-fecha-acordo-com-a-weg-para-fornecimento-de-solucoes-de-recarga-ao-ev5\/","og_locale":"pt_BR","og_type":"article","og_title":"Kia Brasil fecha acordo com a WEG para fornecimento de solu\u00e7\u00f5es de recarga ao EV5 - Canal Dana","og_description":"Motor Mais &nbsp; A Kia Brasil formalizou a homologa\u00e7\u00e3o da WEG como fornecedora de solu\u00e7\u00f5es de recarga para os primeiros 300 clientes do EV5, primeiro modelo 100% el\u00e9trico da marca para o mercado brasileiro, lan\u00e7ado no \u00faltimo dia 27 de agosto. O acordo inclui a entrega de esta\u00e7\u00f5es de recarga no modelo WEMOB\u00ae WALL, de\u2026 Leia mais \u00bb","og_url":"https:\/\/dana.com.br\/canaldana\/2024\/09\/13\/kia-brasil-fecha-acordo-com-a-weg-para-fornecimento-de-solucoes-de-recarga-ao-ev5\/","og_site_name":"Canal Dana","article_published_time":"2024-09-13T11:41:29+00:00","author":"Canal Dana","twitter_card":"summary_large_image","twitter_misc":{"Escrito por":"Canal Dana","Est. tempo de leitura":"2 minutos"},"schema":{"@context":"https:\/\/schema.org","@graph":[{"@type":"Article","@id":"https:\/\/dana.com.br\/canaldana\/2024\/09\/13\/kia-brasil-fecha-acordo-com-a-weg-para-fornecimento-de-solucoes-de-recarga-ao-ev5\/#article","isPartOf":{"@id":"https:\/\/dana.com.br\/canaldana\/2024\/09\/13\/kia-brasil-fecha-acordo-com-a-weg-para-fornecimento-de-solucoes-de-recarga-ao-ev5\/"},"author":{"name":"Canal Dana","@id":"https:\/\/dana.com.br\/canaldana\/#\/schema\/person\/3c21f22f56fcf3bc46b94bc60ea4fef6"},"headline":"Kia Brasil fecha acordo com a WEG para fornecimento de solu\u00e7\u00f5es de recarga ao EV5","datePublished":"2024-09-13T11:41:29+00:00","mainEntityOfPage":{"@id":"https:\/\/dana.com.br\/canaldana\/2024\/09\/13\/kia-brasil-fecha-acordo-com-a-weg-para-fornecimento-de-solucoes-de-recarga-ao-ev5\/"},"wordCount":306,"articleSection":["Destaques"],"inLanguage":"pt-BR"},{"@type":"WebPage","@id":"https:\/\/dana.com.br\/canaldana\/2024\/09\/13\/kia-brasil-fecha-acordo-com-a-weg-para-fornecimento-de-solucoes-de-recarga-ao-ev5\/","url":"https:\/\/dana.com.br\/canaldana\/2024\/09\/13\/kia-brasil-fecha-acordo-com-a-weg-para-fornecimento-de-solucoes-de-recarga-ao-ev5\/","name":"Kia Brasil fecha acordo com a WEG para fornecimento de solu\u00e7\u00f5es de recarga ao EV5 - Canal Dana","isPartOf":{"@id":"https:\/\/dana.com.br\/canaldana\/#website"},"datePublished":"2024-09-13T11:41:29+00:00","author":{"@id":"https:\/\/dana.com.br\/canaldana\/#\/schema\/person\/3c21f22f56fcf3bc46b94bc60ea4fef6"},"breadcrumb":{"@id":"https:\/\/dana.com.br\/canaldana\/2024\/09\/13\/kia-brasil-fecha-acordo-com-a-weg-para-fornecimento-de-solucoes-de-recarga-ao-ev5\/#breadcrumb"},"inLanguage":"pt-BR","potentialAction":[{"@type":"ReadAction","target":["https:\/\/dana.com.br\/canaldana\/2024\/09\/13\/kia-brasil-fecha-acordo-com-a-weg-para-fornecimento-de-solucoes-de-recarga-ao-ev5\/"]}]},{"@type":"BreadcrumbList","@id":"https:\/\/dana.com.br\/canaldana\/2024\/09\/13\/kia-brasil-fecha-acordo-com-a-weg-para-fornecimento-de-solucoes-de-recarga-ao-ev5\/#breadcrumb","itemListElement":[{"@type":"ListItem","position":1,"name":"Home","item":"https:\/\/dana.com.br\/canaldana\/"},{"@type":"ListItem","position":2,"name":"Destaques","item":"https:\/\/dana.com.br\/canaldana\/destaques\/"},{"@type":"ListItem","position":3,"name":"Kia Brasil fecha acordo com a WEG para fornecimento de solu\u00e7\u00f5es de recarga ao EV5"}]},{"@type":"WebSite","@id":"https:\/\/dana.com.br\/canaldana\/#website","url":"https:\/\/dana.com.br\/canaldana\/","name":"Canal Dana","description":"Informativo com as principais not\u00edcias da ind\u00fastria automotiva","potentialAction":[{"@type":"SearchAction","target":{"@type":"EntryPoint","urlTemplate":"https:\/\/dana.com.br\/canaldana\/?s={search_term_string}"},"query-input":{"@type":"PropertyValueSpecification","valueRequired":true,"valueName":"search_term_string"}}],"inLanguage":"pt-BR"},{"@type":"Person","@id":"https:\/\/dana.com.br\/canaldana\/#\/schema\/person\/3c21f22f56fcf3bc46b94bc60ea4fef6","name":"Canal Dana","image":{"@type":"ImageObject","inLanguage":"pt-BR","@id":"https:\/\/secure.gravatar.com\/avatar\/420aaf9278582877d9018637c6817617705899d2858d7572ef0fe59a6b6454b4?s=96&d=mm&r=g","url":"https:\/\/secure.gravatar.com\/avatar\/420aaf9278582877d9018637c6817617705899d2858d7572ef0fe59a6b6454b4?s=96&d=mm&r=g","contentUrl":"https:\/\/secure.gravatar.com\/avatar\/420aaf9278582877d9018637c6817617705899d2858d7572ef0fe59a6b6454b4?s=96&d=mm&r=g","caption":"Canal Dana"},"url":"https:\/\/dana.com.br\/canaldana\/author\/cdeditor\/"}]}},"_links":{"self":[{"href":"https:\/\/dana.com.br\/canaldana\/wp-json\/wp\/v2\/posts\/76404","targetHints":{"allow":["GET"]}}],"collection":[{"href":"https:\/\/dana.com.br\/canaldana\/wp-json\/wp\/v2\/posts"}],"about":[{"href":"https:\/\/dana.com.br\/canaldana\/wp-json\/wp\/v2\/types\/post"}],"author":[{"embeddable":true,"href":"https:\/\/dana.com.br\/canaldana\/wp-json\/wp\/v2\/users\/3"}],"replies":[{"embeddable":true,"href":"https:\/\/dana.com.br\/canaldana\/wp-json\/wp\/v2\/comments?post=76404"}],"version-history":[{"count":1,"href":"https:\/\/dana.com.br\/canaldana\/wp-json\/wp\/v2\/posts\/76404\/revisions"}],"predecessor-version":[{"id":76405,"href":"https:\/\/dana.com.br\/canaldana\/wp-json\/wp\/v2\/posts\/76404\/revisions\/76405"}],"wp:attachment":[{"href":"https:\/\/dana.com.br\/canaldana\/wp-json\/wp\/v2\/media?parent=76404"}],"wp:term":[{"taxonomy":"category","embeddable":true,"href":"https:\/\/dana.com.br\/canaldana\/wp-json\/wp\/v2\/categories?post=76404"},{"taxonomy":"post_tag","embeddable":true,"href":"https:\/\/dana.com.br\/canaldana\/wp-json\/wp\/v2\/tags?post=76404"}],"curies":[{"name":"wp","href":"https:\/\/api.w.org\/{rel}","templated":true}]}}