{"id":76392,"date":"2024-09-13T08:35:44","date_gmt":"2024-09-13T11:35:44","guid":{"rendered":"https:\/\/dana.com.br\/canaldana\/?p=76392"},"modified":"2024-09-13T08:35:44","modified_gmt":"2024-09-13T11:35:44","slug":"golf-gti-mk85-e-a-grande-estrela-da-volkswagen-no-rock-in-rio","status":"publish","type":"post","link":"https:\/\/dana.com.br\/canaldana\/2024\/09\/13\/golf-gti-mk85-e-a-grande-estrela-da-volkswagen-no-rock-in-rio\/","title":{"rendered":"Golf GTI Mk8,5 \u00e9 a grande estrela da Volkswagen no Rock in Rio"},"content":{"rendered":"<p><em>Motor 1 <\/em><\/p>\n<p>&nbsp;<\/p>\n<p>Patrocinadora do Rock in Rio 2024, a Volkswagen aproveita a proximidade do festival (que come\u00e7a nesta sexta-feira e vai at\u00e9 o pr\u00f3ximo dia 22) para mostrar no Brasil o Golf GTI de oitava gera\u00e7\u00e3o no Brasil. O modelo ser\u00e1 a maior estrela da marca em um estande com tr\u00eas andares e 150 m\u00b2, localizado em frente ao palco Mundo.<\/p>\n<p>&nbsp;<\/p>\n<p>O pretexto \u00e9 comemorar os 50 anos de lan\u00e7amento do Golf. O modelo atual, trazido da Alemanha de avi\u00e3o, est\u00e1 sendo exibido ao lado de um exemplar da primeira gera\u00e7\u00e3o, cedido por um colecionador. A quem pergunta se h\u00e1 chances de o GTI Mk8 ser vendido no Brasil, atendendo ao anseio de milhares de apaixonados, a Volkswagen dissimula com um \u201ccontinuamos estudando a viabilidade de import\u00e1-lo mas, por enquanto, o carro veio s\u00f3 para demonstra\u00e7\u00e3o\u201d.<\/p>\n<p>&nbsp;<\/p>\n<p>Vale lembrar que, no Rock in Rio de 2022 a marca alem\u00e3 trouxe a ID. Buzz e o ID.4 com o mesmo argumento de \u201ctestes de engenharia e participa\u00e7\u00e3o em eventos\u201d. Tempos depois, os dois modelos el\u00e9tricos passaram a ser oferecidos no sistema de assinatura VW Sign&amp;Drive (hoje as mensalidades s\u00e3o de \u201cm\u00f3dicos\u201d R$ 13 mil e R$ 7 mil, respectivamente).<\/p>\n<p>&nbsp;<\/p>\n<p><strong>Um retorno?<\/strong><\/p>\n<p>&nbsp;<\/p>\n<p>O \u00faltimo Golf vendido no Brasil foi o h\u00edbrido plug-in GTE, em 2020 \u2014 eram apenas 99 carros importados da Alemanha, na despedida da gera\u00e7\u00e3o Mk7. H\u00e1 quatro anos, portanto, que o modelo n\u00e3o figura no site brasileiro da marca.<\/p>\n<p>&nbsp;<\/p>\n<p>Os derradeiros Golf produzidos no pa\u00eds (na f\u00e1brica de S\u00e3o Jos\u00e9 dos Pinhais, Paran\u00e1) tamb\u00e9m eram da gera\u00e7\u00e3o Mk7, entre 2015 e 2019. Assim, \u00e9 com certa ansiedade que recebemos no Rio esse Mk8 da ic\u00f4nica vers\u00e3o GTI.<\/p>\n<p>&nbsp;<\/p>\n<p>A linha Golf MK8 foi lan\u00e7ada em Wolfsburg em dezembro de 2019 e j\u00e1 at\u00e9 passou por um tapinha de meia vida em 2023 \u2014 ganhando o apelido de Mk8.5. Dessa nova leva, a vers\u00e3o GTI ficou por \u00faltimo e, somente no m\u00eas passado, os jornalistas automotivos europeus puderam andar com o carro.<\/p>\n<p>&nbsp;<\/p>\n<p>Em uma entrevista ao Motor1 Podcast, Ciro Possobom, CEO da Volkswagen do Brasil, revelou que estava estudando a volta do Golf GTI ao Brasil, desta vez como carro de nicho, na mesma faixa dos Civic Type R e GR Corolla. As vers\u00f5es escolhidas, portanto, s\u00f3 poderiam ser a GTI ou a R (de maior performance e com tra\u00e7\u00e3o integral).<\/p>\n<p>&nbsp;<\/p>\n<p><strong>O GTI atual<\/strong><\/p>\n<p>&nbsp;<\/p>\n<p>Rec\u00e9m-lan\u00e7ado na Europa, o GTI na cor Mondsteingrau (cinza pedra da lua) desembarcou h\u00e1 tr\u00eas semanas no aeroporto de Viracopos, em Campinas. Seu motor 2.0 turbo \u00e9 nosso velho conhecido: o mesmo EA888 usado no GTI Mk7 nacional. Agora, contudo, s\u00e3o 265 cv de pot\u00eancia e 37,7 kgfm de torque m\u00e1ximo (contra 230cv e 35,7 kgfm do carro que era fabricado aqui).<\/p>\n<p>&nbsp;<\/p>\n<p>Vai sempre atrelado ao conhecido c\u00e2mbio DSG de dupla embreagem e 7 velocidades e a\u00ed temos uma triste not\u00edcia para os puristas: a transmiss\u00e3o manual de 6 marchas deixou de ser oferecida no GTI alem\u00e3o. O carro acelera de 0 a 100 km\/h em 5,9 segundos e sua m\u00e1xima \u00e9 limitada eletronicamente a 250 km\/h (no \u00faltimo Golf GTI nacional, eram 7s e 238 km\/h, respectivamente).<\/p>\n<p>&nbsp;<\/p>\n<p>As dimens\u00f5es externas do novo Golf s\u00e3o bem semelhantes \u00e0s do Mk7, a come\u00e7ar pelo entre-eixos de 2,63 m. Contudo, suas linhas mais alisadas, com o cap\u00f4 em cunha, fazem o carro parecer maior. O porta-malas \u00e9 que cresceu um pouco: de 338 para 374 litros.<\/p>\n<p>&nbsp;<\/p>\n<p>Na linha 2025, o GTI ganhou far\u00f3is inteligentes ID.Light, com capacidade luminosa muito superior aos Leds e l\u00e2mpadas comuns. E, pela primeira vez, um Volkswagen europeu pode vir com o logotipo VW iluminado.<\/p>\n<p>&nbsp;<\/p>\n<p>O interior foi atualizado com uma nova central multim\u00eddia. Tanto o hardware quanto o software foram alterados em resposta \u00e0s muitas reclama\u00e7\u00f5es dos donos de Mk8 na Europa. O sistema de quarta gera\u00e7\u00e3o \u00e9 chamado de MIB4 e traz uma tela sens\u00edvel ao toque de 12,9 polegadas. As teclas convencionais agora s\u00e3o retro-iluminadas e ficaram mais f\u00e1ceis de operar. Tamb\u00e9m foi introduzido o assistente de voz baseado em linguagem natural, integrado ao ChatGPT.<\/p>\n<p>&nbsp;<\/p>\n<p>Na Alemanha, um Golf GTI Mk8,5 custa a partir de 44.505 euros, o que d\u00e1 R$ 275.500 na convers\u00e3o direta pelo c\u00e2mbio atual. O carro trazido para o Rock in Rio traz ainda as rodas Estoril pretas, de 19\u201d com pneus 235\/35 R 19 &#8211; esse conjunto \u00e9 um opcional de 1.735 euros (R$ 10.740).<\/p>\n<p>&nbsp;<\/p>\n<p>A quem achou pouco, existe ainda o Golf na vers\u00e3o R, com 333 cv e tra\u00e7\u00e3o integral. Mas este ficou de fora do festival.<\/p>\n<p>&nbsp;<\/p>\n<p><strong>50 anos de hist\u00f3ria <\/strong><\/p>\n<p>&nbsp;<\/p>\n<p>At\u00e9 o fim dos anos 60, Volkswagen era sin\u00f4nimo de motor traseiro refrigerado a ar. Heinrich Nordhoff, que ap\u00f3s a Segunda Guerra ressuscitou a companhia a partir de um monte de escombros, nem admitia a ideia de fazer carros com motor dianteiro \u201ca \u00e1gua\u201d.<\/p>\n<p>&nbsp;<\/p>\n<p>Mas Nordhoff morreu em 1968, poucos anos ap\u00f3s a Volks ter comprado a Auto Union\/Audi. Apesar de as vendas do Fusca ainda estarem no auge, tanto nos Estados Unidos quanto na Europa, era claro que o f\u00f4lego n\u00e3o se manteria eternamente. Modelos maiores da marca, como o VW 411, n\u00e3o decolaram. Uma revolu\u00e7\u00e3o tinha que acontecer.<\/p>\n<p>&nbsp;<\/p>\n<p>Inicialmente, decidiu-se fazer um carro m\u00e9dio baseado em um modelo da marca NSU (rec\u00e9m-anexada \u00e0 Audi). Era o K70, o primeiro Volkswagen com tra\u00e7\u00e3o dianteira e motor \u201ca \u00e1gua\u201d. Foi um enorme fracasso. O sucesso da nova fase s\u00f3 veio em 72, com o Passat. Esse modelo, na verdade, era um Audi 80 com roupa nova (tra\u00e7o de Giorgetto Giugiaro) e o escudo VW na grade.<\/p>\n<p>&nbsp;<\/p>\n<p>O mundo mudava, os japoneses chegavam e as vendas do Fusca ca\u00edam nos EUA e Europa. A Volks precisava de um novo carro pequeno. Para substituir o velho besouro, a companhia chegou a estudar um prot\u00f3tipo com motor central instalado sob o branco traseiro (EA 266), mas acabou desistindo da ideia. O prot\u00f3tipo seguinte (EA 276) j\u00e1 tinha motor dianteiro, mas era um boxer refrigerado a ar, num arranjo que anos mais tarde seria aproveitado no Brasil para o lan\u00e7amento do Gol.<\/p>\n<p>&nbsp;<\/p>\n<p>Mas foi o prot\u00f3tipo EA337, assinado por Giugiaro, que realmente deu origem ao primeiro Golf, lan\u00e7ado em 1974. Tinha motor transversal dianteiro de quatro cilindros em linha, refrigerado a \u00e1gua \u2014 um tipo de projeto j\u00e1 usado no Mini, no Peugeot 204 e nos Fiat 127 e 128.<\/p>\n<p>&nbsp;<\/p>\n<p>Apesar de n\u00e3o ter sido o pioneiro, o Golf se tornaria o arqu\u00e9tipo dos hatch modernos. As linhas retas, com colunas C grossas, davam ao modelo um aspecto limpo e, ao mesmo tempo, robusto. Al\u00e9m disso, o acabamento era \u00f3timo.<\/p>\n<p>&nbsp;<\/p>\n<p>Leve e com menos de quatro metros de comprimento, o carro mostrava agilidade. Em 1976, come\u00e7ou a ser vendida a vers\u00e3o GTI, com 110cv, capaz de bater rivais maiores e mais caros nas autobahnen. Num instante, todas as outras fabricantes copiaram a ideia, fazendo esportivos derivados de carros hatch.<\/p>\n<p>&nbsp;<\/p>\n<p>Com robustez, qualidade de constru\u00e7\u00e3o e simplicidade (as mesmas caracter\u00edsticas que fizeram a fama do Fusca), os Golf conseguiram agradar a compradores de v\u00e1rias camadas sociais, mantendo a Volks viva e sempre entre as l\u00edderes do mercado mundial.<\/p>\n<p>&nbsp;<\/p>\n<p>O Brasil demorou a receber o modelo. Somente em 1994 \u00e9 que o Golf (gera\u00e7\u00e3o Mk3) foi lan\u00e7ado aqui, inicialmente importado do M\u00e9xico e da Alemanha. Em 1998 foi a vez de a gera\u00e7\u00e3o Mk4 come\u00e7ar a ser fabricada aqui \u2014 durou tanto que acabou ganhando uma gera\u00e7\u00e3o \u201c4,5\u201d, requentada exclusivamente para o mercado nacional. Da\u00ed, pulamos diretamente para a gera\u00e7\u00e3o Mk7, que vinha importada e, a partir de 2015, passou a ser feita no Paran\u00e1.<\/p>\n<p>&nbsp;<\/p>\n<p>Hoje, o Golf j\u00e1 est\u00e1 na oitava gera\u00e7\u00e3o (\u201cMk8,5\u201d, para ser exato). Nesses 50 anos de exist\u00eancia, mais de 37 milh\u00f5es de exemplares foram produzidos, deixando longe o recorde anterior da Volkswagen, de 21 milh\u00f5es de Fuscas. (Motor 1\/Jason Vogel)<\/p>\n","protected":false},"excerpt":{"rendered":"<p>Motor 1 &nbsp; Patrocinadora do Rock in Rio 2024, a Volkswagen aproveita a proximidade do festival (que come\u00e7a nesta sexta-feira e vai at\u00e9 o pr\u00f3ximo dia 22) para mostrar no Brasil o Golf GTI de oitava gera\u00e7\u00e3o no Brasil. O modelo ser\u00e1 a maior estrela da marca em um estande com tr\u00eas andares e 150\u2026 <a class=\"readmore\" href=\"https:\/\/dana.com.br\/canaldana\/2024\/09\/13\/golf-gti-mk85-e-a-grande-estrela-da-volkswagen-no-rock-in-rio\/\">Leia mais \u00bb<\/a><\/p>\n","protected":false},"author":3,"featured_media":0,"comment_status":"closed","ping_status":"closed","sticky":false,"template":"","format":"standard","meta":{"_acf_changed":false,"footnotes":""},"categories":[79],"tags":[],"class_list":["post-76392","post","type-post","status-publish","format-standard","hentry","category-mercado"],"acf":[],"yoast_head":"<!-- This site is optimized with the Yoast SEO plugin v27.3 - https:\/\/yoast.com\/product\/yoast-seo-wordpress\/ -->\n<title>Golf GTI Mk8,5 \u00e9 a grande estrela da Volkswagen no Rock in Rio - Canal Dana<\/title>\n<meta name=\"robots\" content=\"index, follow, max-snippet:-1, max-image-preview:large, max-video-preview:-1\" \/>\n<link rel=\"canonical\" href=\"https:\/\/dana.com.br\/canaldana\/2024\/09\/13\/golf-gti-mk85-e-a-grande-estrela-da-volkswagen-no-rock-in-rio\/\" \/>\n<meta property=\"og:locale\" content=\"pt_BR\" \/>\n<meta property=\"og:type\" content=\"article\" \/>\n<meta property=\"og:title\" content=\"Golf GTI Mk8,5 \u00e9 a grande estrela da Volkswagen no Rock in Rio - Canal Dana\" \/>\n<meta property=\"og:description\" content=\"Motor 1 &nbsp; Patrocinadora do Rock in Rio 2024, a Volkswagen aproveita a proximidade do festival (que come\u00e7a nesta sexta-feira e vai at\u00e9 o pr\u00f3ximo dia 22) para mostrar no Brasil o Golf GTI de oitava gera\u00e7\u00e3o no Brasil. O modelo ser\u00e1 a maior estrela da marca em um estande com tr\u00eas andares e 150\u2026 Leia mais \u00bb\" \/>\n<meta property=\"og:url\" content=\"https:\/\/dana.com.br\/canaldana\/2024\/09\/13\/golf-gti-mk85-e-a-grande-estrela-da-volkswagen-no-rock-in-rio\/\" \/>\n<meta property=\"og:site_name\" content=\"Canal Dana\" \/>\n<meta property=\"article:published_time\" content=\"2024-09-13T11:35:44+00:00\" \/>\n<meta name=\"author\" content=\"Canal Dana\" \/>\n<meta name=\"twitter:card\" content=\"summary_large_image\" \/>\n<meta name=\"twitter:label1\" content=\"Escrito por\" \/>\n\t<meta name=\"twitter:data1\" content=\"Canal Dana\" \/>\n\t<meta name=\"twitter:label2\" content=\"Est. tempo de leitura\" \/>\n\t<meta name=\"twitter:data2\" content=\"8 minutos\" \/>\n<script type=\"application\/ld+json\" class=\"yoast-schema-graph\">{\"@context\":\"https:\\\/\\\/schema.org\",\"@graph\":[{\"@type\":\"Article\",\"@id\":\"https:\\\/\\\/dana.com.br\\\/canaldana\\\/2024\\\/09\\\/13\\\/golf-gti-mk85-e-a-grande-estrela-da-volkswagen-no-rock-in-rio\\\/#article\",\"isPartOf\":{\"@id\":\"https:\\\/\\\/dana.com.br\\\/canaldana\\\/2024\\\/09\\\/13\\\/golf-gti-mk85-e-a-grande-estrela-da-volkswagen-no-rock-in-rio\\\/\"},\"author\":{\"name\":\"Canal Dana\",\"@id\":\"https:\\\/\\\/dana.com.br\\\/canaldana\\\/#\\\/schema\\\/person\\\/3c21f22f56fcf3bc46b94bc60ea4fef6\"},\"headline\":\"Golf GTI Mk8,5 \u00e9 a grande estrela da Volkswagen no Rock in Rio\",\"datePublished\":\"2024-09-13T11:35:44+00:00\",\"mainEntityOfPage\":{\"@id\":\"https:\\\/\\\/dana.com.br\\\/canaldana\\\/2024\\\/09\\\/13\\\/golf-gti-mk85-e-a-grande-estrela-da-volkswagen-no-rock-in-rio\\\/\"},\"wordCount\":1362,\"articleSection\":[\"Mercado\"],\"inLanguage\":\"pt-BR\"},{\"@type\":\"WebPage\",\"@id\":\"https:\\\/\\\/dana.com.br\\\/canaldana\\\/2024\\\/09\\\/13\\\/golf-gti-mk85-e-a-grande-estrela-da-volkswagen-no-rock-in-rio\\\/\",\"url\":\"https:\\\/\\\/dana.com.br\\\/canaldana\\\/2024\\\/09\\\/13\\\/golf-gti-mk85-e-a-grande-estrela-da-volkswagen-no-rock-in-rio\\\/\",\"name\":\"Golf GTI Mk8,5 \u00e9 a grande estrela da Volkswagen no Rock in Rio - Canal Dana\",\"isPartOf\":{\"@id\":\"https:\\\/\\\/dana.com.br\\\/canaldana\\\/#website\"},\"datePublished\":\"2024-09-13T11:35:44+00:00\",\"author\":{\"@id\":\"https:\\\/\\\/dana.com.br\\\/canaldana\\\/#\\\/schema\\\/person\\\/3c21f22f56fcf3bc46b94bc60ea4fef6\"},\"breadcrumb\":{\"@id\":\"https:\\\/\\\/dana.com.br\\\/canaldana\\\/2024\\\/09\\\/13\\\/golf-gti-mk85-e-a-grande-estrela-da-volkswagen-no-rock-in-rio\\\/#breadcrumb\"},\"inLanguage\":\"pt-BR\",\"potentialAction\":[{\"@type\":\"ReadAction\",\"target\":[\"https:\\\/\\\/dana.com.br\\\/canaldana\\\/2024\\\/09\\\/13\\\/golf-gti-mk85-e-a-grande-estrela-da-volkswagen-no-rock-in-rio\\\/\"]}]},{\"@type\":\"BreadcrumbList\",\"@id\":\"https:\\\/\\\/dana.com.br\\\/canaldana\\\/2024\\\/09\\\/13\\\/golf-gti-mk85-e-a-grande-estrela-da-volkswagen-no-rock-in-rio\\\/#breadcrumb\",\"itemListElement\":[{\"@type\":\"ListItem\",\"position\":1,\"name\":\"Home\",\"item\":\"https:\\\/\\\/dana.com.br\\\/canaldana\\\/\"},{\"@type\":\"ListItem\",\"position\":2,\"name\":\"Mercado\",\"item\":\"https:\\\/\\\/dana.com.br\\\/canaldana\\\/mercado\\\/\"},{\"@type\":\"ListItem\",\"position\":3,\"name\":\"Golf GTI Mk8,5 \u00e9 a grande estrela da Volkswagen no Rock in Rio\"}]},{\"@type\":\"WebSite\",\"@id\":\"https:\\\/\\\/dana.com.br\\\/canaldana\\\/#website\",\"url\":\"https:\\\/\\\/dana.com.br\\\/canaldana\\\/\",\"name\":\"Canal Dana\",\"description\":\"Informativo com as principais not\u00edcias da ind\u00fastria automotiva\",\"potentialAction\":[{\"@type\":\"SearchAction\",\"target\":{\"@type\":\"EntryPoint\",\"urlTemplate\":\"https:\\\/\\\/dana.com.br\\\/canaldana\\\/?s={search_term_string}\"},\"query-input\":{\"@type\":\"PropertyValueSpecification\",\"valueRequired\":true,\"valueName\":\"search_term_string\"}}],\"inLanguage\":\"pt-BR\"},{\"@type\":\"Person\",\"@id\":\"https:\\\/\\\/dana.com.br\\\/canaldana\\\/#\\\/schema\\\/person\\\/3c21f22f56fcf3bc46b94bc60ea4fef6\",\"name\":\"Canal Dana\",\"image\":{\"@type\":\"ImageObject\",\"inLanguage\":\"pt-BR\",\"@id\":\"https:\\\/\\\/secure.gravatar.com\\\/avatar\\\/420aaf9278582877d9018637c6817617705899d2858d7572ef0fe59a6b6454b4?s=96&d=mm&r=g\",\"url\":\"https:\\\/\\\/secure.gravatar.com\\\/avatar\\\/420aaf9278582877d9018637c6817617705899d2858d7572ef0fe59a6b6454b4?s=96&d=mm&r=g\",\"contentUrl\":\"https:\\\/\\\/secure.gravatar.com\\\/avatar\\\/420aaf9278582877d9018637c6817617705899d2858d7572ef0fe59a6b6454b4?s=96&d=mm&r=g\",\"caption\":\"Canal Dana\"},\"url\":\"https:\\\/\\\/dana.com.br\\\/canaldana\\\/author\\\/cdeditor\\\/\"}]}<\/script>\n<!-- \/ Yoast SEO plugin. -->","yoast_head_json":{"title":"Golf GTI Mk8,5 \u00e9 a grande estrela da Volkswagen no Rock in Rio - Canal Dana","robots":{"index":"index","follow":"follow","max-snippet":"max-snippet:-1","max-image-preview":"max-image-preview:large","max-video-preview":"max-video-preview:-1"},"canonical":"https:\/\/dana.com.br\/canaldana\/2024\/09\/13\/golf-gti-mk85-e-a-grande-estrela-da-volkswagen-no-rock-in-rio\/","og_locale":"pt_BR","og_type":"article","og_title":"Golf GTI Mk8,5 \u00e9 a grande estrela da Volkswagen no Rock in Rio - Canal Dana","og_description":"Motor 1 &nbsp; Patrocinadora do Rock in Rio 2024, a Volkswagen aproveita a proximidade do festival (que come\u00e7a nesta sexta-feira e vai at\u00e9 o pr\u00f3ximo dia 22) para mostrar no Brasil o Golf GTI de oitava gera\u00e7\u00e3o no Brasil. O modelo ser\u00e1 a maior estrela da marca em um estande com tr\u00eas andares e 150\u2026 Leia mais \u00bb","og_url":"https:\/\/dana.com.br\/canaldana\/2024\/09\/13\/golf-gti-mk85-e-a-grande-estrela-da-volkswagen-no-rock-in-rio\/","og_site_name":"Canal Dana","article_published_time":"2024-09-13T11:35:44+00:00","author":"Canal Dana","twitter_card":"summary_large_image","twitter_misc":{"Escrito por":"Canal Dana","Est. tempo de leitura":"8 minutos"},"schema":{"@context":"https:\/\/schema.org","@graph":[{"@type":"Article","@id":"https:\/\/dana.com.br\/canaldana\/2024\/09\/13\/golf-gti-mk85-e-a-grande-estrela-da-volkswagen-no-rock-in-rio\/#article","isPartOf":{"@id":"https:\/\/dana.com.br\/canaldana\/2024\/09\/13\/golf-gti-mk85-e-a-grande-estrela-da-volkswagen-no-rock-in-rio\/"},"author":{"name":"Canal Dana","@id":"https:\/\/dana.com.br\/canaldana\/#\/schema\/person\/3c21f22f56fcf3bc46b94bc60ea4fef6"},"headline":"Golf GTI Mk8,5 \u00e9 a grande estrela da Volkswagen no Rock in Rio","datePublished":"2024-09-13T11:35:44+00:00","mainEntityOfPage":{"@id":"https:\/\/dana.com.br\/canaldana\/2024\/09\/13\/golf-gti-mk85-e-a-grande-estrela-da-volkswagen-no-rock-in-rio\/"},"wordCount":1362,"articleSection":["Mercado"],"inLanguage":"pt-BR"},{"@type":"WebPage","@id":"https:\/\/dana.com.br\/canaldana\/2024\/09\/13\/golf-gti-mk85-e-a-grande-estrela-da-volkswagen-no-rock-in-rio\/","url":"https:\/\/dana.com.br\/canaldana\/2024\/09\/13\/golf-gti-mk85-e-a-grande-estrela-da-volkswagen-no-rock-in-rio\/","name":"Golf GTI Mk8,5 \u00e9 a grande estrela da Volkswagen no Rock in Rio - Canal Dana","isPartOf":{"@id":"https:\/\/dana.com.br\/canaldana\/#website"},"datePublished":"2024-09-13T11:35:44+00:00","author":{"@id":"https:\/\/dana.com.br\/canaldana\/#\/schema\/person\/3c21f22f56fcf3bc46b94bc60ea4fef6"},"breadcrumb":{"@id":"https:\/\/dana.com.br\/canaldana\/2024\/09\/13\/golf-gti-mk85-e-a-grande-estrela-da-volkswagen-no-rock-in-rio\/#breadcrumb"},"inLanguage":"pt-BR","potentialAction":[{"@type":"ReadAction","target":["https:\/\/dana.com.br\/canaldana\/2024\/09\/13\/golf-gti-mk85-e-a-grande-estrela-da-volkswagen-no-rock-in-rio\/"]}]},{"@type":"BreadcrumbList","@id":"https:\/\/dana.com.br\/canaldana\/2024\/09\/13\/golf-gti-mk85-e-a-grande-estrela-da-volkswagen-no-rock-in-rio\/#breadcrumb","itemListElement":[{"@type":"ListItem","position":1,"name":"Home","item":"https:\/\/dana.com.br\/canaldana\/"},{"@type":"ListItem","position":2,"name":"Mercado","item":"https:\/\/dana.com.br\/canaldana\/mercado\/"},{"@type":"ListItem","position":3,"name":"Golf GTI Mk8,5 \u00e9 a grande estrela da Volkswagen no Rock in Rio"}]},{"@type":"WebSite","@id":"https:\/\/dana.com.br\/canaldana\/#website","url":"https:\/\/dana.com.br\/canaldana\/","name":"Canal Dana","description":"Informativo com as principais not\u00edcias da ind\u00fastria automotiva","potentialAction":[{"@type":"SearchAction","target":{"@type":"EntryPoint","urlTemplate":"https:\/\/dana.com.br\/canaldana\/?s={search_term_string}"},"query-input":{"@type":"PropertyValueSpecification","valueRequired":true,"valueName":"search_term_string"}}],"inLanguage":"pt-BR"},{"@type":"Person","@id":"https:\/\/dana.com.br\/canaldana\/#\/schema\/person\/3c21f22f56fcf3bc46b94bc60ea4fef6","name":"Canal Dana","image":{"@type":"ImageObject","inLanguage":"pt-BR","@id":"https:\/\/secure.gravatar.com\/avatar\/420aaf9278582877d9018637c6817617705899d2858d7572ef0fe59a6b6454b4?s=96&d=mm&r=g","url":"https:\/\/secure.gravatar.com\/avatar\/420aaf9278582877d9018637c6817617705899d2858d7572ef0fe59a6b6454b4?s=96&d=mm&r=g","contentUrl":"https:\/\/secure.gravatar.com\/avatar\/420aaf9278582877d9018637c6817617705899d2858d7572ef0fe59a6b6454b4?s=96&d=mm&r=g","caption":"Canal Dana"},"url":"https:\/\/dana.com.br\/canaldana\/author\/cdeditor\/"}]}},"_links":{"self":[{"href":"https:\/\/dana.com.br\/canaldana\/wp-json\/wp\/v2\/posts\/76392","targetHints":{"allow":["GET"]}}],"collection":[{"href":"https:\/\/dana.com.br\/canaldana\/wp-json\/wp\/v2\/posts"}],"about":[{"href":"https:\/\/dana.com.br\/canaldana\/wp-json\/wp\/v2\/types\/post"}],"author":[{"embeddable":true,"href":"https:\/\/dana.com.br\/canaldana\/wp-json\/wp\/v2\/users\/3"}],"replies":[{"embeddable":true,"href":"https:\/\/dana.com.br\/canaldana\/wp-json\/wp\/v2\/comments?post=76392"}],"version-history":[{"count":1,"href":"https:\/\/dana.com.br\/canaldana\/wp-json\/wp\/v2\/posts\/76392\/revisions"}],"predecessor-version":[{"id":76393,"href":"https:\/\/dana.com.br\/canaldana\/wp-json\/wp\/v2\/posts\/76392\/revisions\/76393"}],"wp:attachment":[{"href":"https:\/\/dana.com.br\/canaldana\/wp-json\/wp\/v2\/media?parent=76392"}],"wp:term":[{"taxonomy":"category","embeddable":true,"href":"https:\/\/dana.com.br\/canaldana\/wp-json\/wp\/v2\/categories?post=76392"},{"taxonomy":"post_tag","embeddable":true,"href":"https:\/\/dana.com.br\/canaldana\/wp-json\/wp\/v2\/tags?post=76392"}],"curies":[{"name":"wp","href":"https:\/\/api.w.org\/{rel}","templated":true}]}}