{"id":7637,"date":"2016-04-15T08:18:36","date_gmt":"2016-04-15T11:18:36","guid":{"rendered":"http:\/\/dana.com.br\/canaldana\/?p=7637"},"modified":"2016-04-15T08:18:36","modified_gmt":"2016-04-15T11:18:36","slug":"editora-frota-revela-ganhadores-do-premio-lotus-2016","status":"publish","type":"post","link":"https:\/\/dana.com.br\/canaldana\/2016\/04\/15\/editora-frota-revela-ganhadores-do-premio-lotus-2016\/","title":{"rendered":"Editora Frota revela ganhadores do Pr\u00eamio L\u00f3tus 2016"},"content":{"rendered":"<p><em>Frota &amp; Cia<\/em><\/p>\n<p>&nbsp;<\/p>\n<p>A Editora Frota, que edita a revista Frota &amp; Cia e o portal Frota &amp; Cia On Line, anunciou no dia 12 de abril os ganhadores do Pr\u00eamio L\u00f3tus 2016, a mais consagrada e cobi\u00e7ada premia\u00e7\u00e3o do mercado brasileiro de ve\u00edculos comerciais.<\/p>\n<p>&nbsp;<\/p>\n<p>Em sua 23\u00aa edi\u00e7\u00e3o, o Pr\u00eamio L\u00f3tus 2016 refletiu com precis\u00e3o o vendaval que arrasou a ind\u00fastria automobil\u00edstica brasileira no ano passado e o segmento dedicado \u00e0 produ\u00e7\u00e3o de ve\u00edculos comerciais, em particular. \u201cA forte disputa entre fabricantes, diante de um mercado em retra\u00e7\u00e3o, provocou mudan\u00e7as no ranking de marcas e modelos de caminh\u00f5es, \u00f4nibus e utilit\u00e1rios que competem no mercado nacional\u201d, explica Jos\u00e9 Augusto Ferraz, diretor da empresa e respons\u00e1vel pela premia\u00e7\u00e3o. Na vis\u00e3o do diretor, a dan\u00e7a de posi\u00e7\u00f5es na lista de ganhadores do Pr\u00eamio L\u00f3tus 2016 reflete uma altern\u00e2ncia t\u00edpica do mercado, sobretudo em per\u00edodos de maior competi\u00e7\u00e3o.<\/p>\n<p>&nbsp;<\/p>\n<p>\u00c9 o caso da MAN Latin America, que responde pelas marcas MAN e Volkswagen Caminh\u00f5es e \u00d4nibus. Se, de um lado, a empresa reafirmou a sua condi\u00e7\u00e3o de \u201cMarca do Ano em Caminh\u00f5es\u201d, pela lideran\u00e7a conquistada nesse mercado, pelo s\u00e9timo ano seguido, de outro, n\u00e3o conseguiu repetir o desempenho do ano passado, quando conquistou sete estatuetas da premia\u00e7\u00e3o. Em 2016, a montadora leva para a f\u00e1brica de Resende um total de cinco distin\u00e7\u00f5es, com destaque ainda para os t\u00edtulos de \u201cCaminh\u00e3o do Ano\u201d e \u201cCaminh\u00e3o Semipesado do Ano\u201d, outorgados ao modelo Volkswagen Constellation 24.280 6&#215;2. Mais o trof\u00e9u de \u201cCaminh\u00e3o Leve do Ano\u201d, por conta do bom desempenho do VW Delivery 8.160.<\/p>\n<p>&nbsp;<\/p>\n<p>A segunda novidade do ano atende pelo nome de Ford Caminh\u00f5es. A montadora de S\u00e3o Bernardo do Campo foi premiada em quatro categorias; nada menos que tr\u00eas a mais em rela\u00e7\u00e3o a uma \u00fanica conquista do ano passado. A volta do consagrado modelo F-350 ao mercado brasileiro permitiu \u00e0 f\u00e1brica da marca oval retomar a lideran\u00e7a no mercado de caminh\u00f5es semileves e colocar esse fen\u00f4meno de vendas de volta ao topo desse segmento. Da mesma forma, o modelo Cargo 1119 garantiu \u00e0 Ford Caminh\u00f5es mais um t\u00edtulo de \u201cCaminh\u00e3o M\u00e9dio do Ano\u201d e o in\u00e9dito trof\u00e9u de \u201cMarca do Ano em Caminh\u00f5es M\u00e9dios\u201d.<\/p>\n<p>&nbsp;<\/p>\n<p>Outra surpresa foi a f\u00e1brica Mercedes-Benz que, pela primeira vez em toda a hist\u00f3ria da premia\u00e7\u00e3o, n\u00e3o figurou em nenhuma categoria do mercado de caminh\u00f5es, outrora cativo da montadora alem\u00e3. Para compensar a perda, a fabricante manteve seu dom\u00ednio no mercado brasileiro de chassis de \u00f4nibus, tanto nos segmentos urbano quanto rodovi\u00e1rio.<\/p>\n<p>&nbsp;<\/p>\n<p>O mesmo aconteceu com a Fiat, que garantiu dois consagrados p\u00f3dios, o de \u201cFurg\u00e3o Leve do Ano\u201d e \u201cFurg\u00e3o do Ano\u201d, atribu\u00eddos pela ordem ao Fiorino Furg\u00e3o e o Ducato Cargo. Mas, teve de ceder espa\u00e7o \u00e0 Renault &#8211; que faz sua estreia no Pr\u00eamio L\u00f3tus &#8211; por conta das 3.748 unidades licenciadas da Master, que renderam o cobi\u00e7ado t\u00edtulo de \u201cMinibus do Ano\u201d.<\/p>\n<p>&nbsp;<\/p>\n<p>Apenas a Volvo, Marcopolo, Volare, Hyundai e Caio mantiveram as mesmas conquistas do ano passado, reconhecidas pelo Pr\u00eamio L\u00f3tus 2016. Confira, na lista abaixo, os ganhadores da premia\u00e7\u00e3o e os t\u00edtulos conquistados por cada marca.<\/p>\n<p>&nbsp;<\/p>\n<p><strong>PR\u00caMIO L\u00d3TUS 2016<\/strong><\/p>\n<p>&nbsp;<\/p>\n<p><strong>MAN LATIN AMERICA \/ VOLKSWAGEM<\/strong><\/p>\n<p>Marca do Ano em Caminh\u00f5es<\/p>\n<p>Marca do Ano em Caminh\u00f5es Leves<\/p>\n<p>Marca do Ano em Caminh\u00f5es Semipesados<\/p>\n<p>Caminh\u00e3o do Ano &#8211; Constellation 24.280 6X2 r\u00edgido<\/p>\n<p>Caminh\u00e3o Leve do Ano &#8211; Delivery 8.160<\/p>\n<p>Caminh\u00e3o Semipesado do Ano &#8211; Constellation 24.280 6X2 r\u00edgido<\/p>\n<p>&nbsp;<\/p>\n<p><strong>FORD CAMINH\u00d5ES<\/strong><\/p>\n<p>Marca do Ano em Caminh\u00f5es Semileves<\/p>\n<p>Marca do Ano em Caminh\u00f5es M\u00e9dios<\/p>\n<p>Caminh\u00e3o Leve do Ano &#8211; F 350<\/p>\n<p>Caminh\u00e3o M\u00e9dio do Ano &#8211; Cargo 1119<\/p>\n<p>&nbsp;<\/p>\n<p><strong>MERCEDES-BENZ<\/strong><\/p>\n<p>Marca do Ano em Chassis de \u00d4nibus<\/p>\n<p>Marca do Ano em Chassis de \u00d4nibus Urbanos<\/p>\n<p>Marca do Ano em Chassis de \u00d4nibus Rodovi\u00e1rios<\/p>\n<p>&nbsp;<\/p>\n<p><strong>VOLVO<\/strong><\/p>\n<p>Marca do Ano em Caminh\u00f5es Pesados<\/p>\n<p>Caminh\u00e3o Pesado do Ano &#8211; FH 460 6x2T<\/p>\n<p>&nbsp;<\/p>\n<p><strong>RENAULT<\/strong><\/p>\n<p>Minibus do Ano &#8211; Master Minibus<\/p>\n<p>&nbsp;<\/p>\n<p><strong>FIAT<\/strong><\/p>\n<p>Furg\u00e3o Leve do Ano &#8211; Fiorino Furg\u00e3o<\/p>\n<p>Furg\u00e3o do Ano &#8211; Ducato Furg\u00e3o<\/p>\n<p>&nbsp;<\/p>\n<p><strong>CAOA \/ HYUNDAI<\/strong><\/p>\n<p>Camioneta de Carga do Ano &#8211; Hyundai HR<\/p>\n<p>&nbsp;<\/p>\n<p><strong>CAIO\/INDUSCAR<\/strong><\/p>\n<p>Marca do Ano em Carrocerias de \u00d4nibus Urbanos<\/p>\n<p>&nbsp;<\/p>\n<p><strong>VOLARE<\/strong><\/p>\n<p>Marca do Ano em Micro-\u00f4nibus<\/p>\n<p>(Frota &amp; Cia)<\/p>\n<p>&nbsp;<\/p>\n","protected":false},"excerpt":{"rendered":"<p>Frota &amp; Cia &nbsp; A Editora Frota, que edita a revista Frota &amp; Cia e o portal Frota &amp; Cia On Line, anunciou no dia 12 de abril os ganhadores do Pr\u00eamio L\u00f3tus 2016, a mais consagrada e cobi\u00e7ada premia\u00e7\u00e3o do mercado brasileiro de ve\u00edculos comerciais. &nbsp; Em sua 23\u00aa edi\u00e7\u00e3o, o Pr\u00eamio L\u00f3tus 2016\u2026 <a class=\"readmore\" href=\"https:\/\/dana.com.br\/canaldana\/2016\/04\/15\/editora-frota-revela-ganhadores-do-premio-lotus-2016\/\">Leia mais \u00bb<\/a><\/p>\n","protected":false},"author":3,"featured_media":0,"comment_status":"closed","ping_status":"closed","sticky":false,"template":"","format":"standard","meta":{"_acf_changed":false,"footnotes":""},"categories":[74],"tags":[],"class_list":["post-7637","post","type-post","status-publish","format-standard","hentry","category-premios"],"acf":[],"yoast_head":"<!-- This site is optimized with the Yoast SEO plugin v27.5 - https:\/\/yoast.com\/product\/yoast-seo-wordpress\/ -->\n<title>Editora Frota revela ganhadores do Pr\u00eamio L\u00f3tus 2016 - Canal Dana<\/title>\n<meta name=\"robots\" content=\"index, follow, max-snippet:-1, max-image-preview:large, max-video-preview:-1\" \/>\n<link rel=\"canonical\" href=\"https:\/\/dana.com.br\/canaldana\/2016\/04\/15\/editora-frota-revela-ganhadores-do-premio-lotus-2016\/\" \/>\n<meta property=\"og:locale\" content=\"pt_BR\" \/>\n<meta property=\"og:type\" content=\"article\" \/>\n<meta property=\"og:title\" content=\"Editora Frota revela ganhadores do Pr\u00eamio L\u00f3tus 2016 - Canal Dana\" \/>\n<meta property=\"og:description\" content=\"Frota &amp; Cia &nbsp; A Editora Frota, que edita a revista Frota &amp; Cia e o portal Frota &amp; Cia On Line, anunciou no dia 12 de abril os ganhadores do Pr\u00eamio L\u00f3tus 2016, a mais consagrada e cobi\u00e7ada premia\u00e7\u00e3o do mercado brasileiro de ve\u00edculos comerciais. &nbsp; Em sua 23\u00aa edi\u00e7\u00e3o, o Pr\u00eamio L\u00f3tus 2016\u2026 Leia mais \u00bb\" \/>\n<meta property=\"og:url\" content=\"https:\/\/dana.com.br\/canaldana\/2016\/04\/15\/editora-frota-revela-ganhadores-do-premio-lotus-2016\/\" \/>\n<meta property=\"og:site_name\" content=\"Canal Dana\" \/>\n<meta property=\"article:published_time\" content=\"2016-04-15T11:18:36+00:00\" \/>\n<meta name=\"author\" content=\"Canal Dana\" \/>\n<meta name=\"twitter:card\" content=\"summary_large_image\" \/>\n<meta name=\"twitter:label1\" content=\"Escrito por\" \/>\n\t<meta name=\"twitter:data1\" content=\"Canal Dana\" \/>\n\t<meta name=\"twitter:label2\" content=\"Est. tempo de leitura\" \/>\n\t<meta name=\"twitter:data2\" content=\"4 minutos\" \/>\n<script type=\"application\/ld+json\" class=\"yoast-schema-graph\">{\"@context\":\"https:\\\/\\\/schema.org\",\"@graph\":[{\"@type\":\"Article\",\"@id\":\"https:\\\/\\\/dana.com.br\\\/canaldana\\\/2016\\\/04\\\/15\\\/editora-frota-revela-ganhadores-do-premio-lotus-2016\\\/#article\",\"isPartOf\":{\"@id\":\"https:\\\/\\\/dana.com.br\\\/canaldana\\\/2016\\\/04\\\/15\\\/editora-frota-revela-ganhadores-do-premio-lotus-2016\\\/\"},\"author\":{\"name\":\"Canal Dana\",\"@id\":\"https:\\\/\\\/dana.com.br\\\/canaldana\\\/#\\\/schema\\\/person\\\/3c21f22f56fcf3bc46b94bc60ea4fef6\"},\"headline\":\"Editora Frota revela ganhadores do Pr\u00eamio L\u00f3tus 2016\",\"datePublished\":\"2016-04-15T11:18:36+00:00\",\"mainEntityOfPage\":{\"@id\":\"https:\\\/\\\/dana.com.br\\\/canaldana\\\/2016\\\/04\\\/15\\\/editora-frota-revela-ganhadores-do-premio-lotus-2016\\\/\"},\"wordCount\":786,\"articleSection\":[\"Pr\u00eamios\"],\"inLanguage\":\"pt-BR\"},{\"@type\":\"WebPage\",\"@id\":\"https:\\\/\\\/dana.com.br\\\/canaldana\\\/2016\\\/04\\\/15\\\/editora-frota-revela-ganhadores-do-premio-lotus-2016\\\/\",\"url\":\"https:\\\/\\\/dana.com.br\\\/canaldana\\\/2016\\\/04\\\/15\\\/editora-frota-revela-ganhadores-do-premio-lotus-2016\\\/\",\"name\":\"Editora Frota revela ganhadores do Pr\u00eamio L\u00f3tus 2016 - Canal Dana\",\"isPartOf\":{\"@id\":\"https:\\\/\\\/dana.com.br\\\/canaldana\\\/#website\"},\"datePublished\":\"2016-04-15T11:18:36+00:00\",\"author\":{\"@id\":\"https:\\\/\\\/dana.com.br\\\/canaldana\\\/#\\\/schema\\\/person\\\/3c21f22f56fcf3bc46b94bc60ea4fef6\"},\"breadcrumb\":{\"@id\":\"https:\\\/\\\/dana.com.br\\\/canaldana\\\/2016\\\/04\\\/15\\\/editora-frota-revela-ganhadores-do-premio-lotus-2016\\\/#breadcrumb\"},\"inLanguage\":\"pt-BR\",\"potentialAction\":[{\"@type\":\"ReadAction\",\"target\":[\"https:\\\/\\\/dana.com.br\\\/canaldana\\\/2016\\\/04\\\/15\\\/editora-frota-revela-ganhadores-do-premio-lotus-2016\\\/\"]}]},{\"@type\":\"BreadcrumbList\",\"@id\":\"https:\\\/\\\/dana.com.br\\\/canaldana\\\/2016\\\/04\\\/15\\\/editora-frota-revela-ganhadores-do-premio-lotus-2016\\\/#breadcrumb\",\"itemListElement\":[{\"@type\":\"ListItem\",\"position\":1,\"name\":\"Home\",\"item\":\"https:\\\/\\\/dana.com.br\\\/canaldana\\\/\"},{\"@type\":\"ListItem\",\"position\":2,\"name\":\"Pr\u00eamios\",\"item\":\"https:\\\/\\\/dana.com.br\\\/canaldana\\\/premios\\\/\"},{\"@type\":\"ListItem\",\"position\":3,\"name\":\"Editora Frota revela ganhadores do Pr\u00eamio L\u00f3tus 2016\"}]},{\"@type\":\"WebSite\",\"@id\":\"https:\\\/\\\/dana.com.br\\\/canaldana\\\/#website\",\"url\":\"https:\\\/\\\/dana.com.br\\\/canaldana\\\/\",\"name\":\"Canal Dana\",\"description\":\"Informativo com as principais not\u00edcias da ind\u00fastria automotiva\",\"potentialAction\":[{\"@type\":\"SearchAction\",\"target\":{\"@type\":\"EntryPoint\",\"urlTemplate\":\"https:\\\/\\\/dana.com.br\\\/canaldana\\\/?s={search_term_string}\"},\"query-input\":{\"@type\":\"PropertyValueSpecification\",\"valueRequired\":true,\"valueName\":\"search_term_string\"}}],\"inLanguage\":\"pt-BR\"},{\"@type\":\"Person\",\"@id\":\"https:\\\/\\\/dana.com.br\\\/canaldana\\\/#\\\/schema\\\/person\\\/3c21f22f56fcf3bc46b94bc60ea4fef6\",\"name\":\"Canal Dana\",\"image\":{\"@type\":\"ImageObject\",\"inLanguage\":\"pt-BR\",\"@id\":\"https:\\\/\\\/secure.gravatar.com\\\/avatar\\\/420aaf9278582877d9018637c6817617705899d2858d7572ef0fe59a6b6454b4?s=96&d=mm&r=g\",\"url\":\"https:\\\/\\\/secure.gravatar.com\\\/avatar\\\/420aaf9278582877d9018637c6817617705899d2858d7572ef0fe59a6b6454b4?s=96&d=mm&r=g\",\"contentUrl\":\"https:\\\/\\\/secure.gravatar.com\\\/avatar\\\/420aaf9278582877d9018637c6817617705899d2858d7572ef0fe59a6b6454b4?s=96&d=mm&r=g\",\"caption\":\"Canal Dana\"},\"url\":\"https:\\\/\\\/dana.com.br\\\/canaldana\\\/author\\\/cdeditor\\\/\"}]}<\/script>\n<!-- \/ Yoast SEO plugin. -->","yoast_head_json":{"title":"Editora Frota revela ganhadores do Pr\u00eamio L\u00f3tus 2016 - Canal Dana","robots":{"index":"index","follow":"follow","max-snippet":"max-snippet:-1","max-image-preview":"max-image-preview:large","max-video-preview":"max-video-preview:-1"},"canonical":"https:\/\/dana.com.br\/canaldana\/2016\/04\/15\/editora-frota-revela-ganhadores-do-premio-lotus-2016\/","og_locale":"pt_BR","og_type":"article","og_title":"Editora Frota revela ganhadores do Pr\u00eamio L\u00f3tus 2016 - Canal Dana","og_description":"Frota &amp; Cia &nbsp; A Editora Frota, que edita a revista Frota &amp; Cia e o portal Frota &amp; Cia On Line, anunciou no dia 12 de abril os ganhadores do Pr\u00eamio L\u00f3tus 2016, a mais consagrada e cobi\u00e7ada premia\u00e7\u00e3o do mercado brasileiro de ve\u00edculos comerciais. &nbsp; Em sua 23\u00aa edi\u00e7\u00e3o, o Pr\u00eamio L\u00f3tus 2016\u2026 Leia mais \u00bb","og_url":"https:\/\/dana.com.br\/canaldana\/2016\/04\/15\/editora-frota-revela-ganhadores-do-premio-lotus-2016\/","og_site_name":"Canal Dana","article_published_time":"2016-04-15T11:18:36+00:00","author":"Canal Dana","twitter_card":"summary_large_image","twitter_misc":{"Escrito por":"Canal Dana","Est. tempo de leitura":"4 minutos"},"schema":{"@context":"https:\/\/schema.org","@graph":[{"@type":"Article","@id":"https:\/\/dana.com.br\/canaldana\/2016\/04\/15\/editora-frota-revela-ganhadores-do-premio-lotus-2016\/#article","isPartOf":{"@id":"https:\/\/dana.com.br\/canaldana\/2016\/04\/15\/editora-frota-revela-ganhadores-do-premio-lotus-2016\/"},"author":{"name":"Canal Dana","@id":"https:\/\/dana.com.br\/canaldana\/#\/schema\/person\/3c21f22f56fcf3bc46b94bc60ea4fef6"},"headline":"Editora Frota revela ganhadores do Pr\u00eamio L\u00f3tus 2016","datePublished":"2016-04-15T11:18:36+00:00","mainEntityOfPage":{"@id":"https:\/\/dana.com.br\/canaldana\/2016\/04\/15\/editora-frota-revela-ganhadores-do-premio-lotus-2016\/"},"wordCount":786,"articleSection":["Pr\u00eamios"],"inLanguage":"pt-BR"},{"@type":"WebPage","@id":"https:\/\/dana.com.br\/canaldana\/2016\/04\/15\/editora-frota-revela-ganhadores-do-premio-lotus-2016\/","url":"https:\/\/dana.com.br\/canaldana\/2016\/04\/15\/editora-frota-revela-ganhadores-do-premio-lotus-2016\/","name":"Editora Frota revela ganhadores do Pr\u00eamio L\u00f3tus 2016 - Canal Dana","isPartOf":{"@id":"https:\/\/dana.com.br\/canaldana\/#website"},"datePublished":"2016-04-15T11:18:36+00:00","author":{"@id":"https:\/\/dana.com.br\/canaldana\/#\/schema\/person\/3c21f22f56fcf3bc46b94bc60ea4fef6"},"breadcrumb":{"@id":"https:\/\/dana.com.br\/canaldana\/2016\/04\/15\/editora-frota-revela-ganhadores-do-premio-lotus-2016\/#breadcrumb"},"inLanguage":"pt-BR","potentialAction":[{"@type":"ReadAction","target":["https:\/\/dana.com.br\/canaldana\/2016\/04\/15\/editora-frota-revela-ganhadores-do-premio-lotus-2016\/"]}]},{"@type":"BreadcrumbList","@id":"https:\/\/dana.com.br\/canaldana\/2016\/04\/15\/editora-frota-revela-ganhadores-do-premio-lotus-2016\/#breadcrumb","itemListElement":[{"@type":"ListItem","position":1,"name":"Home","item":"https:\/\/dana.com.br\/canaldana\/"},{"@type":"ListItem","position":2,"name":"Pr\u00eamios","item":"https:\/\/dana.com.br\/canaldana\/premios\/"},{"@type":"ListItem","position":3,"name":"Editora Frota revela ganhadores do Pr\u00eamio L\u00f3tus 2016"}]},{"@type":"WebSite","@id":"https:\/\/dana.com.br\/canaldana\/#website","url":"https:\/\/dana.com.br\/canaldana\/","name":"Canal Dana","description":"Informativo com as principais not\u00edcias da ind\u00fastria automotiva","potentialAction":[{"@type":"SearchAction","target":{"@type":"EntryPoint","urlTemplate":"https:\/\/dana.com.br\/canaldana\/?s={search_term_string}"},"query-input":{"@type":"PropertyValueSpecification","valueRequired":true,"valueName":"search_term_string"}}],"inLanguage":"pt-BR"},{"@type":"Person","@id":"https:\/\/dana.com.br\/canaldana\/#\/schema\/person\/3c21f22f56fcf3bc46b94bc60ea4fef6","name":"Canal Dana","image":{"@type":"ImageObject","inLanguage":"pt-BR","@id":"https:\/\/secure.gravatar.com\/avatar\/420aaf9278582877d9018637c6817617705899d2858d7572ef0fe59a6b6454b4?s=96&d=mm&r=g","url":"https:\/\/secure.gravatar.com\/avatar\/420aaf9278582877d9018637c6817617705899d2858d7572ef0fe59a6b6454b4?s=96&d=mm&r=g","contentUrl":"https:\/\/secure.gravatar.com\/avatar\/420aaf9278582877d9018637c6817617705899d2858d7572ef0fe59a6b6454b4?s=96&d=mm&r=g","caption":"Canal Dana"},"url":"https:\/\/dana.com.br\/canaldana\/author\/cdeditor\/"}]}},"_links":{"self":[{"href":"https:\/\/dana.com.br\/canaldana\/wp-json\/wp\/v2\/posts\/7637","targetHints":{"allow":["GET"]}}],"collection":[{"href":"https:\/\/dana.com.br\/canaldana\/wp-json\/wp\/v2\/posts"}],"about":[{"href":"https:\/\/dana.com.br\/canaldana\/wp-json\/wp\/v2\/types\/post"}],"author":[{"embeddable":true,"href":"https:\/\/dana.com.br\/canaldana\/wp-json\/wp\/v2\/users\/3"}],"replies":[{"embeddable":true,"href":"https:\/\/dana.com.br\/canaldana\/wp-json\/wp\/v2\/comments?post=7637"}],"version-history":[{"count":0,"href":"https:\/\/dana.com.br\/canaldana\/wp-json\/wp\/v2\/posts\/7637\/revisions"}],"wp:attachment":[{"href":"https:\/\/dana.com.br\/canaldana\/wp-json\/wp\/v2\/media?parent=7637"}],"wp:term":[{"taxonomy":"category","embeddable":true,"href":"https:\/\/dana.com.br\/canaldana\/wp-json\/wp\/v2\/categories?post=7637"},{"taxonomy":"post_tag","embeddable":true,"href":"https:\/\/dana.com.br\/canaldana\/wp-json\/wp\/v2\/tags?post=7637"}],"curies":[{"name":"wp","href":"https:\/\/api.w.org\/{rel}","templated":true}]}}