{"id":76368,"date":"2024-09-12T08:23:21","date_gmt":"2024-09-12T11:23:21","guid":{"rendered":"https:\/\/dana.com.br\/canaldana\/?p=76368"},"modified":"2024-09-12T08:23:21","modified_gmt":"2024-09-12T11:23:21","slug":"seca-acende-alerta-de-alta-nos-precos-de-energia-alimentos-e-combustiveis","status":"publish","type":"post","link":"https:\/\/dana.com.br\/canaldana\/2024\/09\/12\/seca-acende-alerta-de-alta-nos-precos-de-energia-alimentos-e-combustiveis\/","title":{"rendered":"Seca acende alerta de alta nos pre\u00e7os de energia, alimentos e combust\u00edveis"},"content":{"rendered":"<p><em>O Estado de S. Paulo <\/em><\/p>\n<p>&nbsp;<\/p>\n<p>A maior seca dos \u00faltimos 70 anos, agravada por queimadas, acendeu um sinal de alerta sobre o risco de uma nova onda de press\u00e3o inflacion\u00e1ria no Brasil. Os efeitos da estiagem nos pre\u00e7os dos alimentos e na tarifa de energia el\u00e9trica, al\u00e9m da demanda aquecida e da desvaloriza\u00e7\u00e3o do real em rela\u00e7\u00e3o ao d\u00f3lar, levaram economistas a rever para cima as proje\u00e7\u00f5es de infla\u00e7\u00e3o para este ano e a colocar vi\u00e9s de alta no IPCA de 2025. Ontem, em Bras\u00edlia, o ministro da Fazenda, Fernando Haddad, admitiu que a infla\u00e7\u00e3o \u201cpreocupa um pouquinho\u201d (mais informa\u00e7\u00f5es na p\u00e1g. B3).<\/p>\n<p>&nbsp;<\/p>\n<p>O cen\u00e1rio, na avalia\u00e7\u00e3o de economistas, indica a necessidade de um novo ciclo de alta dos juros b\u00e1sicos da economia (Selic). O Comit\u00ea de Pol\u00edtica Monet\u00e1ria (Copom) se re\u00fane na semana que vem para decidir a nova Selic, atualmente em 10,5%.<\/p>\n<p>&nbsp;<\/p>\n<p>Com desemprego em baixa (6,8% no trimestre terminado em julho) e aumento da renda dos trabalhadores, o consumo das fam\u00edlias est\u00e1 aquecido. Isso torna os consumidores mais propensos a aceitar reajustes de pre\u00e7os, especialmente no setor de servi\u00e7os. A recente desvaloriza\u00e7\u00e3o do real frente ao d\u00f3lar aumenta os custos, pressionando principalmente os pre\u00e7os de produtos industrializados e importados.<\/p>\n<p>&nbsp;<\/p>\n<p>A estiagem prolongada, que ultrapassa cem dias em algumas regi\u00f5es do Pa\u00eds, deve pressionar ainda mais os pre\u00e7os do a\u00e7\u00facar, do caf\u00e9 e da laranja, que j\u00e1 est\u00e3o em alta. Tamb\u00e9m pode elevar a cota\u00e7\u00e3o do etanol, derivado da cana, no per\u00edodo de entressafra.<\/p>\n<p>&nbsp;<\/p>\n<p>Em 12 meses at\u00e9 agosto, o a\u00e7\u00facar refinado subiu 6,31% no varejo, a laranja-pera teve alta de 47,56%, o caf\u00e9 subiu 16,64% e o etanol, 10,05%, segundo o \u00cdndice de Pre\u00e7os ao Consumidor Amplo do IBGE. No mesmo per\u00edodo, a infla\u00e7\u00e3o medida pelo mesmo indicador foi de 4,24%. (O Estado de S. Paulo\/M\u00e1rcia de Chiara)<\/p>\n","protected":false},"excerpt":{"rendered":"<p>O Estado de S. Paulo &nbsp; A maior seca dos \u00faltimos 70 anos, agravada por queimadas, acendeu um sinal de alerta sobre o risco de uma nova onda de press\u00e3o inflacion\u00e1ria no Brasil. Os efeitos da estiagem nos pre\u00e7os dos alimentos e na tarifa de energia el\u00e9trica, al\u00e9m da demanda aquecida e da desvaloriza\u00e7\u00e3o do\u2026 <a class=\"readmore\" href=\"https:\/\/dana.com.br\/canaldana\/2024\/09\/12\/seca-acende-alerta-de-alta-nos-precos-de-energia-alimentos-e-combustiveis\/\">Leia mais \u00bb<\/a><\/p>\n","protected":false},"author":3,"featured_media":0,"comment_status":"closed","ping_status":"closed","sticky":false,"template":"","format":"standard","meta":{"_acf_changed":false,"footnotes":""},"categories":[79],"tags":[],"class_list":["post-76368","post","type-post","status-publish","format-standard","hentry","category-mercado"],"acf":[],"yoast_head":"<!-- This site is optimized with the Yoast SEO plugin v27.3 - https:\/\/yoast.com\/product\/yoast-seo-wordpress\/ -->\n<title>Seca acende alerta de alta nos pre\u00e7os de energia, alimentos e combust\u00edveis - Canal Dana<\/title>\n<meta name=\"robots\" content=\"index, follow, max-snippet:-1, max-image-preview:large, max-video-preview:-1\" \/>\n<link rel=\"canonical\" href=\"https:\/\/dana.com.br\/canaldana\/2024\/09\/12\/seca-acende-alerta-de-alta-nos-precos-de-energia-alimentos-e-combustiveis\/\" \/>\n<meta property=\"og:locale\" content=\"pt_BR\" \/>\n<meta property=\"og:type\" content=\"article\" \/>\n<meta property=\"og:title\" content=\"Seca acende alerta de alta nos pre\u00e7os de energia, alimentos e combust\u00edveis - Canal Dana\" \/>\n<meta property=\"og:description\" content=\"O Estado de S. Paulo &nbsp; A maior seca dos \u00faltimos 70 anos, agravada por queimadas, acendeu um sinal de alerta sobre o risco de uma nova onda de press\u00e3o inflacion\u00e1ria no Brasil. Os efeitos da estiagem nos pre\u00e7os dos alimentos e na tarifa de energia el\u00e9trica, al\u00e9m da demanda aquecida e da desvaloriza\u00e7\u00e3o do\u2026 Leia mais \u00bb\" \/>\n<meta property=\"og:url\" content=\"https:\/\/dana.com.br\/canaldana\/2024\/09\/12\/seca-acende-alerta-de-alta-nos-precos-de-energia-alimentos-e-combustiveis\/\" \/>\n<meta property=\"og:site_name\" content=\"Canal Dana\" \/>\n<meta property=\"article:published_time\" content=\"2024-09-12T11:23:21+00:00\" \/>\n<meta name=\"author\" content=\"Canal Dana\" \/>\n<meta name=\"twitter:card\" content=\"summary_large_image\" \/>\n<meta name=\"twitter:label1\" content=\"Escrito por\" \/>\n\t<meta name=\"twitter:data1\" content=\"Canal Dana\" \/>\n\t<meta name=\"twitter:label2\" content=\"Est. tempo de leitura\" \/>\n\t<meta name=\"twitter:data2\" content=\"2 minutos\" \/>\n<script type=\"application\/ld+json\" class=\"yoast-schema-graph\">{\"@context\":\"https:\\\/\\\/schema.org\",\"@graph\":[{\"@type\":\"Article\",\"@id\":\"https:\\\/\\\/dana.com.br\\\/canaldana\\\/2024\\\/09\\\/12\\\/seca-acende-alerta-de-alta-nos-precos-de-energia-alimentos-e-combustiveis\\\/#article\",\"isPartOf\":{\"@id\":\"https:\\\/\\\/dana.com.br\\\/canaldana\\\/2024\\\/09\\\/12\\\/seca-acende-alerta-de-alta-nos-precos-de-energia-alimentos-e-combustiveis\\\/\"},\"author\":{\"name\":\"Canal Dana\",\"@id\":\"https:\\\/\\\/dana.com.br\\\/canaldana\\\/#\\\/schema\\\/person\\\/3c21f22f56fcf3bc46b94bc60ea4fef6\"},\"headline\":\"Seca acende alerta de alta nos pre\u00e7os de energia, alimentos e combust\u00edveis\",\"datePublished\":\"2024-09-12T11:23:21+00:00\",\"mainEntityOfPage\":{\"@id\":\"https:\\\/\\\/dana.com.br\\\/canaldana\\\/2024\\\/09\\\/12\\\/seca-acende-alerta-de-alta-nos-precos-de-energia-alimentos-e-combustiveis\\\/\"},\"wordCount\":351,\"articleSection\":[\"Mercado\"],\"inLanguage\":\"pt-BR\"},{\"@type\":\"WebPage\",\"@id\":\"https:\\\/\\\/dana.com.br\\\/canaldana\\\/2024\\\/09\\\/12\\\/seca-acende-alerta-de-alta-nos-precos-de-energia-alimentos-e-combustiveis\\\/\",\"url\":\"https:\\\/\\\/dana.com.br\\\/canaldana\\\/2024\\\/09\\\/12\\\/seca-acende-alerta-de-alta-nos-precos-de-energia-alimentos-e-combustiveis\\\/\",\"name\":\"Seca acende alerta de alta nos pre\u00e7os de energia, alimentos e combust\u00edveis - Canal Dana\",\"isPartOf\":{\"@id\":\"https:\\\/\\\/dana.com.br\\\/canaldana\\\/#website\"},\"datePublished\":\"2024-09-12T11:23:21+00:00\",\"author\":{\"@id\":\"https:\\\/\\\/dana.com.br\\\/canaldana\\\/#\\\/schema\\\/person\\\/3c21f22f56fcf3bc46b94bc60ea4fef6\"},\"breadcrumb\":{\"@id\":\"https:\\\/\\\/dana.com.br\\\/canaldana\\\/2024\\\/09\\\/12\\\/seca-acende-alerta-de-alta-nos-precos-de-energia-alimentos-e-combustiveis\\\/#breadcrumb\"},\"inLanguage\":\"pt-BR\",\"potentialAction\":[{\"@type\":\"ReadAction\",\"target\":[\"https:\\\/\\\/dana.com.br\\\/canaldana\\\/2024\\\/09\\\/12\\\/seca-acende-alerta-de-alta-nos-precos-de-energia-alimentos-e-combustiveis\\\/\"]}]},{\"@type\":\"BreadcrumbList\",\"@id\":\"https:\\\/\\\/dana.com.br\\\/canaldana\\\/2024\\\/09\\\/12\\\/seca-acende-alerta-de-alta-nos-precos-de-energia-alimentos-e-combustiveis\\\/#breadcrumb\",\"itemListElement\":[{\"@type\":\"ListItem\",\"position\":1,\"name\":\"Home\",\"item\":\"https:\\\/\\\/dana.com.br\\\/canaldana\\\/\"},{\"@type\":\"ListItem\",\"position\":2,\"name\":\"Mercado\",\"item\":\"https:\\\/\\\/dana.com.br\\\/canaldana\\\/mercado\\\/\"},{\"@type\":\"ListItem\",\"position\":3,\"name\":\"Seca acende alerta de alta nos pre\u00e7os de energia, alimentos e combust\u00edveis\"}]},{\"@type\":\"WebSite\",\"@id\":\"https:\\\/\\\/dana.com.br\\\/canaldana\\\/#website\",\"url\":\"https:\\\/\\\/dana.com.br\\\/canaldana\\\/\",\"name\":\"Canal Dana\",\"description\":\"Informativo com as principais not\u00edcias da ind\u00fastria automotiva\",\"potentialAction\":[{\"@type\":\"SearchAction\",\"target\":{\"@type\":\"EntryPoint\",\"urlTemplate\":\"https:\\\/\\\/dana.com.br\\\/canaldana\\\/?s={search_term_string}\"},\"query-input\":{\"@type\":\"PropertyValueSpecification\",\"valueRequired\":true,\"valueName\":\"search_term_string\"}}],\"inLanguage\":\"pt-BR\"},{\"@type\":\"Person\",\"@id\":\"https:\\\/\\\/dana.com.br\\\/canaldana\\\/#\\\/schema\\\/person\\\/3c21f22f56fcf3bc46b94bc60ea4fef6\",\"name\":\"Canal Dana\",\"image\":{\"@type\":\"ImageObject\",\"inLanguage\":\"pt-BR\",\"@id\":\"https:\\\/\\\/secure.gravatar.com\\\/avatar\\\/420aaf9278582877d9018637c6817617705899d2858d7572ef0fe59a6b6454b4?s=96&d=mm&r=g\",\"url\":\"https:\\\/\\\/secure.gravatar.com\\\/avatar\\\/420aaf9278582877d9018637c6817617705899d2858d7572ef0fe59a6b6454b4?s=96&d=mm&r=g\",\"contentUrl\":\"https:\\\/\\\/secure.gravatar.com\\\/avatar\\\/420aaf9278582877d9018637c6817617705899d2858d7572ef0fe59a6b6454b4?s=96&d=mm&r=g\",\"caption\":\"Canal Dana\"},\"url\":\"https:\\\/\\\/dana.com.br\\\/canaldana\\\/author\\\/cdeditor\\\/\"}]}<\/script>\n<!-- \/ Yoast SEO plugin. -->","yoast_head_json":{"title":"Seca acende alerta de alta nos pre\u00e7os de energia, alimentos e combust\u00edveis - Canal Dana","robots":{"index":"index","follow":"follow","max-snippet":"max-snippet:-1","max-image-preview":"max-image-preview:large","max-video-preview":"max-video-preview:-1"},"canonical":"https:\/\/dana.com.br\/canaldana\/2024\/09\/12\/seca-acende-alerta-de-alta-nos-precos-de-energia-alimentos-e-combustiveis\/","og_locale":"pt_BR","og_type":"article","og_title":"Seca acende alerta de alta nos pre\u00e7os de energia, alimentos e combust\u00edveis - Canal Dana","og_description":"O Estado de S. Paulo &nbsp; A maior seca dos \u00faltimos 70 anos, agravada por queimadas, acendeu um sinal de alerta sobre o risco de uma nova onda de press\u00e3o inflacion\u00e1ria no Brasil. Os efeitos da estiagem nos pre\u00e7os dos alimentos e na tarifa de energia el\u00e9trica, al\u00e9m da demanda aquecida e da desvaloriza\u00e7\u00e3o do\u2026 Leia mais \u00bb","og_url":"https:\/\/dana.com.br\/canaldana\/2024\/09\/12\/seca-acende-alerta-de-alta-nos-precos-de-energia-alimentos-e-combustiveis\/","og_site_name":"Canal Dana","article_published_time":"2024-09-12T11:23:21+00:00","author":"Canal Dana","twitter_card":"summary_large_image","twitter_misc":{"Escrito por":"Canal Dana","Est. tempo de leitura":"2 minutos"},"schema":{"@context":"https:\/\/schema.org","@graph":[{"@type":"Article","@id":"https:\/\/dana.com.br\/canaldana\/2024\/09\/12\/seca-acende-alerta-de-alta-nos-precos-de-energia-alimentos-e-combustiveis\/#article","isPartOf":{"@id":"https:\/\/dana.com.br\/canaldana\/2024\/09\/12\/seca-acende-alerta-de-alta-nos-precos-de-energia-alimentos-e-combustiveis\/"},"author":{"name":"Canal Dana","@id":"https:\/\/dana.com.br\/canaldana\/#\/schema\/person\/3c21f22f56fcf3bc46b94bc60ea4fef6"},"headline":"Seca acende alerta de alta nos pre\u00e7os de energia, alimentos e combust\u00edveis","datePublished":"2024-09-12T11:23:21+00:00","mainEntityOfPage":{"@id":"https:\/\/dana.com.br\/canaldana\/2024\/09\/12\/seca-acende-alerta-de-alta-nos-precos-de-energia-alimentos-e-combustiveis\/"},"wordCount":351,"articleSection":["Mercado"],"inLanguage":"pt-BR"},{"@type":"WebPage","@id":"https:\/\/dana.com.br\/canaldana\/2024\/09\/12\/seca-acende-alerta-de-alta-nos-precos-de-energia-alimentos-e-combustiveis\/","url":"https:\/\/dana.com.br\/canaldana\/2024\/09\/12\/seca-acende-alerta-de-alta-nos-precos-de-energia-alimentos-e-combustiveis\/","name":"Seca acende alerta de alta nos pre\u00e7os de energia, alimentos e combust\u00edveis - Canal Dana","isPartOf":{"@id":"https:\/\/dana.com.br\/canaldana\/#website"},"datePublished":"2024-09-12T11:23:21+00:00","author":{"@id":"https:\/\/dana.com.br\/canaldana\/#\/schema\/person\/3c21f22f56fcf3bc46b94bc60ea4fef6"},"breadcrumb":{"@id":"https:\/\/dana.com.br\/canaldana\/2024\/09\/12\/seca-acende-alerta-de-alta-nos-precos-de-energia-alimentos-e-combustiveis\/#breadcrumb"},"inLanguage":"pt-BR","potentialAction":[{"@type":"ReadAction","target":["https:\/\/dana.com.br\/canaldana\/2024\/09\/12\/seca-acende-alerta-de-alta-nos-precos-de-energia-alimentos-e-combustiveis\/"]}]},{"@type":"BreadcrumbList","@id":"https:\/\/dana.com.br\/canaldana\/2024\/09\/12\/seca-acende-alerta-de-alta-nos-precos-de-energia-alimentos-e-combustiveis\/#breadcrumb","itemListElement":[{"@type":"ListItem","position":1,"name":"Home","item":"https:\/\/dana.com.br\/canaldana\/"},{"@type":"ListItem","position":2,"name":"Mercado","item":"https:\/\/dana.com.br\/canaldana\/mercado\/"},{"@type":"ListItem","position":3,"name":"Seca acende alerta de alta nos pre\u00e7os de energia, alimentos e combust\u00edveis"}]},{"@type":"WebSite","@id":"https:\/\/dana.com.br\/canaldana\/#website","url":"https:\/\/dana.com.br\/canaldana\/","name":"Canal Dana","description":"Informativo com as principais not\u00edcias da ind\u00fastria automotiva","potentialAction":[{"@type":"SearchAction","target":{"@type":"EntryPoint","urlTemplate":"https:\/\/dana.com.br\/canaldana\/?s={search_term_string}"},"query-input":{"@type":"PropertyValueSpecification","valueRequired":true,"valueName":"search_term_string"}}],"inLanguage":"pt-BR"},{"@type":"Person","@id":"https:\/\/dana.com.br\/canaldana\/#\/schema\/person\/3c21f22f56fcf3bc46b94bc60ea4fef6","name":"Canal Dana","image":{"@type":"ImageObject","inLanguage":"pt-BR","@id":"https:\/\/secure.gravatar.com\/avatar\/420aaf9278582877d9018637c6817617705899d2858d7572ef0fe59a6b6454b4?s=96&d=mm&r=g","url":"https:\/\/secure.gravatar.com\/avatar\/420aaf9278582877d9018637c6817617705899d2858d7572ef0fe59a6b6454b4?s=96&d=mm&r=g","contentUrl":"https:\/\/secure.gravatar.com\/avatar\/420aaf9278582877d9018637c6817617705899d2858d7572ef0fe59a6b6454b4?s=96&d=mm&r=g","caption":"Canal Dana"},"url":"https:\/\/dana.com.br\/canaldana\/author\/cdeditor\/"}]}},"_links":{"self":[{"href":"https:\/\/dana.com.br\/canaldana\/wp-json\/wp\/v2\/posts\/76368","targetHints":{"allow":["GET"]}}],"collection":[{"href":"https:\/\/dana.com.br\/canaldana\/wp-json\/wp\/v2\/posts"}],"about":[{"href":"https:\/\/dana.com.br\/canaldana\/wp-json\/wp\/v2\/types\/post"}],"author":[{"embeddable":true,"href":"https:\/\/dana.com.br\/canaldana\/wp-json\/wp\/v2\/users\/3"}],"replies":[{"embeddable":true,"href":"https:\/\/dana.com.br\/canaldana\/wp-json\/wp\/v2\/comments?post=76368"}],"version-history":[{"count":1,"href":"https:\/\/dana.com.br\/canaldana\/wp-json\/wp\/v2\/posts\/76368\/revisions"}],"predecessor-version":[{"id":76369,"href":"https:\/\/dana.com.br\/canaldana\/wp-json\/wp\/v2\/posts\/76368\/revisions\/76369"}],"wp:attachment":[{"href":"https:\/\/dana.com.br\/canaldana\/wp-json\/wp\/v2\/media?parent=76368"}],"wp:term":[{"taxonomy":"category","embeddable":true,"href":"https:\/\/dana.com.br\/canaldana\/wp-json\/wp\/v2\/categories?post=76368"},{"taxonomy":"post_tag","embeddable":true,"href":"https:\/\/dana.com.br\/canaldana\/wp-json\/wp\/v2\/tags?post=76368"}],"curies":[{"name":"wp","href":"https:\/\/api.w.org\/{rel}","templated":true}]}}