{"id":76362,"date":"2024-09-12T08:19:17","date_gmt":"2024-09-12T11:19:17","guid":{"rendered":"https:\/\/dana.com.br\/canaldana\/?p=76362"},"modified":"2024-09-12T08:19:17","modified_gmt":"2024-09-12T11:19:17","slug":"compras-do-iveco-group-na-america-latina-crescem-5-em-2024-para-r-6-bilhoes","status":"publish","type":"post","link":"https:\/\/dana.com.br\/canaldana\/2024\/09\/12\/compras-do-iveco-group-na-america-latina-crescem-5-em-2024-para-r-6-bilhoes\/","title":{"rendered":"Compras do Iveco Group na Am\u00e9rica Latina crescem 5% em 2024, para R$ 6 bilh\u00f5es"},"content":{"rendered":"<p><em>AutoInd\u00fastria <\/em><\/p>\n<p>&nbsp;<\/p>\n<p>O or\u00e7amento das compras do Iveco Group na regi\u00e3o da Am\u00e9rica Latina somou em torno de R$ 6 bilh\u00f5es, valor 5% maior em rela\u00e7\u00e3o ao ano passado. A maior parte, 70%, representou demanda da fabricante por componentes e servi\u00e7os de parceiros nacionais, dos quais 25% negociados com fornecedores de Minas Gerais, estado onde est\u00e1 instalada a unidade de Sete Lagoas, sua maior f\u00e1brica.<\/p>\n<p>&nbsp;<\/p>\n<p>Segundo George Ferreira, diretor de Compras do grupo para a Am\u00e9rica Latina, o aumento reflete o bom momento pela qual passa empresa e cont\u00ednuo esfor\u00e7o de ampliar o \u00edndice de nacionaliza\u00e7\u00e3o de ve\u00edculos e motores que, calcula, estar no patamar de 70%.<\/p>\n<p>&nbsp;<\/p>\n<p>\u201cAinda estamos em fase de planejamento para 2025. Mas a estimativa preliminar em vista do crescimento que esperamos, o valor de compras dever\u00e1 crescer de 10% a 15%.\u201d<\/p>\n<p>&nbsp;<\/p>\n<p>Ferreira conta que ano passado, em fun\u00e7\u00e3o at\u00e9 do Proconve P8, o plano de nacionaliza\u00e7\u00e3o da empresa localizou componentes de motor, chicotes el\u00e9tricos e acabamentos internos e externos.<\/p>\n<p>&nbsp;<\/p>\n<p>\u201cTrabalhamos avaliando as oportunidades. A estimativa para o ano que vem \u00e9 de aumentar o conte\u00fado nacional em mais 5% com itens para motor, pe\u00e7as de acabamentos e at\u00e9 mesmo produ\u00e7\u00e3o de estampados.\u201d<\/p>\n<p>&nbsp;<\/p>\n<p>De acordo com o diretor, o Iveco Group encaminha plano de aumentar a produ\u00e7\u00e3o em at\u00e9 20% na regi\u00e3o, sobre as 16 mil unidades produzidas no ano passado, al\u00e9m de dobrar os volumes do caminh\u00e3o S-Way, hoje ao ritmo de 20 unidades\/dia em Sete Lagoas. \u201cAinda buscamos os 10% de participa\u00e7\u00e3o no mercado brasileiro e aceita\u00e7\u00e3o do S-Way pelo mercado nos favorece o crescimento.\u201d<\/p>\n<p>&nbsp;<\/p>\n<p>Para suportar os planos, o grupo inicia fase de contrata\u00e7\u00e3o de 145 pessoas at\u00e9 o fim do ano para Sete Lagoas, hoje com quadro em torno de 3,5 mil funcion\u00e1rios.<\/p>\n<p>&nbsp;<\/p>\n<p>Ferreira conta ainda que tamb\u00e9m a unidade fabril de C\u00f3rdoba passar\u00e1 por ajustes com f\u00e9rias coletivas ainda neste m\u00eas para se adequar a uma maior demanda que vir\u00e1. \u201cO estoque est\u00e1 sendo reduzido com a retomada do transportador argentino e de mercado como o do Chile, da Col\u00f4mbia e do Peru\u201d. (AutoInd\u00fastria\/D\u00e9cio Costa)<\/p>\n","protected":false},"excerpt":{"rendered":"<p>AutoInd\u00fastria &nbsp; O or\u00e7amento das compras do Iveco Group na regi\u00e3o da Am\u00e9rica Latina somou em torno de R$ 6 bilh\u00f5es, valor 5% maior em rela\u00e7\u00e3o ao ano passado. A maior parte, 70%, representou demanda da fabricante por componentes e servi\u00e7os de parceiros nacionais, dos quais 25% negociados com fornecedores de Minas Gerais, estado onde\u2026 <a class=\"readmore\" href=\"https:\/\/dana.com.br\/canaldana\/2024\/09\/12\/compras-do-iveco-group-na-america-latina-crescem-5-em-2024-para-r-6-bilhoes\/\">Leia mais \u00bb<\/a><\/p>\n","protected":false},"author":3,"featured_media":0,"comment_status":"closed","ping_status":"closed","sticky":false,"template":"","format":"standard","meta":{"_acf_changed":false,"footnotes":""},"categories":[79],"tags":[],"class_list":["post-76362","post","type-post","status-publish","format-standard","hentry","category-mercado"],"acf":[],"yoast_head":"<!-- This site is optimized with the Yoast SEO plugin v27.3 - https:\/\/yoast.com\/product\/yoast-seo-wordpress\/ -->\n<title>Compras do Iveco Group na Am\u00e9rica Latina crescem 5% em 2024, para R$ 6 bilh\u00f5es - Canal Dana<\/title>\n<meta name=\"robots\" content=\"index, follow, max-snippet:-1, max-image-preview:large, max-video-preview:-1\" \/>\n<link rel=\"canonical\" href=\"https:\/\/dana.com.br\/canaldana\/2024\/09\/12\/compras-do-iveco-group-na-america-latina-crescem-5-em-2024-para-r-6-bilhoes\/\" \/>\n<meta property=\"og:locale\" content=\"pt_BR\" \/>\n<meta property=\"og:type\" content=\"article\" \/>\n<meta property=\"og:title\" content=\"Compras do Iveco Group na Am\u00e9rica Latina crescem 5% em 2024, para R$ 6 bilh\u00f5es - Canal Dana\" \/>\n<meta property=\"og:description\" content=\"AutoInd\u00fastria &nbsp; O or\u00e7amento das compras do Iveco Group na regi\u00e3o da Am\u00e9rica Latina somou em torno de R$ 6 bilh\u00f5es, valor 5% maior em rela\u00e7\u00e3o ao ano passado. A maior parte, 70%, representou demanda da fabricante por componentes e servi\u00e7os de parceiros nacionais, dos quais 25% negociados com fornecedores de Minas Gerais, estado onde\u2026 Leia mais \u00bb\" \/>\n<meta property=\"og:url\" content=\"https:\/\/dana.com.br\/canaldana\/2024\/09\/12\/compras-do-iveco-group-na-america-latina-crescem-5-em-2024-para-r-6-bilhoes\/\" \/>\n<meta property=\"og:site_name\" content=\"Canal Dana\" \/>\n<meta property=\"article:published_time\" content=\"2024-09-12T11:19:17+00:00\" \/>\n<meta name=\"author\" content=\"Canal Dana\" \/>\n<meta name=\"twitter:card\" content=\"summary_large_image\" \/>\n<meta name=\"twitter:label1\" content=\"Escrito por\" \/>\n\t<meta name=\"twitter:data1\" content=\"Canal Dana\" \/>\n\t<meta name=\"twitter:label2\" content=\"Est. tempo de leitura\" \/>\n\t<meta name=\"twitter:data2\" content=\"2 minutos\" \/>\n<script type=\"application\/ld+json\" class=\"yoast-schema-graph\">{\"@context\":\"https:\\\/\\\/schema.org\",\"@graph\":[{\"@type\":\"Article\",\"@id\":\"https:\\\/\\\/dana.com.br\\\/canaldana\\\/2024\\\/09\\\/12\\\/compras-do-iveco-group-na-america-latina-crescem-5-em-2024-para-r-6-bilhoes\\\/#article\",\"isPartOf\":{\"@id\":\"https:\\\/\\\/dana.com.br\\\/canaldana\\\/2024\\\/09\\\/12\\\/compras-do-iveco-group-na-america-latina-crescem-5-em-2024-para-r-6-bilhoes\\\/\"},\"author\":{\"name\":\"Canal Dana\",\"@id\":\"https:\\\/\\\/dana.com.br\\\/canaldana\\\/#\\\/schema\\\/person\\\/3c21f22f56fcf3bc46b94bc60ea4fef6\"},\"headline\":\"Compras do Iveco Group na Am\u00e9rica Latina crescem 5% em 2024, para R$ 6 bilh\u00f5es\",\"datePublished\":\"2024-09-12T11:19:17+00:00\",\"mainEntityOfPage\":{\"@id\":\"https:\\\/\\\/dana.com.br\\\/canaldana\\\/2024\\\/09\\\/12\\\/compras-do-iveco-group-na-america-latina-crescem-5-em-2024-para-r-6-bilhoes\\\/\"},\"wordCount\":384,\"articleSection\":[\"Mercado\"],\"inLanguage\":\"pt-BR\"},{\"@type\":\"WebPage\",\"@id\":\"https:\\\/\\\/dana.com.br\\\/canaldana\\\/2024\\\/09\\\/12\\\/compras-do-iveco-group-na-america-latina-crescem-5-em-2024-para-r-6-bilhoes\\\/\",\"url\":\"https:\\\/\\\/dana.com.br\\\/canaldana\\\/2024\\\/09\\\/12\\\/compras-do-iveco-group-na-america-latina-crescem-5-em-2024-para-r-6-bilhoes\\\/\",\"name\":\"Compras do Iveco Group na Am\u00e9rica Latina crescem 5% em 2024, para R$ 6 bilh\u00f5es - Canal Dana\",\"isPartOf\":{\"@id\":\"https:\\\/\\\/dana.com.br\\\/canaldana\\\/#website\"},\"datePublished\":\"2024-09-12T11:19:17+00:00\",\"author\":{\"@id\":\"https:\\\/\\\/dana.com.br\\\/canaldana\\\/#\\\/schema\\\/person\\\/3c21f22f56fcf3bc46b94bc60ea4fef6\"},\"breadcrumb\":{\"@id\":\"https:\\\/\\\/dana.com.br\\\/canaldana\\\/2024\\\/09\\\/12\\\/compras-do-iveco-group-na-america-latina-crescem-5-em-2024-para-r-6-bilhoes\\\/#breadcrumb\"},\"inLanguage\":\"pt-BR\",\"potentialAction\":[{\"@type\":\"ReadAction\",\"target\":[\"https:\\\/\\\/dana.com.br\\\/canaldana\\\/2024\\\/09\\\/12\\\/compras-do-iveco-group-na-america-latina-crescem-5-em-2024-para-r-6-bilhoes\\\/\"]}]},{\"@type\":\"BreadcrumbList\",\"@id\":\"https:\\\/\\\/dana.com.br\\\/canaldana\\\/2024\\\/09\\\/12\\\/compras-do-iveco-group-na-america-latina-crescem-5-em-2024-para-r-6-bilhoes\\\/#breadcrumb\",\"itemListElement\":[{\"@type\":\"ListItem\",\"position\":1,\"name\":\"Home\",\"item\":\"https:\\\/\\\/dana.com.br\\\/canaldana\\\/\"},{\"@type\":\"ListItem\",\"position\":2,\"name\":\"Mercado\",\"item\":\"https:\\\/\\\/dana.com.br\\\/canaldana\\\/mercado\\\/\"},{\"@type\":\"ListItem\",\"position\":3,\"name\":\"Compras do Iveco Group na Am\u00e9rica Latina crescem 5% em 2024, para R$ 6 bilh\u00f5es\"}]},{\"@type\":\"WebSite\",\"@id\":\"https:\\\/\\\/dana.com.br\\\/canaldana\\\/#website\",\"url\":\"https:\\\/\\\/dana.com.br\\\/canaldana\\\/\",\"name\":\"Canal Dana\",\"description\":\"Informativo com as principais not\u00edcias da ind\u00fastria automotiva\",\"potentialAction\":[{\"@type\":\"SearchAction\",\"target\":{\"@type\":\"EntryPoint\",\"urlTemplate\":\"https:\\\/\\\/dana.com.br\\\/canaldana\\\/?s={search_term_string}\"},\"query-input\":{\"@type\":\"PropertyValueSpecification\",\"valueRequired\":true,\"valueName\":\"search_term_string\"}}],\"inLanguage\":\"pt-BR\"},{\"@type\":\"Person\",\"@id\":\"https:\\\/\\\/dana.com.br\\\/canaldana\\\/#\\\/schema\\\/person\\\/3c21f22f56fcf3bc46b94bc60ea4fef6\",\"name\":\"Canal Dana\",\"image\":{\"@type\":\"ImageObject\",\"inLanguage\":\"pt-BR\",\"@id\":\"https:\\\/\\\/secure.gravatar.com\\\/avatar\\\/420aaf9278582877d9018637c6817617705899d2858d7572ef0fe59a6b6454b4?s=96&d=mm&r=g\",\"url\":\"https:\\\/\\\/secure.gravatar.com\\\/avatar\\\/420aaf9278582877d9018637c6817617705899d2858d7572ef0fe59a6b6454b4?s=96&d=mm&r=g\",\"contentUrl\":\"https:\\\/\\\/secure.gravatar.com\\\/avatar\\\/420aaf9278582877d9018637c6817617705899d2858d7572ef0fe59a6b6454b4?s=96&d=mm&r=g\",\"caption\":\"Canal Dana\"},\"url\":\"https:\\\/\\\/dana.com.br\\\/canaldana\\\/author\\\/cdeditor\\\/\"}]}<\/script>\n<!-- \/ Yoast SEO plugin. -->","yoast_head_json":{"title":"Compras do Iveco Group na Am\u00e9rica Latina crescem 5% em 2024, para R$ 6 bilh\u00f5es - Canal Dana","robots":{"index":"index","follow":"follow","max-snippet":"max-snippet:-1","max-image-preview":"max-image-preview:large","max-video-preview":"max-video-preview:-1"},"canonical":"https:\/\/dana.com.br\/canaldana\/2024\/09\/12\/compras-do-iveco-group-na-america-latina-crescem-5-em-2024-para-r-6-bilhoes\/","og_locale":"pt_BR","og_type":"article","og_title":"Compras do Iveco Group na Am\u00e9rica Latina crescem 5% em 2024, para R$ 6 bilh\u00f5es - Canal Dana","og_description":"AutoInd\u00fastria &nbsp; O or\u00e7amento das compras do Iveco Group na regi\u00e3o da Am\u00e9rica Latina somou em torno de R$ 6 bilh\u00f5es, valor 5% maior em rela\u00e7\u00e3o ao ano passado. A maior parte, 70%, representou demanda da fabricante por componentes e servi\u00e7os de parceiros nacionais, dos quais 25% negociados com fornecedores de Minas Gerais, estado onde\u2026 Leia mais \u00bb","og_url":"https:\/\/dana.com.br\/canaldana\/2024\/09\/12\/compras-do-iveco-group-na-america-latina-crescem-5-em-2024-para-r-6-bilhoes\/","og_site_name":"Canal Dana","article_published_time":"2024-09-12T11:19:17+00:00","author":"Canal Dana","twitter_card":"summary_large_image","twitter_misc":{"Escrito por":"Canal Dana","Est. tempo de leitura":"2 minutos"},"schema":{"@context":"https:\/\/schema.org","@graph":[{"@type":"Article","@id":"https:\/\/dana.com.br\/canaldana\/2024\/09\/12\/compras-do-iveco-group-na-america-latina-crescem-5-em-2024-para-r-6-bilhoes\/#article","isPartOf":{"@id":"https:\/\/dana.com.br\/canaldana\/2024\/09\/12\/compras-do-iveco-group-na-america-latina-crescem-5-em-2024-para-r-6-bilhoes\/"},"author":{"name":"Canal Dana","@id":"https:\/\/dana.com.br\/canaldana\/#\/schema\/person\/3c21f22f56fcf3bc46b94bc60ea4fef6"},"headline":"Compras do Iveco Group na Am\u00e9rica Latina crescem 5% em 2024, para R$ 6 bilh\u00f5es","datePublished":"2024-09-12T11:19:17+00:00","mainEntityOfPage":{"@id":"https:\/\/dana.com.br\/canaldana\/2024\/09\/12\/compras-do-iveco-group-na-america-latina-crescem-5-em-2024-para-r-6-bilhoes\/"},"wordCount":384,"articleSection":["Mercado"],"inLanguage":"pt-BR"},{"@type":"WebPage","@id":"https:\/\/dana.com.br\/canaldana\/2024\/09\/12\/compras-do-iveco-group-na-america-latina-crescem-5-em-2024-para-r-6-bilhoes\/","url":"https:\/\/dana.com.br\/canaldana\/2024\/09\/12\/compras-do-iveco-group-na-america-latina-crescem-5-em-2024-para-r-6-bilhoes\/","name":"Compras do Iveco Group na Am\u00e9rica Latina crescem 5% em 2024, para R$ 6 bilh\u00f5es - Canal Dana","isPartOf":{"@id":"https:\/\/dana.com.br\/canaldana\/#website"},"datePublished":"2024-09-12T11:19:17+00:00","author":{"@id":"https:\/\/dana.com.br\/canaldana\/#\/schema\/person\/3c21f22f56fcf3bc46b94bc60ea4fef6"},"breadcrumb":{"@id":"https:\/\/dana.com.br\/canaldana\/2024\/09\/12\/compras-do-iveco-group-na-america-latina-crescem-5-em-2024-para-r-6-bilhoes\/#breadcrumb"},"inLanguage":"pt-BR","potentialAction":[{"@type":"ReadAction","target":["https:\/\/dana.com.br\/canaldana\/2024\/09\/12\/compras-do-iveco-group-na-america-latina-crescem-5-em-2024-para-r-6-bilhoes\/"]}]},{"@type":"BreadcrumbList","@id":"https:\/\/dana.com.br\/canaldana\/2024\/09\/12\/compras-do-iveco-group-na-america-latina-crescem-5-em-2024-para-r-6-bilhoes\/#breadcrumb","itemListElement":[{"@type":"ListItem","position":1,"name":"Home","item":"https:\/\/dana.com.br\/canaldana\/"},{"@type":"ListItem","position":2,"name":"Mercado","item":"https:\/\/dana.com.br\/canaldana\/mercado\/"},{"@type":"ListItem","position":3,"name":"Compras do Iveco Group na Am\u00e9rica Latina crescem 5% em 2024, para R$ 6 bilh\u00f5es"}]},{"@type":"WebSite","@id":"https:\/\/dana.com.br\/canaldana\/#website","url":"https:\/\/dana.com.br\/canaldana\/","name":"Canal Dana","description":"Informativo com as principais not\u00edcias da ind\u00fastria automotiva","potentialAction":[{"@type":"SearchAction","target":{"@type":"EntryPoint","urlTemplate":"https:\/\/dana.com.br\/canaldana\/?s={search_term_string}"},"query-input":{"@type":"PropertyValueSpecification","valueRequired":true,"valueName":"search_term_string"}}],"inLanguage":"pt-BR"},{"@type":"Person","@id":"https:\/\/dana.com.br\/canaldana\/#\/schema\/person\/3c21f22f56fcf3bc46b94bc60ea4fef6","name":"Canal Dana","image":{"@type":"ImageObject","inLanguage":"pt-BR","@id":"https:\/\/secure.gravatar.com\/avatar\/420aaf9278582877d9018637c6817617705899d2858d7572ef0fe59a6b6454b4?s=96&d=mm&r=g","url":"https:\/\/secure.gravatar.com\/avatar\/420aaf9278582877d9018637c6817617705899d2858d7572ef0fe59a6b6454b4?s=96&d=mm&r=g","contentUrl":"https:\/\/secure.gravatar.com\/avatar\/420aaf9278582877d9018637c6817617705899d2858d7572ef0fe59a6b6454b4?s=96&d=mm&r=g","caption":"Canal Dana"},"url":"https:\/\/dana.com.br\/canaldana\/author\/cdeditor\/"}]}},"_links":{"self":[{"href":"https:\/\/dana.com.br\/canaldana\/wp-json\/wp\/v2\/posts\/76362","targetHints":{"allow":["GET"]}}],"collection":[{"href":"https:\/\/dana.com.br\/canaldana\/wp-json\/wp\/v2\/posts"}],"about":[{"href":"https:\/\/dana.com.br\/canaldana\/wp-json\/wp\/v2\/types\/post"}],"author":[{"embeddable":true,"href":"https:\/\/dana.com.br\/canaldana\/wp-json\/wp\/v2\/users\/3"}],"replies":[{"embeddable":true,"href":"https:\/\/dana.com.br\/canaldana\/wp-json\/wp\/v2\/comments?post=76362"}],"version-history":[{"count":1,"href":"https:\/\/dana.com.br\/canaldana\/wp-json\/wp\/v2\/posts\/76362\/revisions"}],"predecessor-version":[{"id":76363,"href":"https:\/\/dana.com.br\/canaldana\/wp-json\/wp\/v2\/posts\/76362\/revisions\/76363"}],"wp:attachment":[{"href":"https:\/\/dana.com.br\/canaldana\/wp-json\/wp\/v2\/media?parent=76362"}],"wp:term":[{"taxonomy":"category","embeddable":true,"href":"https:\/\/dana.com.br\/canaldana\/wp-json\/wp\/v2\/categories?post=76362"},{"taxonomy":"post_tag","embeddable":true,"href":"https:\/\/dana.com.br\/canaldana\/wp-json\/wp\/v2\/tags?post=76362"}],"curies":[{"name":"wp","href":"https:\/\/api.w.org\/{rel}","templated":true}]}}