{"id":76358,"date":"2024-09-12T08:18:09","date_gmt":"2024-09-12T11:18:09","guid":{"rendered":"https:\/\/dana.com.br\/canaldana\/?p=76358"},"modified":"2024-09-12T08:18:09","modified_gmt":"2024-09-12T11:18:09","slug":"volvo-expandira-uso-do-aco-ssab-zero-em-caminhoes","status":"publish","type":"post","link":"https:\/\/dana.com.br\/canaldana\/2024\/09\/12\/volvo-expandira-uso-do-aco-ssab-zero-em-caminhoes\/","title":{"rendered":"Volvo expandir\u00e1 uso do a\u00e7o SSAB Zero em caminh\u00f5es"},"content":{"rendered":"<p><em>Frota &amp; Cia\u00a0 <\/em><\/p>\n<p>&nbsp;<\/p>\n<p>A Volvo est\u00e1 aumentando o uso de a\u00e7o de baixa emiss\u00e3o de CO2 para todas as transmiss\u00f5es da marca. A montadora foi a primeira a introduzir esse tipo de a\u00e7o na produ\u00e7\u00e3o de seus caminh\u00f5es el\u00e9tricos em 2022. Produzido pela sider\u00fargica sueca SSAB, o SSAB Zero \u00e9 feito de material reciclado e se utiliza de eletricidade sem combust\u00edveis f\u00f3sseis e biog\u00e1s. Como resultado, o CO2 \u00e9 reduzido em cerca de 80% em compara\u00e7\u00e3o com a produ\u00e7\u00e3o de a\u00e7o convencional usando energia f\u00f3ssil.<\/p>\n<p>&nbsp;<\/p>\n<p>Em 2025, cerca de 12.000 caminh\u00f5es Volvo FH e FM ser\u00e3o produzidos com a tecnologia, o que reduzir\u00e1 as emiss\u00f5es em 6.600 toneladas de CO2. \u00c0 medida que a disponibilidade deste a\u00e7o aumenta, ele ser\u00e1 introduzido em mais modelos de caminh\u00f5es, bem como em outras partes do ve\u00edculo.<\/p>\n<p>&nbsp;<\/p>\n<p>A Volvo tamb\u00e9m est\u00e1 planejando substituir outros materiais em seus caminh\u00f5es por alternativas de menor emiss\u00e3o. \u201cO a\u00e7o \u00e9 um dos principais materiais em nossos caminh\u00f5es. Buscamos trocar outros materiais, como alum\u00ednio e pl\u00e1stico, por alternativas de baixa emiss\u00e3o\u201c, diz Jan Hjelmgren, vice-presidente s\u00eanior de gerenciamento de produtos e qualidade da Volvo Trucks.<\/p>\n<p>&nbsp;<\/p>\n<p><strong>Metade do caminh\u00e3o Volvo \u00e9 feita de a\u00e7o<\/strong><\/p>\n<p>&nbsp;<\/p>\n<p>O potencial para reduzir as emiss\u00f5es de CO2 \u00e9 alto, pois quase metade do caminh\u00e3o \u00e9 feita de a\u00e7o (47% de um caminh\u00e3o a diesel Volvo FH) e representa cerca de 44% das emiss\u00f5es de CO2 da produ\u00e7\u00e3o (do ber\u00e7o ao port\u00e3o) do total de 21 toneladas de equivalentes de CO2 para o Volvo FH a diesel.<\/p>\n<p>&nbsp;<\/p>\n<p>Os principais materiais em um caminh\u00e3o a diesel Volvo FH s\u00e3o a\u00e7o (47%), ferro fundido (26%), pol\u00edmeros (11%) e alum\u00ednio (8%). Eles representam cerca de 44%, 26%, 14% e 8% das emiss\u00f5es de CO2 da produ\u00e7\u00e3o (do ber\u00e7o ao port\u00e3o) do total de 21 toneladas de equivalentes de CO2 para o Volvo FH tradicional. (Frota &amp; Cia\/Victor Fagarassi)<\/p>\n","protected":false},"excerpt":{"rendered":"<p>Frota &amp; Cia\u00a0 &nbsp; A Volvo est\u00e1 aumentando o uso de a\u00e7o de baixa emiss\u00e3o de CO2 para todas as transmiss\u00f5es da marca. A montadora foi a primeira a introduzir esse tipo de a\u00e7o na produ\u00e7\u00e3o de seus caminh\u00f5es el\u00e9tricos em 2022. Produzido pela sider\u00fargica sueca SSAB, o SSAB Zero \u00e9 feito de material reciclado\u2026 <a class=\"readmore\" href=\"https:\/\/dana.com.br\/canaldana\/2024\/09\/12\/volvo-expandira-uso-do-aco-ssab-zero-em-caminhoes\/\">Leia mais \u00bb<\/a><\/p>\n","protected":false},"author":3,"featured_media":0,"comment_status":"closed","ping_status":"closed","sticky":false,"template":"","format":"standard","meta":{"_acf_changed":false,"footnotes":""},"categories":[79],"tags":[],"class_list":["post-76358","post","type-post","status-publish","format-standard","hentry","category-mercado"],"acf":[],"yoast_head":"<!-- This site is optimized with the Yoast SEO plugin v27.3 - https:\/\/yoast.com\/product\/yoast-seo-wordpress\/ -->\n<title>Volvo expandir\u00e1 uso do a\u00e7o SSAB Zero em caminh\u00f5es - Canal Dana<\/title>\n<meta name=\"robots\" content=\"index, follow, max-snippet:-1, max-image-preview:large, max-video-preview:-1\" \/>\n<link rel=\"canonical\" href=\"https:\/\/dana.com.br\/canaldana\/2024\/09\/12\/volvo-expandira-uso-do-aco-ssab-zero-em-caminhoes\/\" \/>\n<meta property=\"og:locale\" content=\"pt_BR\" \/>\n<meta property=\"og:type\" content=\"article\" \/>\n<meta property=\"og:title\" content=\"Volvo expandir\u00e1 uso do a\u00e7o SSAB Zero em caminh\u00f5es - Canal Dana\" \/>\n<meta property=\"og:description\" content=\"Frota &amp; Cia\u00a0 &nbsp; A Volvo est\u00e1 aumentando o uso de a\u00e7o de baixa emiss\u00e3o de CO2 para todas as transmiss\u00f5es da marca. A montadora foi a primeira a introduzir esse tipo de a\u00e7o na produ\u00e7\u00e3o de seus caminh\u00f5es el\u00e9tricos em 2022. Produzido pela sider\u00fargica sueca SSAB, o SSAB Zero \u00e9 feito de material reciclado\u2026 Leia mais \u00bb\" \/>\n<meta property=\"og:url\" content=\"https:\/\/dana.com.br\/canaldana\/2024\/09\/12\/volvo-expandira-uso-do-aco-ssab-zero-em-caminhoes\/\" \/>\n<meta property=\"og:site_name\" content=\"Canal Dana\" \/>\n<meta property=\"article:published_time\" content=\"2024-09-12T11:18:09+00:00\" \/>\n<meta name=\"author\" content=\"Canal Dana\" \/>\n<meta name=\"twitter:card\" content=\"summary_large_image\" \/>\n<meta name=\"twitter:label1\" content=\"Escrito por\" \/>\n\t<meta name=\"twitter:data1\" content=\"Canal Dana\" \/>\n\t<meta name=\"twitter:label2\" content=\"Est. tempo de leitura\" \/>\n\t<meta name=\"twitter:data2\" content=\"2 minutos\" \/>\n<script type=\"application\/ld+json\" class=\"yoast-schema-graph\">{\"@context\":\"https:\\\/\\\/schema.org\",\"@graph\":[{\"@type\":\"Article\",\"@id\":\"https:\\\/\\\/dana.com.br\\\/canaldana\\\/2024\\\/09\\\/12\\\/volvo-expandira-uso-do-aco-ssab-zero-em-caminhoes\\\/#article\",\"isPartOf\":{\"@id\":\"https:\\\/\\\/dana.com.br\\\/canaldana\\\/2024\\\/09\\\/12\\\/volvo-expandira-uso-do-aco-ssab-zero-em-caminhoes\\\/\"},\"author\":{\"name\":\"Canal Dana\",\"@id\":\"https:\\\/\\\/dana.com.br\\\/canaldana\\\/#\\\/schema\\\/person\\\/3c21f22f56fcf3bc46b94bc60ea4fef6\"},\"headline\":\"Volvo expandir\u00e1 uso do a\u00e7o SSAB Zero em caminh\u00f5es\",\"datePublished\":\"2024-09-12T11:18:09+00:00\",\"mainEntityOfPage\":{\"@id\":\"https:\\\/\\\/dana.com.br\\\/canaldana\\\/2024\\\/09\\\/12\\\/volvo-expandira-uso-do-aco-ssab-zero-em-caminhoes\\\/\"},\"wordCount\":352,\"articleSection\":[\"Mercado\"],\"inLanguage\":\"pt-BR\"},{\"@type\":\"WebPage\",\"@id\":\"https:\\\/\\\/dana.com.br\\\/canaldana\\\/2024\\\/09\\\/12\\\/volvo-expandira-uso-do-aco-ssab-zero-em-caminhoes\\\/\",\"url\":\"https:\\\/\\\/dana.com.br\\\/canaldana\\\/2024\\\/09\\\/12\\\/volvo-expandira-uso-do-aco-ssab-zero-em-caminhoes\\\/\",\"name\":\"Volvo expandir\u00e1 uso do a\u00e7o SSAB Zero em caminh\u00f5es - Canal Dana\",\"isPartOf\":{\"@id\":\"https:\\\/\\\/dana.com.br\\\/canaldana\\\/#website\"},\"datePublished\":\"2024-09-12T11:18:09+00:00\",\"author\":{\"@id\":\"https:\\\/\\\/dana.com.br\\\/canaldana\\\/#\\\/schema\\\/person\\\/3c21f22f56fcf3bc46b94bc60ea4fef6\"},\"breadcrumb\":{\"@id\":\"https:\\\/\\\/dana.com.br\\\/canaldana\\\/2024\\\/09\\\/12\\\/volvo-expandira-uso-do-aco-ssab-zero-em-caminhoes\\\/#breadcrumb\"},\"inLanguage\":\"pt-BR\",\"potentialAction\":[{\"@type\":\"ReadAction\",\"target\":[\"https:\\\/\\\/dana.com.br\\\/canaldana\\\/2024\\\/09\\\/12\\\/volvo-expandira-uso-do-aco-ssab-zero-em-caminhoes\\\/\"]}]},{\"@type\":\"BreadcrumbList\",\"@id\":\"https:\\\/\\\/dana.com.br\\\/canaldana\\\/2024\\\/09\\\/12\\\/volvo-expandira-uso-do-aco-ssab-zero-em-caminhoes\\\/#breadcrumb\",\"itemListElement\":[{\"@type\":\"ListItem\",\"position\":1,\"name\":\"Home\",\"item\":\"https:\\\/\\\/dana.com.br\\\/canaldana\\\/\"},{\"@type\":\"ListItem\",\"position\":2,\"name\":\"Mercado\",\"item\":\"https:\\\/\\\/dana.com.br\\\/canaldana\\\/mercado\\\/\"},{\"@type\":\"ListItem\",\"position\":3,\"name\":\"Volvo expandir\u00e1 uso do a\u00e7o SSAB Zero em caminh\u00f5es\"}]},{\"@type\":\"WebSite\",\"@id\":\"https:\\\/\\\/dana.com.br\\\/canaldana\\\/#website\",\"url\":\"https:\\\/\\\/dana.com.br\\\/canaldana\\\/\",\"name\":\"Canal Dana\",\"description\":\"Informativo com as principais not\u00edcias da ind\u00fastria automotiva\",\"potentialAction\":[{\"@type\":\"SearchAction\",\"target\":{\"@type\":\"EntryPoint\",\"urlTemplate\":\"https:\\\/\\\/dana.com.br\\\/canaldana\\\/?s={search_term_string}\"},\"query-input\":{\"@type\":\"PropertyValueSpecification\",\"valueRequired\":true,\"valueName\":\"search_term_string\"}}],\"inLanguage\":\"pt-BR\"},{\"@type\":\"Person\",\"@id\":\"https:\\\/\\\/dana.com.br\\\/canaldana\\\/#\\\/schema\\\/person\\\/3c21f22f56fcf3bc46b94bc60ea4fef6\",\"name\":\"Canal Dana\",\"image\":{\"@type\":\"ImageObject\",\"inLanguage\":\"pt-BR\",\"@id\":\"https:\\\/\\\/secure.gravatar.com\\\/avatar\\\/420aaf9278582877d9018637c6817617705899d2858d7572ef0fe59a6b6454b4?s=96&d=mm&r=g\",\"url\":\"https:\\\/\\\/secure.gravatar.com\\\/avatar\\\/420aaf9278582877d9018637c6817617705899d2858d7572ef0fe59a6b6454b4?s=96&d=mm&r=g\",\"contentUrl\":\"https:\\\/\\\/secure.gravatar.com\\\/avatar\\\/420aaf9278582877d9018637c6817617705899d2858d7572ef0fe59a6b6454b4?s=96&d=mm&r=g\",\"caption\":\"Canal Dana\"},\"url\":\"https:\\\/\\\/dana.com.br\\\/canaldana\\\/author\\\/cdeditor\\\/\"}]}<\/script>\n<!-- \/ Yoast SEO plugin. -->","yoast_head_json":{"title":"Volvo expandir\u00e1 uso do a\u00e7o SSAB Zero em caminh\u00f5es - Canal Dana","robots":{"index":"index","follow":"follow","max-snippet":"max-snippet:-1","max-image-preview":"max-image-preview:large","max-video-preview":"max-video-preview:-1"},"canonical":"https:\/\/dana.com.br\/canaldana\/2024\/09\/12\/volvo-expandira-uso-do-aco-ssab-zero-em-caminhoes\/","og_locale":"pt_BR","og_type":"article","og_title":"Volvo expandir\u00e1 uso do a\u00e7o SSAB Zero em caminh\u00f5es - Canal Dana","og_description":"Frota &amp; Cia\u00a0 &nbsp; A Volvo est\u00e1 aumentando o uso de a\u00e7o de baixa emiss\u00e3o de CO2 para todas as transmiss\u00f5es da marca. A montadora foi a primeira a introduzir esse tipo de a\u00e7o na produ\u00e7\u00e3o de seus caminh\u00f5es el\u00e9tricos em 2022. Produzido pela sider\u00fargica sueca SSAB, o SSAB Zero \u00e9 feito de material reciclado\u2026 Leia mais \u00bb","og_url":"https:\/\/dana.com.br\/canaldana\/2024\/09\/12\/volvo-expandira-uso-do-aco-ssab-zero-em-caminhoes\/","og_site_name":"Canal Dana","article_published_time":"2024-09-12T11:18:09+00:00","author":"Canal Dana","twitter_card":"summary_large_image","twitter_misc":{"Escrito por":"Canal Dana","Est. tempo de leitura":"2 minutos"},"schema":{"@context":"https:\/\/schema.org","@graph":[{"@type":"Article","@id":"https:\/\/dana.com.br\/canaldana\/2024\/09\/12\/volvo-expandira-uso-do-aco-ssab-zero-em-caminhoes\/#article","isPartOf":{"@id":"https:\/\/dana.com.br\/canaldana\/2024\/09\/12\/volvo-expandira-uso-do-aco-ssab-zero-em-caminhoes\/"},"author":{"name":"Canal Dana","@id":"https:\/\/dana.com.br\/canaldana\/#\/schema\/person\/3c21f22f56fcf3bc46b94bc60ea4fef6"},"headline":"Volvo expandir\u00e1 uso do a\u00e7o SSAB Zero em caminh\u00f5es","datePublished":"2024-09-12T11:18:09+00:00","mainEntityOfPage":{"@id":"https:\/\/dana.com.br\/canaldana\/2024\/09\/12\/volvo-expandira-uso-do-aco-ssab-zero-em-caminhoes\/"},"wordCount":352,"articleSection":["Mercado"],"inLanguage":"pt-BR"},{"@type":"WebPage","@id":"https:\/\/dana.com.br\/canaldana\/2024\/09\/12\/volvo-expandira-uso-do-aco-ssab-zero-em-caminhoes\/","url":"https:\/\/dana.com.br\/canaldana\/2024\/09\/12\/volvo-expandira-uso-do-aco-ssab-zero-em-caminhoes\/","name":"Volvo expandir\u00e1 uso do a\u00e7o SSAB Zero em caminh\u00f5es - Canal Dana","isPartOf":{"@id":"https:\/\/dana.com.br\/canaldana\/#website"},"datePublished":"2024-09-12T11:18:09+00:00","author":{"@id":"https:\/\/dana.com.br\/canaldana\/#\/schema\/person\/3c21f22f56fcf3bc46b94bc60ea4fef6"},"breadcrumb":{"@id":"https:\/\/dana.com.br\/canaldana\/2024\/09\/12\/volvo-expandira-uso-do-aco-ssab-zero-em-caminhoes\/#breadcrumb"},"inLanguage":"pt-BR","potentialAction":[{"@type":"ReadAction","target":["https:\/\/dana.com.br\/canaldana\/2024\/09\/12\/volvo-expandira-uso-do-aco-ssab-zero-em-caminhoes\/"]}]},{"@type":"BreadcrumbList","@id":"https:\/\/dana.com.br\/canaldana\/2024\/09\/12\/volvo-expandira-uso-do-aco-ssab-zero-em-caminhoes\/#breadcrumb","itemListElement":[{"@type":"ListItem","position":1,"name":"Home","item":"https:\/\/dana.com.br\/canaldana\/"},{"@type":"ListItem","position":2,"name":"Mercado","item":"https:\/\/dana.com.br\/canaldana\/mercado\/"},{"@type":"ListItem","position":3,"name":"Volvo expandir\u00e1 uso do a\u00e7o SSAB Zero em caminh\u00f5es"}]},{"@type":"WebSite","@id":"https:\/\/dana.com.br\/canaldana\/#website","url":"https:\/\/dana.com.br\/canaldana\/","name":"Canal Dana","description":"Informativo com as principais not\u00edcias da ind\u00fastria automotiva","potentialAction":[{"@type":"SearchAction","target":{"@type":"EntryPoint","urlTemplate":"https:\/\/dana.com.br\/canaldana\/?s={search_term_string}"},"query-input":{"@type":"PropertyValueSpecification","valueRequired":true,"valueName":"search_term_string"}}],"inLanguage":"pt-BR"},{"@type":"Person","@id":"https:\/\/dana.com.br\/canaldana\/#\/schema\/person\/3c21f22f56fcf3bc46b94bc60ea4fef6","name":"Canal Dana","image":{"@type":"ImageObject","inLanguage":"pt-BR","@id":"https:\/\/secure.gravatar.com\/avatar\/420aaf9278582877d9018637c6817617705899d2858d7572ef0fe59a6b6454b4?s=96&d=mm&r=g","url":"https:\/\/secure.gravatar.com\/avatar\/420aaf9278582877d9018637c6817617705899d2858d7572ef0fe59a6b6454b4?s=96&d=mm&r=g","contentUrl":"https:\/\/secure.gravatar.com\/avatar\/420aaf9278582877d9018637c6817617705899d2858d7572ef0fe59a6b6454b4?s=96&d=mm&r=g","caption":"Canal Dana"},"url":"https:\/\/dana.com.br\/canaldana\/author\/cdeditor\/"}]}},"_links":{"self":[{"href":"https:\/\/dana.com.br\/canaldana\/wp-json\/wp\/v2\/posts\/76358","targetHints":{"allow":["GET"]}}],"collection":[{"href":"https:\/\/dana.com.br\/canaldana\/wp-json\/wp\/v2\/posts"}],"about":[{"href":"https:\/\/dana.com.br\/canaldana\/wp-json\/wp\/v2\/types\/post"}],"author":[{"embeddable":true,"href":"https:\/\/dana.com.br\/canaldana\/wp-json\/wp\/v2\/users\/3"}],"replies":[{"embeddable":true,"href":"https:\/\/dana.com.br\/canaldana\/wp-json\/wp\/v2\/comments?post=76358"}],"version-history":[{"count":1,"href":"https:\/\/dana.com.br\/canaldana\/wp-json\/wp\/v2\/posts\/76358\/revisions"}],"predecessor-version":[{"id":76359,"href":"https:\/\/dana.com.br\/canaldana\/wp-json\/wp\/v2\/posts\/76358\/revisions\/76359"}],"wp:attachment":[{"href":"https:\/\/dana.com.br\/canaldana\/wp-json\/wp\/v2\/media?parent=76358"}],"wp:term":[{"taxonomy":"category","embeddable":true,"href":"https:\/\/dana.com.br\/canaldana\/wp-json\/wp\/v2\/categories?post=76358"},{"taxonomy":"post_tag","embeddable":true,"href":"https:\/\/dana.com.br\/canaldana\/wp-json\/wp\/v2\/tags?post=76358"}],"curies":[{"name":"wp","href":"https:\/\/api.w.org\/{rel}","templated":true}]}}