{"id":76336,"date":"2024-09-11T08:27:42","date_gmt":"2024-09-11T11:27:42","guid":{"rendered":"https:\/\/dana.com.br\/canaldana\/?p=76336"},"modified":"2024-09-11T08:27:42","modified_gmt":"2024-09-11T11:27:42","slug":"empresa-de-onibus-de-sao-paulo-amplia-frota-de-eletricos","status":"publish","type":"post","link":"https:\/\/dana.com.br\/canaldana\/2024\/09\/11\/empresa-de-onibus-de-sao-paulo-amplia-frota-de-eletricos\/","title":{"rendered":"Empresa de \u00f4nibus de S\u00e3o Paulo amplia frota de el\u00e9tricos"},"content":{"rendered":"<p><em>O Estado de S. Paulo\/Mobilidade <\/em><\/p>\n<p>&nbsp;<\/p>\n<p>A cidade de S\u00e3o Paulo vive contagem regressiva para come\u00e7ar a utilizar somente \u00f4nibus el\u00e9tricos no transporte urbano. De acordo com a Lei 16.802, publicada em 18 de janeiro de 2018, as emiss\u00f5es de poluentes dos ve\u00edculos devem ser reduzidas pela metade em um per\u00edodo de 10 anos e chegarem a zero em 20 anos.<\/p>\n<p>&nbsp;<\/p>\n<p>As concession\u00e1rias de transporte coletivo se movimentam para cumprir as novas regras do jogo. \u00c9 o caso da Auto Via\u00e7\u00e3o Transcap, que comprou nove \u00f4nibus D9W da fabricante chinesa BYD, em agosto.<\/p>\n<p>&nbsp;<\/p>\n<p>Dona de uma frota de 340 ve\u00edculos, a Transcap \u2013 que atua na regi\u00e3o sudoeste do munic\u00edpio de S\u00e3o Paulo \u2013 prepara o terreno para a transi\u00e7\u00e3o em suas opera\u00e7\u00f5es.<\/p>\n<p>&nbsp;<\/p>\n<p>Depois de ser emplacado, receber a catraca e passar por vistoria t\u00e9cnica, o modelo D9W ser\u00e1 usado na linha 809 L-10 Lapa-Campo Limpo, com 22 quil\u00f4metros de extens\u00e3o. Cada \u00f4nibus da linha, que funciona das 4h20 \u00e0s 23 horas, transporta, em m\u00e9dia, 400 passageiros por dia.<\/p>\n<p>&nbsp;<\/p>\n<p>Os nove ve\u00edculos recentemente entregues s\u00e3o s\u00f3 o primeiro passo da Transcap para eletrificar a frota e atender \u00e0 determina\u00e7\u00e3o municipal. \u201cJ\u00e1 encomendamos mais 47 \u00f4nibus da BYD\u201d, afirma Valter da Silva Bispo, propriet\u00e1rio da Transcap.<\/p>\n<p>&nbsp;<\/p>\n<p><strong>Fase de testes <\/strong><\/p>\n<p>&nbsp;<\/p>\n<p>Antes de receber os \u00f4nibus el\u00e9tricos, a empresa preparou a infraestrutura necess\u00e1ria em sua garagem, em um investimento de R$ 12 milh\u00f5es, al\u00e9m de receber o aval t\u00e9cnico da SPTrans, \u00f3rg\u00e3o gestor do transporte p\u00fablico de S\u00e3o Paulo.<\/p>\n<p>&nbsp;<\/p>\n<p>Hoje, as instala\u00e7\u00f5es contam com 19 carregadores, capazes de suportar o reabastecimento de cada \u00f4nibus em aproximadamente quatro horas. A recarga ser\u00e1 feita sempre \u00e0 noite, ao final da jornada di\u00e1ria, ap\u00f3s os ve\u00edculos passarem primeiramente pelas revis\u00f5es preventiva e preditiva e pela lavagem.<\/p>\n<p>&nbsp;<\/p>\n<p>Segundo Bispo, a previs\u00e3o da Transcap \u00e9 comprar 138 \u00f4nibus el\u00e9tricos at\u00e9 2025. Mas o plano esbarra em um problema: \u201cA infraestrutura complexa \u00e9 a principal barreira. A concession\u00e1ria de energia el\u00e9trica precisa garantir o fornecimento para suprir nossa demanda, que crescer\u00e1 a partir de agora\u201d.<\/p>\n<p>&nbsp;<\/p>\n<p>A escolha do modelo da BYD aconteceu depois do per\u00edodo de testes de um ano, com os \u00f4nibus el\u00e9tricos de v\u00e1rias fabricantes enfrentando as ruas muitas vezes esburacadas do percurso. \u201cGostei mais da tecnologia da BYD. O D9W \u00e9 silencioso, tem torque r\u00e1pido, d\u00e1 seguran\u00e7a e me pareceu que a bateria dos concorrentes descarregava mais rapidamente\u201d, explica. Com autonomia de 250 quil\u00f4metros, o D9W de 12 metros \u00e9 encarro\u00e7ado pela empresa Caio e transporta 71 pessoas. Ele tem piso baixo para facilitar a acessibilidade e vem equipado com ar-condicionado, wifi e tomadas USB.<\/p>\n<p>&nbsp;<\/p>\n<p>Segundo a BYD, o \u00f4nibus 100% el\u00e9trico deixa de emitir 118,7 toneladas de di\u00f3xido de carbono (CO2) por ano. Atualmente, h\u00e1 101 \u00f4nibus el\u00e9tricos da montadora circulando em 23 cidades brasileiras \u2013 18 deles na capital paulista.<\/p>\n<p>&nbsp;<\/p>\n<p><strong>Treinamento <\/strong><\/p>\n<p>&nbsp;<\/p>\n<p>Selecionado o modelo, a Transcap promoveu um treinamento com 200 motoristas da companhia. \u201cFizemos um primeiro filtro com os melhores profissionais e, em seguida, realizamos a qualifica\u00e7\u00e3o para eles conhecerem o \u00f4nibus el\u00e9trico\u201d, lembra Bispo. \u201cA adapta\u00e7\u00e3o \u00e9 necess\u00e1ria, porque existem muitas diferen\u00e7as entre \u00f4nibus a combust\u00e3o e el\u00e9trico. Depois do treinamento, os motoristas n\u00e3o querem outra coisa e est\u00e3o ansiosos para estrear a nova tecnologia\u201d, diz.<\/p>\n<p>&nbsp;<\/p>\n<p>A vida \u00fatil tamb\u00e9m conta a favor dos novos modelos el\u00e9tricos. Bispo calcula que eles ficar\u00e3o em opera\u00e7\u00e3o ao longo de 10 anos, ao passo que o modelo convencional permanece sete anos em circula\u00e7\u00e3o.<\/p>\n<p>&nbsp;<\/p>\n<p>A exemplo dos condutores, Bispo mostra-se empolgado com a transi\u00e7\u00e3o que, al\u00e9m de aumentar a qualidade do servi\u00e7o oferecido ao usu\u00e1rio, mexer\u00e1 diretamente nas finan\u00e7as da empresa. \u201cSe dependesse de mim, toda a frota da Transcap j\u00e1 estaria eletrificada. \u00c9 o futuro\u201d, afirma.<\/p>\n<p>&nbsp;<\/p>\n<p>Ele ainda n\u00e3o sabe qual ser\u00e1 o impacto financeiro com os \u00f4nibus el\u00e9tricos, mas acredita que a redu\u00e7\u00e3o na planilha de custos ser\u00e1 dr\u00e1stica.<\/p>\n<p>&nbsp;<\/p>\n<p>\u201cOs ve\u00edculos com motor a combust\u00e3o exigem mais manuten\u00e7\u00e3o. Com os ve\u00edculos el\u00e9tricos n\u00e3o haver\u00e1 gastos com troca de \u00f3leo, diesel e componentes como o chicote do ar-condicionado. A economia \u00e9 enorme\u201d, comemora. (O Estado de S. Paulo\/Mobilidade\/M\u00e1rio S\u00e9rgio Venditti)<\/p>\n","protected":false},"excerpt":{"rendered":"<p>O Estado de S. Paulo\/Mobilidade &nbsp; A cidade de S\u00e3o Paulo vive contagem regressiva para come\u00e7ar a utilizar somente \u00f4nibus el\u00e9tricos no transporte urbano. De acordo com a Lei 16.802, publicada em 18 de janeiro de 2018, as emiss\u00f5es de poluentes dos ve\u00edculos devem ser reduzidas pela metade em um per\u00edodo de 10 anos e\u2026 <a class=\"readmore\" href=\"https:\/\/dana.com.br\/canaldana\/2024\/09\/11\/empresa-de-onibus-de-sao-paulo-amplia-frota-de-eletricos\/\">Leia mais \u00bb<\/a><\/p>\n","protected":false},"author":3,"featured_media":0,"comment_status":"closed","ping_status":"closed","sticky":false,"template":"","format":"standard","meta":{"_acf_changed":false,"footnotes":""},"categories":[79],"tags":[],"class_list":["post-76336","post","type-post","status-publish","format-standard","hentry","category-mercado"],"acf":[],"yoast_head":"<!-- This site is optimized with the Yoast SEO plugin v27.3 - https:\/\/yoast.com\/product\/yoast-seo-wordpress\/ -->\n<title>Empresa de \u00f4nibus de S\u00e3o Paulo amplia frota de el\u00e9tricos - Canal Dana<\/title>\n<meta name=\"robots\" content=\"index, follow, max-snippet:-1, max-image-preview:large, max-video-preview:-1\" \/>\n<link rel=\"canonical\" href=\"https:\/\/dana.com.br\/canaldana\/2024\/09\/11\/empresa-de-onibus-de-sao-paulo-amplia-frota-de-eletricos\/\" \/>\n<meta property=\"og:locale\" content=\"pt_BR\" \/>\n<meta property=\"og:type\" content=\"article\" \/>\n<meta property=\"og:title\" content=\"Empresa de \u00f4nibus de S\u00e3o Paulo amplia frota de el\u00e9tricos - Canal Dana\" \/>\n<meta property=\"og:description\" content=\"O Estado de S. Paulo\/Mobilidade &nbsp; A cidade de S\u00e3o Paulo vive contagem regressiva para come\u00e7ar a utilizar somente \u00f4nibus el\u00e9tricos no transporte urbano. De acordo com a Lei 16.802, publicada em 18 de janeiro de 2018, as emiss\u00f5es de poluentes dos ve\u00edculos devem ser reduzidas pela metade em um per\u00edodo de 10 anos e\u2026 Leia mais \u00bb\" \/>\n<meta property=\"og:url\" content=\"https:\/\/dana.com.br\/canaldana\/2024\/09\/11\/empresa-de-onibus-de-sao-paulo-amplia-frota-de-eletricos\/\" \/>\n<meta property=\"og:site_name\" content=\"Canal Dana\" \/>\n<meta property=\"article:published_time\" content=\"2024-09-11T11:27:42+00:00\" \/>\n<meta name=\"author\" content=\"Canal Dana\" \/>\n<meta name=\"twitter:card\" content=\"summary_large_image\" \/>\n<meta name=\"twitter:label1\" content=\"Escrito por\" \/>\n\t<meta name=\"twitter:data1\" content=\"Canal Dana\" \/>\n\t<meta name=\"twitter:label2\" content=\"Est. tempo de leitura\" \/>\n\t<meta name=\"twitter:data2\" content=\"4 minutos\" \/>\n<script type=\"application\/ld+json\" class=\"yoast-schema-graph\">{\"@context\":\"https:\\\/\\\/schema.org\",\"@graph\":[{\"@type\":\"Article\",\"@id\":\"https:\\\/\\\/dana.com.br\\\/canaldana\\\/2024\\\/09\\\/11\\\/empresa-de-onibus-de-sao-paulo-amplia-frota-de-eletricos\\\/#article\",\"isPartOf\":{\"@id\":\"https:\\\/\\\/dana.com.br\\\/canaldana\\\/2024\\\/09\\\/11\\\/empresa-de-onibus-de-sao-paulo-amplia-frota-de-eletricos\\\/\"},\"author\":{\"name\":\"Canal Dana\",\"@id\":\"https:\\\/\\\/dana.com.br\\\/canaldana\\\/#\\\/schema\\\/person\\\/3c21f22f56fcf3bc46b94bc60ea4fef6\"},\"headline\":\"Empresa de \u00f4nibus de S\u00e3o Paulo amplia frota de el\u00e9tricos\",\"datePublished\":\"2024-09-11T11:27:42+00:00\",\"mainEntityOfPage\":{\"@id\":\"https:\\\/\\\/dana.com.br\\\/canaldana\\\/2024\\\/09\\\/11\\\/empresa-de-onibus-de-sao-paulo-amplia-frota-de-eletricos\\\/\"},\"wordCount\":752,\"articleSection\":[\"Mercado\"],\"inLanguage\":\"pt-BR\"},{\"@type\":\"WebPage\",\"@id\":\"https:\\\/\\\/dana.com.br\\\/canaldana\\\/2024\\\/09\\\/11\\\/empresa-de-onibus-de-sao-paulo-amplia-frota-de-eletricos\\\/\",\"url\":\"https:\\\/\\\/dana.com.br\\\/canaldana\\\/2024\\\/09\\\/11\\\/empresa-de-onibus-de-sao-paulo-amplia-frota-de-eletricos\\\/\",\"name\":\"Empresa de \u00f4nibus de S\u00e3o Paulo amplia frota de el\u00e9tricos - Canal Dana\",\"isPartOf\":{\"@id\":\"https:\\\/\\\/dana.com.br\\\/canaldana\\\/#website\"},\"datePublished\":\"2024-09-11T11:27:42+00:00\",\"author\":{\"@id\":\"https:\\\/\\\/dana.com.br\\\/canaldana\\\/#\\\/schema\\\/person\\\/3c21f22f56fcf3bc46b94bc60ea4fef6\"},\"breadcrumb\":{\"@id\":\"https:\\\/\\\/dana.com.br\\\/canaldana\\\/2024\\\/09\\\/11\\\/empresa-de-onibus-de-sao-paulo-amplia-frota-de-eletricos\\\/#breadcrumb\"},\"inLanguage\":\"pt-BR\",\"potentialAction\":[{\"@type\":\"ReadAction\",\"target\":[\"https:\\\/\\\/dana.com.br\\\/canaldana\\\/2024\\\/09\\\/11\\\/empresa-de-onibus-de-sao-paulo-amplia-frota-de-eletricos\\\/\"]}]},{\"@type\":\"BreadcrumbList\",\"@id\":\"https:\\\/\\\/dana.com.br\\\/canaldana\\\/2024\\\/09\\\/11\\\/empresa-de-onibus-de-sao-paulo-amplia-frota-de-eletricos\\\/#breadcrumb\",\"itemListElement\":[{\"@type\":\"ListItem\",\"position\":1,\"name\":\"Home\",\"item\":\"https:\\\/\\\/dana.com.br\\\/canaldana\\\/\"},{\"@type\":\"ListItem\",\"position\":2,\"name\":\"Mercado\",\"item\":\"https:\\\/\\\/dana.com.br\\\/canaldana\\\/mercado\\\/\"},{\"@type\":\"ListItem\",\"position\":3,\"name\":\"Empresa de \u00f4nibus de S\u00e3o Paulo amplia frota de el\u00e9tricos\"}]},{\"@type\":\"WebSite\",\"@id\":\"https:\\\/\\\/dana.com.br\\\/canaldana\\\/#website\",\"url\":\"https:\\\/\\\/dana.com.br\\\/canaldana\\\/\",\"name\":\"Canal Dana\",\"description\":\"Informativo com as principais not\u00edcias da ind\u00fastria automotiva\",\"potentialAction\":[{\"@type\":\"SearchAction\",\"target\":{\"@type\":\"EntryPoint\",\"urlTemplate\":\"https:\\\/\\\/dana.com.br\\\/canaldana\\\/?s={search_term_string}\"},\"query-input\":{\"@type\":\"PropertyValueSpecification\",\"valueRequired\":true,\"valueName\":\"search_term_string\"}}],\"inLanguage\":\"pt-BR\"},{\"@type\":\"Person\",\"@id\":\"https:\\\/\\\/dana.com.br\\\/canaldana\\\/#\\\/schema\\\/person\\\/3c21f22f56fcf3bc46b94bc60ea4fef6\",\"name\":\"Canal Dana\",\"image\":{\"@type\":\"ImageObject\",\"inLanguage\":\"pt-BR\",\"@id\":\"https:\\\/\\\/secure.gravatar.com\\\/avatar\\\/420aaf9278582877d9018637c6817617705899d2858d7572ef0fe59a6b6454b4?s=96&d=mm&r=g\",\"url\":\"https:\\\/\\\/secure.gravatar.com\\\/avatar\\\/420aaf9278582877d9018637c6817617705899d2858d7572ef0fe59a6b6454b4?s=96&d=mm&r=g\",\"contentUrl\":\"https:\\\/\\\/secure.gravatar.com\\\/avatar\\\/420aaf9278582877d9018637c6817617705899d2858d7572ef0fe59a6b6454b4?s=96&d=mm&r=g\",\"caption\":\"Canal Dana\"},\"url\":\"https:\\\/\\\/dana.com.br\\\/canaldana\\\/author\\\/cdeditor\\\/\"}]}<\/script>\n<!-- \/ Yoast SEO plugin. -->","yoast_head_json":{"title":"Empresa de \u00f4nibus de S\u00e3o Paulo amplia frota de el\u00e9tricos - Canal Dana","robots":{"index":"index","follow":"follow","max-snippet":"max-snippet:-1","max-image-preview":"max-image-preview:large","max-video-preview":"max-video-preview:-1"},"canonical":"https:\/\/dana.com.br\/canaldana\/2024\/09\/11\/empresa-de-onibus-de-sao-paulo-amplia-frota-de-eletricos\/","og_locale":"pt_BR","og_type":"article","og_title":"Empresa de \u00f4nibus de S\u00e3o Paulo amplia frota de el\u00e9tricos - Canal Dana","og_description":"O Estado de S. Paulo\/Mobilidade &nbsp; A cidade de S\u00e3o Paulo vive contagem regressiva para come\u00e7ar a utilizar somente \u00f4nibus el\u00e9tricos no transporte urbano. De acordo com a Lei 16.802, publicada em 18 de janeiro de 2018, as emiss\u00f5es de poluentes dos ve\u00edculos devem ser reduzidas pela metade em um per\u00edodo de 10 anos e\u2026 Leia mais \u00bb","og_url":"https:\/\/dana.com.br\/canaldana\/2024\/09\/11\/empresa-de-onibus-de-sao-paulo-amplia-frota-de-eletricos\/","og_site_name":"Canal Dana","article_published_time":"2024-09-11T11:27:42+00:00","author":"Canal Dana","twitter_card":"summary_large_image","twitter_misc":{"Escrito por":"Canal Dana","Est. tempo de leitura":"4 minutos"},"schema":{"@context":"https:\/\/schema.org","@graph":[{"@type":"Article","@id":"https:\/\/dana.com.br\/canaldana\/2024\/09\/11\/empresa-de-onibus-de-sao-paulo-amplia-frota-de-eletricos\/#article","isPartOf":{"@id":"https:\/\/dana.com.br\/canaldana\/2024\/09\/11\/empresa-de-onibus-de-sao-paulo-amplia-frota-de-eletricos\/"},"author":{"name":"Canal Dana","@id":"https:\/\/dana.com.br\/canaldana\/#\/schema\/person\/3c21f22f56fcf3bc46b94bc60ea4fef6"},"headline":"Empresa de \u00f4nibus de S\u00e3o Paulo amplia frota de el\u00e9tricos","datePublished":"2024-09-11T11:27:42+00:00","mainEntityOfPage":{"@id":"https:\/\/dana.com.br\/canaldana\/2024\/09\/11\/empresa-de-onibus-de-sao-paulo-amplia-frota-de-eletricos\/"},"wordCount":752,"articleSection":["Mercado"],"inLanguage":"pt-BR"},{"@type":"WebPage","@id":"https:\/\/dana.com.br\/canaldana\/2024\/09\/11\/empresa-de-onibus-de-sao-paulo-amplia-frota-de-eletricos\/","url":"https:\/\/dana.com.br\/canaldana\/2024\/09\/11\/empresa-de-onibus-de-sao-paulo-amplia-frota-de-eletricos\/","name":"Empresa de \u00f4nibus de S\u00e3o Paulo amplia frota de el\u00e9tricos - Canal Dana","isPartOf":{"@id":"https:\/\/dana.com.br\/canaldana\/#website"},"datePublished":"2024-09-11T11:27:42+00:00","author":{"@id":"https:\/\/dana.com.br\/canaldana\/#\/schema\/person\/3c21f22f56fcf3bc46b94bc60ea4fef6"},"breadcrumb":{"@id":"https:\/\/dana.com.br\/canaldana\/2024\/09\/11\/empresa-de-onibus-de-sao-paulo-amplia-frota-de-eletricos\/#breadcrumb"},"inLanguage":"pt-BR","potentialAction":[{"@type":"ReadAction","target":["https:\/\/dana.com.br\/canaldana\/2024\/09\/11\/empresa-de-onibus-de-sao-paulo-amplia-frota-de-eletricos\/"]}]},{"@type":"BreadcrumbList","@id":"https:\/\/dana.com.br\/canaldana\/2024\/09\/11\/empresa-de-onibus-de-sao-paulo-amplia-frota-de-eletricos\/#breadcrumb","itemListElement":[{"@type":"ListItem","position":1,"name":"Home","item":"https:\/\/dana.com.br\/canaldana\/"},{"@type":"ListItem","position":2,"name":"Mercado","item":"https:\/\/dana.com.br\/canaldana\/mercado\/"},{"@type":"ListItem","position":3,"name":"Empresa de \u00f4nibus de S\u00e3o Paulo amplia frota de el\u00e9tricos"}]},{"@type":"WebSite","@id":"https:\/\/dana.com.br\/canaldana\/#website","url":"https:\/\/dana.com.br\/canaldana\/","name":"Canal Dana","description":"Informativo com as principais not\u00edcias da ind\u00fastria automotiva","potentialAction":[{"@type":"SearchAction","target":{"@type":"EntryPoint","urlTemplate":"https:\/\/dana.com.br\/canaldana\/?s={search_term_string}"},"query-input":{"@type":"PropertyValueSpecification","valueRequired":true,"valueName":"search_term_string"}}],"inLanguage":"pt-BR"},{"@type":"Person","@id":"https:\/\/dana.com.br\/canaldana\/#\/schema\/person\/3c21f22f56fcf3bc46b94bc60ea4fef6","name":"Canal Dana","image":{"@type":"ImageObject","inLanguage":"pt-BR","@id":"https:\/\/secure.gravatar.com\/avatar\/420aaf9278582877d9018637c6817617705899d2858d7572ef0fe59a6b6454b4?s=96&d=mm&r=g","url":"https:\/\/secure.gravatar.com\/avatar\/420aaf9278582877d9018637c6817617705899d2858d7572ef0fe59a6b6454b4?s=96&d=mm&r=g","contentUrl":"https:\/\/secure.gravatar.com\/avatar\/420aaf9278582877d9018637c6817617705899d2858d7572ef0fe59a6b6454b4?s=96&d=mm&r=g","caption":"Canal Dana"},"url":"https:\/\/dana.com.br\/canaldana\/author\/cdeditor\/"}]}},"_links":{"self":[{"href":"https:\/\/dana.com.br\/canaldana\/wp-json\/wp\/v2\/posts\/76336","targetHints":{"allow":["GET"]}}],"collection":[{"href":"https:\/\/dana.com.br\/canaldana\/wp-json\/wp\/v2\/posts"}],"about":[{"href":"https:\/\/dana.com.br\/canaldana\/wp-json\/wp\/v2\/types\/post"}],"author":[{"embeddable":true,"href":"https:\/\/dana.com.br\/canaldana\/wp-json\/wp\/v2\/users\/3"}],"replies":[{"embeddable":true,"href":"https:\/\/dana.com.br\/canaldana\/wp-json\/wp\/v2\/comments?post=76336"}],"version-history":[{"count":1,"href":"https:\/\/dana.com.br\/canaldana\/wp-json\/wp\/v2\/posts\/76336\/revisions"}],"predecessor-version":[{"id":76337,"href":"https:\/\/dana.com.br\/canaldana\/wp-json\/wp\/v2\/posts\/76336\/revisions\/76337"}],"wp:attachment":[{"href":"https:\/\/dana.com.br\/canaldana\/wp-json\/wp\/v2\/media?parent=76336"}],"wp:term":[{"taxonomy":"category","embeddable":true,"href":"https:\/\/dana.com.br\/canaldana\/wp-json\/wp\/v2\/categories?post=76336"},{"taxonomy":"post_tag","embeddable":true,"href":"https:\/\/dana.com.br\/canaldana\/wp-json\/wp\/v2\/tags?post=76336"}],"curies":[{"name":"wp","href":"https:\/\/api.w.org\/{rel}","templated":true}]}}