{"id":76332,"date":"2024-09-11T08:26:25","date_gmt":"2024-09-11T11:26:25","guid":{"rendered":"https:\/\/dana.com.br\/canaldana\/?p=76332"},"modified":"2024-09-11T08:26:25","modified_gmt":"2024-09-11T11:26:25","slug":"industria-de-motos-bate-recorde-no-ano-mas-estiagem-preocupa","status":"publish","type":"post","link":"https:\/\/dana.com.br\/canaldana\/2024\/09\/11\/industria-de-motos-bate-recorde-no-ano-mas-estiagem-preocupa\/","title":{"rendered":"Ind\u00fastria de motos bate recorde no ano, mas estiagem preocupa"},"content":{"rendered":"<p><em>AutoInd\u00fastria\u00a0 <\/em><\/p>\n<p>&nbsp;<\/p>\n<p>A ind\u00fastria de motocicletas comemora recorde de vendas no ano, registrando o melhor agosto de sua hist\u00f3ria desde 2012. Sa\u00edram das linhas de montagem instaladas no Polo Industrial de Manaus, PIM, 163.960 unidades no m\u00eas passado, expans\u00e3o de 11,4% sobre julho e volume bem pr\u00f3ximo ao de agosto de 2023.<\/p>\n<p>&nbsp;<\/p>\n<p>Os dados foram divulgados nesta ter\u00e7a-feira, 10, pela Abraciclo, Associa\u00e7\u00e3o Brasileira dos Fabricantes de Motocicletas, Ciclomotores, Motonetas, Bicicletas e Similares. A produ\u00e7\u00e3o nos primeiros oito meses do ano atingiu 1.179.161 motocicletas, alta de 12,1% em rela\u00e7\u00e3o a id\u00eantico per\u00edodo de 2023 e tamb\u00e9m melhor resultado alcan\u00e7ado em 12 anos.<\/p>\n<p>&nbsp;<\/p>\n<p>Apesar dos n\u00fameros positivos, o presidente da Abraciclo, Marcos Brito, diz que o cen\u00e1rio exige aten\u00e7\u00e3o no que diz respeito \u00e0 estiagem: \u201cAs associadas tomaram medidas preventivas para garantir o abastecimento das linhas de produ\u00e7\u00e3o\u201d.<\/p>\n<p>&nbsp;<\/p>\n<p>A entidade destaca que por enquanto as opera\u00e7\u00f5es est\u00e3o normais, mas buscando antecipar impactos futuros da estiagem as fabricantes instaladas em Manaus criaram um plano de conting\u00eancia baseado em dois pontos principais: a antecipa\u00e7\u00e3o de estoques, para garantir o abastecimento das linhas de produ\u00e7\u00e3o, e a ado\u00e7\u00e3o de alternativas log\u00edsticas para o transporte de produtos.<\/p>\n<p>&nbsp;<\/p>\n<p>Cada associada elaborou seu plano, de acordo com sua realidade, para atender as demandas do mercado. Dentre as medidas j\u00e1 em curso, est\u00e3o o uso de rotas alternativas, tanto para o recebimento de pe\u00e7as e componentes como para o transporte de produtos.<\/p>\n<p>&nbsp;<\/p>\n<p>Importante lembrar que os governos federal e estadual est\u00e3o implementando diversas a\u00e7\u00f5es para ajudar as empresas instaladas na ZFM (Zona Franca de Manaus).<\/p>\n<p>&nbsp;<\/p>\n<p>\u201cNo in\u00edcio de agosto, por exemplo, a Receita Federal autorizou a movimenta\u00e7\u00e3o de mercadorias em um porto flutuante provis\u00f3rio instalado no rio Amazonas, no munic\u00edpio de Itacoatiara, durante o per\u00edodo severo da vazante nos rios da regi\u00e3o. Essa autoriza\u00e7\u00e3o permitir\u00e1, al\u00e9m do transbordo, a baldea\u00e7\u00e3o, um procedimento que possibilitar\u00e1 a troca de cargas de navios para as balsas, o que garantir\u00e1 a continuidade das opera\u00e7\u00f5es de log\u00edstica\u201d, informa a Abraciclo.<\/p>\n<p>&nbsp;<\/p>\n<p>A dragagem dos rios tamb\u00e9m \u00e9 uma medida anunciada pelo governo federal e aguardada para os pr\u00f3ximos dias. Nesse contexto, \u00e9 importante lembrar a quest\u00e3o da BR-319. A regi\u00e3o amaz\u00f4nica carece de outra modalidade log\u00edstica, que n\u00e3o dependa da pluvial. Essa rodovia \u00e9 fundamental para as empresas do Polo Industrial de Manaus \u2013 PIM escoarem sua produ\u00e7\u00e3o.<\/p>\n<p>&nbsp;<\/p>\n<p><strong>Emplacamentos<\/strong><\/p>\n<p>&nbsp;<\/p>\n<p>Em agosto, os emplacamentos totalizaram 163.929 unidades, alta de 4,5% em rela\u00e7\u00e3o a julho e 14,8% na compara\u00e7\u00e3o com o mesmo m\u00eas do ano passado. Segundo a Abraciclo, esse \u00e9 o melhor resultado para o m\u00eas nos \u00faltimos 13 anos.<\/p>\n<p>&nbsp;<\/p>\n<p>A categoria mais emplacada foi a Street, com 50,1% de participa\u00e7\u00e3o no mercado. Em segundo lugar ficou a Trail (18,8%), seguida pela Motoneta (14,2%). (AutoInd\u00fastria\/Alzira Rodrigues)<\/p>\n","protected":false},"excerpt":{"rendered":"<p>AutoInd\u00fastria\u00a0 &nbsp; A ind\u00fastria de motocicletas comemora recorde de vendas no ano, registrando o melhor agosto de sua hist\u00f3ria desde 2012. Sa\u00edram das linhas de montagem instaladas no Polo Industrial de Manaus, PIM, 163.960 unidades no m\u00eas passado, expans\u00e3o de 11,4% sobre julho e volume bem pr\u00f3ximo ao de agosto de 2023. &nbsp; Os dados\u2026 <a class=\"readmore\" href=\"https:\/\/dana.com.br\/canaldana\/2024\/09\/11\/industria-de-motos-bate-recorde-no-ano-mas-estiagem-preocupa\/\">Leia mais \u00bb<\/a><\/p>\n","protected":false},"author":3,"featured_media":0,"comment_status":"closed","ping_status":"closed","sticky":false,"template":"","format":"standard","meta":{"_acf_changed":false,"footnotes":""},"categories":[79],"tags":[],"class_list":["post-76332","post","type-post","status-publish","format-standard","hentry","category-mercado"],"acf":[],"yoast_head":"<!-- This site is optimized with the Yoast SEO plugin v27.3 - https:\/\/yoast.com\/product\/yoast-seo-wordpress\/ -->\n<title>Ind\u00fastria de motos bate recorde no ano, mas estiagem preocupa - Canal Dana<\/title>\n<meta name=\"robots\" content=\"index, follow, max-snippet:-1, max-image-preview:large, max-video-preview:-1\" \/>\n<link rel=\"canonical\" href=\"https:\/\/dana.com.br\/canaldana\/2024\/09\/11\/industria-de-motos-bate-recorde-no-ano-mas-estiagem-preocupa\/\" \/>\n<meta property=\"og:locale\" content=\"pt_BR\" \/>\n<meta property=\"og:type\" content=\"article\" \/>\n<meta property=\"og:title\" content=\"Ind\u00fastria de motos bate recorde no ano, mas estiagem preocupa - Canal Dana\" \/>\n<meta property=\"og:description\" content=\"AutoInd\u00fastria\u00a0 &nbsp; A ind\u00fastria de motocicletas comemora recorde de vendas no ano, registrando o melhor agosto de sua hist\u00f3ria desde 2012. Sa\u00edram das linhas de montagem instaladas no Polo Industrial de Manaus, PIM, 163.960 unidades no m\u00eas passado, expans\u00e3o de 11,4% sobre julho e volume bem pr\u00f3ximo ao de agosto de 2023. &nbsp; Os dados\u2026 Leia mais \u00bb\" \/>\n<meta property=\"og:url\" content=\"https:\/\/dana.com.br\/canaldana\/2024\/09\/11\/industria-de-motos-bate-recorde-no-ano-mas-estiagem-preocupa\/\" \/>\n<meta property=\"og:site_name\" content=\"Canal Dana\" \/>\n<meta property=\"article:published_time\" content=\"2024-09-11T11:26:25+00:00\" \/>\n<meta name=\"author\" content=\"Canal Dana\" \/>\n<meta name=\"twitter:card\" content=\"summary_large_image\" \/>\n<meta name=\"twitter:label1\" content=\"Escrito por\" \/>\n\t<meta name=\"twitter:data1\" content=\"Canal Dana\" \/>\n\t<meta name=\"twitter:label2\" content=\"Est. tempo de leitura\" \/>\n\t<meta name=\"twitter:data2\" content=\"3 minutos\" \/>\n<script type=\"application\/ld+json\" class=\"yoast-schema-graph\">{\"@context\":\"https:\\\/\\\/schema.org\",\"@graph\":[{\"@type\":\"Article\",\"@id\":\"https:\\\/\\\/dana.com.br\\\/canaldana\\\/2024\\\/09\\\/11\\\/industria-de-motos-bate-recorde-no-ano-mas-estiagem-preocupa\\\/#article\",\"isPartOf\":{\"@id\":\"https:\\\/\\\/dana.com.br\\\/canaldana\\\/2024\\\/09\\\/11\\\/industria-de-motos-bate-recorde-no-ano-mas-estiagem-preocupa\\\/\"},\"author\":{\"name\":\"Canal Dana\",\"@id\":\"https:\\\/\\\/dana.com.br\\\/canaldana\\\/#\\\/schema\\\/person\\\/3c21f22f56fcf3bc46b94bc60ea4fef6\"},\"headline\":\"Ind\u00fastria de motos bate recorde no ano, mas estiagem preocupa\",\"datePublished\":\"2024-09-11T11:26:25+00:00\",\"mainEntityOfPage\":{\"@id\":\"https:\\\/\\\/dana.com.br\\\/canaldana\\\/2024\\\/09\\\/11\\\/industria-de-motos-bate-recorde-no-ano-mas-estiagem-preocupa\\\/\"},\"wordCount\":505,\"articleSection\":[\"Mercado\"],\"inLanguage\":\"pt-BR\"},{\"@type\":\"WebPage\",\"@id\":\"https:\\\/\\\/dana.com.br\\\/canaldana\\\/2024\\\/09\\\/11\\\/industria-de-motos-bate-recorde-no-ano-mas-estiagem-preocupa\\\/\",\"url\":\"https:\\\/\\\/dana.com.br\\\/canaldana\\\/2024\\\/09\\\/11\\\/industria-de-motos-bate-recorde-no-ano-mas-estiagem-preocupa\\\/\",\"name\":\"Ind\u00fastria de motos bate recorde no ano, mas estiagem preocupa - Canal Dana\",\"isPartOf\":{\"@id\":\"https:\\\/\\\/dana.com.br\\\/canaldana\\\/#website\"},\"datePublished\":\"2024-09-11T11:26:25+00:00\",\"author\":{\"@id\":\"https:\\\/\\\/dana.com.br\\\/canaldana\\\/#\\\/schema\\\/person\\\/3c21f22f56fcf3bc46b94bc60ea4fef6\"},\"breadcrumb\":{\"@id\":\"https:\\\/\\\/dana.com.br\\\/canaldana\\\/2024\\\/09\\\/11\\\/industria-de-motos-bate-recorde-no-ano-mas-estiagem-preocupa\\\/#breadcrumb\"},\"inLanguage\":\"pt-BR\",\"potentialAction\":[{\"@type\":\"ReadAction\",\"target\":[\"https:\\\/\\\/dana.com.br\\\/canaldana\\\/2024\\\/09\\\/11\\\/industria-de-motos-bate-recorde-no-ano-mas-estiagem-preocupa\\\/\"]}]},{\"@type\":\"BreadcrumbList\",\"@id\":\"https:\\\/\\\/dana.com.br\\\/canaldana\\\/2024\\\/09\\\/11\\\/industria-de-motos-bate-recorde-no-ano-mas-estiagem-preocupa\\\/#breadcrumb\",\"itemListElement\":[{\"@type\":\"ListItem\",\"position\":1,\"name\":\"Home\",\"item\":\"https:\\\/\\\/dana.com.br\\\/canaldana\\\/\"},{\"@type\":\"ListItem\",\"position\":2,\"name\":\"Mercado\",\"item\":\"https:\\\/\\\/dana.com.br\\\/canaldana\\\/mercado\\\/\"},{\"@type\":\"ListItem\",\"position\":3,\"name\":\"Ind\u00fastria de motos bate recorde no ano, mas estiagem preocupa\"}]},{\"@type\":\"WebSite\",\"@id\":\"https:\\\/\\\/dana.com.br\\\/canaldana\\\/#website\",\"url\":\"https:\\\/\\\/dana.com.br\\\/canaldana\\\/\",\"name\":\"Canal Dana\",\"description\":\"Informativo com as principais not\u00edcias da ind\u00fastria automotiva\",\"potentialAction\":[{\"@type\":\"SearchAction\",\"target\":{\"@type\":\"EntryPoint\",\"urlTemplate\":\"https:\\\/\\\/dana.com.br\\\/canaldana\\\/?s={search_term_string}\"},\"query-input\":{\"@type\":\"PropertyValueSpecification\",\"valueRequired\":true,\"valueName\":\"search_term_string\"}}],\"inLanguage\":\"pt-BR\"},{\"@type\":\"Person\",\"@id\":\"https:\\\/\\\/dana.com.br\\\/canaldana\\\/#\\\/schema\\\/person\\\/3c21f22f56fcf3bc46b94bc60ea4fef6\",\"name\":\"Canal Dana\",\"image\":{\"@type\":\"ImageObject\",\"inLanguage\":\"pt-BR\",\"@id\":\"https:\\\/\\\/secure.gravatar.com\\\/avatar\\\/420aaf9278582877d9018637c6817617705899d2858d7572ef0fe59a6b6454b4?s=96&d=mm&r=g\",\"url\":\"https:\\\/\\\/secure.gravatar.com\\\/avatar\\\/420aaf9278582877d9018637c6817617705899d2858d7572ef0fe59a6b6454b4?s=96&d=mm&r=g\",\"contentUrl\":\"https:\\\/\\\/secure.gravatar.com\\\/avatar\\\/420aaf9278582877d9018637c6817617705899d2858d7572ef0fe59a6b6454b4?s=96&d=mm&r=g\",\"caption\":\"Canal Dana\"},\"url\":\"https:\\\/\\\/dana.com.br\\\/canaldana\\\/author\\\/cdeditor\\\/\"}]}<\/script>\n<!-- \/ Yoast SEO plugin. -->","yoast_head_json":{"title":"Ind\u00fastria de motos bate recorde no ano, mas estiagem preocupa - Canal Dana","robots":{"index":"index","follow":"follow","max-snippet":"max-snippet:-1","max-image-preview":"max-image-preview:large","max-video-preview":"max-video-preview:-1"},"canonical":"https:\/\/dana.com.br\/canaldana\/2024\/09\/11\/industria-de-motos-bate-recorde-no-ano-mas-estiagem-preocupa\/","og_locale":"pt_BR","og_type":"article","og_title":"Ind\u00fastria de motos bate recorde no ano, mas estiagem preocupa - Canal Dana","og_description":"AutoInd\u00fastria\u00a0 &nbsp; A ind\u00fastria de motocicletas comemora recorde de vendas no ano, registrando o melhor agosto de sua hist\u00f3ria desde 2012. Sa\u00edram das linhas de montagem instaladas no Polo Industrial de Manaus, PIM, 163.960 unidades no m\u00eas passado, expans\u00e3o de 11,4% sobre julho e volume bem pr\u00f3ximo ao de agosto de 2023. &nbsp; Os dados\u2026 Leia mais \u00bb","og_url":"https:\/\/dana.com.br\/canaldana\/2024\/09\/11\/industria-de-motos-bate-recorde-no-ano-mas-estiagem-preocupa\/","og_site_name":"Canal Dana","article_published_time":"2024-09-11T11:26:25+00:00","author":"Canal Dana","twitter_card":"summary_large_image","twitter_misc":{"Escrito por":"Canal Dana","Est. tempo de leitura":"3 minutos"},"schema":{"@context":"https:\/\/schema.org","@graph":[{"@type":"Article","@id":"https:\/\/dana.com.br\/canaldana\/2024\/09\/11\/industria-de-motos-bate-recorde-no-ano-mas-estiagem-preocupa\/#article","isPartOf":{"@id":"https:\/\/dana.com.br\/canaldana\/2024\/09\/11\/industria-de-motos-bate-recorde-no-ano-mas-estiagem-preocupa\/"},"author":{"name":"Canal Dana","@id":"https:\/\/dana.com.br\/canaldana\/#\/schema\/person\/3c21f22f56fcf3bc46b94bc60ea4fef6"},"headline":"Ind\u00fastria de motos bate recorde no ano, mas estiagem preocupa","datePublished":"2024-09-11T11:26:25+00:00","mainEntityOfPage":{"@id":"https:\/\/dana.com.br\/canaldana\/2024\/09\/11\/industria-de-motos-bate-recorde-no-ano-mas-estiagem-preocupa\/"},"wordCount":505,"articleSection":["Mercado"],"inLanguage":"pt-BR"},{"@type":"WebPage","@id":"https:\/\/dana.com.br\/canaldana\/2024\/09\/11\/industria-de-motos-bate-recorde-no-ano-mas-estiagem-preocupa\/","url":"https:\/\/dana.com.br\/canaldana\/2024\/09\/11\/industria-de-motos-bate-recorde-no-ano-mas-estiagem-preocupa\/","name":"Ind\u00fastria de motos bate recorde no ano, mas estiagem preocupa - Canal Dana","isPartOf":{"@id":"https:\/\/dana.com.br\/canaldana\/#website"},"datePublished":"2024-09-11T11:26:25+00:00","author":{"@id":"https:\/\/dana.com.br\/canaldana\/#\/schema\/person\/3c21f22f56fcf3bc46b94bc60ea4fef6"},"breadcrumb":{"@id":"https:\/\/dana.com.br\/canaldana\/2024\/09\/11\/industria-de-motos-bate-recorde-no-ano-mas-estiagem-preocupa\/#breadcrumb"},"inLanguage":"pt-BR","potentialAction":[{"@type":"ReadAction","target":["https:\/\/dana.com.br\/canaldana\/2024\/09\/11\/industria-de-motos-bate-recorde-no-ano-mas-estiagem-preocupa\/"]}]},{"@type":"BreadcrumbList","@id":"https:\/\/dana.com.br\/canaldana\/2024\/09\/11\/industria-de-motos-bate-recorde-no-ano-mas-estiagem-preocupa\/#breadcrumb","itemListElement":[{"@type":"ListItem","position":1,"name":"Home","item":"https:\/\/dana.com.br\/canaldana\/"},{"@type":"ListItem","position":2,"name":"Mercado","item":"https:\/\/dana.com.br\/canaldana\/mercado\/"},{"@type":"ListItem","position":3,"name":"Ind\u00fastria de motos bate recorde no ano, mas estiagem preocupa"}]},{"@type":"WebSite","@id":"https:\/\/dana.com.br\/canaldana\/#website","url":"https:\/\/dana.com.br\/canaldana\/","name":"Canal Dana","description":"Informativo com as principais not\u00edcias da ind\u00fastria automotiva","potentialAction":[{"@type":"SearchAction","target":{"@type":"EntryPoint","urlTemplate":"https:\/\/dana.com.br\/canaldana\/?s={search_term_string}"},"query-input":{"@type":"PropertyValueSpecification","valueRequired":true,"valueName":"search_term_string"}}],"inLanguage":"pt-BR"},{"@type":"Person","@id":"https:\/\/dana.com.br\/canaldana\/#\/schema\/person\/3c21f22f56fcf3bc46b94bc60ea4fef6","name":"Canal Dana","image":{"@type":"ImageObject","inLanguage":"pt-BR","@id":"https:\/\/secure.gravatar.com\/avatar\/420aaf9278582877d9018637c6817617705899d2858d7572ef0fe59a6b6454b4?s=96&d=mm&r=g","url":"https:\/\/secure.gravatar.com\/avatar\/420aaf9278582877d9018637c6817617705899d2858d7572ef0fe59a6b6454b4?s=96&d=mm&r=g","contentUrl":"https:\/\/secure.gravatar.com\/avatar\/420aaf9278582877d9018637c6817617705899d2858d7572ef0fe59a6b6454b4?s=96&d=mm&r=g","caption":"Canal Dana"},"url":"https:\/\/dana.com.br\/canaldana\/author\/cdeditor\/"}]}},"_links":{"self":[{"href":"https:\/\/dana.com.br\/canaldana\/wp-json\/wp\/v2\/posts\/76332","targetHints":{"allow":["GET"]}}],"collection":[{"href":"https:\/\/dana.com.br\/canaldana\/wp-json\/wp\/v2\/posts"}],"about":[{"href":"https:\/\/dana.com.br\/canaldana\/wp-json\/wp\/v2\/types\/post"}],"author":[{"embeddable":true,"href":"https:\/\/dana.com.br\/canaldana\/wp-json\/wp\/v2\/users\/3"}],"replies":[{"embeddable":true,"href":"https:\/\/dana.com.br\/canaldana\/wp-json\/wp\/v2\/comments?post=76332"}],"version-history":[{"count":1,"href":"https:\/\/dana.com.br\/canaldana\/wp-json\/wp\/v2\/posts\/76332\/revisions"}],"predecessor-version":[{"id":76333,"href":"https:\/\/dana.com.br\/canaldana\/wp-json\/wp\/v2\/posts\/76332\/revisions\/76333"}],"wp:attachment":[{"href":"https:\/\/dana.com.br\/canaldana\/wp-json\/wp\/v2\/media?parent=76332"}],"wp:term":[{"taxonomy":"category","embeddable":true,"href":"https:\/\/dana.com.br\/canaldana\/wp-json\/wp\/v2\/categories?post=76332"},{"taxonomy":"post_tag","embeddable":true,"href":"https:\/\/dana.com.br\/canaldana\/wp-json\/wp\/v2\/tags?post=76332"}],"curies":[{"name":"wp","href":"https:\/\/api.w.org\/{rel}","templated":true}]}}