{"id":76330,"date":"2024-09-11T08:25:48","date_gmt":"2024-09-11T11:25:48","guid":{"rendered":"https:\/\/dana.com.br\/canaldana\/?p=76330"},"modified":"2024-09-11T08:25:48","modified_gmt":"2024-09-11T11:25:48","slug":"caminhoes-vw-e-mb-lideram-vendas-de-leves-e-foton-comeca-a-despontar","status":"publish","type":"post","link":"https:\/\/dana.com.br\/canaldana\/2024\/09\/11\/caminhoes-vw-e-mb-lideram-vendas-de-leves-e-foton-comeca-a-despontar\/","title":{"rendered":"Caminh\u00f5es VW e MB lideram vendas de leves e Foton come\u00e7a a despontar"},"content":{"rendered":"<p><em>Estrad\u00e3o <\/em><\/p>\n<p>&nbsp;<\/p>\n<p>Com os estoques de caminh\u00f5es leves Euro 5 chegando ao fim, os clientes t\u00eam duas op\u00e7\u00f5es atualmente no mercado brasileiro. Pagar mais por novos modelos Euro 6, sobretudo das marcas mais tradicionais. Ou experimentar as novidades que chegam ao mercado a pre\u00e7os convidativos.<\/p>\n<p>&nbsp;<\/p>\n<p>Assim, entre os 10 caminh\u00f5es mais emplacados na categoria leves nos \u00faltimos oito meses, os modelos Volkswagen Delivery 9-180 e Mercedes-Benz Accelo 817 lideram no per\u00edodo, com 1.592 e 1.005 unidades, respectivamente. S\u00e3o modelos tradicionais e conhecidos no Pa\u00eds. O representante da Volkswagen parte de R$ 413.935, segundo a Fipe. Enquanto que o Mercedes-Benz custa R$ 371.541.<\/p>\n<p>&nbsp;<\/p>\n<p><strong>Foton e Hyundai alternativas mais baratas<\/strong><\/p>\n<p>&nbsp;<\/p>\n<p>Por\u00e9m, o pre\u00e7o tamb\u00e9m \u00e9 uma decis\u00e3o de compra. Sobretudo, nos segmentos menores cujo frete n\u00e3o \u00e9 t\u00e3o competitivo como no transporte mais pesado rodovi\u00e1rio. Por essa raz\u00e3o, clientes, sobretudo os pequenos frotistas e aut\u00f4nomos, come\u00e7am a prestar aten\u00e7\u00e3o nas alternativas que existem no mercado.<\/p>\n<p>&nbsp;<\/p>\n<p>Nesse sentido, uma aposta nos leves \u00e9 o Hyundai HD 80. Apesar da base baixa, com apenas 144 unidades vendidas, ocupa a 5\u00aa coloca\u00e7\u00e3o no ranking de vendas. E custa a partir de R$ 214.990.<\/p>\n<p>&nbsp;<\/p>\n<p>Outras op\u00e7\u00f5es s\u00e3o os representantes da Foton, modelos Aumark S 715 e S 916. A gama parte de R$ 274.500, com a vantagem de ter uma lista completa de itens como vidros el\u00e9tricos e alarme, bem como defletor de ar, far\u00f3is de LED, sistema de ajuste autom\u00e1tico dos LEDs, volante multifun\u00e7\u00e3o, sensor e sinal sonoro de marcha \u00e0 r\u00e9 e ar-condicionado, etc.<\/p>\n<p>&nbsp;<\/p>\n<p>Al\u00e9m disso, para dar tra\u00e7\u00e3o \u00e0 rede, a Foton oferece revis\u00f5es gratuitas nos primeiros tr\u00eas anos de uso do ve\u00edculo ou aos primeiros 100 mil km rodados, o que ocorrer primeiro.<\/p>\n<p>&nbsp;<\/p>\n<p><strong>Caminh\u00f5es leves mais vendidos em agosto e no acumulado de 2024<\/strong><\/p>\n<p>&nbsp;<\/p>\n<p>Volkswagen Delivery 9.180 \u2013 258 (1.592)<\/p>\n<p>Mercedes-Benz Accelo 817 \u2013 144 (1.005)<\/p>\n<p>Iveco Daily 65-170 \u2013 36 (268)<\/p>\n<p>Iveco Tector 9-190 \u2013 26 (213)<\/p>\n<p>Hyundai HD 80 \u2013 12 (144)<\/p>\n<p>Volkswagen Delivery 6.170 \u2013 10 (119)<\/p>\n<p>JAC iEV1200T \u2013 9 (71)<\/p>\n<p>Foton Aumark S 715 \u2013 15 (58)<\/p>\n<p>Volkswagen Delivery 9.170 \u2013 2 (58)<\/p>\n<p>Foton Aumark S 916 \u2013 7 (49)<\/p>\n<p>(Estrad\u00e3o\/Andrea Ramos)<\/p>\n","protected":false},"excerpt":{"rendered":"<p>Estrad\u00e3o &nbsp; Com os estoques de caminh\u00f5es leves Euro 5 chegando ao fim, os clientes t\u00eam duas op\u00e7\u00f5es atualmente no mercado brasileiro. Pagar mais por novos modelos Euro 6, sobretudo das marcas mais tradicionais. Ou experimentar as novidades que chegam ao mercado a pre\u00e7os convidativos. &nbsp; Assim, entre os 10 caminh\u00f5es mais emplacados na categoria\u2026 <a class=\"readmore\" href=\"https:\/\/dana.com.br\/canaldana\/2024\/09\/11\/caminhoes-vw-e-mb-lideram-vendas-de-leves-e-foton-comeca-a-despontar\/\">Leia mais \u00bb<\/a><\/p>\n","protected":false},"author":3,"featured_media":0,"comment_status":"closed","ping_status":"closed","sticky":false,"template":"","format":"standard","meta":{"_acf_changed":false,"footnotes":""},"categories":[79],"tags":[],"class_list":["post-76330","post","type-post","status-publish","format-standard","hentry","category-mercado"],"acf":[],"yoast_head":"<!-- This site is optimized with the Yoast SEO plugin v27.3 - https:\/\/yoast.com\/product\/yoast-seo-wordpress\/ -->\n<title>Caminh\u00f5es VW e MB lideram vendas de leves e Foton come\u00e7a a despontar - Canal Dana<\/title>\n<meta name=\"robots\" content=\"index, follow, max-snippet:-1, max-image-preview:large, max-video-preview:-1\" \/>\n<link rel=\"canonical\" href=\"https:\/\/dana.com.br\/canaldana\/2024\/09\/11\/caminhoes-vw-e-mb-lideram-vendas-de-leves-e-foton-comeca-a-despontar\/\" \/>\n<meta property=\"og:locale\" content=\"pt_BR\" \/>\n<meta property=\"og:type\" content=\"article\" \/>\n<meta property=\"og:title\" content=\"Caminh\u00f5es VW e MB lideram vendas de leves e Foton come\u00e7a a despontar - Canal Dana\" \/>\n<meta property=\"og:description\" content=\"Estrad\u00e3o &nbsp; Com os estoques de caminh\u00f5es leves Euro 5 chegando ao fim, os clientes t\u00eam duas op\u00e7\u00f5es atualmente no mercado brasileiro. Pagar mais por novos modelos Euro 6, sobretudo das marcas mais tradicionais. Ou experimentar as novidades que chegam ao mercado a pre\u00e7os convidativos. &nbsp; Assim, entre os 10 caminh\u00f5es mais emplacados na categoria\u2026 Leia mais \u00bb\" \/>\n<meta property=\"og:url\" content=\"https:\/\/dana.com.br\/canaldana\/2024\/09\/11\/caminhoes-vw-e-mb-lideram-vendas-de-leves-e-foton-comeca-a-despontar\/\" \/>\n<meta property=\"og:site_name\" content=\"Canal Dana\" \/>\n<meta property=\"article:published_time\" content=\"2024-09-11T11:25:48+00:00\" \/>\n<meta name=\"author\" content=\"Canal Dana\" \/>\n<meta name=\"twitter:card\" content=\"summary_large_image\" \/>\n<meta name=\"twitter:label1\" content=\"Escrito por\" \/>\n\t<meta name=\"twitter:data1\" content=\"Canal Dana\" \/>\n\t<meta name=\"twitter:label2\" content=\"Est. tempo de leitura\" \/>\n\t<meta name=\"twitter:data2\" content=\"2 minutos\" \/>\n<script type=\"application\/ld+json\" class=\"yoast-schema-graph\">{\"@context\":\"https:\\\/\\\/schema.org\",\"@graph\":[{\"@type\":\"Article\",\"@id\":\"https:\\\/\\\/dana.com.br\\\/canaldana\\\/2024\\\/09\\\/11\\\/caminhoes-vw-e-mb-lideram-vendas-de-leves-e-foton-comeca-a-despontar\\\/#article\",\"isPartOf\":{\"@id\":\"https:\\\/\\\/dana.com.br\\\/canaldana\\\/2024\\\/09\\\/11\\\/caminhoes-vw-e-mb-lideram-vendas-de-leves-e-foton-comeca-a-despontar\\\/\"},\"author\":{\"name\":\"Canal Dana\",\"@id\":\"https:\\\/\\\/dana.com.br\\\/canaldana\\\/#\\\/schema\\\/person\\\/3c21f22f56fcf3bc46b94bc60ea4fef6\"},\"headline\":\"Caminh\u00f5es VW e MB lideram vendas de leves e Foton come\u00e7a a despontar\",\"datePublished\":\"2024-09-11T11:25:48+00:00\",\"mainEntityOfPage\":{\"@id\":\"https:\\\/\\\/dana.com.br\\\/canaldana\\\/2024\\\/09\\\/11\\\/caminhoes-vw-e-mb-lideram-vendas-de-leves-e-foton-comeca-a-despontar\\\/\"},\"wordCount\":355,\"articleSection\":[\"Mercado\"],\"inLanguage\":\"pt-BR\"},{\"@type\":\"WebPage\",\"@id\":\"https:\\\/\\\/dana.com.br\\\/canaldana\\\/2024\\\/09\\\/11\\\/caminhoes-vw-e-mb-lideram-vendas-de-leves-e-foton-comeca-a-despontar\\\/\",\"url\":\"https:\\\/\\\/dana.com.br\\\/canaldana\\\/2024\\\/09\\\/11\\\/caminhoes-vw-e-mb-lideram-vendas-de-leves-e-foton-comeca-a-despontar\\\/\",\"name\":\"Caminh\u00f5es VW e MB lideram vendas de leves e Foton come\u00e7a a despontar - Canal Dana\",\"isPartOf\":{\"@id\":\"https:\\\/\\\/dana.com.br\\\/canaldana\\\/#website\"},\"datePublished\":\"2024-09-11T11:25:48+00:00\",\"author\":{\"@id\":\"https:\\\/\\\/dana.com.br\\\/canaldana\\\/#\\\/schema\\\/person\\\/3c21f22f56fcf3bc46b94bc60ea4fef6\"},\"breadcrumb\":{\"@id\":\"https:\\\/\\\/dana.com.br\\\/canaldana\\\/2024\\\/09\\\/11\\\/caminhoes-vw-e-mb-lideram-vendas-de-leves-e-foton-comeca-a-despontar\\\/#breadcrumb\"},\"inLanguage\":\"pt-BR\",\"potentialAction\":[{\"@type\":\"ReadAction\",\"target\":[\"https:\\\/\\\/dana.com.br\\\/canaldana\\\/2024\\\/09\\\/11\\\/caminhoes-vw-e-mb-lideram-vendas-de-leves-e-foton-comeca-a-despontar\\\/\"]}]},{\"@type\":\"BreadcrumbList\",\"@id\":\"https:\\\/\\\/dana.com.br\\\/canaldana\\\/2024\\\/09\\\/11\\\/caminhoes-vw-e-mb-lideram-vendas-de-leves-e-foton-comeca-a-despontar\\\/#breadcrumb\",\"itemListElement\":[{\"@type\":\"ListItem\",\"position\":1,\"name\":\"Home\",\"item\":\"https:\\\/\\\/dana.com.br\\\/canaldana\\\/\"},{\"@type\":\"ListItem\",\"position\":2,\"name\":\"Mercado\",\"item\":\"https:\\\/\\\/dana.com.br\\\/canaldana\\\/mercado\\\/\"},{\"@type\":\"ListItem\",\"position\":3,\"name\":\"Caminh\u00f5es VW e MB lideram vendas de leves e Foton come\u00e7a a despontar\"}]},{\"@type\":\"WebSite\",\"@id\":\"https:\\\/\\\/dana.com.br\\\/canaldana\\\/#website\",\"url\":\"https:\\\/\\\/dana.com.br\\\/canaldana\\\/\",\"name\":\"Canal Dana\",\"description\":\"Informativo com as principais not\u00edcias da ind\u00fastria automotiva\",\"potentialAction\":[{\"@type\":\"SearchAction\",\"target\":{\"@type\":\"EntryPoint\",\"urlTemplate\":\"https:\\\/\\\/dana.com.br\\\/canaldana\\\/?s={search_term_string}\"},\"query-input\":{\"@type\":\"PropertyValueSpecification\",\"valueRequired\":true,\"valueName\":\"search_term_string\"}}],\"inLanguage\":\"pt-BR\"},{\"@type\":\"Person\",\"@id\":\"https:\\\/\\\/dana.com.br\\\/canaldana\\\/#\\\/schema\\\/person\\\/3c21f22f56fcf3bc46b94bc60ea4fef6\",\"name\":\"Canal Dana\",\"image\":{\"@type\":\"ImageObject\",\"inLanguage\":\"pt-BR\",\"@id\":\"https:\\\/\\\/secure.gravatar.com\\\/avatar\\\/420aaf9278582877d9018637c6817617705899d2858d7572ef0fe59a6b6454b4?s=96&d=mm&r=g\",\"url\":\"https:\\\/\\\/secure.gravatar.com\\\/avatar\\\/420aaf9278582877d9018637c6817617705899d2858d7572ef0fe59a6b6454b4?s=96&d=mm&r=g\",\"contentUrl\":\"https:\\\/\\\/secure.gravatar.com\\\/avatar\\\/420aaf9278582877d9018637c6817617705899d2858d7572ef0fe59a6b6454b4?s=96&d=mm&r=g\",\"caption\":\"Canal Dana\"},\"url\":\"https:\\\/\\\/dana.com.br\\\/canaldana\\\/author\\\/cdeditor\\\/\"}]}<\/script>\n<!-- \/ Yoast SEO plugin. -->","yoast_head_json":{"title":"Caminh\u00f5es VW e MB lideram vendas de leves e Foton come\u00e7a a despontar - Canal Dana","robots":{"index":"index","follow":"follow","max-snippet":"max-snippet:-1","max-image-preview":"max-image-preview:large","max-video-preview":"max-video-preview:-1"},"canonical":"https:\/\/dana.com.br\/canaldana\/2024\/09\/11\/caminhoes-vw-e-mb-lideram-vendas-de-leves-e-foton-comeca-a-despontar\/","og_locale":"pt_BR","og_type":"article","og_title":"Caminh\u00f5es VW e MB lideram vendas de leves e Foton come\u00e7a a despontar - Canal Dana","og_description":"Estrad\u00e3o &nbsp; Com os estoques de caminh\u00f5es leves Euro 5 chegando ao fim, os clientes t\u00eam duas op\u00e7\u00f5es atualmente no mercado brasileiro. Pagar mais por novos modelos Euro 6, sobretudo das marcas mais tradicionais. Ou experimentar as novidades que chegam ao mercado a pre\u00e7os convidativos. &nbsp; Assim, entre os 10 caminh\u00f5es mais emplacados na categoria\u2026 Leia mais \u00bb","og_url":"https:\/\/dana.com.br\/canaldana\/2024\/09\/11\/caminhoes-vw-e-mb-lideram-vendas-de-leves-e-foton-comeca-a-despontar\/","og_site_name":"Canal Dana","article_published_time":"2024-09-11T11:25:48+00:00","author":"Canal Dana","twitter_card":"summary_large_image","twitter_misc":{"Escrito por":"Canal Dana","Est. tempo de leitura":"2 minutos"},"schema":{"@context":"https:\/\/schema.org","@graph":[{"@type":"Article","@id":"https:\/\/dana.com.br\/canaldana\/2024\/09\/11\/caminhoes-vw-e-mb-lideram-vendas-de-leves-e-foton-comeca-a-despontar\/#article","isPartOf":{"@id":"https:\/\/dana.com.br\/canaldana\/2024\/09\/11\/caminhoes-vw-e-mb-lideram-vendas-de-leves-e-foton-comeca-a-despontar\/"},"author":{"name":"Canal Dana","@id":"https:\/\/dana.com.br\/canaldana\/#\/schema\/person\/3c21f22f56fcf3bc46b94bc60ea4fef6"},"headline":"Caminh\u00f5es VW e MB lideram vendas de leves e Foton come\u00e7a a despontar","datePublished":"2024-09-11T11:25:48+00:00","mainEntityOfPage":{"@id":"https:\/\/dana.com.br\/canaldana\/2024\/09\/11\/caminhoes-vw-e-mb-lideram-vendas-de-leves-e-foton-comeca-a-despontar\/"},"wordCount":355,"articleSection":["Mercado"],"inLanguage":"pt-BR"},{"@type":"WebPage","@id":"https:\/\/dana.com.br\/canaldana\/2024\/09\/11\/caminhoes-vw-e-mb-lideram-vendas-de-leves-e-foton-comeca-a-despontar\/","url":"https:\/\/dana.com.br\/canaldana\/2024\/09\/11\/caminhoes-vw-e-mb-lideram-vendas-de-leves-e-foton-comeca-a-despontar\/","name":"Caminh\u00f5es VW e MB lideram vendas de leves e Foton come\u00e7a a despontar - Canal Dana","isPartOf":{"@id":"https:\/\/dana.com.br\/canaldana\/#website"},"datePublished":"2024-09-11T11:25:48+00:00","author":{"@id":"https:\/\/dana.com.br\/canaldana\/#\/schema\/person\/3c21f22f56fcf3bc46b94bc60ea4fef6"},"breadcrumb":{"@id":"https:\/\/dana.com.br\/canaldana\/2024\/09\/11\/caminhoes-vw-e-mb-lideram-vendas-de-leves-e-foton-comeca-a-despontar\/#breadcrumb"},"inLanguage":"pt-BR","potentialAction":[{"@type":"ReadAction","target":["https:\/\/dana.com.br\/canaldana\/2024\/09\/11\/caminhoes-vw-e-mb-lideram-vendas-de-leves-e-foton-comeca-a-despontar\/"]}]},{"@type":"BreadcrumbList","@id":"https:\/\/dana.com.br\/canaldana\/2024\/09\/11\/caminhoes-vw-e-mb-lideram-vendas-de-leves-e-foton-comeca-a-despontar\/#breadcrumb","itemListElement":[{"@type":"ListItem","position":1,"name":"Home","item":"https:\/\/dana.com.br\/canaldana\/"},{"@type":"ListItem","position":2,"name":"Mercado","item":"https:\/\/dana.com.br\/canaldana\/mercado\/"},{"@type":"ListItem","position":3,"name":"Caminh\u00f5es VW e MB lideram vendas de leves e Foton come\u00e7a a despontar"}]},{"@type":"WebSite","@id":"https:\/\/dana.com.br\/canaldana\/#website","url":"https:\/\/dana.com.br\/canaldana\/","name":"Canal Dana","description":"Informativo com as principais not\u00edcias da ind\u00fastria automotiva","potentialAction":[{"@type":"SearchAction","target":{"@type":"EntryPoint","urlTemplate":"https:\/\/dana.com.br\/canaldana\/?s={search_term_string}"},"query-input":{"@type":"PropertyValueSpecification","valueRequired":true,"valueName":"search_term_string"}}],"inLanguage":"pt-BR"},{"@type":"Person","@id":"https:\/\/dana.com.br\/canaldana\/#\/schema\/person\/3c21f22f56fcf3bc46b94bc60ea4fef6","name":"Canal Dana","image":{"@type":"ImageObject","inLanguage":"pt-BR","@id":"https:\/\/secure.gravatar.com\/avatar\/420aaf9278582877d9018637c6817617705899d2858d7572ef0fe59a6b6454b4?s=96&d=mm&r=g","url":"https:\/\/secure.gravatar.com\/avatar\/420aaf9278582877d9018637c6817617705899d2858d7572ef0fe59a6b6454b4?s=96&d=mm&r=g","contentUrl":"https:\/\/secure.gravatar.com\/avatar\/420aaf9278582877d9018637c6817617705899d2858d7572ef0fe59a6b6454b4?s=96&d=mm&r=g","caption":"Canal Dana"},"url":"https:\/\/dana.com.br\/canaldana\/author\/cdeditor\/"}]}},"_links":{"self":[{"href":"https:\/\/dana.com.br\/canaldana\/wp-json\/wp\/v2\/posts\/76330","targetHints":{"allow":["GET"]}}],"collection":[{"href":"https:\/\/dana.com.br\/canaldana\/wp-json\/wp\/v2\/posts"}],"about":[{"href":"https:\/\/dana.com.br\/canaldana\/wp-json\/wp\/v2\/types\/post"}],"author":[{"embeddable":true,"href":"https:\/\/dana.com.br\/canaldana\/wp-json\/wp\/v2\/users\/3"}],"replies":[{"embeddable":true,"href":"https:\/\/dana.com.br\/canaldana\/wp-json\/wp\/v2\/comments?post=76330"}],"version-history":[{"count":1,"href":"https:\/\/dana.com.br\/canaldana\/wp-json\/wp\/v2\/posts\/76330\/revisions"}],"predecessor-version":[{"id":76331,"href":"https:\/\/dana.com.br\/canaldana\/wp-json\/wp\/v2\/posts\/76330\/revisions\/76331"}],"wp:attachment":[{"href":"https:\/\/dana.com.br\/canaldana\/wp-json\/wp\/v2\/media?parent=76330"}],"wp:term":[{"taxonomy":"category","embeddable":true,"href":"https:\/\/dana.com.br\/canaldana\/wp-json\/wp\/v2\/categories?post=76330"},{"taxonomy":"post_tag","embeddable":true,"href":"https:\/\/dana.com.br\/canaldana\/wp-json\/wp\/v2\/tags?post=76330"}],"curies":[{"name":"wp","href":"https:\/\/api.w.org\/{rel}","templated":true}]}}