{"id":76322,"date":"2024-09-11T08:23:18","date_gmt":"2024-09-11T11:23:18","guid":{"rendered":"https:\/\/dana.com.br\/canaldana\/?p=76322"},"modified":"2024-09-11T08:23:18","modified_gmt":"2024-09-11T11:23:18","slug":"caoa-chery-tiggo-8-pro-perde-preco-cabalistico-e-fica-mais-caro","status":"publish","type":"post","link":"https:\/\/dana.com.br\/canaldana\/2024\/09\/11\/caoa-chery-tiggo-8-pro-perde-preco-cabalistico-e-fica-mais-caro\/","title":{"rendered":"Caoa Chery Tiggo 8 Pro perde pre\u00e7o cabal\u00edstico e fica mais caro"},"content":{"rendered":"<p><em>Jornal do Carro <\/em><\/p>\n<p>&nbsp;<\/p>\n<p>Lan\u00e7ado no fim de agosto, o SUV de sete lugares Caoa Chery Tiggo 8 Pro impressionou por seu visual repaginado, atualiza\u00e7\u00e3o mec\u00e2nica e novos equipamentos. Mas a surpresa maior ficou por conta do pre\u00e7o, com um valor (na ocasi\u00e3o) cabal\u00edstico, como explicou o Jornal do Carro. O sucesso foi capaz at\u00e9 de incomodar os l\u00edderes Jeep Compass e Toyota Corolla Cross. Contudo, ap\u00f3s poucos dias, o ve\u00edculo ficou mais caro.<\/p>\n<p>&nbsp;<\/p>\n<p>Antes com pre\u00e7o inicial de R$ 188.888,88, o Caoa Chery Tiggo 8 Pro j\u00e1 pode ser encontrado por quase R$ 195 mil, ou seja, mais de R$ 6 mil mais caro. Importante destacar que este valor vale para a vers\u00e3o na cor Preto Metalizado. Quem adquirir nas cores Branco Perolizado, Cinza Met\u00e1lico ou Azul Escuro Perolizado, precisar\u00e1 desembolsar mais R$ 2 mil.<\/p>\n<p>&nbsp;<\/p>\n<p>O SUV tem 4,72 metros de comprimento, com recursos modernos de assist\u00eancia \u00e0 dire\u00e7\u00e3o do pacote Max Drive, que inclui frenagem autom\u00e1tica de emerg\u00eancia, manuten\u00e7\u00e3o de faixa e alertas de ponto cego nos retrovisores. Al\u00e9m de seis airbags de s\u00e9rie e suspens\u00e3o traseira do tipo Multilink.<\/p>\n<p>&nbsp;<\/p>\n<p><strong>Caoa Chery Tiggo 8 Pro: visual repaginado <\/strong><\/p>\n<p>&nbsp;<\/p>\n<p>Embora a dianteira seja a mesma da vers\u00e3o Pro Hybrid Plug-In, a parte externa do ve\u00edculo conta com far\u00f3is marcados por dois contornos de LEDs, uma grade maior que as vers\u00f5es anteriores e uma moldura envolvendo a parte central do para-choques, formando o \u201cBig Diamond\u201d, nome dado ao conceito.<\/p>\n<p>&nbsp;<\/p>\n<p>J\u00e1 a traseira apresenta lanternas redesenhadas, mais modernas, com LEDs fracionados de ilumina\u00e7\u00e3o din\u00e2mica. Com escapes duplos na parte inferior do para-choques, o novo Tiggo 8 Pro ganhou um estilo mais esportivo.<\/p>\n<p>&nbsp;<\/p>\n<p>No interior, o SUV conta com sete bancos revestidos com couro, pe\u00e7as que imitam madeira, al\u00e9m de poucos bot\u00f5es e duas telas grandes emolduradas no topo do painel, o que, ali\u00e1s, confere maior sofistica\u00e7\u00e3o. O Caoa Chery Tiggo 8 Pro tem, ainda, soleiras metalizadas com luzes de boas-vindas e nome projetado no piso externo.<\/p>\n<p>&nbsp;<\/p>\n<p><strong>Atualiza\u00e7\u00e3o mec\u00e2nica<\/strong><\/p>\n<p>&nbsp;<\/p>\n<p>O SUV manteve o motor 1.6 turbo GDi com pot\u00eancia de 187 cv e 28 mkgf de torque. Este vem conectado ao c\u00e2mbio DCT de dupla embreagem com 7 velocidades, com op\u00e7\u00e3o de trocas manuais. A tra\u00e7\u00e3o \u00e9 apenas dianteira.<\/p>\n<p>&nbsp;<\/p>\n<p>Por fim, a Caoa Chery atualizou itens da mec\u00e2nica e reposicionou do filtro de \u00f3leo, para facilitar a troca, bem como instalou um novo radiador de \u00f3leo (mais eficiente na troca de calor) e uma nova bomba de \u00f3leo com press\u00e3o vari\u00e1vel. O isolamento ac\u00fastico da vers\u00e3o tamb\u00e9m foi refor\u00e7ado, com redu\u00e7\u00e3o de 2,4 dB de ru\u00eddo din\u00e2mico, segundo a montadora. (Jornal do Carro\/Crisley Santana)<\/p>\n","protected":false},"excerpt":{"rendered":"<p>Jornal do Carro &nbsp; Lan\u00e7ado no fim de agosto, o SUV de sete lugares Caoa Chery Tiggo 8 Pro impressionou por seu visual repaginado, atualiza\u00e7\u00e3o mec\u00e2nica e novos equipamentos. Mas a surpresa maior ficou por conta do pre\u00e7o, com um valor (na ocasi\u00e3o) cabal\u00edstico, como explicou o Jornal do Carro. O sucesso foi capaz at\u00e9\u2026 <a class=\"readmore\" href=\"https:\/\/dana.com.br\/canaldana\/2024\/09\/11\/caoa-chery-tiggo-8-pro-perde-preco-cabalistico-e-fica-mais-caro\/\">Leia mais \u00bb<\/a><\/p>\n","protected":false},"author":3,"featured_media":0,"comment_status":"closed","ping_status":"closed","sticky":false,"template":"","format":"standard","meta":{"_acf_changed":false,"footnotes":""},"categories":[79],"tags":[],"class_list":["post-76322","post","type-post","status-publish","format-standard","hentry","category-mercado"],"acf":[],"yoast_head":"<!-- This site is optimized with the Yoast SEO plugin v27.3 - https:\/\/yoast.com\/product\/yoast-seo-wordpress\/ -->\n<title>Caoa Chery Tiggo 8 Pro perde pre\u00e7o cabal\u00edstico e fica mais caro - Canal Dana<\/title>\n<meta name=\"robots\" content=\"index, follow, max-snippet:-1, max-image-preview:large, max-video-preview:-1\" \/>\n<link rel=\"canonical\" href=\"https:\/\/dana.com.br\/canaldana\/2024\/09\/11\/caoa-chery-tiggo-8-pro-perde-preco-cabalistico-e-fica-mais-caro\/\" \/>\n<meta property=\"og:locale\" content=\"pt_BR\" \/>\n<meta property=\"og:type\" content=\"article\" \/>\n<meta property=\"og:title\" content=\"Caoa Chery Tiggo 8 Pro perde pre\u00e7o cabal\u00edstico e fica mais caro - Canal Dana\" \/>\n<meta property=\"og:description\" content=\"Jornal do Carro &nbsp; Lan\u00e7ado no fim de agosto, o SUV de sete lugares Caoa Chery Tiggo 8 Pro impressionou por seu visual repaginado, atualiza\u00e7\u00e3o mec\u00e2nica e novos equipamentos. Mas a surpresa maior ficou por conta do pre\u00e7o, com um valor (na ocasi\u00e3o) cabal\u00edstico, como explicou o Jornal do Carro. O sucesso foi capaz at\u00e9\u2026 Leia mais \u00bb\" \/>\n<meta property=\"og:url\" content=\"https:\/\/dana.com.br\/canaldana\/2024\/09\/11\/caoa-chery-tiggo-8-pro-perde-preco-cabalistico-e-fica-mais-caro\/\" \/>\n<meta property=\"og:site_name\" content=\"Canal Dana\" \/>\n<meta property=\"article:published_time\" content=\"2024-09-11T11:23:18+00:00\" \/>\n<meta name=\"author\" content=\"Canal Dana\" \/>\n<meta name=\"twitter:card\" content=\"summary_large_image\" \/>\n<meta name=\"twitter:label1\" content=\"Escrito por\" \/>\n\t<meta name=\"twitter:data1\" content=\"Canal Dana\" \/>\n\t<meta name=\"twitter:label2\" content=\"Est. tempo de leitura\" \/>\n\t<meta name=\"twitter:data2\" content=\"3 minutos\" \/>\n<script type=\"application\/ld+json\" class=\"yoast-schema-graph\">{\"@context\":\"https:\\\/\\\/schema.org\",\"@graph\":[{\"@type\":\"Article\",\"@id\":\"https:\\\/\\\/dana.com.br\\\/canaldana\\\/2024\\\/09\\\/11\\\/caoa-chery-tiggo-8-pro-perde-preco-cabalistico-e-fica-mais-caro\\\/#article\",\"isPartOf\":{\"@id\":\"https:\\\/\\\/dana.com.br\\\/canaldana\\\/2024\\\/09\\\/11\\\/caoa-chery-tiggo-8-pro-perde-preco-cabalistico-e-fica-mais-caro\\\/\"},\"author\":{\"name\":\"Canal Dana\",\"@id\":\"https:\\\/\\\/dana.com.br\\\/canaldana\\\/#\\\/schema\\\/person\\\/3c21f22f56fcf3bc46b94bc60ea4fef6\"},\"headline\":\"Caoa Chery Tiggo 8 Pro perde pre\u00e7o cabal\u00edstico e fica mais caro\",\"datePublished\":\"2024-09-11T11:23:18+00:00\",\"mainEntityOfPage\":{\"@id\":\"https:\\\/\\\/dana.com.br\\\/canaldana\\\/2024\\\/09\\\/11\\\/caoa-chery-tiggo-8-pro-perde-preco-cabalistico-e-fica-mais-caro\\\/\"},\"wordCount\":484,\"articleSection\":[\"Mercado\"],\"inLanguage\":\"pt-BR\"},{\"@type\":\"WebPage\",\"@id\":\"https:\\\/\\\/dana.com.br\\\/canaldana\\\/2024\\\/09\\\/11\\\/caoa-chery-tiggo-8-pro-perde-preco-cabalistico-e-fica-mais-caro\\\/\",\"url\":\"https:\\\/\\\/dana.com.br\\\/canaldana\\\/2024\\\/09\\\/11\\\/caoa-chery-tiggo-8-pro-perde-preco-cabalistico-e-fica-mais-caro\\\/\",\"name\":\"Caoa Chery Tiggo 8 Pro perde pre\u00e7o cabal\u00edstico e fica mais caro - Canal Dana\",\"isPartOf\":{\"@id\":\"https:\\\/\\\/dana.com.br\\\/canaldana\\\/#website\"},\"datePublished\":\"2024-09-11T11:23:18+00:00\",\"author\":{\"@id\":\"https:\\\/\\\/dana.com.br\\\/canaldana\\\/#\\\/schema\\\/person\\\/3c21f22f56fcf3bc46b94bc60ea4fef6\"},\"breadcrumb\":{\"@id\":\"https:\\\/\\\/dana.com.br\\\/canaldana\\\/2024\\\/09\\\/11\\\/caoa-chery-tiggo-8-pro-perde-preco-cabalistico-e-fica-mais-caro\\\/#breadcrumb\"},\"inLanguage\":\"pt-BR\",\"potentialAction\":[{\"@type\":\"ReadAction\",\"target\":[\"https:\\\/\\\/dana.com.br\\\/canaldana\\\/2024\\\/09\\\/11\\\/caoa-chery-tiggo-8-pro-perde-preco-cabalistico-e-fica-mais-caro\\\/\"]}]},{\"@type\":\"BreadcrumbList\",\"@id\":\"https:\\\/\\\/dana.com.br\\\/canaldana\\\/2024\\\/09\\\/11\\\/caoa-chery-tiggo-8-pro-perde-preco-cabalistico-e-fica-mais-caro\\\/#breadcrumb\",\"itemListElement\":[{\"@type\":\"ListItem\",\"position\":1,\"name\":\"Home\",\"item\":\"https:\\\/\\\/dana.com.br\\\/canaldana\\\/\"},{\"@type\":\"ListItem\",\"position\":2,\"name\":\"Mercado\",\"item\":\"https:\\\/\\\/dana.com.br\\\/canaldana\\\/mercado\\\/\"},{\"@type\":\"ListItem\",\"position\":3,\"name\":\"Caoa Chery Tiggo 8 Pro perde pre\u00e7o cabal\u00edstico e fica mais caro\"}]},{\"@type\":\"WebSite\",\"@id\":\"https:\\\/\\\/dana.com.br\\\/canaldana\\\/#website\",\"url\":\"https:\\\/\\\/dana.com.br\\\/canaldana\\\/\",\"name\":\"Canal Dana\",\"description\":\"Informativo com as principais not\u00edcias da ind\u00fastria automotiva\",\"potentialAction\":[{\"@type\":\"SearchAction\",\"target\":{\"@type\":\"EntryPoint\",\"urlTemplate\":\"https:\\\/\\\/dana.com.br\\\/canaldana\\\/?s={search_term_string}\"},\"query-input\":{\"@type\":\"PropertyValueSpecification\",\"valueRequired\":true,\"valueName\":\"search_term_string\"}}],\"inLanguage\":\"pt-BR\"},{\"@type\":\"Person\",\"@id\":\"https:\\\/\\\/dana.com.br\\\/canaldana\\\/#\\\/schema\\\/person\\\/3c21f22f56fcf3bc46b94bc60ea4fef6\",\"name\":\"Canal Dana\",\"image\":{\"@type\":\"ImageObject\",\"inLanguage\":\"pt-BR\",\"@id\":\"https:\\\/\\\/secure.gravatar.com\\\/avatar\\\/420aaf9278582877d9018637c6817617705899d2858d7572ef0fe59a6b6454b4?s=96&d=mm&r=g\",\"url\":\"https:\\\/\\\/secure.gravatar.com\\\/avatar\\\/420aaf9278582877d9018637c6817617705899d2858d7572ef0fe59a6b6454b4?s=96&d=mm&r=g\",\"contentUrl\":\"https:\\\/\\\/secure.gravatar.com\\\/avatar\\\/420aaf9278582877d9018637c6817617705899d2858d7572ef0fe59a6b6454b4?s=96&d=mm&r=g\",\"caption\":\"Canal Dana\"},\"url\":\"https:\\\/\\\/dana.com.br\\\/canaldana\\\/author\\\/cdeditor\\\/\"}]}<\/script>\n<!-- \/ Yoast SEO plugin. -->","yoast_head_json":{"title":"Caoa Chery Tiggo 8 Pro perde pre\u00e7o cabal\u00edstico e fica mais caro - Canal Dana","robots":{"index":"index","follow":"follow","max-snippet":"max-snippet:-1","max-image-preview":"max-image-preview:large","max-video-preview":"max-video-preview:-1"},"canonical":"https:\/\/dana.com.br\/canaldana\/2024\/09\/11\/caoa-chery-tiggo-8-pro-perde-preco-cabalistico-e-fica-mais-caro\/","og_locale":"pt_BR","og_type":"article","og_title":"Caoa Chery Tiggo 8 Pro perde pre\u00e7o cabal\u00edstico e fica mais caro - Canal Dana","og_description":"Jornal do Carro &nbsp; Lan\u00e7ado no fim de agosto, o SUV de sete lugares Caoa Chery Tiggo 8 Pro impressionou por seu visual repaginado, atualiza\u00e7\u00e3o mec\u00e2nica e novos equipamentos. Mas a surpresa maior ficou por conta do pre\u00e7o, com um valor (na ocasi\u00e3o) cabal\u00edstico, como explicou o Jornal do Carro. O sucesso foi capaz at\u00e9\u2026 Leia mais \u00bb","og_url":"https:\/\/dana.com.br\/canaldana\/2024\/09\/11\/caoa-chery-tiggo-8-pro-perde-preco-cabalistico-e-fica-mais-caro\/","og_site_name":"Canal Dana","article_published_time":"2024-09-11T11:23:18+00:00","author":"Canal Dana","twitter_card":"summary_large_image","twitter_misc":{"Escrito por":"Canal Dana","Est. tempo de leitura":"3 minutos"},"schema":{"@context":"https:\/\/schema.org","@graph":[{"@type":"Article","@id":"https:\/\/dana.com.br\/canaldana\/2024\/09\/11\/caoa-chery-tiggo-8-pro-perde-preco-cabalistico-e-fica-mais-caro\/#article","isPartOf":{"@id":"https:\/\/dana.com.br\/canaldana\/2024\/09\/11\/caoa-chery-tiggo-8-pro-perde-preco-cabalistico-e-fica-mais-caro\/"},"author":{"name":"Canal Dana","@id":"https:\/\/dana.com.br\/canaldana\/#\/schema\/person\/3c21f22f56fcf3bc46b94bc60ea4fef6"},"headline":"Caoa Chery Tiggo 8 Pro perde pre\u00e7o cabal\u00edstico e fica mais caro","datePublished":"2024-09-11T11:23:18+00:00","mainEntityOfPage":{"@id":"https:\/\/dana.com.br\/canaldana\/2024\/09\/11\/caoa-chery-tiggo-8-pro-perde-preco-cabalistico-e-fica-mais-caro\/"},"wordCount":484,"articleSection":["Mercado"],"inLanguage":"pt-BR"},{"@type":"WebPage","@id":"https:\/\/dana.com.br\/canaldana\/2024\/09\/11\/caoa-chery-tiggo-8-pro-perde-preco-cabalistico-e-fica-mais-caro\/","url":"https:\/\/dana.com.br\/canaldana\/2024\/09\/11\/caoa-chery-tiggo-8-pro-perde-preco-cabalistico-e-fica-mais-caro\/","name":"Caoa Chery Tiggo 8 Pro perde pre\u00e7o cabal\u00edstico e fica mais caro - Canal Dana","isPartOf":{"@id":"https:\/\/dana.com.br\/canaldana\/#website"},"datePublished":"2024-09-11T11:23:18+00:00","author":{"@id":"https:\/\/dana.com.br\/canaldana\/#\/schema\/person\/3c21f22f56fcf3bc46b94bc60ea4fef6"},"breadcrumb":{"@id":"https:\/\/dana.com.br\/canaldana\/2024\/09\/11\/caoa-chery-tiggo-8-pro-perde-preco-cabalistico-e-fica-mais-caro\/#breadcrumb"},"inLanguage":"pt-BR","potentialAction":[{"@type":"ReadAction","target":["https:\/\/dana.com.br\/canaldana\/2024\/09\/11\/caoa-chery-tiggo-8-pro-perde-preco-cabalistico-e-fica-mais-caro\/"]}]},{"@type":"BreadcrumbList","@id":"https:\/\/dana.com.br\/canaldana\/2024\/09\/11\/caoa-chery-tiggo-8-pro-perde-preco-cabalistico-e-fica-mais-caro\/#breadcrumb","itemListElement":[{"@type":"ListItem","position":1,"name":"Home","item":"https:\/\/dana.com.br\/canaldana\/"},{"@type":"ListItem","position":2,"name":"Mercado","item":"https:\/\/dana.com.br\/canaldana\/mercado\/"},{"@type":"ListItem","position":3,"name":"Caoa Chery Tiggo 8 Pro perde pre\u00e7o cabal\u00edstico e fica mais caro"}]},{"@type":"WebSite","@id":"https:\/\/dana.com.br\/canaldana\/#website","url":"https:\/\/dana.com.br\/canaldana\/","name":"Canal Dana","description":"Informativo com as principais not\u00edcias da ind\u00fastria automotiva","potentialAction":[{"@type":"SearchAction","target":{"@type":"EntryPoint","urlTemplate":"https:\/\/dana.com.br\/canaldana\/?s={search_term_string}"},"query-input":{"@type":"PropertyValueSpecification","valueRequired":true,"valueName":"search_term_string"}}],"inLanguage":"pt-BR"},{"@type":"Person","@id":"https:\/\/dana.com.br\/canaldana\/#\/schema\/person\/3c21f22f56fcf3bc46b94bc60ea4fef6","name":"Canal Dana","image":{"@type":"ImageObject","inLanguage":"pt-BR","@id":"https:\/\/secure.gravatar.com\/avatar\/420aaf9278582877d9018637c6817617705899d2858d7572ef0fe59a6b6454b4?s=96&d=mm&r=g","url":"https:\/\/secure.gravatar.com\/avatar\/420aaf9278582877d9018637c6817617705899d2858d7572ef0fe59a6b6454b4?s=96&d=mm&r=g","contentUrl":"https:\/\/secure.gravatar.com\/avatar\/420aaf9278582877d9018637c6817617705899d2858d7572ef0fe59a6b6454b4?s=96&d=mm&r=g","caption":"Canal Dana"},"url":"https:\/\/dana.com.br\/canaldana\/author\/cdeditor\/"}]}},"_links":{"self":[{"href":"https:\/\/dana.com.br\/canaldana\/wp-json\/wp\/v2\/posts\/76322","targetHints":{"allow":["GET"]}}],"collection":[{"href":"https:\/\/dana.com.br\/canaldana\/wp-json\/wp\/v2\/posts"}],"about":[{"href":"https:\/\/dana.com.br\/canaldana\/wp-json\/wp\/v2\/types\/post"}],"author":[{"embeddable":true,"href":"https:\/\/dana.com.br\/canaldana\/wp-json\/wp\/v2\/users\/3"}],"replies":[{"embeddable":true,"href":"https:\/\/dana.com.br\/canaldana\/wp-json\/wp\/v2\/comments?post=76322"}],"version-history":[{"count":1,"href":"https:\/\/dana.com.br\/canaldana\/wp-json\/wp\/v2\/posts\/76322\/revisions"}],"predecessor-version":[{"id":76323,"href":"https:\/\/dana.com.br\/canaldana\/wp-json\/wp\/v2\/posts\/76322\/revisions\/76323"}],"wp:attachment":[{"href":"https:\/\/dana.com.br\/canaldana\/wp-json\/wp\/v2\/media?parent=76322"}],"wp:term":[{"taxonomy":"category","embeddable":true,"href":"https:\/\/dana.com.br\/canaldana\/wp-json\/wp\/v2\/categories?post=76322"},{"taxonomy":"post_tag","embeddable":true,"href":"https:\/\/dana.com.br\/canaldana\/wp-json\/wp\/v2\/tags?post=76322"}],"curies":[{"name":"wp","href":"https:\/\/api.w.org\/{rel}","templated":true}]}}