{"id":76299,"date":"2024-09-10T09:09:10","date_gmt":"2024-09-10T12:09:10","guid":{"rendered":"https:\/\/dana.com.br\/canaldana\/?p=76299"},"modified":"2024-09-10T09:09:10","modified_gmt":"2024-09-10T12:09:10","slug":"mercado-ve-novo-ciclo-com-quatro-altas-de-025-ponto-para-a-selic","status":"publish","type":"post","link":"https:\/\/dana.com.br\/canaldana\/2024\/09\/10\/mercado-ve-novo-ciclo-com-quatro-altas-de-025-ponto-para-a-selic\/","title":{"rendered":"Mercado v\u00ea novo ciclo com quatro altas de 0,25 ponto para a Selic"},"content":{"rendered":"<p><em>O Estado de S. Paulo <\/em><\/p>\n<p>&nbsp;<\/p>\n<p>Depois da alta mais forte do que o esperado do Produto Interno Bruto (PIB) no segundo trimestre, e da consolida\u00e7\u00e3o da expectativa de que o Federal Reserve (Fed, o banco central americano) deve adotar um ritmo mais brando de corte nos juros nos Estados Unidos, as proje\u00e7\u00f5es do mercado financeiro para a taxa Selic dispararam. O Boletim Focus, divulgado ontem pelo Banco Central, mostra que a mediana das proje\u00e7\u00f5es de bancos e gestoras de recursos aponta para alta de 0,75 ponto porcentual na taxa Selic at\u00e9 o fim do ano, dos atuais 10,5% para 11,25%. \u00c9 prevista ainda nova alta de 0,25 ponto em janeiro de 2025. A mudan\u00e7a interrompe sequ\u00eancia de 11 semanas de estabilidade na m\u00e9dia das expectativas para os juros.<\/p>\n<p>&nbsp;<\/p>\n<p>Na ter\u00e7a-feira da semana passada, o Instituto Brasileiro de Geografia e Estat\u00edstica (IBGE) informou que o Produto Interno Bruto (PIB) brasileiro cresceu 1,4% no segundo trimestre, bem acima da m\u00e9dia das proje\u00e7\u00f5es. Combinada com o mercado de trabalho ainda bastante aquecido, a alta surpreendente do PIB fez crescer entre os economistas o temor de que o Pa\u00eds n\u00e3o tem como manter esse ritmo de expans\u00e3o acelerada sem que haja press\u00e3o sobre os \u00edndices de infla\u00e7\u00e3o.<\/p>\n<p>&nbsp;<\/p>\n<p>Os dados do Focus acompanham onda de revis\u00f5es nas proje\u00e7\u00f5es da Selic deflagrada pela subida de tom do diretor de Pol\u00edtica Monet\u00e1ria do BC, Gabriel Gal\u00edpolo, indicado pelo presidente Lula para o comando da institui\u00e7\u00e3o. No in\u00edcio de agosto, Gal\u00edpolo admitiu o risco de a infla\u00e7\u00e3o ficar \u201cdesancorada\u201d, e que os juros teriam de subir para traz\u00ea-la de volta \u00e0 meta se fosse necess\u00e1rio. Desde ent\u00e3o, muitos analistas do mercado vinham fazendo revis\u00f5es, mas o ponto intermedi\u00e1rio das estimativas do Focus para a Selic se mantinha.<\/p>\n<p>&nbsp;<\/p>\n<p>Tamb\u00e9m na semana passada, o relat\u00f3rio de empregos da economia americana, o payroll, e declara\u00e7\u00f5es de dirigentes do Fed n\u00e3o deixaram claro se o primeiro corte dos juros este m\u00eas pela institui\u00e7\u00e3o seria de 0,25 ou 0,50 ponto. Firmou-se, por\u00e9m, como majorit\u00e1ria a proje\u00e7\u00e3o de um corte menor nos EUA.<\/p>\n<p>&nbsp;<\/p>\n<p><strong>Novo ciclo<\/strong><\/p>\n<p>&nbsp;<\/p>\n<p>Embora o BC diga que \u201cn\u00e3o h\u00e1 rela\u00e7\u00e3o mec\u00e2nica\u201d entre a pol\u00edtica monet\u00e1ria brasileira e a americana, analistas de mercado avaliam que um eventual corte maior de juros este m\u00eas nos EUA permitiria ao Comit\u00ea de Pol\u00edtica Monet\u00e1ria (Copom) manter a Selic est\u00e1vel por aqui.<\/p>\n<p>&nbsp;<\/p>\n<p>Pelas novas estimativas, por\u00e9m, a Selic deve subir a 10,75% na pr\u00f3xima reuni\u00e3o, de 18 de setembro, avan\u00e7ando a 11,0%, em 6 de novembro, e a 11,25%, em 11 de dezembro. E ainda na primeira reuni\u00e3o do Copom de 2025, em 29 de janeiro, quando a taxa chegaria 11,50%. (O Estado de S. Paulo\/C\u00edcero Cotrim)<\/p>\n","protected":false},"excerpt":{"rendered":"<p>O Estado de S. Paulo &nbsp; Depois da alta mais forte do que o esperado do Produto Interno Bruto (PIB) no segundo trimestre, e da consolida\u00e7\u00e3o da expectativa de que o Federal Reserve (Fed, o banco central americano) deve adotar um ritmo mais brando de corte nos juros nos Estados Unidos, as proje\u00e7\u00f5es do mercado\u2026 <a class=\"readmore\" href=\"https:\/\/dana.com.br\/canaldana\/2024\/09\/10\/mercado-ve-novo-ciclo-com-quatro-altas-de-025-ponto-para-a-selic\/\">Leia mais \u00bb<\/a><\/p>\n","protected":false},"author":3,"featured_media":0,"comment_status":"closed","ping_status":"closed","sticky":false,"template":"","format":"standard","meta":{"_acf_changed":false,"footnotes":""},"categories":[79],"tags":[],"class_list":["post-76299","post","type-post","status-publish","format-standard","hentry","category-mercado"],"acf":[],"yoast_head":"<!-- This site is optimized with the Yoast SEO plugin v27.3 - https:\/\/yoast.com\/product\/yoast-seo-wordpress\/ -->\n<title>Mercado v\u00ea novo ciclo com quatro altas de 0,25 ponto para a Selic - Canal Dana<\/title>\n<meta name=\"robots\" content=\"index, follow, max-snippet:-1, max-image-preview:large, max-video-preview:-1\" \/>\n<link rel=\"canonical\" href=\"https:\/\/dana.com.br\/canaldana\/2024\/09\/10\/mercado-ve-novo-ciclo-com-quatro-altas-de-025-ponto-para-a-selic\/\" \/>\n<meta property=\"og:locale\" content=\"pt_BR\" \/>\n<meta property=\"og:type\" content=\"article\" \/>\n<meta property=\"og:title\" content=\"Mercado v\u00ea novo ciclo com quatro altas de 0,25 ponto para a Selic - Canal Dana\" \/>\n<meta property=\"og:description\" content=\"O Estado de S. Paulo &nbsp; Depois da alta mais forte do que o esperado do Produto Interno Bruto (PIB) no segundo trimestre, e da consolida\u00e7\u00e3o da expectativa de que o Federal Reserve (Fed, o banco central americano) deve adotar um ritmo mais brando de corte nos juros nos Estados Unidos, as proje\u00e7\u00f5es do mercado\u2026 Leia mais \u00bb\" \/>\n<meta property=\"og:url\" content=\"https:\/\/dana.com.br\/canaldana\/2024\/09\/10\/mercado-ve-novo-ciclo-com-quatro-altas-de-025-ponto-para-a-selic\/\" \/>\n<meta property=\"og:site_name\" content=\"Canal Dana\" \/>\n<meta property=\"article:published_time\" content=\"2024-09-10T12:09:10+00:00\" \/>\n<meta name=\"author\" content=\"Canal Dana\" \/>\n<meta name=\"twitter:card\" content=\"summary_large_image\" \/>\n<meta name=\"twitter:label1\" content=\"Escrito por\" \/>\n\t<meta name=\"twitter:data1\" content=\"Canal Dana\" \/>\n\t<meta name=\"twitter:label2\" content=\"Est. tempo de leitura\" \/>\n\t<meta name=\"twitter:data2\" content=\"3 minutos\" \/>\n<script type=\"application\/ld+json\" class=\"yoast-schema-graph\">{\"@context\":\"https:\\\/\\\/schema.org\",\"@graph\":[{\"@type\":\"Article\",\"@id\":\"https:\\\/\\\/dana.com.br\\\/canaldana\\\/2024\\\/09\\\/10\\\/mercado-ve-novo-ciclo-com-quatro-altas-de-025-ponto-para-a-selic\\\/#article\",\"isPartOf\":{\"@id\":\"https:\\\/\\\/dana.com.br\\\/canaldana\\\/2024\\\/09\\\/10\\\/mercado-ve-novo-ciclo-com-quatro-altas-de-025-ponto-para-a-selic\\\/\"},\"author\":{\"name\":\"Canal Dana\",\"@id\":\"https:\\\/\\\/dana.com.br\\\/canaldana\\\/#\\\/schema\\\/person\\\/3c21f22f56fcf3bc46b94bc60ea4fef6\"},\"headline\":\"Mercado v\u00ea novo ciclo com quatro altas de 0,25 ponto para a Selic\",\"datePublished\":\"2024-09-10T12:09:10+00:00\",\"mainEntityOfPage\":{\"@id\":\"https:\\\/\\\/dana.com.br\\\/canaldana\\\/2024\\\/09\\\/10\\\/mercado-ve-novo-ciclo-com-quatro-altas-de-025-ponto-para-a-selic\\\/\"},\"wordCount\":494,\"articleSection\":[\"Mercado\"],\"inLanguage\":\"pt-BR\"},{\"@type\":\"WebPage\",\"@id\":\"https:\\\/\\\/dana.com.br\\\/canaldana\\\/2024\\\/09\\\/10\\\/mercado-ve-novo-ciclo-com-quatro-altas-de-025-ponto-para-a-selic\\\/\",\"url\":\"https:\\\/\\\/dana.com.br\\\/canaldana\\\/2024\\\/09\\\/10\\\/mercado-ve-novo-ciclo-com-quatro-altas-de-025-ponto-para-a-selic\\\/\",\"name\":\"Mercado v\u00ea novo ciclo com quatro altas de 0,25 ponto para a Selic - Canal Dana\",\"isPartOf\":{\"@id\":\"https:\\\/\\\/dana.com.br\\\/canaldana\\\/#website\"},\"datePublished\":\"2024-09-10T12:09:10+00:00\",\"author\":{\"@id\":\"https:\\\/\\\/dana.com.br\\\/canaldana\\\/#\\\/schema\\\/person\\\/3c21f22f56fcf3bc46b94bc60ea4fef6\"},\"breadcrumb\":{\"@id\":\"https:\\\/\\\/dana.com.br\\\/canaldana\\\/2024\\\/09\\\/10\\\/mercado-ve-novo-ciclo-com-quatro-altas-de-025-ponto-para-a-selic\\\/#breadcrumb\"},\"inLanguage\":\"pt-BR\",\"potentialAction\":[{\"@type\":\"ReadAction\",\"target\":[\"https:\\\/\\\/dana.com.br\\\/canaldana\\\/2024\\\/09\\\/10\\\/mercado-ve-novo-ciclo-com-quatro-altas-de-025-ponto-para-a-selic\\\/\"]}]},{\"@type\":\"BreadcrumbList\",\"@id\":\"https:\\\/\\\/dana.com.br\\\/canaldana\\\/2024\\\/09\\\/10\\\/mercado-ve-novo-ciclo-com-quatro-altas-de-025-ponto-para-a-selic\\\/#breadcrumb\",\"itemListElement\":[{\"@type\":\"ListItem\",\"position\":1,\"name\":\"Home\",\"item\":\"https:\\\/\\\/dana.com.br\\\/canaldana\\\/\"},{\"@type\":\"ListItem\",\"position\":2,\"name\":\"Mercado\",\"item\":\"https:\\\/\\\/dana.com.br\\\/canaldana\\\/mercado\\\/\"},{\"@type\":\"ListItem\",\"position\":3,\"name\":\"Mercado v\u00ea novo ciclo com quatro altas de 0,25 ponto para a Selic\"}]},{\"@type\":\"WebSite\",\"@id\":\"https:\\\/\\\/dana.com.br\\\/canaldana\\\/#website\",\"url\":\"https:\\\/\\\/dana.com.br\\\/canaldana\\\/\",\"name\":\"Canal Dana\",\"description\":\"Informativo com as principais not\u00edcias da ind\u00fastria automotiva\",\"potentialAction\":[{\"@type\":\"SearchAction\",\"target\":{\"@type\":\"EntryPoint\",\"urlTemplate\":\"https:\\\/\\\/dana.com.br\\\/canaldana\\\/?s={search_term_string}\"},\"query-input\":{\"@type\":\"PropertyValueSpecification\",\"valueRequired\":true,\"valueName\":\"search_term_string\"}}],\"inLanguage\":\"pt-BR\"},{\"@type\":\"Person\",\"@id\":\"https:\\\/\\\/dana.com.br\\\/canaldana\\\/#\\\/schema\\\/person\\\/3c21f22f56fcf3bc46b94bc60ea4fef6\",\"name\":\"Canal Dana\",\"image\":{\"@type\":\"ImageObject\",\"inLanguage\":\"pt-BR\",\"@id\":\"https:\\\/\\\/secure.gravatar.com\\\/avatar\\\/420aaf9278582877d9018637c6817617705899d2858d7572ef0fe59a6b6454b4?s=96&d=mm&r=g\",\"url\":\"https:\\\/\\\/secure.gravatar.com\\\/avatar\\\/420aaf9278582877d9018637c6817617705899d2858d7572ef0fe59a6b6454b4?s=96&d=mm&r=g\",\"contentUrl\":\"https:\\\/\\\/secure.gravatar.com\\\/avatar\\\/420aaf9278582877d9018637c6817617705899d2858d7572ef0fe59a6b6454b4?s=96&d=mm&r=g\",\"caption\":\"Canal Dana\"},\"url\":\"https:\\\/\\\/dana.com.br\\\/canaldana\\\/author\\\/cdeditor\\\/\"}]}<\/script>\n<!-- \/ Yoast SEO plugin. -->","yoast_head_json":{"title":"Mercado v\u00ea novo ciclo com quatro altas de 0,25 ponto para a Selic - Canal Dana","robots":{"index":"index","follow":"follow","max-snippet":"max-snippet:-1","max-image-preview":"max-image-preview:large","max-video-preview":"max-video-preview:-1"},"canonical":"https:\/\/dana.com.br\/canaldana\/2024\/09\/10\/mercado-ve-novo-ciclo-com-quatro-altas-de-025-ponto-para-a-selic\/","og_locale":"pt_BR","og_type":"article","og_title":"Mercado v\u00ea novo ciclo com quatro altas de 0,25 ponto para a Selic - Canal Dana","og_description":"O Estado de S. Paulo &nbsp; Depois da alta mais forte do que o esperado do Produto Interno Bruto (PIB) no segundo trimestre, e da consolida\u00e7\u00e3o da expectativa de que o Federal Reserve (Fed, o banco central americano) deve adotar um ritmo mais brando de corte nos juros nos Estados Unidos, as proje\u00e7\u00f5es do mercado\u2026 Leia mais \u00bb","og_url":"https:\/\/dana.com.br\/canaldana\/2024\/09\/10\/mercado-ve-novo-ciclo-com-quatro-altas-de-025-ponto-para-a-selic\/","og_site_name":"Canal Dana","article_published_time":"2024-09-10T12:09:10+00:00","author":"Canal Dana","twitter_card":"summary_large_image","twitter_misc":{"Escrito por":"Canal Dana","Est. tempo de leitura":"3 minutos"},"schema":{"@context":"https:\/\/schema.org","@graph":[{"@type":"Article","@id":"https:\/\/dana.com.br\/canaldana\/2024\/09\/10\/mercado-ve-novo-ciclo-com-quatro-altas-de-025-ponto-para-a-selic\/#article","isPartOf":{"@id":"https:\/\/dana.com.br\/canaldana\/2024\/09\/10\/mercado-ve-novo-ciclo-com-quatro-altas-de-025-ponto-para-a-selic\/"},"author":{"name":"Canal Dana","@id":"https:\/\/dana.com.br\/canaldana\/#\/schema\/person\/3c21f22f56fcf3bc46b94bc60ea4fef6"},"headline":"Mercado v\u00ea novo ciclo com quatro altas de 0,25 ponto para a Selic","datePublished":"2024-09-10T12:09:10+00:00","mainEntityOfPage":{"@id":"https:\/\/dana.com.br\/canaldana\/2024\/09\/10\/mercado-ve-novo-ciclo-com-quatro-altas-de-025-ponto-para-a-selic\/"},"wordCount":494,"articleSection":["Mercado"],"inLanguage":"pt-BR"},{"@type":"WebPage","@id":"https:\/\/dana.com.br\/canaldana\/2024\/09\/10\/mercado-ve-novo-ciclo-com-quatro-altas-de-025-ponto-para-a-selic\/","url":"https:\/\/dana.com.br\/canaldana\/2024\/09\/10\/mercado-ve-novo-ciclo-com-quatro-altas-de-025-ponto-para-a-selic\/","name":"Mercado v\u00ea novo ciclo com quatro altas de 0,25 ponto para a Selic - Canal Dana","isPartOf":{"@id":"https:\/\/dana.com.br\/canaldana\/#website"},"datePublished":"2024-09-10T12:09:10+00:00","author":{"@id":"https:\/\/dana.com.br\/canaldana\/#\/schema\/person\/3c21f22f56fcf3bc46b94bc60ea4fef6"},"breadcrumb":{"@id":"https:\/\/dana.com.br\/canaldana\/2024\/09\/10\/mercado-ve-novo-ciclo-com-quatro-altas-de-025-ponto-para-a-selic\/#breadcrumb"},"inLanguage":"pt-BR","potentialAction":[{"@type":"ReadAction","target":["https:\/\/dana.com.br\/canaldana\/2024\/09\/10\/mercado-ve-novo-ciclo-com-quatro-altas-de-025-ponto-para-a-selic\/"]}]},{"@type":"BreadcrumbList","@id":"https:\/\/dana.com.br\/canaldana\/2024\/09\/10\/mercado-ve-novo-ciclo-com-quatro-altas-de-025-ponto-para-a-selic\/#breadcrumb","itemListElement":[{"@type":"ListItem","position":1,"name":"Home","item":"https:\/\/dana.com.br\/canaldana\/"},{"@type":"ListItem","position":2,"name":"Mercado","item":"https:\/\/dana.com.br\/canaldana\/mercado\/"},{"@type":"ListItem","position":3,"name":"Mercado v\u00ea novo ciclo com quatro altas de 0,25 ponto para a Selic"}]},{"@type":"WebSite","@id":"https:\/\/dana.com.br\/canaldana\/#website","url":"https:\/\/dana.com.br\/canaldana\/","name":"Canal Dana","description":"Informativo com as principais not\u00edcias da ind\u00fastria automotiva","potentialAction":[{"@type":"SearchAction","target":{"@type":"EntryPoint","urlTemplate":"https:\/\/dana.com.br\/canaldana\/?s={search_term_string}"},"query-input":{"@type":"PropertyValueSpecification","valueRequired":true,"valueName":"search_term_string"}}],"inLanguage":"pt-BR"},{"@type":"Person","@id":"https:\/\/dana.com.br\/canaldana\/#\/schema\/person\/3c21f22f56fcf3bc46b94bc60ea4fef6","name":"Canal Dana","image":{"@type":"ImageObject","inLanguage":"pt-BR","@id":"https:\/\/secure.gravatar.com\/avatar\/420aaf9278582877d9018637c6817617705899d2858d7572ef0fe59a6b6454b4?s=96&d=mm&r=g","url":"https:\/\/secure.gravatar.com\/avatar\/420aaf9278582877d9018637c6817617705899d2858d7572ef0fe59a6b6454b4?s=96&d=mm&r=g","contentUrl":"https:\/\/secure.gravatar.com\/avatar\/420aaf9278582877d9018637c6817617705899d2858d7572ef0fe59a6b6454b4?s=96&d=mm&r=g","caption":"Canal Dana"},"url":"https:\/\/dana.com.br\/canaldana\/author\/cdeditor\/"}]}},"_links":{"self":[{"href":"https:\/\/dana.com.br\/canaldana\/wp-json\/wp\/v2\/posts\/76299","targetHints":{"allow":["GET"]}}],"collection":[{"href":"https:\/\/dana.com.br\/canaldana\/wp-json\/wp\/v2\/posts"}],"about":[{"href":"https:\/\/dana.com.br\/canaldana\/wp-json\/wp\/v2\/types\/post"}],"author":[{"embeddable":true,"href":"https:\/\/dana.com.br\/canaldana\/wp-json\/wp\/v2\/users\/3"}],"replies":[{"embeddable":true,"href":"https:\/\/dana.com.br\/canaldana\/wp-json\/wp\/v2\/comments?post=76299"}],"version-history":[{"count":1,"href":"https:\/\/dana.com.br\/canaldana\/wp-json\/wp\/v2\/posts\/76299\/revisions"}],"predecessor-version":[{"id":76300,"href":"https:\/\/dana.com.br\/canaldana\/wp-json\/wp\/v2\/posts\/76299\/revisions\/76300"}],"wp:attachment":[{"href":"https:\/\/dana.com.br\/canaldana\/wp-json\/wp\/v2\/media?parent=76299"}],"wp:term":[{"taxonomy":"category","embeddable":true,"href":"https:\/\/dana.com.br\/canaldana\/wp-json\/wp\/v2\/categories?post=76299"},{"taxonomy":"post_tag","embeddable":true,"href":"https:\/\/dana.com.br\/canaldana\/wp-json\/wp\/v2\/tags?post=76299"}],"curies":[{"name":"wp","href":"https:\/\/api.w.org\/{rel}","templated":true}]}}