{"id":76285,"date":"2024-09-10T09:04:58","date_gmt":"2024-09-10T12:04:58","guid":{"rendered":"https:\/\/dana.com.br\/canaldana\/?p=76285"},"modified":"2024-09-10T09:04:58","modified_gmt":"2024-09-10T12:04:58","slug":"ford-confirma-ranger-black-de-volta-em-nova-geracao","status":"publish","type":"post","link":"https:\/\/dana.com.br\/canaldana\/2024\/09\/10\/ford-confirma-ranger-black-de-volta-em-nova-geracao\/","title":{"rendered":"Ford confirma Ranger Black de volta em nova gera\u00e7\u00e3o"},"content":{"rendered":"<p><em>Motor 1 <\/em><\/p>\n<p>&nbsp;<\/p>\n<p>Depois do fim da Ranger XLS com motor 2.0 turbodiesel e tra\u00e7\u00e3o 4&#215;2, uma parte do mist\u00e9rio pode ter chego ao fim. A Ford confirmou a Ranger Black no cat\u00e1logo da nova gera\u00e7\u00e3o e, apesar de n\u00e3o confirmado pela marca, dever\u00e1 ocupar esse posi\u00e7\u00e3o em uma proposta bem similar da sua gera\u00e7\u00e3o anterior.<\/p>\n<p>&nbsp;<\/p>\n<p>Visualmente, a Ford Ranger Black tem a grade, rodas de 18&#8243; e capas dos retrovisores em cinza. Na lateral, o estribo emprestado da Limited, assim como o santantonio usado. Na apresenta\u00e7\u00e3o, a picape ainda estava trancada, mas podemos esperar os detalhes escurecidos, como a vers\u00e3o vendida na Argentina, e a inscri\u00e7\u00e3o na lateral dos bancos que remete a Henry Ford e sua paix\u00e3o por carros pretos.<\/p>\n<p>&nbsp;<\/p>\n<p>A Ford n\u00e3o confirmou o conjunto mec\u00e2nico da Ranger Black, mas podemos esperar que ela use o 2.0 turbodiesel de 170 cv &#8211; a picape exposta n\u00e3o usava discos no eixo traseiro, exclusivo do V6. Ao mesmo tempo, a tra\u00e7\u00e3o 4&#215;2 estar\u00e1 com o c\u00e2mbio autom\u00e1tico de 6 marchas j\u00e1 que, nesta faixa de pre\u00e7o e mercado, n\u00e3o h\u00e1 busca pelo c\u00e2mbio manual.<\/p>\n<p>&nbsp;<\/p>\n<p>Em pre\u00e7os, a Ford Ranger Black 2025 deve se posicionar entra a XL 2.0 manual e a XLS 2.0 4&#215;4 autom\u00e1tica, algo entre R$ 250 mil e R$ 260 mil. Os pre\u00e7os ser\u00e3o revelados nas pr\u00f3ximas semanas, assim como o pacote de equipamentos e especifica\u00e7\u00f5es t\u00e9cnicas completas. Ela j\u00e1 est\u00e1 dispon\u00edvel na Argentina com c\u00e2mbio manual, uma combina\u00e7\u00e3o bem dif\u00edcil de chegar por aqui. (Motor 1\/Leo Fortunatti)<\/p>\n","protected":false},"excerpt":{"rendered":"<p>Motor 1 &nbsp; Depois do fim da Ranger XLS com motor 2.0 turbodiesel e tra\u00e7\u00e3o 4&#215;2, uma parte do mist\u00e9rio pode ter chego ao fim. A Ford confirmou a Ranger Black no cat\u00e1logo da nova gera\u00e7\u00e3o e, apesar de n\u00e3o confirmado pela marca, dever\u00e1 ocupar esse posi\u00e7\u00e3o em uma proposta bem similar da sua gera\u00e7\u00e3o\u2026 <a class=\"readmore\" href=\"https:\/\/dana.com.br\/canaldana\/2024\/09\/10\/ford-confirma-ranger-black-de-volta-em-nova-geracao\/\">Leia mais \u00bb<\/a><\/p>\n","protected":false},"author":3,"featured_media":0,"comment_status":"closed","ping_status":"closed","sticky":false,"template":"","format":"standard","meta":{"_acf_changed":false,"footnotes":""},"categories":[79],"tags":[],"class_list":["post-76285","post","type-post","status-publish","format-standard","hentry","category-mercado"],"acf":[],"yoast_head":"<!-- This site is optimized with the Yoast SEO plugin v27.3 - https:\/\/yoast.com\/product\/yoast-seo-wordpress\/ -->\n<title>Ford confirma Ranger Black de volta em nova gera\u00e7\u00e3o - Canal Dana<\/title>\n<meta name=\"robots\" content=\"index, follow, max-snippet:-1, max-image-preview:large, max-video-preview:-1\" \/>\n<link rel=\"canonical\" href=\"https:\/\/dana.com.br\/canaldana\/2024\/09\/10\/ford-confirma-ranger-black-de-volta-em-nova-geracao\/\" \/>\n<meta property=\"og:locale\" content=\"pt_BR\" \/>\n<meta property=\"og:type\" content=\"article\" \/>\n<meta property=\"og:title\" content=\"Ford confirma Ranger Black de volta em nova gera\u00e7\u00e3o - Canal Dana\" \/>\n<meta property=\"og:description\" content=\"Motor 1 &nbsp; Depois do fim da Ranger XLS com motor 2.0 turbodiesel e tra\u00e7\u00e3o 4&#215;2, uma parte do mist\u00e9rio pode ter chego ao fim. A Ford confirmou a Ranger Black no cat\u00e1logo da nova gera\u00e7\u00e3o e, apesar de n\u00e3o confirmado pela marca, dever\u00e1 ocupar esse posi\u00e7\u00e3o em uma proposta bem similar da sua gera\u00e7\u00e3o\u2026 Leia mais \u00bb\" \/>\n<meta property=\"og:url\" content=\"https:\/\/dana.com.br\/canaldana\/2024\/09\/10\/ford-confirma-ranger-black-de-volta-em-nova-geracao\/\" \/>\n<meta property=\"og:site_name\" content=\"Canal Dana\" \/>\n<meta property=\"article:published_time\" content=\"2024-09-10T12:04:58+00:00\" \/>\n<meta name=\"author\" content=\"Canal Dana\" \/>\n<meta name=\"twitter:card\" content=\"summary_large_image\" \/>\n<meta name=\"twitter:label1\" content=\"Escrito por\" \/>\n\t<meta name=\"twitter:data1\" content=\"Canal Dana\" \/>\n\t<meta name=\"twitter:label2\" content=\"Est. tempo de leitura\" \/>\n\t<meta name=\"twitter:data2\" content=\"2 minutos\" \/>\n<script type=\"application\/ld+json\" class=\"yoast-schema-graph\">{\"@context\":\"https:\\\/\\\/schema.org\",\"@graph\":[{\"@type\":\"Article\",\"@id\":\"https:\\\/\\\/dana.com.br\\\/canaldana\\\/2024\\\/09\\\/10\\\/ford-confirma-ranger-black-de-volta-em-nova-geracao\\\/#article\",\"isPartOf\":{\"@id\":\"https:\\\/\\\/dana.com.br\\\/canaldana\\\/2024\\\/09\\\/10\\\/ford-confirma-ranger-black-de-volta-em-nova-geracao\\\/\"},\"author\":{\"name\":\"Canal Dana\",\"@id\":\"https:\\\/\\\/dana.com.br\\\/canaldana\\\/#\\\/schema\\\/person\\\/3c21f22f56fcf3bc46b94bc60ea4fef6\"},\"headline\":\"Ford confirma Ranger Black de volta em nova gera\u00e7\u00e3o\",\"datePublished\":\"2024-09-10T12:04:58+00:00\",\"mainEntityOfPage\":{\"@id\":\"https:\\\/\\\/dana.com.br\\\/canaldana\\\/2024\\\/09\\\/10\\\/ford-confirma-ranger-black-de-volta-em-nova-geracao\\\/\"},\"wordCount\":285,\"articleSection\":[\"Mercado\"],\"inLanguage\":\"pt-BR\"},{\"@type\":\"WebPage\",\"@id\":\"https:\\\/\\\/dana.com.br\\\/canaldana\\\/2024\\\/09\\\/10\\\/ford-confirma-ranger-black-de-volta-em-nova-geracao\\\/\",\"url\":\"https:\\\/\\\/dana.com.br\\\/canaldana\\\/2024\\\/09\\\/10\\\/ford-confirma-ranger-black-de-volta-em-nova-geracao\\\/\",\"name\":\"Ford confirma Ranger Black de volta em nova gera\u00e7\u00e3o - Canal Dana\",\"isPartOf\":{\"@id\":\"https:\\\/\\\/dana.com.br\\\/canaldana\\\/#website\"},\"datePublished\":\"2024-09-10T12:04:58+00:00\",\"author\":{\"@id\":\"https:\\\/\\\/dana.com.br\\\/canaldana\\\/#\\\/schema\\\/person\\\/3c21f22f56fcf3bc46b94bc60ea4fef6\"},\"breadcrumb\":{\"@id\":\"https:\\\/\\\/dana.com.br\\\/canaldana\\\/2024\\\/09\\\/10\\\/ford-confirma-ranger-black-de-volta-em-nova-geracao\\\/#breadcrumb\"},\"inLanguage\":\"pt-BR\",\"potentialAction\":[{\"@type\":\"ReadAction\",\"target\":[\"https:\\\/\\\/dana.com.br\\\/canaldana\\\/2024\\\/09\\\/10\\\/ford-confirma-ranger-black-de-volta-em-nova-geracao\\\/\"]}]},{\"@type\":\"BreadcrumbList\",\"@id\":\"https:\\\/\\\/dana.com.br\\\/canaldana\\\/2024\\\/09\\\/10\\\/ford-confirma-ranger-black-de-volta-em-nova-geracao\\\/#breadcrumb\",\"itemListElement\":[{\"@type\":\"ListItem\",\"position\":1,\"name\":\"Home\",\"item\":\"https:\\\/\\\/dana.com.br\\\/canaldana\\\/\"},{\"@type\":\"ListItem\",\"position\":2,\"name\":\"Mercado\",\"item\":\"https:\\\/\\\/dana.com.br\\\/canaldana\\\/mercado\\\/\"},{\"@type\":\"ListItem\",\"position\":3,\"name\":\"Ford confirma Ranger Black de volta em nova gera\u00e7\u00e3o\"}]},{\"@type\":\"WebSite\",\"@id\":\"https:\\\/\\\/dana.com.br\\\/canaldana\\\/#website\",\"url\":\"https:\\\/\\\/dana.com.br\\\/canaldana\\\/\",\"name\":\"Canal Dana\",\"description\":\"Informativo com as principais not\u00edcias da ind\u00fastria automotiva\",\"potentialAction\":[{\"@type\":\"SearchAction\",\"target\":{\"@type\":\"EntryPoint\",\"urlTemplate\":\"https:\\\/\\\/dana.com.br\\\/canaldana\\\/?s={search_term_string}\"},\"query-input\":{\"@type\":\"PropertyValueSpecification\",\"valueRequired\":true,\"valueName\":\"search_term_string\"}}],\"inLanguage\":\"pt-BR\"},{\"@type\":\"Person\",\"@id\":\"https:\\\/\\\/dana.com.br\\\/canaldana\\\/#\\\/schema\\\/person\\\/3c21f22f56fcf3bc46b94bc60ea4fef6\",\"name\":\"Canal Dana\",\"image\":{\"@type\":\"ImageObject\",\"inLanguage\":\"pt-BR\",\"@id\":\"https:\\\/\\\/secure.gravatar.com\\\/avatar\\\/420aaf9278582877d9018637c6817617705899d2858d7572ef0fe59a6b6454b4?s=96&d=mm&r=g\",\"url\":\"https:\\\/\\\/secure.gravatar.com\\\/avatar\\\/420aaf9278582877d9018637c6817617705899d2858d7572ef0fe59a6b6454b4?s=96&d=mm&r=g\",\"contentUrl\":\"https:\\\/\\\/secure.gravatar.com\\\/avatar\\\/420aaf9278582877d9018637c6817617705899d2858d7572ef0fe59a6b6454b4?s=96&d=mm&r=g\",\"caption\":\"Canal Dana\"},\"url\":\"https:\\\/\\\/dana.com.br\\\/canaldana\\\/author\\\/cdeditor\\\/\"}]}<\/script>\n<!-- \/ Yoast SEO plugin. -->","yoast_head_json":{"title":"Ford confirma Ranger Black de volta em nova gera\u00e7\u00e3o - Canal Dana","robots":{"index":"index","follow":"follow","max-snippet":"max-snippet:-1","max-image-preview":"max-image-preview:large","max-video-preview":"max-video-preview:-1"},"canonical":"https:\/\/dana.com.br\/canaldana\/2024\/09\/10\/ford-confirma-ranger-black-de-volta-em-nova-geracao\/","og_locale":"pt_BR","og_type":"article","og_title":"Ford confirma Ranger Black de volta em nova gera\u00e7\u00e3o - Canal Dana","og_description":"Motor 1 &nbsp; Depois do fim da Ranger XLS com motor 2.0 turbodiesel e tra\u00e7\u00e3o 4&#215;2, uma parte do mist\u00e9rio pode ter chego ao fim. A Ford confirmou a Ranger Black no cat\u00e1logo da nova gera\u00e7\u00e3o e, apesar de n\u00e3o confirmado pela marca, dever\u00e1 ocupar esse posi\u00e7\u00e3o em uma proposta bem similar da sua gera\u00e7\u00e3o\u2026 Leia mais \u00bb","og_url":"https:\/\/dana.com.br\/canaldana\/2024\/09\/10\/ford-confirma-ranger-black-de-volta-em-nova-geracao\/","og_site_name":"Canal Dana","article_published_time":"2024-09-10T12:04:58+00:00","author":"Canal Dana","twitter_card":"summary_large_image","twitter_misc":{"Escrito por":"Canal Dana","Est. tempo de leitura":"2 minutos"},"schema":{"@context":"https:\/\/schema.org","@graph":[{"@type":"Article","@id":"https:\/\/dana.com.br\/canaldana\/2024\/09\/10\/ford-confirma-ranger-black-de-volta-em-nova-geracao\/#article","isPartOf":{"@id":"https:\/\/dana.com.br\/canaldana\/2024\/09\/10\/ford-confirma-ranger-black-de-volta-em-nova-geracao\/"},"author":{"name":"Canal Dana","@id":"https:\/\/dana.com.br\/canaldana\/#\/schema\/person\/3c21f22f56fcf3bc46b94bc60ea4fef6"},"headline":"Ford confirma Ranger Black de volta em nova gera\u00e7\u00e3o","datePublished":"2024-09-10T12:04:58+00:00","mainEntityOfPage":{"@id":"https:\/\/dana.com.br\/canaldana\/2024\/09\/10\/ford-confirma-ranger-black-de-volta-em-nova-geracao\/"},"wordCount":285,"articleSection":["Mercado"],"inLanguage":"pt-BR"},{"@type":"WebPage","@id":"https:\/\/dana.com.br\/canaldana\/2024\/09\/10\/ford-confirma-ranger-black-de-volta-em-nova-geracao\/","url":"https:\/\/dana.com.br\/canaldana\/2024\/09\/10\/ford-confirma-ranger-black-de-volta-em-nova-geracao\/","name":"Ford confirma Ranger Black de volta em nova gera\u00e7\u00e3o - Canal Dana","isPartOf":{"@id":"https:\/\/dana.com.br\/canaldana\/#website"},"datePublished":"2024-09-10T12:04:58+00:00","author":{"@id":"https:\/\/dana.com.br\/canaldana\/#\/schema\/person\/3c21f22f56fcf3bc46b94bc60ea4fef6"},"breadcrumb":{"@id":"https:\/\/dana.com.br\/canaldana\/2024\/09\/10\/ford-confirma-ranger-black-de-volta-em-nova-geracao\/#breadcrumb"},"inLanguage":"pt-BR","potentialAction":[{"@type":"ReadAction","target":["https:\/\/dana.com.br\/canaldana\/2024\/09\/10\/ford-confirma-ranger-black-de-volta-em-nova-geracao\/"]}]},{"@type":"BreadcrumbList","@id":"https:\/\/dana.com.br\/canaldana\/2024\/09\/10\/ford-confirma-ranger-black-de-volta-em-nova-geracao\/#breadcrumb","itemListElement":[{"@type":"ListItem","position":1,"name":"Home","item":"https:\/\/dana.com.br\/canaldana\/"},{"@type":"ListItem","position":2,"name":"Mercado","item":"https:\/\/dana.com.br\/canaldana\/mercado\/"},{"@type":"ListItem","position":3,"name":"Ford confirma Ranger Black de volta em nova gera\u00e7\u00e3o"}]},{"@type":"WebSite","@id":"https:\/\/dana.com.br\/canaldana\/#website","url":"https:\/\/dana.com.br\/canaldana\/","name":"Canal Dana","description":"Informativo com as principais not\u00edcias da ind\u00fastria automotiva","potentialAction":[{"@type":"SearchAction","target":{"@type":"EntryPoint","urlTemplate":"https:\/\/dana.com.br\/canaldana\/?s={search_term_string}"},"query-input":{"@type":"PropertyValueSpecification","valueRequired":true,"valueName":"search_term_string"}}],"inLanguage":"pt-BR"},{"@type":"Person","@id":"https:\/\/dana.com.br\/canaldana\/#\/schema\/person\/3c21f22f56fcf3bc46b94bc60ea4fef6","name":"Canal Dana","image":{"@type":"ImageObject","inLanguage":"pt-BR","@id":"https:\/\/secure.gravatar.com\/avatar\/420aaf9278582877d9018637c6817617705899d2858d7572ef0fe59a6b6454b4?s=96&d=mm&r=g","url":"https:\/\/secure.gravatar.com\/avatar\/420aaf9278582877d9018637c6817617705899d2858d7572ef0fe59a6b6454b4?s=96&d=mm&r=g","contentUrl":"https:\/\/secure.gravatar.com\/avatar\/420aaf9278582877d9018637c6817617705899d2858d7572ef0fe59a6b6454b4?s=96&d=mm&r=g","caption":"Canal Dana"},"url":"https:\/\/dana.com.br\/canaldana\/author\/cdeditor\/"}]}},"_links":{"self":[{"href":"https:\/\/dana.com.br\/canaldana\/wp-json\/wp\/v2\/posts\/76285","targetHints":{"allow":["GET"]}}],"collection":[{"href":"https:\/\/dana.com.br\/canaldana\/wp-json\/wp\/v2\/posts"}],"about":[{"href":"https:\/\/dana.com.br\/canaldana\/wp-json\/wp\/v2\/types\/post"}],"author":[{"embeddable":true,"href":"https:\/\/dana.com.br\/canaldana\/wp-json\/wp\/v2\/users\/3"}],"replies":[{"embeddable":true,"href":"https:\/\/dana.com.br\/canaldana\/wp-json\/wp\/v2\/comments?post=76285"}],"version-history":[{"count":1,"href":"https:\/\/dana.com.br\/canaldana\/wp-json\/wp\/v2\/posts\/76285\/revisions"}],"predecessor-version":[{"id":76286,"href":"https:\/\/dana.com.br\/canaldana\/wp-json\/wp\/v2\/posts\/76285\/revisions\/76286"}],"wp:attachment":[{"href":"https:\/\/dana.com.br\/canaldana\/wp-json\/wp\/v2\/media?parent=76285"}],"wp:term":[{"taxonomy":"category","embeddable":true,"href":"https:\/\/dana.com.br\/canaldana\/wp-json\/wp\/v2\/categories?post=76285"},{"taxonomy":"post_tag","embeddable":true,"href":"https:\/\/dana.com.br\/canaldana\/wp-json\/wp\/v2\/tags?post=76285"}],"curies":[{"name":"wp","href":"https:\/\/api.w.org\/{rel}","templated":true}]}}