{"id":76281,"date":"2024-09-10T09:03:59","date_gmt":"2024-09-10T12:03:59","guid":{"rendered":"https:\/\/dana.com.br\/canaldana\/?p=76281"},"modified":"2024-09-10T09:03:59","modified_gmt":"2024-09-10T12:03:59","slug":"marcopolo-promove-demonstracao-de-suas-solucoes-para-descarbonizacao-do-transporte","status":"publish","type":"post","link":"https:\/\/dana.com.br\/canaldana\/2024\/09\/10\/marcopolo-promove-demonstracao-de-suas-solucoes-para-descarbonizacao-do-transporte\/","title":{"rendered":"Marcopolo promove demonstra\u00e7\u00e3o de suas solu\u00e7\u00f5es para descarboniza\u00e7\u00e3o do transporte"},"content":{"rendered":"<p><em>Truck &amp; Bus Builder Am\u00e9rica do Sul<\/em><\/p>\n<p>&nbsp;<\/p>\n<p>Desenvolvido pela Marcopolo com foco na descarboniza\u00e7\u00e3o do transporte e movidos a combust\u00edveis renov\u00e1veis, o \u00f4nibus 100% el\u00e9trico Attivi Integral, ser\u00e1 apresentado, no dia 11 de setembro, no CTR (Centro Tecnol\u00f3gico Randon), em Caxias do Sul, a 80 participantes do 6\u00b0 Simp\u00f3sio SAE BRASIL de Mobilidade Urbana.<\/p>\n<p>&nbsp;<\/p>\n<p>A\u00e7\u00e3o faz parte de uma atividade paralela ao evento da SAE BRASIL, Se\u00e7\u00e3o Caxias do Sul e envolver\u00e1 ainda o teste de impacto de p\u00eandulo de uma tonelada em um m\u00f3dulo estrutural representativo de um ve\u00edculo Marcopolo Attivi, visando representar um impacto traseiro em um \u00f4nibus el\u00e9trico e gerar dados para calibra\u00e7\u00e3o de um modelo num\u00e9rico, comprovando a superior seguran\u00e7a estrutural do modelo.<\/p>\n<p>&nbsp;<\/p>\n<p>\u201cA Marcopolo tem investido muito no desenvolvimento de produtos cada vez mais seguros, eficientes, modernos, sustent\u00e1veis e disruptivos. O Attivi Integral \u00e9 um importante exemplo de tecnologia de ponta desenvolvida pelos engenheiros brasileiros\u201d, destaca Luciano Resner, diretor de engenharia da Marcopolo. \u201cPoder demonstrar todo o nosso avan\u00e7o em pesquisa e inova\u00e7\u00e3o para associados da SAE BRASIL \u00e9 uma oportunidade \u00fanica para incentivar o desenvolvimento local de tecnologias\u201d, complementa.<\/p>\n<p>&nbsp;<\/p>\n<p>O Attivi Integral \u00e9 desenvolvido totalmente no Brasil, predominantemente com itens fabricados por empresas nacionais, inclusive de baterias e componentes eletroeletr\u00f4nicos, e tem um conceito inovador para o transporte coletivo urbano.<\/p>\n<p>&nbsp;<\/p>\n<p>O ve\u00edculo tem capacidade para transportar 81 passageiros, sendo 40 em p\u00e9 e 41 sentados, poltronas estofadas, espa\u00e7o para cadeira de rodas no entre eixos do lado esquerdo, ar-condicionado, e bateria com autonomia de at\u00e9 280 km e tempo de carga de at\u00e9 4 horas. Conta tamb\u00e9m com um painel exclusivo, com design in\u00e9dito, privilegiando a visibilidade e seguran\u00e7a.<\/p>\n<p>&nbsp;<\/p>\n<p><strong>Teste de impacto de p\u00eandulo<\/strong><\/p>\n<p>&nbsp;<\/p>\n<p>Assim como promoveu de maneira in\u00e9dita no primeiro semestre deste ano, o primeiro crash test traseiro de \u00f4nibus el\u00e9trico, a Marcopolo vai realizar um teste de impacto de um p\u00eandulo de uma tonelada na traseira de um ve\u00edculo Attivi Integral. O objetivo \u00e9 demonstrar os mais elevados n\u00edveis de seguran\u00e7a passiva do modelo 100% el\u00e9trico, sobretudo na parte traseira onde normalmente ficam localizadas as baterias, garantindo total seguran\u00e7a para os ocupantes do ve\u00edculo. A engenharia da Marcopolo desenvolveu uma estrutura interna que, absorve a energia do impacto e garante a inviolabilidade do conjunto de baterias.<\/p>\n<p>&nbsp;<\/p>\n<p><strong>6\u00b0 Simp\u00f3sio SAE BRASIL de Mobilidade Urbana<\/strong><\/p>\n<p>&nbsp;<\/p>\n<p>O Simp\u00f3sio SAE BRASIL de Mobilidade Urbana 2024 apresentar\u00e1 cases de Sistemas de Mobilidade, com o objetivo de buscar refer\u00eancias e debater modelos aplicados \u00e0s melhorias da Mobilidade Urbana. Tamb\u00e9m ser\u00e3o abordadas tend\u00eancias tecnol\u00f3gicas na mobilidade e tecnologias sustent\u00e1veis de propuls\u00e3o.<\/p>\n<p>&nbsp;<\/p>\n<p>Com foco no transporte coletivo de pessoas, o simp\u00f3sio busca conhecer e avaliar as possibilidades de adequa\u00e7\u00e3o das cidades com foco em Mobilidade Urbana, contribuindo assim para o uso do transporte racional e sustent\u00e1vel. O evento \u00e9 dirigido a engenheiros e profissionais do setor automotivo e das \u00e1reas de urbanismo, gerenciamento e operadores de sistemas de transporte, al\u00e9m da comunidade acad\u00eamica, entidades ligadas \u00e0 \u00e1rea e governo. (Truck &amp; Bus Builder Am\u00e9rica do Sul)<\/p>\n","protected":false},"excerpt":{"rendered":"<p>Truck &amp; Bus Builder Am\u00e9rica do Sul &nbsp; Desenvolvido pela Marcopolo com foco na descarboniza\u00e7\u00e3o do transporte e movidos a combust\u00edveis renov\u00e1veis, o \u00f4nibus 100% el\u00e9trico Attivi Integral, ser\u00e1 apresentado, no dia 11 de setembro, no CTR (Centro Tecnol\u00f3gico Randon), em Caxias do Sul, a 80 participantes do 6\u00b0 Simp\u00f3sio SAE BRASIL de Mobilidade Urbana.\u2026 <a class=\"readmore\" href=\"https:\/\/dana.com.br\/canaldana\/2024\/09\/10\/marcopolo-promove-demonstracao-de-suas-solucoes-para-descarbonizacao-do-transporte\/\">Leia mais \u00bb<\/a><\/p>\n","protected":false},"author":3,"featured_media":0,"comment_status":"closed","ping_status":"closed","sticky":false,"template":"","format":"standard","meta":{"_acf_changed":false,"footnotes":""},"categories":[90],"tags":[],"class_list":["post-76281","post","type-post","status-publish","format-standard","hentry","category-sae-brasil"],"acf":[],"yoast_head":"<!-- This site is optimized with the Yoast SEO plugin v27.3 - https:\/\/yoast.com\/product\/yoast-seo-wordpress\/ -->\n<title>Marcopolo promove demonstra\u00e7\u00e3o de suas solu\u00e7\u00f5es para descarboniza\u00e7\u00e3o do transporte - Canal Dana<\/title>\n<meta name=\"robots\" content=\"index, follow, max-snippet:-1, max-image-preview:large, max-video-preview:-1\" \/>\n<link rel=\"canonical\" href=\"https:\/\/dana.com.br\/canaldana\/2024\/09\/10\/marcopolo-promove-demonstracao-de-suas-solucoes-para-descarbonizacao-do-transporte\/\" \/>\n<meta property=\"og:locale\" content=\"pt_BR\" \/>\n<meta property=\"og:type\" content=\"article\" \/>\n<meta property=\"og:title\" content=\"Marcopolo promove demonstra\u00e7\u00e3o de suas solu\u00e7\u00f5es para descarboniza\u00e7\u00e3o do transporte - Canal Dana\" \/>\n<meta property=\"og:description\" content=\"Truck &amp; Bus Builder Am\u00e9rica do Sul &nbsp; Desenvolvido pela Marcopolo com foco na descarboniza\u00e7\u00e3o do transporte e movidos a combust\u00edveis renov\u00e1veis, o \u00f4nibus 100% el\u00e9trico Attivi Integral, ser\u00e1 apresentado, no dia 11 de setembro, no CTR (Centro Tecnol\u00f3gico Randon), em Caxias do Sul, a 80 participantes do 6\u00b0 Simp\u00f3sio SAE BRASIL de Mobilidade Urbana.\u2026 Leia mais \u00bb\" \/>\n<meta property=\"og:url\" content=\"https:\/\/dana.com.br\/canaldana\/2024\/09\/10\/marcopolo-promove-demonstracao-de-suas-solucoes-para-descarbonizacao-do-transporte\/\" \/>\n<meta property=\"og:site_name\" content=\"Canal Dana\" \/>\n<meta property=\"article:published_time\" content=\"2024-09-10T12:03:59+00:00\" \/>\n<meta name=\"author\" content=\"Canal Dana\" \/>\n<meta name=\"twitter:card\" content=\"summary_large_image\" \/>\n<meta name=\"twitter:label1\" content=\"Escrito por\" \/>\n\t<meta name=\"twitter:data1\" content=\"Canal Dana\" \/>\n\t<meta name=\"twitter:label2\" content=\"Est. tempo de leitura\" \/>\n\t<meta name=\"twitter:data2\" content=\"3 minutos\" \/>\n<script type=\"application\/ld+json\" class=\"yoast-schema-graph\">{\"@context\":\"https:\\\/\\\/schema.org\",\"@graph\":[{\"@type\":\"Article\",\"@id\":\"https:\\\/\\\/dana.com.br\\\/canaldana\\\/2024\\\/09\\\/10\\\/marcopolo-promove-demonstracao-de-suas-solucoes-para-descarbonizacao-do-transporte\\\/#article\",\"isPartOf\":{\"@id\":\"https:\\\/\\\/dana.com.br\\\/canaldana\\\/2024\\\/09\\\/10\\\/marcopolo-promove-demonstracao-de-suas-solucoes-para-descarbonizacao-do-transporte\\\/\"},\"author\":{\"name\":\"Canal Dana\",\"@id\":\"https:\\\/\\\/dana.com.br\\\/canaldana\\\/#\\\/schema\\\/person\\\/3c21f22f56fcf3bc46b94bc60ea4fef6\"},\"headline\":\"Marcopolo promove demonstra\u00e7\u00e3o de suas solu\u00e7\u00f5es para descarboniza\u00e7\u00e3o do transporte\",\"datePublished\":\"2024-09-10T12:03:59+00:00\",\"mainEntityOfPage\":{\"@id\":\"https:\\\/\\\/dana.com.br\\\/canaldana\\\/2024\\\/09\\\/10\\\/marcopolo-promove-demonstracao-de-suas-solucoes-para-descarbonizacao-do-transporte\\\/\"},\"wordCount\":552,\"articleSection\":[\"SAE Brasil\"],\"inLanguage\":\"pt-BR\"},{\"@type\":\"WebPage\",\"@id\":\"https:\\\/\\\/dana.com.br\\\/canaldana\\\/2024\\\/09\\\/10\\\/marcopolo-promove-demonstracao-de-suas-solucoes-para-descarbonizacao-do-transporte\\\/\",\"url\":\"https:\\\/\\\/dana.com.br\\\/canaldana\\\/2024\\\/09\\\/10\\\/marcopolo-promove-demonstracao-de-suas-solucoes-para-descarbonizacao-do-transporte\\\/\",\"name\":\"Marcopolo promove demonstra\u00e7\u00e3o de suas solu\u00e7\u00f5es para descarboniza\u00e7\u00e3o do transporte - Canal Dana\",\"isPartOf\":{\"@id\":\"https:\\\/\\\/dana.com.br\\\/canaldana\\\/#website\"},\"datePublished\":\"2024-09-10T12:03:59+00:00\",\"author\":{\"@id\":\"https:\\\/\\\/dana.com.br\\\/canaldana\\\/#\\\/schema\\\/person\\\/3c21f22f56fcf3bc46b94bc60ea4fef6\"},\"breadcrumb\":{\"@id\":\"https:\\\/\\\/dana.com.br\\\/canaldana\\\/2024\\\/09\\\/10\\\/marcopolo-promove-demonstracao-de-suas-solucoes-para-descarbonizacao-do-transporte\\\/#breadcrumb\"},\"inLanguage\":\"pt-BR\",\"potentialAction\":[{\"@type\":\"ReadAction\",\"target\":[\"https:\\\/\\\/dana.com.br\\\/canaldana\\\/2024\\\/09\\\/10\\\/marcopolo-promove-demonstracao-de-suas-solucoes-para-descarbonizacao-do-transporte\\\/\"]}]},{\"@type\":\"BreadcrumbList\",\"@id\":\"https:\\\/\\\/dana.com.br\\\/canaldana\\\/2024\\\/09\\\/10\\\/marcopolo-promove-demonstracao-de-suas-solucoes-para-descarbonizacao-do-transporte\\\/#breadcrumb\",\"itemListElement\":[{\"@type\":\"ListItem\",\"position\":1,\"name\":\"Home\",\"item\":\"https:\\\/\\\/dana.com.br\\\/canaldana\\\/\"},{\"@type\":\"ListItem\",\"position\":2,\"name\":\"SAE Brasil\",\"item\":\"https:\\\/\\\/dana.com.br\\\/canaldana\\\/sae-brasil\\\/\"},{\"@type\":\"ListItem\",\"position\":3,\"name\":\"Marcopolo promove demonstra\u00e7\u00e3o de suas solu\u00e7\u00f5es para descarboniza\u00e7\u00e3o do transporte\"}]},{\"@type\":\"WebSite\",\"@id\":\"https:\\\/\\\/dana.com.br\\\/canaldana\\\/#website\",\"url\":\"https:\\\/\\\/dana.com.br\\\/canaldana\\\/\",\"name\":\"Canal Dana\",\"description\":\"Informativo com as principais not\u00edcias da ind\u00fastria automotiva\",\"potentialAction\":[{\"@type\":\"SearchAction\",\"target\":{\"@type\":\"EntryPoint\",\"urlTemplate\":\"https:\\\/\\\/dana.com.br\\\/canaldana\\\/?s={search_term_string}\"},\"query-input\":{\"@type\":\"PropertyValueSpecification\",\"valueRequired\":true,\"valueName\":\"search_term_string\"}}],\"inLanguage\":\"pt-BR\"},{\"@type\":\"Person\",\"@id\":\"https:\\\/\\\/dana.com.br\\\/canaldana\\\/#\\\/schema\\\/person\\\/3c21f22f56fcf3bc46b94bc60ea4fef6\",\"name\":\"Canal Dana\",\"image\":{\"@type\":\"ImageObject\",\"inLanguage\":\"pt-BR\",\"@id\":\"https:\\\/\\\/secure.gravatar.com\\\/avatar\\\/420aaf9278582877d9018637c6817617705899d2858d7572ef0fe59a6b6454b4?s=96&d=mm&r=g\",\"url\":\"https:\\\/\\\/secure.gravatar.com\\\/avatar\\\/420aaf9278582877d9018637c6817617705899d2858d7572ef0fe59a6b6454b4?s=96&d=mm&r=g\",\"contentUrl\":\"https:\\\/\\\/secure.gravatar.com\\\/avatar\\\/420aaf9278582877d9018637c6817617705899d2858d7572ef0fe59a6b6454b4?s=96&d=mm&r=g\",\"caption\":\"Canal Dana\"},\"url\":\"https:\\\/\\\/dana.com.br\\\/canaldana\\\/author\\\/cdeditor\\\/\"}]}<\/script>\n<!-- \/ Yoast SEO plugin. -->","yoast_head_json":{"title":"Marcopolo promove demonstra\u00e7\u00e3o de suas solu\u00e7\u00f5es para descarboniza\u00e7\u00e3o do transporte - Canal Dana","robots":{"index":"index","follow":"follow","max-snippet":"max-snippet:-1","max-image-preview":"max-image-preview:large","max-video-preview":"max-video-preview:-1"},"canonical":"https:\/\/dana.com.br\/canaldana\/2024\/09\/10\/marcopolo-promove-demonstracao-de-suas-solucoes-para-descarbonizacao-do-transporte\/","og_locale":"pt_BR","og_type":"article","og_title":"Marcopolo promove demonstra\u00e7\u00e3o de suas solu\u00e7\u00f5es para descarboniza\u00e7\u00e3o do transporte - Canal Dana","og_description":"Truck &amp; Bus Builder Am\u00e9rica do Sul &nbsp; Desenvolvido pela Marcopolo com foco na descarboniza\u00e7\u00e3o do transporte e movidos a combust\u00edveis renov\u00e1veis, o \u00f4nibus 100% el\u00e9trico Attivi Integral, ser\u00e1 apresentado, no dia 11 de setembro, no CTR (Centro Tecnol\u00f3gico Randon), em Caxias do Sul, a 80 participantes do 6\u00b0 Simp\u00f3sio SAE BRASIL de Mobilidade Urbana.\u2026 Leia mais \u00bb","og_url":"https:\/\/dana.com.br\/canaldana\/2024\/09\/10\/marcopolo-promove-demonstracao-de-suas-solucoes-para-descarbonizacao-do-transporte\/","og_site_name":"Canal Dana","article_published_time":"2024-09-10T12:03:59+00:00","author":"Canal Dana","twitter_card":"summary_large_image","twitter_misc":{"Escrito por":"Canal Dana","Est. tempo de leitura":"3 minutos"},"schema":{"@context":"https:\/\/schema.org","@graph":[{"@type":"Article","@id":"https:\/\/dana.com.br\/canaldana\/2024\/09\/10\/marcopolo-promove-demonstracao-de-suas-solucoes-para-descarbonizacao-do-transporte\/#article","isPartOf":{"@id":"https:\/\/dana.com.br\/canaldana\/2024\/09\/10\/marcopolo-promove-demonstracao-de-suas-solucoes-para-descarbonizacao-do-transporte\/"},"author":{"name":"Canal Dana","@id":"https:\/\/dana.com.br\/canaldana\/#\/schema\/person\/3c21f22f56fcf3bc46b94bc60ea4fef6"},"headline":"Marcopolo promove demonstra\u00e7\u00e3o de suas solu\u00e7\u00f5es para descarboniza\u00e7\u00e3o do transporte","datePublished":"2024-09-10T12:03:59+00:00","mainEntityOfPage":{"@id":"https:\/\/dana.com.br\/canaldana\/2024\/09\/10\/marcopolo-promove-demonstracao-de-suas-solucoes-para-descarbonizacao-do-transporte\/"},"wordCount":552,"articleSection":["SAE Brasil"],"inLanguage":"pt-BR"},{"@type":"WebPage","@id":"https:\/\/dana.com.br\/canaldana\/2024\/09\/10\/marcopolo-promove-demonstracao-de-suas-solucoes-para-descarbonizacao-do-transporte\/","url":"https:\/\/dana.com.br\/canaldana\/2024\/09\/10\/marcopolo-promove-demonstracao-de-suas-solucoes-para-descarbonizacao-do-transporte\/","name":"Marcopolo promove demonstra\u00e7\u00e3o de suas solu\u00e7\u00f5es para descarboniza\u00e7\u00e3o do transporte - Canal Dana","isPartOf":{"@id":"https:\/\/dana.com.br\/canaldana\/#website"},"datePublished":"2024-09-10T12:03:59+00:00","author":{"@id":"https:\/\/dana.com.br\/canaldana\/#\/schema\/person\/3c21f22f56fcf3bc46b94bc60ea4fef6"},"breadcrumb":{"@id":"https:\/\/dana.com.br\/canaldana\/2024\/09\/10\/marcopolo-promove-demonstracao-de-suas-solucoes-para-descarbonizacao-do-transporte\/#breadcrumb"},"inLanguage":"pt-BR","potentialAction":[{"@type":"ReadAction","target":["https:\/\/dana.com.br\/canaldana\/2024\/09\/10\/marcopolo-promove-demonstracao-de-suas-solucoes-para-descarbonizacao-do-transporte\/"]}]},{"@type":"BreadcrumbList","@id":"https:\/\/dana.com.br\/canaldana\/2024\/09\/10\/marcopolo-promove-demonstracao-de-suas-solucoes-para-descarbonizacao-do-transporte\/#breadcrumb","itemListElement":[{"@type":"ListItem","position":1,"name":"Home","item":"https:\/\/dana.com.br\/canaldana\/"},{"@type":"ListItem","position":2,"name":"SAE Brasil","item":"https:\/\/dana.com.br\/canaldana\/sae-brasil\/"},{"@type":"ListItem","position":3,"name":"Marcopolo promove demonstra\u00e7\u00e3o de suas solu\u00e7\u00f5es para descarboniza\u00e7\u00e3o do transporte"}]},{"@type":"WebSite","@id":"https:\/\/dana.com.br\/canaldana\/#website","url":"https:\/\/dana.com.br\/canaldana\/","name":"Canal Dana","description":"Informativo com as principais not\u00edcias da ind\u00fastria automotiva","potentialAction":[{"@type":"SearchAction","target":{"@type":"EntryPoint","urlTemplate":"https:\/\/dana.com.br\/canaldana\/?s={search_term_string}"},"query-input":{"@type":"PropertyValueSpecification","valueRequired":true,"valueName":"search_term_string"}}],"inLanguage":"pt-BR"},{"@type":"Person","@id":"https:\/\/dana.com.br\/canaldana\/#\/schema\/person\/3c21f22f56fcf3bc46b94bc60ea4fef6","name":"Canal Dana","image":{"@type":"ImageObject","inLanguage":"pt-BR","@id":"https:\/\/secure.gravatar.com\/avatar\/420aaf9278582877d9018637c6817617705899d2858d7572ef0fe59a6b6454b4?s=96&d=mm&r=g","url":"https:\/\/secure.gravatar.com\/avatar\/420aaf9278582877d9018637c6817617705899d2858d7572ef0fe59a6b6454b4?s=96&d=mm&r=g","contentUrl":"https:\/\/secure.gravatar.com\/avatar\/420aaf9278582877d9018637c6817617705899d2858d7572ef0fe59a6b6454b4?s=96&d=mm&r=g","caption":"Canal Dana"},"url":"https:\/\/dana.com.br\/canaldana\/author\/cdeditor\/"}]}},"_links":{"self":[{"href":"https:\/\/dana.com.br\/canaldana\/wp-json\/wp\/v2\/posts\/76281","targetHints":{"allow":["GET"]}}],"collection":[{"href":"https:\/\/dana.com.br\/canaldana\/wp-json\/wp\/v2\/posts"}],"about":[{"href":"https:\/\/dana.com.br\/canaldana\/wp-json\/wp\/v2\/types\/post"}],"author":[{"embeddable":true,"href":"https:\/\/dana.com.br\/canaldana\/wp-json\/wp\/v2\/users\/3"}],"replies":[{"embeddable":true,"href":"https:\/\/dana.com.br\/canaldana\/wp-json\/wp\/v2\/comments?post=76281"}],"version-history":[{"count":1,"href":"https:\/\/dana.com.br\/canaldana\/wp-json\/wp\/v2\/posts\/76281\/revisions"}],"predecessor-version":[{"id":76282,"href":"https:\/\/dana.com.br\/canaldana\/wp-json\/wp\/v2\/posts\/76281\/revisions\/76282"}],"wp:attachment":[{"href":"https:\/\/dana.com.br\/canaldana\/wp-json\/wp\/v2\/media?parent=76281"}],"wp:term":[{"taxonomy":"category","embeddable":true,"href":"https:\/\/dana.com.br\/canaldana\/wp-json\/wp\/v2\/categories?post=76281"},{"taxonomy":"post_tag","embeddable":true,"href":"https:\/\/dana.com.br\/canaldana\/wp-json\/wp\/v2\/tags?post=76281"}],"curies":[{"name":"wp","href":"https:\/\/api.w.org\/{rel}","templated":true}]}}