{"id":75960,"date":"2024-08-27T08:25:09","date_gmt":"2024-08-27T11:25:09","guid":{"rendered":"https:\/\/dana.com.br\/canaldana\/?p=75960"},"modified":"2024-08-27T08:25:09","modified_gmt":"2024-08-27T11:25:09","slug":"rampage-rebel-ignition-e-2500-rodeo-sao-destaques-da-ram-na-expointer-2024","status":"publish","type":"post","link":"https:\/\/dana.com.br\/canaldana\/2024\/08\/27\/rampage-rebel-ignition-e-2500-rodeo-sao-destaques-da-ram-na-expointer-2024\/","title":{"rendered":"Rampage Rebel Ignition e 2500 Rodeo s\u00e3o destaques da Ram na Expointer 2024"},"content":{"rendered":"<p><em>Motor Mais<\/em><\/p>\n<p>&nbsp;<\/p>\n<p>As picapes mais desejadas no mundo do agroneg\u00f3cio est\u00e3o confirmadas na 47\u00aa edi\u00e7\u00e3o da Expointer, maior feira de exposi\u00e7\u00e3o de animais da Am\u00e9rica Latina. O evento, que come\u00e7ou no dia 24, seguir\u00e1 at\u00e9 o dia 1 de setembro no Parque de Exposi\u00e7\u00f5es Assis Brasil, em Esteio (RS), onde os visitantes poder\u00e3o ver de perto todo o poder inigual\u00e1vel das picapes Ram al\u00e9m de conferir os \u00faltimos lan\u00e7amentos da marca.<\/p>\n<p>&nbsp;<\/p>\n<p>Vivendo seu melhor ano no mercado brasileiro, a marca do carneiro montanh\u00eas ir\u00e1 exibir toda a sua linha de modelos em seu estande no evento. O grande destaque fica por conta da Rampage, que completou seu primeiro anivers\u00e1rio recentemente e estar\u00e1 presente nas vers\u00f5es Laramie, R\/T, Rebel e a mais nova edi\u00e7\u00e3o limitada Rebel Ignition, que chegou para celebrar o marco de 1 ano de sucesso da primeira picape Ram desenvolvida e produzida no Brasil.<\/p>\n<p>&nbsp;<\/p>\n<p>Outro importante destaque da marca ser\u00e1 a tamb\u00e9m exclusiva Ram 2500 Rodeo Edition, s\u00e9rie especial que homenageia os 77 anos do primeiro rodeio realizado no pa\u00eds. Carregada de muita tecnologia e luxo, a picape possui como grande diferencial um assento extra entre motorista e passageiro, aumentando a capacidade do modelo para transportar at\u00e9 seis ocupantes no total.<\/p>\n<p>&nbsp;<\/p>\n<p>Al\u00e9m das novidades, quem passar pelo evento poder\u00e1 ver tamb\u00e9m a Rampage Rebel com a Yamaha Tracer 900 GT na ca\u00e7amba, gra\u00e7as \u00e0 parceria firmada entre as marcas, em que s\u00e3o fornecidas picapes Rampage para apoiar as opera\u00e7\u00f5es da Yamaha Racing Brasil nos principais campeonatos de motociclismo na terra e no asfalto em todo o pa\u00eds, evidenciando a paix\u00e3o pela esportividade e competi\u00e7\u00e3o que ambas carregam em comum. Os visitantes tamb\u00e9m ter\u00e3o a oportunidade de conhecer e adquirir os produtos da grife do carneiro na Ram Store, loja de lifestyle da marca. Al\u00e9m de literalmente vestir a camisa da Ram, tamb\u00e9m \u00e9 poss\u00edvel conferir itens em couro como chap\u00e9us, botas, mala de viagem, necessaire e muito mais.<\/p>\n<p>&nbsp;<\/p>\n<p>E n\u00e3o para por a\u00ed, a topo de gama 3500 Longhorn equipada com seu potente motor turbo diesel Cummins\u00ae de 377 cv de pot\u00eancia e 1.150 Nm de torque tamb\u00e9m \u00e9 presen\u00e7a confirmada. Sem deixar de mencionar a 1500, que n\u00e3o poderia ficar de fora com toda a sua for\u00e7a, tecnologia, capacidade e luxo.<\/p>\n<p>&nbsp;<\/p>\n<p>Comprovando sua ader\u00eancia com o universo do agroneg\u00f3cio, a Ram tamb\u00e9m estar\u00e1 presente durante final do \u201cFreio de Ouro\u201d, torneio de habilidades de montaria exclusivo do Cavalo Crioulo que ocorre h\u00e1 mais de 40 anos, com etapas nacionais e internacionais. A etapa final ocorre na Arena do Cavalo Crioulo, dentro das instala\u00e7\u00f5es do Parque de Exposi\u00e7\u00f5es Assis Brasil, onde ocorrer\u00e1 a Expointer. Os vencedores levar\u00e3o pr\u00eamios da \u00fanica marca especializada em picapes premium no mercado nacional.<\/p>\n<p>&nbsp;<\/p>\n<p><strong>Expointer <\/strong><\/p>\n<p>&nbsp;<\/p>\n<p>24 de agosto a 01 de setembro<\/p>\n<p><strong>Hor\u00e1rio:<\/strong> 8h \u00e0s 20:30h<\/p>\n<p>Parque de Exposi\u00e7\u00f5es Assis Brasil \u2013 BR 116 KM 13 \u2013 Esteio-RS<\/p>\n<p>(Motor Mais)<\/p>\n","protected":false},"excerpt":{"rendered":"<p>Motor Mais &nbsp; As picapes mais desejadas no mundo do agroneg\u00f3cio est\u00e3o confirmadas na 47\u00aa edi\u00e7\u00e3o da Expointer, maior feira de exposi\u00e7\u00e3o de animais da Am\u00e9rica Latina. O evento, que come\u00e7ou no dia 24, seguir\u00e1 at\u00e9 o dia 1 de setembro no Parque de Exposi\u00e7\u00f5es Assis Brasil, em Esteio (RS), onde os visitantes poder\u00e3o ver\u2026 <a class=\"readmore\" href=\"https:\/\/dana.com.br\/canaldana\/2024\/08\/27\/rampage-rebel-ignition-e-2500-rodeo-sao-destaques-da-ram-na-expointer-2024\/\">Leia mais \u00bb<\/a><\/p>\n","protected":false},"author":3,"featured_media":0,"comment_status":"closed","ping_status":"closed","sticky":false,"template":"","format":"standard","meta":{"_acf_changed":false,"footnotes":""},"categories":[114],"tags":[],"class_list":["post-75960","post","type-post","status-publish","format-standard","hentry","category-expointer"],"acf":[],"yoast_head":"<!-- This site is optimized with the Yoast SEO plugin v27.3 - https:\/\/yoast.com\/product\/yoast-seo-wordpress\/ -->\n<title>Rampage Rebel Ignition e 2500 Rodeo s\u00e3o destaques da Ram na Expointer 2024 - Canal Dana<\/title>\n<meta name=\"robots\" content=\"index, follow, max-snippet:-1, max-image-preview:large, max-video-preview:-1\" \/>\n<link rel=\"canonical\" href=\"https:\/\/dana.com.br\/canaldana\/2024\/08\/27\/rampage-rebel-ignition-e-2500-rodeo-sao-destaques-da-ram-na-expointer-2024\/\" \/>\n<meta property=\"og:locale\" content=\"pt_BR\" \/>\n<meta property=\"og:type\" content=\"article\" \/>\n<meta property=\"og:title\" content=\"Rampage Rebel Ignition e 2500 Rodeo s\u00e3o destaques da Ram na Expointer 2024 - Canal Dana\" \/>\n<meta property=\"og:description\" content=\"Motor Mais &nbsp; As picapes mais desejadas no mundo do agroneg\u00f3cio est\u00e3o confirmadas na 47\u00aa edi\u00e7\u00e3o da Expointer, maior feira de exposi\u00e7\u00e3o de animais da Am\u00e9rica Latina. O evento, que come\u00e7ou no dia 24, seguir\u00e1 at\u00e9 o dia 1 de setembro no Parque de Exposi\u00e7\u00f5es Assis Brasil, em Esteio (RS), onde os visitantes poder\u00e3o ver\u2026 Leia mais \u00bb\" \/>\n<meta property=\"og:url\" content=\"https:\/\/dana.com.br\/canaldana\/2024\/08\/27\/rampage-rebel-ignition-e-2500-rodeo-sao-destaques-da-ram-na-expointer-2024\/\" \/>\n<meta property=\"og:site_name\" content=\"Canal Dana\" \/>\n<meta property=\"article:published_time\" content=\"2024-08-27T11:25:09+00:00\" \/>\n<meta name=\"author\" content=\"Canal Dana\" \/>\n<meta name=\"twitter:card\" content=\"summary_large_image\" \/>\n<meta name=\"twitter:label1\" content=\"Escrito por\" \/>\n\t<meta name=\"twitter:data1\" content=\"Canal Dana\" \/>\n\t<meta name=\"twitter:label2\" content=\"Est. tempo de leitura\" \/>\n\t<meta name=\"twitter:data2\" content=\"3 minutos\" \/>\n<script type=\"application\/ld+json\" class=\"yoast-schema-graph\">{\"@context\":\"https:\\\/\\\/schema.org\",\"@graph\":[{\"@type\":\"Article\",\"@id\":\"https:\\\/\\\/dana.com.br\\\/canaldana\\\/2024\\\/08\\\/27\\\/rampage-rebel-ignition-e-2500-rodeo-sao-destaques-da-ram-na-expointer-2024\\\/#article\",\"isPartOf\":{\"@id\":\"https:\\\/\\\/dana.com.br\\\/canaldana\\\/2024\\\/08\\\/27\\\/rampage-rebel-ignition-e-2500-rodeo-sao-destaques-da-ram-na-expointer-2024\\\/\"},\"author\":{\"name\":\"Canal Dana\",\"@id\":\"https:\\\/\\\/dana.com.br\\\/canaldana\\\/#\\\/schema\\\/person\\\/3c21f22f56fcf3bc46b94bc60ea4fef6\"},\"headline\":\"Rampage Rebel Ignition e 2500 Rodeo s\u00e3o destaques da Ram na Expointer 2024\",\"datePublished\":\"2024-08-27T11:25:09+00:00\",\"mainEntityOfPage\":{\"@id\":\"https:\\\/\\\/dana.com.br\\\/canaldana\\\/2024\\\/08\\\/27\\\/rampage-rebel-ignition-e-2500-rodeo-sao-destaques-da-ram-na-expointer-2024\\\/\"},\"wordCount\":524,\"articleSection\":[\"Expointer\"],\"inLanguage\":\"pt-BR\"},{\"@type\":\"WebPage\",\"@id\":\"https:\\\/\\\/dana.com.br\\\/canaldana\\\/2024\\\/08\\\/27\\\/rampage-rebel-ignition-e-2500-rodeo-sao-destaques-da-ram-na-expointer-2024\\\/\",\"url\":\"https:\\\/\\\/dana.com.br\\\/canaldana\\\/2024\\\/08\\\/27\\\/rampage-rebel-ignition-e-2500-rodeo-sao-destaques-da-ram-na-expointer-2024\\\/\",\"name\":\"Rampage Rebel Ignition e 2500 Rodeo s\u00e3o destaques da Ram na Expointer 2024 - Canal Dana\",\"isPartOf\":{\"@id\":\"https:\\\/\\\/dana.com.br\\\/canaldana\\\/#website\"},\"datePublished\":\"2024-08-27T11:25:09+00:00\",\"author\":{\"@id\":\"https:\\\/\\\/dana.com.br\\\/canaldana\\\/#\\\/schema\\\/person\\\/3c21f22f56fcf3bc46b94bc60ea4fef6\"},\"breadcrumb\":{\"@id\":\"https:\\\/\\\/dana.com.br\\\/canaldana\\\/2024\\\/08\\\/27\\\/rampage-rebel-ignition-e-2500-rodeo-sao-destaques-da-ram-na-expointer-2024\\\/#breadcrumb\"},\"inLanguage\":\"pt-BR\",\"potentialAction\":[{\"@type\":\"ReadAction\",\"target\":[\"https:\\\/\\\/dana.com.br\\\/canaldana\\\/2024\\\/08\\\/27\\\/rampage-rebel-ignition-e-2500-rodeo-sao-destaques-da-ram-na-expointer-2024\\\/\"]}]},{\"@type\":\"BreadcrumbList\",\"@id\":\"https:\\\/\\\/dana.com.br\\\/canaldana\\\/2024\\\/08\\\/27\\\/rampage-rebel-ignition-e-2500-rodeo-sao-destaques-da-ram-na-expointer-2024\\\/#breadcrumb\",\"itemListElement\":[{\"@type\":\"ListItem\",\"position\":1,\"name\":\"Home\",\"item\":\"https:\\\/\\\/dana.com.br\\\/canaldana\\\/\"},{\"@type\":\"ListItem\",\"position\":2,\"name\":\"Expointer\",\"item\":\"https:\\\/\\\/dana.com.br\\\/canaldana\\\/expointer\\\/\"},{\"@type\":\"ListItem\",\"position\":3,\"name\":\"Rampage Rebel Ignition e 2500 Rodeo s\u00e3o destaques da Ram na Expointer 2024\"}]},{\"@type\":\"WebSite\",\"@id\":\"https:\\\/\\\/dana.com.br\\\/canaldana\\\/#website\",\"url\":\"https:\\\/\\\/dana.com.br\\\/canaldana\\\/\",\"name\":\"Canal Dana\",\"description\":\"Informativo com as principais not\u00edcias da ind\u00fastria automotiva\",\"potentialAction\":[{\"@type\":\"SearchAction\",\"target\":{\"@type\":\"EntryPoint\",\"urlTemplate\":\"https:\\\/\\\/dana.com.br\\\/canaldana\\\/?s={search_term_string}\"},\"query-input\":{\"@type\":\"PropertyValueSpecification\",\"valueRequired\":true,\"valueName\":\"search_term_string\"}}],\"inLanguage\":\"pt-BR\"},{\"@type\":\"Person\",\"@id\":\"https:\\\/\\\/dana.com.br\\\/canaldana\\\/#\\\/schema\\\/person\\\/3c21f22f56fcf3bc46b94bc60ea4fef6\",\"name\":\"Canal Dana\",\"image\":{\"@type\":\"ImageObject\",\"inLanguage\":\"pt-BR\",\"@id\":\"https:\\\/\\\/secure.gravatar.com\\\/avatar\\\/420aaf9278582877d9018637c6817617705899d2858d7572ef0fe59a6b6454b4?s=96&d=mm&r=g\",\"url\":\"https:\\\/\\\/secure.gravatar.com\\\/avatar\\\/420aaf9278582877d9018637c6817617705899d2858d7572ef0fe59a6b6454b4?s=96&d=mm&r=g\",\"contentUrl\":\"https:\\\/\\\/secure.gravatar.com\\\/avatar\\\/420aaf9278582877d9018637c6817617705899d2858d7572ef0fe59a6b6454b4?s=96&d=mm&r=g\",\"caption\":\"Canal Dana\"},\"url\":\"https:\\\/\\\/dana.com.br\\\/canaldana\\\/author\\\/cdeditor\\\/\"}]}<\/script>\n<!-- \/ Yoast SEO plugin. -->","yoast_head_json":{"title":"Rampage Rebel Ignition e 2500 Rodeo s\u00e3o destaques da Ram na Expointer 2024 - Canal Dana","robots":{"index":"index","follow":"follow","max-snippet":"max-snippet:-1","max-image-preview":"max-image-preview:large","max-video-preview":"max-video-preview:-1"},"canonical":"https:\/\/dana.com.br\/canaldana\/2024\/08\/27\/rampage-rebel-ignition-e-2500-rodeo-sao-destaques-da-ram-na-expointer-2024\/","og_locale":"pt_BR","og_type":"article","og_title":"Rampage Rebel Ignition e 2500 Rodeo s\u00e3o destaques da Ram na Expointer 2024 - Canal Dana","og_description":"Motor Mais &nbsp; As picapes mais desejadas no mundo do agroneg\u00f3cio est\u00e3o confirmadas na 47\u00aa edi\u00e7\u00e3o da Expointer, maior feira de exposi\u00e7\u00e3o de animais da Am\u00e9rica Latina. O evento, que come\u00e7ou no dia 24, seguir\u00e1 at\u00e9 o dia 1 de setembro no Parque de Exposi\u00e7\u00f5es Assis Brasil, em Esteio (RS), onde os visitantes poder\u00e3o ver\u2026 Leia mais \u00bb","og_url":"https:\/\/dana.com.br\/canaldana\/2024\/08\/27\/rampage-rebel-ignition-e-2500-rodeo-sao-destaques-da-ram-na-expointer-2024\/","og_site_name":"Canal Dana","article_published_time":"2024-08-27T11:25:09+00:00","author":"Canal Dana","twitter_card":"summary_large_image","twitter_misc":{"Escrito por":"Canal Dana","Est. tempo de leitura":"3 minutos"},"schema":{"@context":"https:\/\/schema.org","@graph":[{"@type":"Article","@id":"https:\/\/dana.com.br\/canaldana\/2024\/08\/27\/rampage-rebel-ignition-e-2500-rodeo-sao-destaques-da-ram-na-expointer-2024\/#article","isPartOf":{"@id":"https:\/\/dana.com.br\/canaldana\/2024\/08\/27\/rampage-rebel-ignition-e-2500-rodeo-sao-destaques-da-ram-na-expointer-2024\/"},"author":{"name":"Canal Dana","@id":"https:\/\/dana.com.br\/canaldana\/#\/schema\/person\/3c21f22f56fcf3bc46b94bc60ea4fef6"},"headline":"Rampage Rebel Ignition e 2500 Rodeo s\u00e3o destaques da Ram na Expointer 2024","datePublished":"2024-08-27T11:25:09+00:00","mainEntityOfPage":{"@id":"https:\/\/dana.com.br\/canaldana\/2024\/08\/27\/rampage-rebel-ignition-e-2500-rodeo-sao-destaques-da-ram-na-expointer-2024\/"},"wordCount":524,"articleSection":["Expointer"],"inLanguage":"pt-BR"},{"@type":"WebPage","@id":"https:\/\/dana.com.br\/canaldana\/2024\/08\/27\/rampage-rebel-ignition-e-2500-rodeo-sao-destaques-da-ram-na-expointer-2024\/","url":"https:\/\/dana.com.br\/canaldana\/2024\/08\/27\/rampage-rebel-ignition-e-2500-rodeo-sao-destaques-da-ram-na-expointer-2024\/","name":"Rampage Rebel Ignition e 2500 Rodeo s\u00e3o destaques da Ram na Expointer 2024 - Canal Dana","isPartOf":{"@id":"https:\/\/dana.com.br\/canaldana\/#website"},"datePublished":"2024-08-27T11:25:09+00:00","author":{"@id":"https:\/\/dana.com.br\/canaldana\/#\/schema\/person\/3c21f22f56fcf3bc46b94bc60ea4fef6"},"breadcrumb":{"@id":"https:\/\/dana.com.br\/canaldana\/2024\/08\/27\/rampage-rebel-ignition-e-2500-rodeo-sao-destaques-da-ram-na-expointer-2024\/#breadcrumb"},"inLanguage":"pt-BR","potentialAction":[{"@type":"ReadAction","target":["https:\/\/dana.com.br\/canaldana\/2024\/08\/27\/rampage-rebel-ignition-e-2500-rodeo-sao-destaques-da-ram-na-expointer-2024\/"]}]},{"@type":"BreadcrumbList","@id":"https:\/\/dana.com.br\/canaldana\/2024\/08\/27\/rampage-rebel-ignition-e-2500-rodeo-sao-destaques-da-ram-na-expointer-2024\/#breadcrumb","itemListElement":[{"@type":"ListItem","position":1,"name":"Home","item":"https:\/\/dana.com.br\/canaldana\/"},{"@type":"ListItem","position":2,"name":"Expointer","item":"https:\/\/dana.com.br\/canaldana\/expointer\/"},{"@type":"ListItem","position":3,"name":"Rampage Rebel Ignition e 2500 Rodeo s\u00e3o destaques da Ram na Expointer 2024"}]},{"@type":"WebSite","@id":"https:\/\/dana.com.br\/canaldana\/#website","url":"https:\/\/dana.com.br\/canaldana\/","name":"Canal Dana","description":"Informativo com as principais not\u00edcias da ind\u00fastria automotiva","potentialAction":[{"@type":"SearchAction","target":{"@type":"EntryPoint","urlTemplate":"https:\/\/dana.com.br\/canaldana\/?s={search_term_string}"},"query-input":{"@type":"PropertyValueSpecification","valueRequired":true,"valueName":"search_term_string"}}],"inLanguage":"pt-BR"},{"@type":"Person","@id":"https:\/\/dana.com.br\/canaldana\/#\/schema\/person\/3c21f22f56fcf3bc46b94bc60ea4fef6","name":"Canal Dana","image":{"@type":"ImageObject","inLanguage":"pt-BR","@id":"https:\/\/secure.gravatar.com\/avatar\/420aaf9278582877d9018637c6817617705899d2858d7572ef0fe59a6b6454b4?s=96&d=mm&r=g","url":"https:\/\/secure.gravatar.com\/avatar\/420aaf9278582877d9018637c6817617705899d2858d7572ef0fe59a6b6454b4?s=96&d=mm&r=g","contentUrl":"https:\/\/secure.gravatar.com\/avatar\/420aaf9278582877d9018637c6817617705899d2858d7572ef0fe59a6b6454b4?s=96&d=mm&r=g","caption":"Canal Dana"},"url":"https:\/\/dana.com.br\/canaldana\/author\/cdeditor\/"}]}},"_links":{"self":[{"href":"https:\/\/dana.com.br\/canaldana\/wp-json\/wp\/v2\/posts\/75960","targetHints":{"allow":["GET"]}}],"collection":[{"href":"https:\/\/dana.com.br\/canaldana\/wp-json\/wp\/v2\/posts"}],"about":[{"href":"https:\/\/dana.com.br\/canaldana\/wp-json\/wp\/v2\/types\/post"}],"author":[{"embeddable":true,"href":"https:\/\/dana.com.br\/canaldana\/wp-json\/wp\/v2\/users\/3"}],"replies":[{"embeddable":true,"href":"https:\/\/dana.com.br\/canaldana\/wp-json\/wp\/v2\/comments?post=75960"}],"version-history":[{"count":1,"href":"https:\/\/dana.com.br\/canaldana\/wp-json\/wp\/v2\/posts\/75960\/revisions"}],"predecessor-version":[{"id":75961,"href":"https:\/\/dana.com.br\/canaldana\/wp-json\/wp\/v2\/posts\/75960\/revisions\/75961"}],"wp:attachment":[{"href":"https:\/\/dana.com.br\/canaldana\/wp-json\/wp\/v2\/media?parent=75960"}],"wp:term":[{"taxonomy":"category","embeddable":true,"href":"https:\/\/dana.com.br\/canaldana\/wp-json\/wp\/v2\/categories?post=75960"},{"taxonomy":"post_tag","embeddable":true,"href":"https:\/\/dana.com.br\/canaldana\/wp-json\/wp\/v2\/tags?post=75960"}],"curies":[{"name":"wp","href":"https:\/\/api.w.org\/{rel}","templated":true}]}}