{"id":75930,"date":"2024-08-26T08:08:41","date_gmt":"2024-08-26T11:08:41","guid":{"rendered":"https:\/\/dana.com.br\/canaldana\/?p=75930"},"modified":"2024-08-26T08:08:41","modified_gmt":"2024-08-26T11:08:41","slug":"john-deere-vai-expor-mais-de-20-maquinas-e-implementos-agricolas-na-expointer-2024","status":"publish","type":"post","link":"https:\/\/dana.com.br\/canaldana\/2024\/08\/26\/john-deere-vai-expor-mais-de-20-maquinas-e-implementos-agricolas-na-expointer-2024\/","title":{"rendered":"John Deere vai expor mais de 20 m\u00e1quinas e implementos agr\u00edcolas na Expointer 2024"},"content":{"rendered":"<p><em>Coisas de Agora<\/em><\/p>\n<p>&nbsp;<\/p>\n<p>A John Deere, empresa global de tecnologia que fornece software e equipamentos para os setores agr\u00edcola, de constru\u00e7\u00e3o e florestal, marca presen\u00e7a na 47\u00aa Expointer, que ocorre entre os dias 24 de agosto e 1\u00ba de setembro, em Esteio, no Rio Grande do Sul. No evento, mais de 20 m\u00e1quinas e implementos que atendem do pequeno ao grande produtor ser\u00e3o apresentados, entre eles os tratores estreitos 5080EN e 3036EN para culturas especiais; e o trator 8R 410 EVT, com transmiss\u00e3o vari\u00e1vel el\u00e9trica.<\/p>\n<p>&nbsp;<\/p>\n<p>A participa\u00e7\u00e3o da John Deere nesta edi\u00e7\u00e3o da Expointer \u00e9 especialmente significativa, considerando o recente impacto das chuvas no Rio Grande do Sul. \u201cAp\u00f3s as enchentes, a prioridade da companhia foi apoiar a recupera\u00e7\u00e3o do estado. Participar da Expointer \u00e9 uma forma de reafirmar nosso compromisso com a regi\u00e3o e demonstrar como nossas solu\u00e7\u00f5es podem contribuir para o desenvolvimento sustent\u00e1vel e eficiente do setor agr\u00edcola\u201d, afirma Hor\u00e1cio Meza, diretor de Vendas da John Deere Brasil.<\/p>\n<p>&nbsp;<\/p>\n<p>Outro destaque da companhia no evento \u00e9 o John Deere Precision Upgrades, pacote de atualiza\u00e7\u00f5es que permite a aplica\u00e7\u00e3o de tecnologias avan\u00e7adas em equipamentos de gera\u00e7\u00f5es anteriores, inclusive de outros fabricantes. Al\u00e9m disso, neste ano o estande da empresa ser\u00e1 dividido por esta\u00e7\u00f5es de ciclos produtivos, exibindo m\u00e1quinas utilizadas desde o plantio e colheita at\u00e9 a pulveriza\u00e7\u00e3o e prepara\u00e7\u00e3o do solo. Cada esta\u00e7\u00e3o contar\u00e1 com um totem explicativo sobre agricultura de precis\u00e3o e pacotes de upgrades.<\/p>\n<p>&nbsp;<\/p>\n<p><strong>Equipamentos<\/strong><\/p>\n<p>&nbsp;<\/p>\n<p>Com um novo design de cabine, um dos destaques \u00e9 o trator estreito 5080EN que oferece uma experi\u00eancia aprimorada ao operador, resultando em at\u00e9 15% mais visibilidade e uma redu\u00e7\u00e3o de at\u00e9 25% nas vibra\u00e7\u00f5es, especialmente quando equipado com a op\u00e7\u00e3o de assento pneum\u00e1tico. Esse aprimoramento n\u00e3o apenas aumenta a seguran\u00e7a no trabalho, mas melhora a produtividade e reduz a fadiga do operador. \u201cEsse modelo \u00e9 utilizado principalmente em culturas especiais. Um dos benef\u00edcios \u00e9 que ele tem cabine e j\u00e1 sai de f\u00e1brica conectado, oferecendo ao operador acompanhamento completo da m\u00e1quina em tempo real por meio do John Deere Operations Center\u2122&#8221;, conta Gustavo Barden, gerente divisional de Vendas da John Deere Brasil.<\/p>\n<p>&nbsp;<\/p>\n<p>O modelo 3036EN, tamb\u00e9m destaque no evento, \u00e9 focado na agricultura familiar e em pequenas propriedades, ideal para o cultivo de \u00e1rvores frut\u00edferas e granjas. Com um motor compacto de 36HP e torque m\u00e1ximo de 109Nm, o 3036EN apresenta dimens\u00f5es compactas.<\/p>\n<p>&nbsp;<\/p>\n<p>No estande, ainda estar\u00e3o dispon\u00edveis os tratores 7M 230, 6190M e 6150J, ideais para o cultivo de gr\u00e3os como arroz, soja e milho. A S\u00e9rie 5E ser\u00e1 apresentada como uma solu\u00e7\u00e3o para pequenas propriedades, atendendo desde a pecu\u00e1ria leiteira at\u00e9 o cultivo de caf\u00e9, fumo, frutas, hortali\u00e7as e gr\u00e3os. O modelo 6100J, com o pulverizador PV1008, \u00e9 voltado para pecu\u00e1ria de corte e pequenos e m\u00e9dios produtores de gr\u00e3os. As colheitadeiras S760 e S440 tamb\u00e9m far\u00e3o parte da exposi\u00e7\u00e3o, com a S760 equipada para milho e a S440 voltada para arrozais. Para aplica\u00e7\u00f5es de defensivos e fertilizantes, os pulverizadores PLA 125J e M4030 com tecnologia Exactapply estar\u00e3o expostos. A plantadeira 1109, com caixa longitudinal de sementes, e a carregadeira frontal 673SL, que se destaca pela capacidade de levante, completam o portf\u00f3lio.<\/p>\n<p>&nbsp;<\/p>\n<p>Entre os tratores maiores est\u00e1 o 8R 410 EVT, projetado para operar em condi\u00e7\u00f5es severas. Nesse modelo, j\u00e1 dispon\u00edvel para venda, os motores hidrost\u00e1ticos foram substitu\u00eddos por geradores el\u00e9tricos (EVT, do ingl\u00eas &#8220;Electrical Variable Transmission&#8221;, que significa &#8220;Transmiss\u00e3o Vari\u00e1vel El\u00e9trica&#8221;), oferecendo mais confiabilidade, durabilidade e efici\u00eancia. As mudan\u00e7as resultam em melhor acelera\u00e7\u00e3o e maior precis\u00e3o no controle da velocidade do trator. Al\u00e9m disso, a m\u00e1quina se destaca por sua cabine moderna e espa\u00e7osa, novo design externo e pacote de ilumina\u00e7\u00e3o premium com LEDs. &#8220;A troca de marchas suave proporciona um controle superior ao operador, facilitando a manuten\u00e7\u00e3o da acelera\u00e7\u00e3o. Outro grande diferencial \u00e9 que, por ser um sistema el\u00e9trico, a gera\u00e7\u00e3o de energia pode ser compartilhada com outros equipamentos&#8221;, explica Barden.<\/p>\n<p>&nbsp;<\/p>\n<p>Na linha amarela, o p\u00fablico vai poder conferir a retroescavadeira 310 P, equipada com motor eletr\u00f4nico que oferece mais efici\u00eancia de combust\u00edvel e economia de at\u00e9 20% no consumo. A escavadeira 210 P, com tecnologias que aumentam a efici\u00eancia e durabilidade, tamb\u00e9m ser\u00e1 exibida ao p\u00fablico. Esta m\u00e1quina conta com tr\u00eas modos de opera\u00e7\u00e3o &#8211; ECO, Power e High Power &#8211; e um sistema integrado de nivelamento 2D, auxiliando os operadores na execu\u00e7\u00e3o de trabalhos de escava\u00e7\u00e3o. A p\u00e1-carregadeira 524 P e o rolo compactador completam a linha de produtos.<\/p>\n<p>&nbsp;<\/p>\n<p><strong>Conectividade e p\u00f3s-vendas<\/strong><\/p>\n<p>&nbsp;<\/p>\n<p>Os visitantes ainda ter\u00e3o a oportunidade de conhecer o Centro de Solu\u00e7\u00f5es Conectadas (CSC), um servi\u00e7o de suporte remoto que utiliza dados colhidos pelas m\u00e1quinas para identificar oportunidades de redu\u00e7\u00e3o de custos e otimiza\u00e7\u00e3o de equipamentos. O Brasil possui 43 CSCs, a maior concentra\u00e7\u00e3o do mundo, auxiliando a gest\u00e3o dos produtores e garantindo que 85% dos chamados sejam resolvidos a dist\u00e2ncia, reduzindo custos e o tempo de m\u00e1quina parada.<\/p>\n<p>&nbsp;<\/p>\n<p>No p\u00f3s-vendas, o programa John Deere Fidelidade ter\u00e1 um lugar reservado. A iniciativa transforma compras de servi\u00e7os e pe\u00e7as em pr\u00eamios. Uma ativa\u00e7\u00e3o especial ser\u00e1 realizada na feira para clientes j\u00e1 cadastrados e novos participantes.<\/p>\n<p>&nbsp;<\/p>\n<p>A companhia tamb\u00e9m destaca a Unimil by John Deere, uma marca que oferece pe\u00e7as para todas as etapas do ciclo produtivo. Al\u00e9m disso, os visitantes poder\u00e3o experimentar os Smart Glasses, \u00f3culos de realidade aumentada que conectam t\u00e9cnicos no campo a especialistas ao redor do mundo, permitindo comunica\u00e7\u00e3o t\u00e9cnica em tempo real.<\/p>\n<p>&nbsp;<\/p>\n<p><strong>Banco John Deere<\/strong><\/p>\n<p>&nbsp;<\/p>\n<p>Na Expointer 2024, os clientes que desejarem adquirir equipamentos John Deere ter\u00e3o acesso a linhas de cr\u00e9dito exclusivas do Plano Safra 2024\/25. Para agricultores enquadrados no Programa Nacional de Fortalecimento da Agricultura Familiar (Pronaf), as taxas de juros ser\u00e3o de 5% a.a. No Moderfrota, as taxas chegam a 11,5% a.a., enquanto o Moderfrota Pronamp e o Cr\u00e9dito Empresarial t\u00eam taxas de 10,5% a.a. Todos os financiamentos oferecem at\u00e9 sete anos para pagamento.<\/p>\n<p>&nbsp;<\/p>\n<p>Al\u00e9m disso, o Banco John Deere vai oferecer financiamento para pe\u00e7as e servi\u00e7os, com prazos de at\u00e9 12 meses para quita\u00e7\u00e3o.<\/p>\n<p>&nbsp;<\/p>\n<p><strong>John Deere<\/strong><\/p>\n<p>&nbsp;<\/p>\n<p>A Deere &amp; Company \u00e9 l\u00edder mundial no fornecimento de equipamentos para agricultura, constru\u00e7\u00e3o e silvicultura. Ajudamos nossos clientes a superar os limites do poss\u00edvel de maneiras mais produtivas e sustent\u00e1veis para permitir que a vida possa avan\u00e7ar. Os produtos tecnol\u00f3gicos, incluindo o Trator Aut\u00f4nomo 8R, o sistema de pulveriza\u00e7\u00e3o See &amp; Spray\u2122 e a Retroescavadeira el\u00e9trica s\u00e3o algumas das solu\u00e7\u00f5es para atender \u00e0 crescente necessidade mundial por comida, abrigo e infraestrutura. A Deere &amp; Company tamb\u00e9m oferece servi\u00e7os financeiros por meio do Banco John Deere. (Coisas de Agora)<\/p>\n","protected":false},"excerpt":{"rendered":"<p>Coisas de Agora &nbsp; A John Deere, empresa global de tecnologia que fornece software e equipamentos para os setores agr\u00edcola, de constru\u00e7\u00e3o e florestal, marca presen\u00e7a na 47\u00aa Expointer, que ocorre entre os dias 24 de agosto e 1\u00ba de setembro, em Esteio, no Rio Grande do Sul. No evento, mais de 20 m\u00e1quinas e\u2026 <a class=\"readmore\" href=\"https:\/\/dana.com.br\/canaldana\/2024\/08\/26\/john-deere-vai-expor-mais-de-20-maquinas-e-implementos-agricolas-na-expointer-2024\/\">Leia mais \u00bb<\/a><\/p>\n","protected":false},"author":3,"featured_media":0,"comment_status":"closed","ping_status":"closed","sticky":false,"template":"","format":"standard","meta":{"_acf_changed":false,"footnotes":""},"categories":[114],"tags":[],"class_list":["post-75930","post","type-post","status-publish","format-standard","hentry","category-expointer"],"acf":[],"yoast_head":"<!-- This site is optimized with the Yoast SEO plugin v27.3 - https:\/\/yoast.com\/product\/yoast-seo-wordpress\/ -->\n<title>John Deere vai expor mais de 20 m\u00e1quinas e implementos agr\u00edcolas na Expointer 2024 - Canal Dana<\/title>\n<meta name=\"robots\" content=\"index, follow, max-snippet:-1, max-image-preview:large, max-video-preview:-1\" \/>\n<link rel=\"canonical\" href=\"https:\/\/dana.com.br\/canaldana\/2024\/08\/26\/john-deere-vai-expor-mais-de-20-maquinas-e-implementos-agricolas-na-expointer-2024\/\" \/>\n<meta property=\"og:locale\" content=\"pt_BR\" \/>\n<meta property=\"og:type\" content=\"article\" \/>\n<meta property=\"og:title\" content=\"John Deere vai expor mais de 20 m\u00e1quinas e implementos agr\u00edcolas na Expointer 2024 - Canal Dana\" \/>\n<meta property=\"og:description\" content=\"Coisas de Agora &nbsp; A John Deere, empresa global de tecnologia que fornece software e equipamentos para os setores agr\u00edcola, de constru\u00e7\u00e3o e florestal, marca presen\u00e7a na 47\u00aa Expointer, que ocorre entre os dias 24 de agosto e 1\u00ba de setembro, em Esteio, no Rio Grande do Sul. No evento, mais de 20 m\u00e1quinas e\u2026 Leia mais \u00bb\" \/>\n<meta property=\"og:url\" content=\"https:\/\/dana.com.br\/canaldana\/2024\/08\/26\/john-deere-vai-expor-mais-de-20-maquinas-e-implementos-agricolas-na-expointer-2024\/\" \/>\n<meta property=\"og:site_name\" content=\"Canal Dana\" \/>\n<meta property=\"article:published_time\" content=\"2024-08-26T11:08:41+00:00\" \/>\n<meta name=\"author\" content=\"Canal Dana\" \/>\n<meta name=\"twitter:card\" content=\"summary_large_image\" \/>\n<meta name=\"twitter:label1\" content=\"Escrito por\" \/>\n\t<meta name=\"twitter:data1\" content=\"Canal Dana\" \/>\n\t<meta name=\"twitter:label2\" content=\"Est. tempo de leitura\" \/>\n\t<meta name=\"twitter:data2\" content=\"6 minutos\" \/>\n<script type=\"application\/ld+json\" class=\"yoast-schema-graph\">{\"@context\":\"https:\\\/\\\/schema.org\",\"@graph\":[{\"@type\":\"Article\",\"@id\":\"https:\\\/\\\/dana.com.br\\\/canaldana\\\/2024\\\/08\\\/26\\\/john-deere-vai-expor-mais-de-20-maquinas-e-implementos-agricolas-na-expointer-2024\\\/#article\",\"isPartOf\":{\"@id\":\"https:\\\/\\\/dana.com.br\\\/canaldana\\\/2024\\\/08\\\/26\\\/john-deere-vai-expor-mais-de-20-maquinas-e-implementos-agricolas-na-expointer-2024\\\/\"},\"author\":{\"name\":\"Canal Dana\",\"@id\":\"https:\\\/\\\/dana.com.br\\\/canaldana\\\/#\\\/schema\\\/person\\\/3c21f22f56fcf3bc46b94bc60ea4fef6\"},\"headline\":\"John Deere vai expor mais de 20 m\u00e1quinas e implementos agr\u00edcolas na Expointer 2024\",\"datePublished\":\"2024-08-26T11:08:41+00:00\",\"mainEntityOfPage\":{\"@id\":\"https:\\\/\\\/dana.com.br\\\/canaldana\\\/2024\\\/08\\\/26\\\/john-deere-vai-expor-mais-de-20-maquinas-e-implementos-agricolas-na-expointer-2024\\\/\"},\"wordCount\":1218,\"articleSection\":[\"Expointer\"],\"inLanguage\":\"pt-BR\"},{\"@type\":\"WebPage\",\"@id\":\"https:\\\/\\\/dana.com.br\\\/canaldana\\\/2024\\\/08\\\/26\\\/john-deere-vai-expor-mais-de-20-maquinas-e-implementos-agricolas-na-expointer-2024\\\/\",\"url\":\"https:\\\/\\\/dana.com.br\\\/canaldana\\\/2024\\\/08\\\/26\\\/john-deere-vai-expor-mais-de-20-maquinas-e-implementos-agricolas-na-expointer-2024\\\/\",\"name\":\"John Deere vai expor mais de 20 m\u00e1quinas e implementos agr\u00edcolas na Expointer 2024 - Canal Dana\",\"isPartOf\":{\"@id\":\"https:\\\/\\\/dana.com.br\\\/canaldana\\\/#website\"},\"datePublished\":\"2024-08-26T11:08:41+00:00\",\"author\":{\"@id\":\"https:\\\/\\\/dana.com.br\\\/canaldana\\\/#\\\/schema\\\/person\\\/3c21f22f56fcf3bc46b94bc60ea4fef6\"},\"breadcrumb\":{\"@id\":\"https:\\\/\\\/dana.com.br\\\/canaldana\\\/2024\\\/08\\\/26\\\/john-deere-vai-expor-mais-de-20-maquinas-e-implementos-agricolas-na-expointer-2024\\\/#breadcrumb\"},\"inLanguage\":\"pt-BR\",\"potentialAction\":[{\"@type\":\"ReadAction\",\"target\":[\"https:\\\/\\\/dana.com.br\\\/canaldana\\\/2024\\\/08\\\/26\\\/john-deere-vai-expor-mais-de-20-maquinas-e-implementos-agricolas-na-expointer-2024\\\/\"]}]},{\"@type\":\"BreadcrumbList\",\"@id\":\"https:\\\/\\\/dana.com.br\\\/canaldana\\\/2024\\\/08\\\/26\\\/john-deere-vai-expor-mais-de-20-maquinas-e-implementos-agricolas-na-expointer-2024\\\/#breadcrumb\",\"itemListElement\":[{\"@type\":\"ListItem\",\"position\":1,\"name\":\"Home\",\"item\":\"https:\\\/\\\/dana.com.br\\\/canaldana\\\/\"},{\"@type\":\"ListItem\",\"position\":2,\"name\":\"Expointer\",\"item\":\"https:\\\/\\\/dana.com.br\\\/canaldana\\\/expointer\\\/\"},{\"@type\":\"ListItem\",\"position\":3,\"name\":\"John Deere vai expor mais de 20 m\u00e1quinas e implementos agr\u00edcolas na Expointer 2024\"}]},{\"@type\":\"WebSite\",\"@id\":\"https:\\\/\\\/dana.com.br\\\/canaldana\\\/#website\",\"url\":\"https:\\\/\\\/dana.com.br\\\/canaldana\\\/\",\"name\":\"Canal Dana\",\"description\":\"Informativo com as principais not\u00edcias da ind\u00fastria automotiva\",\"potentialAction\":[{\"@type\":\"SearchAction\",\"target\":{\"@type\":\"EntryPoint\",\"urlTemplate\":\"https:\\\/\\\/dana.com.br\\\/canaldana\\\/?s={search_term_string}\"},\"query-input\":{\"@type\":\"PropertyValueSpecification\",\"valueRequired\":true,\"valueName\":\"search_term_string\"}}],\"inLanguage\":\"pt-BR\"},{\"@type\":\"Person\",\"@id\":\"https:\\\/\\\/dana.com.br\\\/canaldana\\\/#\\\/schema\\\/person\\\/3c21f22f56fcf3bc46b94bc60ea4fef6\",\"name\":\"Canal Dana\",\"image\":{\"@type\":\"ImageObject\",\"inLanguage\":\"pt-BR\",\"@id\":\"https:\\\/\\\/secure.gravatar.com\\\/avatar\\\/420aaf9278582877d9018637c6817617705899d2858d7572ef0fe59a6b6454b4?s=96&d=mm&r=g\",\"url\":\"https:\\\/\\\/secure.gravatar.com\\\/avatar\\\/420aaf9278582877d9018637c6817617705899d2858d7572ef0fe59a6b6454b4?s=96&d=mm&r=g\",\"contentUrl\":\"https:\\\/\\\/secure.gravatar.com\\\/avatar\\\/420aaf9278582877d9018637c6817617705899d2858d7572ef0fe59a6b6454b4?s=96&d=mm&r=g\",\"caption\":\"Canal Dana\"},\"url\":\"https:\\\/\\\/dana.com.br\\\/canaldana\\\/author\\\/cdeditor\\\/\"}]}<\/script>\n<!-- \/ Yoast SEO plugin. -->","yoast_head_json":{"title":"John Deere vai expor mais de 20 m\u00e1quinas e implementos agr\u00edcolas na Expointer 2024 - Canal Dana","robots":{"index":"index","follow":"follow","max-snippet":"max-snippet:-1","max-image-preview":"max-image-preview:large","max-video-preview":"max-video-preview:-1"},"canonical":"https:\/\/dana.com.br\/canaldana\/2024\/08\/26\/john-deere-vai-expor-mais-de-20-maquinas-e-implementos-agricolas-na-expointer-2024\/","og_locale":"pt_BR","og_type":"article","og_title":"John Deere vai expor mais de 20 m\u00e1quinas e implementos agr\u00edcolas na Expointer 2024 - Canal Dana","og_description":"Coisas de Agora &nbsp; A John Deere, empresa global de tecnologia que fornece software e equipamentos para os setores agr\u00edcola, de constru\u00e7\u00e3o e florestal, marca presen\u00e7a na 47\u00aa Expointer, que ocorre entre os dias 24 de agosto e 1\u00ba de setembro, em Esteio, no Rio Grande do Sul. No evento, mais de 20 m\u00e1quinas e\u2026 Leia mais \u00bb","og_url":"https:\/\/dana.com.br\/canaldana\/2024\/08\/26\/john-deere-vai-expor-mais-de-20-maquinas-e-implementos-agricolas-na-expointer-2024\/","og_site_name":"Canal Dana","article_published_time":"2024-08-26T11:08:41+00:00","author":"Canal Dana","twitter_card":"summary_large_image","twitter_misc":{"Escrito por":"Canal Dana","Est. tempo de leitura":"6 minutos"},"schema":{"@context":"https:\/\/schema.org","@graph":[{"@type":"Article","@id":"https:\/\/dana.com.br\/canaldana\/2024\/08\/26\/john-deere-vai-expor-mais-de-20-maquinas-e-implementos-agricolas-na-expointer-2024\/#article","isPartOf":{"@id":"https:\/\/dana.com.br\/canaldana\/2024\/08\/26\/john-deere-vai-expor-mais-de-20-maquinas-e-implementos-agricolas-na-expointer-2024\/"},"author":{"name":"Canal Dana","@id":"https:\/\/dana.com.br\/canaldana\/#\/schema\/person\/3c21f22f56fcf3bc46b94bc60ea4fef6"},"headline":"John Deere vai expor mais de 20 m\u00e1quinas e implementos agr\u00edcolas na Expointer 2024","datePublished":"2024-08-26T11:08:41+00:00","mainEntityOfPage":{"@id":"https:\/\/dana.com.br\/canaldana\/2024\/08\/26\/john-deere-vai-expor-mais-de-20-maquinas-e-implementos-agricolas-na-expointer-2024\/"},"wordCount":1218,"articleSection":["Expointer"],"inLanguage":"pt-BR"},{"@type":"WebPage","@id":"https:\/\/dana.com.br\/canaldana\/2024\/08\/26\/john-deere-vai-expor-mais-de-20-maquinas-e-implementos-agricolas-na-expointer-2024\/","url":"https:\/\/dana.com.br\/canaldana\/2024\/08\/26\/john-deere-vai-expor-mais-de-20-maquinas-e-implementos-agricolas-na-expointer-2024\/","name":"John Deere vai expor mais de 20 m\u00e1quinas e implementos agr\u00edcolas na Expointer 2024 - Canal Dana","isPartOf":{"@id":"https:\/\/dana.com.br\/canaldana\/#website"},"datePublished":"2024-08-26T11:08:41+00:00","author":{"@id":"https:\/\/dana.com.br\/canaldana\/#\/schema\/person\/3c21f22f56fcf3bc46b94bc60ea4fef6"},"breadcrumb":{"@id":"https:\/\/dana.com.br\/canaldana\/2024\/08\/26\/john-deere-vai-expor-mais-de-20-maquinas-e-implementos-agricolas-na-expointer-2024\/#breadcrumb"},"inLanguage":"pt-BR","potentialAction":[{"@type":"ReadAction","target":["https:\/\/dana.com.br\/canaldana\/2024\/08\/26\/john-deere-vai-expor-mais-de-20-maquinas-e-implementos-agricolas-na-expointer-2024\/"]}]},{"@type":"BreadcrumbList","@id":"https:\/\/dana.com.br\/canaldana\/2024\/08\/26\/john-deere-vai-expor-mais-de-20-maquinas-e-implementos-agricolas-na-expointer-2024\/#breadcrumb","itemListElement":[{"@type":"ListItem","position":1,"name":"Home","item":"https:\/\/dana.com.br\/canaldana\/"},{"@type":"ListItem","position":2,"name":"Expointer","item":"https:\/\/dana.com.br\/canaldana\/expointer\/"},{"@type":"ListItem","position":3,"name":"John Deere vai expor mais de 20 m\u00e1quinas e implementos agr\u00edcolas na Expointer 2024"}]},{"@type":"WebSite","@id":"https:\/\/dana.com.br\/canaldana\/#website","url":"https:\/\/dana.com.br\/canaldana\/","name":"Canal Dana","description":"Informativo com as principais not\u00edcias da ind\u00fastria automotiva","potentialAction":[{"@type":"SearchAction","target":{"@type":"EntryPoint","urlTemplate":"https:\/\/dana.com.br\/canaldana\/?s={search_term_string}"},"query-input":{"@type":"PropertyValueSpecification","valueRequired":true,"valueName":"search_term_string"}}],"inLanguage":"pt-BR"},{"@type":"Person","@id":"https:\/\/dana.com.br\/canaldana\/#\/schema\/person\/3c21f22f56fcf3bc46b94bc60ea4fef6","name":"Canal Dana","image":{"@type":"ImageObject","inLanguage":"pt-BR","@id":"https:\/\/secure.gravatar.com\/avatar\/420aaf9278582877d9018637c6817617705899d2858d7572ef0fe59a6b6454b4?s=96&d=mm&r=g","url":"https:\/\/secure.gravatar.com\/avatar\/420aaf9278582877d9018637c6817617705899d2858d7572ef0fe59a6b6454b4?s=96&d=mm&r=g","contentUrl":"https:\/\/secure.gravatar.com\/avatar\/420aaf9278582877d9018637c6817617705899d2858d7572ef0fe59a6b6454b4?s=96&d=mm&r=g","caption":"Canal Dana"},"url":"https:\/\/dana.com.br\/canaldana\/author\/cdeditor\/"}]}},"_links":{"self":[{"href":"https:\/\/dana.com.br\/canaldana\/wp-json\/wp\/v2\/posts\/75930","targetHints":{"allow":["GET"]}}],"collection":[{"href":"https:\/\/dana.com.br\/canaldana\/wp-json\/wp\/v2\/posts"}],"about":[{"href":"https:\/\/dana.com.br\/canaldana\/wp-json\/wp\/v2\/types\/post"}],"author":[{"embeddable":true,"href":"https:\/\/dana.com.br\/canaldana\/wp-json\/wp\/v2\/users\/3"}],"replies":[{"embeddable":true,"href":"https:\/\/dana.com.br\/canaldana\/wp-json\/wp\/v2\/comments?post=75930"}],"version-history":[{"count":1,"href":"https:\/\/dana.com.br\/canaldana\/wp-json\/wp\/v2\/posts\/75930\/revisions"}],"predecessor-version":[{"id":75931,"href":"https:\/\/dana.com.br\/canaldana\/wp-json\/wp\/v2\/posts\/75930\/revisions\/75931"}],"wp:attachment":[{"href":"https:\/\/dana.com.br\/canaldana\/wp-json\/wp\/v2\/media?parent=75930"}],"wp:term":[{"taxonomy":"category","embeddable":true,"href":"https:\/\/dana.com.br\/canaldana\/wp-json\/wp\/v2\/categories?post=75930"},{"taxonomy":"post_tag","embeddable":true,"href":"https:\/\/dana.com.br\/canaldana\/wp-json\/wp\/v2\/tags?post=75930"}],"curies":[{"name":"wp","href":"https:\/\/api.w.org\/{rel}","templated":true}]}}