{"id":75877,"date":"2024-08-22T08:46:15","date_gmt":"2024-08-22T11:46:15","guid":{"rendered":"https:\/\/dana.com.br\/canaldana\/?p=75877"},"modified":"2024-08-22T08:46:15","modified_gmt":"2024-08-22T11:46:15","slug":"onibus-eletricos-da-al-deixaram-de-emitir-59-milhoes-de-toneladas-de-co2","status":"publish","type":"post","link":"https:\/\/dana.com.br\/canaldana\/2024\/08\/22\/onibus-eletricos-da-al-deixaram-de-emitir-59-milhoes-de-toneladas-de-co2\/","title":{"rendered":"\u00d4nibus el\u00e9tricos da AL deixaram de emitir 5,9 milh\u00f5es de toneladas de CO2"},"content":{"rendered":"<p><em>O Estado de S. Paulo\/Mobilidade <\/em><\/p>\n<p>&nbsp;<\/p>\n<p>Os pa\u00edses da Am\u00e9rica Latina t\u00eam, juntos, 5.720 \u00f4nibus el\u00e9tricos em opera\u00e7\u00e3o \u2013 e o n\u00famero vem crescendo rapidamente. Essa frota emite 5.951,4 kt de di\u00f3xido de carbono (CO2) a menos que a de ve\u00edculos equivalentes com motor a diesel. Cada kilotonelada equivale a mil toneladas.<\/p>\n<p>&nbsp;<\/p>\n<p>Os dados s\u00e3o da E-Bus Radar, que monitora a opera\u00e7\u00e3o de \u00f4nibus el\u00e9tricos. A plataforma eletr\u00f4nica da Parceria Zebra (Zero Emission Bus Rapiddeployment Accelerator) \u00e9 fruto da parceria do C40 Cities e o ICCT (Conselho Internacional de Transporte Limpo).<\/p>\n<p>&nbsp;<\/p>\n<p>Lan\u00e7ada em 2019, a E-Bus Radar tem se tornado refer\u00eancia na regi\u00e3o. \u201cEla fornece dados transparentes e acess\u00edveis que destacam a lideran\u00e7a das cidades na descarboniza\u00e7\u00e3o das frotas de \u00f4nibus, inspirando outras municipalidades a adotarem solu\u00e7\u00f5es de transporte mais limpas e eficientes\u201d, diz Thomas Maltese, gerente s\u00eanior da Parceria Zebra na C40 Cities.<\/p>\n<p>&nbsp;<\/p>\n<p><strong>Ciclo de vida<\/strong><\/p>\n<p>&nbsp;<\/p>\n<p>Recentemente, a ferramenta foi atualizada para passar a contabilizar, tamb\u00e9m, as emiss\u00f5es do ciclo de vida dos \u00f4nibus el\u00e9tricos. Carmen Araujo, l\u00edder regional do ICCT Brasil explica que antes dessa mudan\u00e7a, como os \u00f4nibus el\u00e9tricos n\u00e3o emitem CO2, quando comparados ao \u00f4nibus a diesel o resultado era zero emiss\u00e3o.\u201cE, agora, tamb\u00e9m s\u00e3o consideradas as emiss\u00f5es de todo o processo, como a produ\u00e7\u00e3o do \u00f4nibus e da bateria, manuten\u00e7\u00e3o do ve\u00edculo e a produ\u00e7\u00e3o da eletricidade\u201d, diz. Assim, de acordo com a plataforma, no Brasil, em seu ciclo de vida, o \u00f4nibus el\u00e9trico a bateria emite 84% menos de CO2 comparado ao \u00f4nibus a diesel. J\u00e1 o tr\u00f3lebus emite 79% a menos, utilizando a mesma base de compara\u00e7\u00e3o.<\/p>\n<p>&nbsp;<\/p>\n<p>Ao mesmo tempo, o E-Bus Radar oferece uma vis\u00e3o dos benef\u00edcios desses ve\u00edculos, mostrando potencial da transi\u00e7\u00e3o energ\u00e9tica para a sa\u00fade e melhoria da qualidade do ar.<\/p>\n<p>&nbsp;<\/p>\n<p>De acordo com a Organiza\u00e7\u00e3o Mundial da Sa\u00fade (OMS), 90% da popula\u00e7\u00e3o mundial est\u00e1 exposta a altos n\u00edveis de poluentes, com consequ\u00eancias s\u00e9rias para a sa\u00fade, como doen\u00e7as respirat\u00f3rias. (O Estado de S. Paulo\/Mobilidade\/Daniela Saragiotto)<\/p>\n","protected":false},"excerpt":{"rendered":"<p>O Estado de S. Paulo\/Mobilidade &nbsp; Os pa\u00edses da Am\u00e9rica Latina t\u00eam, juntos, 5.720 \u00f4nibus el\u00e9tricos em opera\u00e7\u00e3o \u2013 e o n\u00famero vem crescendo rapidamente. Essa frota emite 5.951,4 kt de di\u00f3xido de carbono (CO2) a menos que a de ve\u00edculos equivalentes com motor a diesel. Cada kilotonelada equivale a mil toneladas. &nbsp; Os dados\u2026 <a class=\"readmore\" href=\"https:\/\/dana.com.br\/canaldana\/2024\/08\/22\/onibus-eletricos-da-al-deixaram-de-emitir-59-milhoes-de-toneladas-de-co2\/\">Leia mais \u00bb<\/a><\/p>\n","protected":false},"author":3,"featured_media":0,"comment_status":"closed","ping_status":"closed","sticky":false,"template":"","format":"standard","meta":{"_acf_changed":false,"footnotes":""},"categories":[61],"tags":[],"class_list":["post-75877","post","type-post","status-publish","format-standard","hentry","category-destaques"],"acf":[],"yoast_head":"<!-- This site is optimized with the Yoast SEO plugin v27.3 - https:\/\/yoast.com\/product\/yoast-seo-wordpress\/ -->\n<title>\u00d4nibus el\u00e9tricos da AL deixaram de emitir 5,9 milh\u00f5es de toneladas de CO2 - Canal Dana<\/title>\n<meta name=\"robots\" content=\"index, follow, max-snippet:-1, max-image-preview:large, max-video-preview:-1\" \/>\n<link rel=\"canonical\" href=\"https:\/\/dana.com.br\/canaldana\/2024\/08\/22\/onibus-eletricos-da-al-deixaram-de-emitir-59-milhoes-de-toneladas-de-co2\/\" \/>\n<meta property=\"og:locale\" content=\"pt_BR\" \/>\n<meta property=\"og:type\" content=\"article\" \/>\n<meta property=\"og:title\" content=\"\u00d4nibus el\u00e9tricos da AL deixaram de emitir 5,9 milh\u00f5es de toneladas de CO2 - Canal Dana\" \/>\n<meta property=\"og:description\" content=\"O Estado de S. Paulo\/Mobilidade &nbsp; Os pa\u00edses da Am\u00e9rica Latina t\u00eam, juntos, 5.720 \u00f4nibus el\u00e9tricos em opera\u00e7\u00e3o \u2013 e o n\u00famero vem crescendo rapidamente. Essa frota emite 5.951,4 kt de di\u00f3xido de carbono (CO2) a menos que a de ve\u00edculos equivalentes com motor a diesel. Cada kilotonelada equivale a mil toneladas. &nbsp; Os dados\u2026 Leia mais \u00bb\" \/>\n<meta property=\"og:url\" content=\"https:\/\/dana.com.br\/canaldana\/2024\/08\/22\/onibus-eletricos-da-al-deixaram-de-emitir-59-milhoes-de-toneladas-de-co2\/\" \/>\n<meta property=\"og:site_name\" content=\"Canal Dana\" \/>\n<meta property=\"article:published_time\" content=\"2024-08-22T11:46:15+00:00\" \/>\n<meta name=\"author\" content=\"Canal Dana\" \/>\n<meta name=\"twitter:card\" content=\"summary_large_image\" \/>\n<meta name=\"twitter:label1\" content=\"Escrito por\" \/>\n\t<meta name=\"twitter:data1\" content=\"Canal Dana\" \/>\n\t<meta name=\"twitter:label2\" content=\"Est. tempo de leitura\" \/>\n\t<meta name=\"twitter:data2\" content=\"2 minutos\" \/>\n<script type=\"application\/ld+json\" class=\"yoast-schema-graph\">{\"@context\":\"https:\\\/\\\/schema.org\",\"@graph\":[{\"@type\":\"Article\",\"@id\":\"https:\\\/\\\/dana.com.br\\\/canaldana\\\/2024\\\/08\\\/22\\\/onibus-eletricos-da-al-deixaram-de-emitir-59-milhoes-de-toneladas-de-co2\\\/#article\",\"isPartOf\":{\"@id\":\"https:\\\/\\\/dana.com.br\\\/canaldana\\\/2024\\\/08\\\/22\\\/onibus-eletricos-da-al-deixaram-de-emitir-59-milhoes-de-toneladas-de-co2\\\/\"},\"author\":{\"name\":\"Canal Dana\",\"@id\":\"https:\\\/\\\/dana.com.br\\\/canaldana\\\/#\\\/schema\\\/person\\\/3c21f22f56fcf3bc46b94bc60ea4fef6\"},\"headline\":\"\u00d4nibus el\u00e9tricos da AL deixaram de emitir 5,9 milh\u00f5es de toneladas de CO2\",\"datePublished\":\"2024-08-22T11:46:15+00:00\",\"mainEntityOfPage\":{\"@id\":\"https:\\\/\\\/dana.com.br\\\/canaldana\\\/2024\\\/08\\\/22\\\/onibus-eletricos-da-al-deixaram-de-emitir-59-milhoes-de-toneladas-de-co2\\\/\"},\"wordCount\":395,\"articleSection\":[\"Destaques\"],\"inLanguage\":\"pt-BR\"},{\"@type\":\"WebPage\",\"@id\":\"https:\\\/\\\/dana.com.br\\\/canaldana\\\/2024\\\/08\\\/22\\\/onibus-eletricos-da-al-deixaram-de-emitir-59-milhoes-de-toneladas-de-co2\\\/\",\"url\":\"https:\\\/\\\/dana.com.br\\\/canaldana\\\/2024\\\/08\\\/22\\\/onibus-eletricos-da-al-deixaram-de-emitir-59-milhoes-de-toneladas-de-co2\\\/\",\"name\":\"\u00d4nibus el\u00e9tricos da AL deixaram de emitir 5,9 milh\u00f5es de toneladas de CO2 - Canal Dana\",\"isPartOf\":{\"@id\":\"https:\\\/\\\/dana.com.br\\\/canaldana\\\/#website\"},\"datePublished\":\"2024-08-22T11:46:15+00:00\",\"author\":{\"@id\":\"https:\\\/\\\/dana.com.br\\\/canaldana\\\/#\\\/schema\\\/person\\\/3c21f22f56fcf3bc46b94bc60ea4fef6\"},\"breadcrumb\":{\"@id\":\"https:\\\/\\\/dana.com.br\\\/canaldana\\\/2024\\\/08\\\/22\\\/onibus-eletricos-da-al-deixaram-de-emitir-59-milhoes-de-toneladas-de-co2\\\/#breadcrumb\"},\"inLanguage\":\"pt-BR\",\"potentialAction\":[{\"@type\":\"ReadAction\",\"target\":[\"https:\\\/\\\/dana.com.br\\\/canaldana\\\/2024\\\/08\\\/22\\\/onibus-eletricos-da-al-deixaram-de-emitir-59-milhoes-de-toneladas-de-co2\\\/\"]}]},{\"@type\":\"BreadcrumbList\",\"@id\":\"https:\\\/\\\/dana.com.br\\\/canaldana\\\/2024\\\/08\\\/22\\\/onibus-eletricos-da-al-deixaram-de-emitir-59-milhoes-de-toneladas-de-co2\\\/#breadcrumb\",\"itemListElement\":[{\"@type\":\"ListItem\",\"position\":1,\"name\":\"Home\",\"item\":\"https:\\\/\\\/dana.com.br\\\/canaldana\\\/\"},{\"@type\":\"ListItem\",\"position\":2,\"name\":\"Destaques\",\"item\":\"https:\\\/\\\/dana.com.br\\\/canaldana\\\/destaques\\\/\"},{\"@type\":\"ListItem\",\"position\":3,\"name\":\"\u00d4nibus el\u00e9tricos da AL deixaram de emitir 5,9 milh\u00f5es de toneladas de CO2\"}]},{\"@type\":\"WebSite\",\"@id\":\"https:\\\/\\\/dana.com.br\\\/canaldana\\\/#website\",\"url\":\"https:\\\/\\\/dana.com.br\\\/canaldana\\\/\",\"name\":\"Canal Dana\",\"description\":\"Informativo com as principais not\u00edcias da ind\u00fastria automotiva\",\"potentialAction\":[{\"@type\":\"SearchAction\",\"target\":{\"@type\":\"EntryPoint\",\"urlTemplate\":\"https:\\\/\\\/dana.com.br\\\/canaldana\\\/?s={search_term_string}\"},\"query-input\":{\"@type\":\"PropertyValueSpecification\",\"valueRequired\":true,\"valueName\":\"search_term_string\"}}],\"inLanguage\":\"pt-BR\"},{\"@type\":\"Person\",\"@id\":\"https:\\\/\\\/dana.com.br\\\/canaldana\\\/#\\\/schema\\\/person\\\/3c21f22f56fcf3bc46b94bc60ea4fef6\",\"name\":\"Canal Dana\",\"image\":{\"@type\":\"ImageObject\",\"inLanguage\":\"pt-BR\",\"@id\":\"https:\\\/\\\/secure.gravatar.com\\\/avatar\\\/420aaf9278582877d9018637c6817617705899d2858d7572ef0fe59a6b6454b4?s=96&d=mm&r=g\",\"url\":\"https:\\\/\\\/secure.gravatar.com\\\/avatar\\\/420aaf9278582877d9018637c6817617705899d2858d7572ef0fe59a6b6454b4?s=96&d=mm&r=g\",\"contentUrl\":\"https:\\\/\\\/secure.gravatar.com\\\/avatar\\\/420aaf9278582877d9018637c6817617705899d2858d7572ef0fe59a6b6454b4?s=96&d=mm&r=g\",\"caption\":\"Canal Dana\"},\"url\":\"https:\\\/\\\/dana.com.br\\\/canaldana\\\/author\\\/cdeditor\\\/\"}]}<\/script>\n<!-- \/ Yoast SEO plugin. -->","yoast_head_json":{"title":"\u00d4nibus el\u00e9tricos da AL deixaram de emitir 5,9 milh\u00f5es de toneladas de CO2 - Canal Dana","robots":{"index":"index","follow":"follow","max-snippet":"max-snippet:-1","max-image-preview":"max-image-preview:large","max-video-preview":"max-video-preview:-1"},"canonical":"https:\/\/dana.com.br\/canaldana\/2024\/08\/22\/onibus-eletricos-da-al-deixaram-de-emitir-59-milhoes-de-toneladas-de-co2\/","og_locale":"pt_BR","og_type":"article","og_title":"\u00d4nibus el\u00e9tricos da AL deixaram de emitir 5,9 milh\u00f5es de toneladas de CO2 - Canal Dana","og_description":"O Estado de S. Paulo\/Mobilidade &nbsp; Os pa\u00edses da Am\u00e9rica Latina t\u00eam, juntos, 5.720 \u00f4nibus el\u00e9tricos em opera\u00e7\u00e3o \u2013 e o n\u00famero vem crescendo rapidamente. Essa frota emite 5.951,4 kt de di\u00f3xido de carbono (CO2) a menos que a de ve\u00edculos equivalentes com motor a diesel. Cada kilotonelada equivale a mil toneladas. &nbsp; Os dados\u2026 Leia mais \u00bb","og_url":"https:\/\/dana.com.br\/canaldana\/2024\/08\/22\/onibus-eletricos-da-al-deixaram-de-emitir-59-milhoes-de-toneladas-de-co2\/","og_site_name":"Canal Dana","article_published_time":"2024-08-22T11:46:15+00:00","author":"Canal Dana","twitter_card":"summary_large_image","twitter_misc":{"Escrito por":"Canal Dana","Est. tempo de leitura":"2 minutos"},"schema":{"@context":"https:\/\/schema.org","@graph":[{"@type":"Article","@id":"https:\/\/dana.com.br\/canaldana\/2024\/08\/22\/onibus-eletricos-da-al-deixaram-de-emitir-59-milhoes-de-toneladas-de-co2\/#article","isPartOf":{"@id":"https:\/\/dana.com.br\/canaldana\/2024\/08\/22\/onibus-eletricos-da-al-deixaram-de-emitir-59-milhoes-de-toneladas-de-co2\/"},"author":{"name":"Canal Dana","@id":"https:\/\/dana.com.br\/canaldana\/#\/schema\/person\/3c21f22f56fcf3bc46b94bc60ea4fef6"},"headline":"\u00d4nibus el\u00e9tricos da AL deixaram de emitir 5,9 milh\u00f5es de toneladas de CO2","datePublished":"2024-08-22T11:46:15+00:00","mainEntityOfPage":{"@id":"https:\/\/dana.com.br\/canaldana\/2024\/08\/22\/onibus-eletricos-da-al-deixaram-de-emitir-59-milhoes-de-toneladas-de-co2\/"},"wordCount":395,"articleSection":["Destaques"],"inLanguage":"pt-BR"},{"@type":"WebPage","@id":"https:\/\/dana.com.br\/canaldana\/2024\/08\/22\/onibus-eletricos-da-al-deixaram-de-emitir-59-milhoes-de-toneladas-de-co2\/","url":"https:\/\/dana.com.br\/canaldana\/2024\/08\/22\/onibus-eletricos-da-al-deixaram-de-emitir-59-milhoes-de-toneladas-de-co2\/","name":"\u00d4nibus el\u00e9tricos da AL deixaram de emitir 5,9 milh\u00f5es de toneladas de CO2 - Canal Dana","isPartOf":{"@id":"https:\/\/dana.com.br\/canaldana\/#website"},"datePublished":"2024-08-22T11:46:15+00:00","author":{"@id":"https:\/\/dana.com.br\/canaldana\/#\/schema\/person\/3c21f22f56fcf3bc46b94bc60ea4fef6"},"breadcrumb":{"@id":"https:\/\/dana.com.br\/canaldana\/2024\/08\/22\/onibus-eletricos-da-al-deixaram-de-emitir-59-milhoes-de-toneladas-de-co2\/#breadcrumb"},"inLanguage":"pt-BR","potentialAction":[{"@type":"ReadAction","target":["https:\/\/dana.com.br\/canaldana\/2024\/08\/22\/onibus-eletricos-da-al-deixaram-de-emitir-59-milhoes-de-toneladas-de-co2\/"]}]},{"@type":"BreadcrumbList","@id":"https:\/\/dana.com.br\/canaldana\/2024\/08\/22\/onibus-eletricos-da-al-deixaram-de-emitir-59-milhoes-de-toneladas-de-co2\/#breadcrumb","itemListElement":[{"@type":"ListItem","position":1,"name":"Home","item":"https:\/\/dana.com.br\/canaldana\/"},{"@type":"ListItem","position":2,"name":"Destaques","item":"https:\/\/dana.com.br\/canaldana\/destaques\/"},{"@type":"ListItem","position":3,"name":"\u00d4nibus el\u00e9tricos da AL deixaram de emitir 5,9 milh\u00f5es de toneladas de CO2"}]},{"@type":"WebSite","@id":"https:\/\/dana.com.br\/canaldana\/#website","url":"https:\/\/dana.com.br\/canaldana\/","name":"Canal Dana","description":"Informativo com as principais not\u00edcias da ind\u00fastria automotiva","potentialAction":[{"@type":"SearchAction","target":{"@type":"EntryPoint","urlTemplate":"https:\/\/dana.com.br\/canaldana\/?s={search_term_string}"},"query-input":{"@type":"PropertyValueSpecification","valueRequired":true,"valueName":"search_term_string"}}],"inLanguage":"pt-BR"},{"@type":"Person","@id":"https:\/\/dana.com.br\/canaldana\/#\/schema\/person\/3c21f22f56fcf3bc46b94bc60ea4fef6","name":"Canal Dana","image":{"@type":"ImageObject","inLanguage":"pt-BR","@id":"https:\/\/secure.gravatar.com\/avatar\/420aaf9278582877d9018637c6817617705899d2858d7572ef0fe59a6b6454b4?s=96&d=mm&r=g","url":"https:\/\/secure.gravatar.com\/avatar\/420aaf9278582877d9018637c6817617705899d2858d7572ef0fe59a6b6454b4?s=96&d=mm&r=g","contentUrl":"https:\/\/secure.gravatar.com\/avatar\/420aaf9278582877d9018637c6817617705899d2858d7572ef0fe59a6b6454b4?s=96&d=mm&r=g","caption":"Canal Dana"},"url":"https:\/\/dana.com.br\/canaldana\/author\/cdeditor\/"}]}},"_links":{"self":[{"href":"https:\/\/dana.com.br\/canaldana\/wp-json\/wp\/v2\/posts\/75877","targetHints":{"allow":["GET"]}}],"collection":[{"href":"https:\/\/dana.com.br\/canaldana\/wp-json\/wp\/v2\/posts"}],"about":[{"href":"https:\/\/dana.com.br\/canaldana\/wp-json\/wp\/v2\/types\/post"}],"author":[{"embeddable":true,"href":"https:\/\/dana.com.br\/canaldana\/wp-json\/wp\/v2\/users\/3"}],"replies":[{"embeddable":true,"href":"https:\/\/dana.com.br\/canaldana\/wp-json\/wp\/v2\/comments?post=75877"}],"version-history":[{"count":1,"href":"https:\/\/dana.com.br\/canaldana\/wp-json\/wp\/v2\/posts\/75877\/revisions"}],"predecessor-version":[{"id":75878,"href":"https:\/\/dana.com.br\/canaldana\/wp-json\/wp\/v2\/posts\/75877\/revisions\/75878"}],"wp:attachment":[{"href":"https:\/\/dana.com.br\/canaldana\/wp-json\/wp\/v2\/media?parent=75877"}],"wp:term":[{"taxonomy":"category","embeddable":true,"href":"https:\/\/dana.com.br\/canaldana\/wp-json\/wp\/v2\/categories?post=75877"},{"taxonomy":"post_tag","embeddable":true,"href":"https:\/\/dana.com.br\/canaldana\/wp-json\/wp\/v2\/tags?post=75877"}],"curies":[{"name":"wp","href":"https:\/\/api.w.org\/{rel}","templated":true}]}}