{"id":75871,"date":"2024-08-22T08:43:36","date_gmt":"2024-08-22T11:43:36","guid":{"rendered":"https:\/\/dana.com.br\/canaldana\/?p=75871"},"modified":"2024-08-22T08:43:36","modified_gmt":"2024-08-22T11:43:36","slug":"elevacao-de-juros-pelo-bc-ja-em-setembro-entra-no-radar-do-mercado","status":"publish","type":"post","link":"https:\/\/dana.com.br\/canaldana\/2024\/08\/22\/elevacao-de-juros-pelo-bc-ja-em-setembro-entra-no-radar-do-mercado\/","title":{"rendered":"Eleva\u00e7\u00e3o de juros pelo BC j\u00e1 em setembro entra no radar do mercado"},"content":{"rendered":"<p><em>O Estado de S. Paulo <\/em><\/p>\n<p>&nbsp;<\/p>\n<p>Ap\u00f3s os \u00faltimos indicadores mostrarem uma economia aquecida e infla\u00e7\u00e3o se afastando do centro da meta (de 3%), cresce no mercado a expectativa de que a taxa b\u00e1sica de juros possa ser elevada j\u00e1 na pr\u00f3xima reuni\u00e3o do Comit\u00ea de Pol\u00edtica Monet\u00e1ria (Copom) do Banco Central, marcada para o pr\u00f3ximo m\u00eas.<\/p>\n<p>&nbsp;<\/p>\n<p>Levantamento do Proje\u00e7\u00f5es Broadcast com 58 institui\u00e7\u00f5es financeiras mostra que 22 delas (ou 38%) esperam aumento da Selic em setembro. No levantamento anterior, de 6 de agosto, apenas uma de 45 institui\u00e7\u00f5es ouvidas esperava alta j\u00e1 no pr\u00f3ximo m\u00eas.<\/p>\n<p>&nbsp;<\/p>\n<p>Al\u00e9m disso, chama a aten\u00e7\u00e3o o fato de que, dessas 22 institui\u00e7\u00f5es que esperam alta em setembro, tr\u00eas projetam aumento de 0,5 ponto porcentual \u2013 o que levaria a taxa de juros dos atuais 10,5% para 11% ao ano. As outras 19 estimam aumento de 0,25 ponto. As demais 36 institui\u00e7\u00f5es acreditam que a taxa n\u00e3o sofrer\u00e1 modifica\u00e7\u00e3o na pr\u00f3xima reuni\u00e3o.<\/p>\n<p>&nbsp;<\/p>\n<p>Outra mudan\u00e7a apontada \u00e9 em rela\u00e7\u00e3o \u00e0 Selic no fim de 2025. Na pesquisa anterior, a mediana das respostas mostrava taxa de 9,5% em dezembro do pr\u00f3ximo ano. Agora, esse n\u00famero subiu para 10%.<\/p>\n<p>&nbsp;<\/p>\n<p>A mudan\u00e7a no humor do mercado vem ap\u00f3s declara\u00e7\u00f5es em tom mais duro, ao longo das \u00faltimas semanas, do presidente do BC, Roberto Campos Neto, e do diretor de Pol\u00edtica Monet\u00e1ria da autarquia, Gabriel Gal\u00edpolo (apontado pelo mercado como prov\u00e1vel substituto de Campos Neto a partir de 2025). Indicadores como o IBC-Br (dado do BC que mede o n\u00edvel de atividade econ\u00f4mica) em junho, que veio mais forte do que o esperado pelo mercado, e o relat\u00f3rio Focus, que mostrou previs\u00e3o de infla\u00e7\u00e3o mais alta em 2024, refor\u00e7aram esse novo cen\u00e1rio.<\/p>\n<p>&nbsp;<\/p>\n<p>Institui\u00e7\u00f5es como XP Investimentos, BTG Pactual, Banco ABC Brasil, Banco BV e Banco Master est\u00e3o entre as que anteveem a retomada do ciclo de aperto monet\u00e1rio a partir de setembro. \u201cO que realmente nos fez mudar o cen\u00e1rio-base para a taxa Selic foi a recente comunica\u00e7\u00e3o dos membros do Copom\u201d, resumiu o time de economistas da XP, em relat\u00f3rio divulgado na segunda-feira. A corretora espera alta de 0,25 ponto em setembro, seguida nas reuni\u00f5es seguintes de duas eleva\u00e7\u00f5es de 0,50 ponto e uma \u00faltima de 0,25 ponto, com a Selic atingindo 12% no in\u00edcio do pr\u00f3ximo ano e ficando nesse n\u00edvel at\u00e9 o fim de 2025.<\/p>\n<p>&nbsp;<\/p>\n<p>A percep\u00e7\u00e3o \u00e9 corroborada pelo economista-chefe do Banco ABC Brasil, Daniel Xavier, que passou a projetar a retomada do aperto monet\u00e1rio em setembro. \u201cO principal \u2018driver\u2019 foram falas mais cautelosas de Gal\u00edpolo, de que a alta dos juros est\u00e1 na mesa do Copom.\u201d<\/p>\n<p>&nbsp;<\/p>\n<p>De outro lado, a economistachefe do Banco Inter, Rafaela Vit\u00f3ria, reconhece que h\u00e1 um risco de alta, mas avalia que o cen\u00e1rio econ\u00f4mico est\u00e1 mais benigno em compara\u00e7\u00e3o ao exposto na \u00faltima ata do Copom. \u201cO cen\u00e1rio n\u00e3o se deteriorou e n\u00e3o vemos deteriora\u00e7\u00e3o para justificar essa alta\u201d, afirma, citando menor press\u00e3o no c\u00e2mbio e o poss\u00edvel in\u00edcio de corte de juros b\u00e1sicos nos EUA. \u2022<\/p>\n<p>&nbsp;<\/p>\n<p>Sinais de economia aquecida e posi\u00e7\u00e3o de integrantes do BC levam mercado a rever proje\u00e7\u00f5es<\/p>\n<p>&nbsp;<\/p>\n<p>\u201cQuase todos\u201d os diretores do Fed, o banco central americano, julgaram que os dados da economia do pa\u00eds indicam que a infla\u00e7\u00e3o est\u00e1 convergindo para a meta de 2% ao ano, segundo a ata da \u00faltima reuni\u00e3o da autoridade monet\u00e1ria, em 30 e 31 de julho, divulgada ontem.<\/p>\n<p>&nbsp;<\/p>\n<p>O documento d\u00e1 ind\u00edcios de que o Fed deve come\u00e7ar a cortar a taxa b\u00e1sica de juros, hoje entre 5,25% e 5,50%, a maior em quase 25 anos, a partir do m\u00eas que vem. A pr\u00f3xima reuni\u00e3o ocorre nos dias 16 e 17 de setembro. A infla\u00e7\u00e3o, de acordo com o \u00edndice preferido do Fed, caiu de um pico anual de 7,1%, em 2022, para uma proje\u00e7\u00e3o de 2,9% neste m\u00eas.<\/p>\n<p>&nbsp;<\/p>\n<p>Um corte de juros nos EUA favorece o Brasil, pois investidores deixam de apostar em t\u00edtulos do tesouro americano, que s\u00e3o mais bem remunerados por juros mais altos l\u00e1, e passam a avaliar opera\u00e7\u00f5es em Bolsas em pa\u00edses emergentes.<\/p>\n<p>&nbsp;<\/p>\n<p>\u201cQuase todos os participantes (da reuni\u00e3o do Fed) observaram que os fatores que contribu\u00edram para a desinfla\u00e7\u00e3o recente, provavelmente, continuariam a exercer press\u00e3o para baixo sobre a infla\u00e7\u00e3o nos pr\u00f3ximos meses. Esses fatores inclu\u00edam um decl\u00ednio cont\u00ednuo do poder de precifica\u00e7\u00e3o, crescimento econ\u00f4mico moderado e diminui\u00e7\u00e3o do excesso de poupan\u00e7a familiar acumulado durante a pandemia\u201d, relata o documento.<\/p>\n<p>&nbsp;<\/p>\n<p>A ata traz uma pista de o que o presidente do Fed, Jerome Powell, deve dizer no encontro anual dos dirigentes de bancos centrais dos EUA, amanh\u00e3, em Jackson Hole, Wyoming. No pa\u00eds, o Fed tem 12 se\u00e7\u00f5es espalhadas pelos Estados \u2013 s\u00e3o esses dirigentes que v\u00e3o se reunir amanh\u00e3.<\/p>\n<p>&nbsp;<\/p>\n<p>\u201cMuitos participantes notaram que a modera\u00e7\u00e3o do crescimento dos custos trabalhistas \u00e0 medida que as condi\u00e7\u00f5es do mercado de trabalho se reequilibravam continuaria a contribuir para a desinfla\u00e7\u00e3o, particularmente, dos pre\u00e7os dos principais servi\u00e7os\u201d n\u00e3o relacionados \u00e0 habita\u00e7\u00e3o, como alugu\u00e9is.<\/p>\n<p>&nbsp;<\/p>\n<p>Conforme o documento, os diretores tamb\u00e9m observaram que as expectativas de infla\u00e7\u00e3o de longo prazo permaneciam ancoradas.<\/p>\n<p>&nbsp;<\/p>\n<p>De acordo com a ata do Fed, os dirigentes observaram que o crescimento real do Produto Interno Bruto (PIB) dos EUA foi s\u00f3lido no primeiro semestre do ano, embora mais lento do que o ritmo do segundo semestre do ano passado.<\/p>\n<p>&nbsp;<\/p>\n<p>No documento, o Fed citou que as compras dom\u00e9sticas pelas empresas, que geralmente d\u00e3o um sinal melhor do que o crescimento do PIB, tamb\u00e9m foram mais moderadas no primeiro semestre. DISCURSO. A maioria dos analistas avalia que Powell vai sinalizar em seu discurso de amanh\u00e3 que o Fed est\u00e1 confiante de que a infla\u00e7\u00e3o est\u00e1 voltando para sua meta de 2% e pode at\u00e9 dar alguma dica sobre quantos cortes de taxas poder\u00e3o acontecer at\u00e9 o fim deste ano. O mercado prev\u00ea que uma redu\u00e7\u00e3o de 0,25 ponto porcentual \u00e9 o mais prov\u00e1vel para setembro. (O Estado de S. Paulo\/Andr\u00e9 Marinho e Patricia Lara)<\/p>\n","protected":false},"excerpt":{"rendered":"<p>O Estado de S. Paulo &nbsp; Ap\u00f3s os \u00faltimos indicadores mostrarem uma economia aquecida e infla\u00e7\u00e3o se afastando do centro da meta (de 3%), cresce no mercado a expectativa de que a taxa b\u00e1sica de juros possa ser elevada j\u00e1 na pr\u00f3xima reuni\u00e3o do Comit\u00ea de Pol\u00edtica Monet\u00e1ria (Copom) do Banco Central, marcada para o\u2026 <a class=\"readmore\" href=\"https:\/\/dana.com.br\/canaldana\/2024\/08\/22\/elevacao-de-juros-pelo-bc-ja-em-setembro-entra-no-radar-do-mercado\/\">Leia mais \u00bb<\/a><\/p>\n","protected":false},"author":3,"featured_media":0,"comment_status":"closed","ping_status":"closed","sticky":false,"template":"","format":"standard","meta":{"_acf_changed":false,"footnotes":""},"categories":[79],"tags":[],"class_list":["post-75871","post","type-post","status-publish","format-standard","hentry","category-mercado"],"acf":[],"yoast_head":"<!-- This site is optimized with the Yoast SEO plugin v27.3 - https:\/\/yoast.com\/product\/yoast-seo-wordpress\/ -->\n<title>Eleva\u00e7\u00e3o de juros pelo BC j\u00e1 em setembro entra no radar do mercado - Canal Dana<\/title>\n<meta name=\"robots\" content=\"index, follow, max-snippet:-1, max-image-preview:large, max-video-preview:-1\" \/>\n<link rel=\"canonical\" href=\"https:\/\/dana.com.br\/canaldana\/2024\/08\/22\/elevacao-de-juros-pelo-bc-ja-em-setembro-entra-no-radar-do-mercado\/\" \/>\n<meta property=\"og:locale\" content=\"pt_BR\" \/>\n<meta property=\"og:type\" content=\"article\" \/>\n<meta property=\"og:title\" content=\"Eleva\u00e7\u00e3o de juros pelo BC j\u00e1 em setembro entra no radar do mercado - Canal Dana\" \/>\n<meta property=\"og:description\" content=\"O Estado de S. Paulo &nbsp; Ap\u00f3s os \u00faltimos indicadores mostrarem uma economia aquecida e infla\u00e7\u00e3o se afastando do centro da meta (de 3%), cresce no mercado a expectativa de que a taxa b\u00e1sica de juros possa ser elevada j\u00e1 na pr\u00f3xima reuni\u00e3o do Comit\u00ea de Pol\u00edtica Monet\u00e1ria (Copom) do Banco Central, marcada para o\u2026 Leia mais \u00bb\" \/>\n<meta property=\"og:url\" content=\"https:\/\/dana.com.br\/canaldana\/2024\/08\/22\/elevacao-de-juros-pelo-bc-ja-em-setembro-entra-no-radar-do-mercado\/\" \/>\n<meta property=\"og:site_name\" content=\"Canal Dana\" \/>\n<meta property=\"article:published_time\" content=\"2024-08-22T11:43:36+00:00\" \/>\n<meta name=\"author\" content=\"Canal Dana\" \/>\n<meta name=\"twitter:card\" content=\"summary_large_image\" \/>\n<meta name=\"twitter:label1\" content=\"Escrito por\" \/>\n\t<meta name=\"twitter:data1\" content=\"Canal Dana\" \/>\n\t<meta name=\"twitter:label2\" content=\"Est. tempo de leitura\" \/>\n\t<meta name=\"twitter:data2\" content=\"6 minutos\" \/>\n<script type=\"application\/ld+json\" class=\"yoast-schema-graph\">{\"@context\":\"https:\\\/\\\/schema.org\",\"@graph\":[{\"@type\":\"Article\",\"@id\":\"https:\\\/\\\/dana.com.br\\\/canaldana\\\/2024\\\/08\\\/22\\\/elevacao-de-juros-pelo-bc-ja-em-setembro-entra-no-radar-do-mercado\\\/#article\",\"isPartOf\":{\"@id\":\"https:\\\/\\\/dana.com.br\\\/canaldana\\\/2024\\\/08\\\/22\\\/elevacao-de-juros-pelo-bc-ja-em-setembro-entra-no-radar-do-mercado\\\/\"},\"author\":{\"name\":\"Canal Dana\",\"@id\":\"https:\\\/\\\/dana.com.br\\\/canaldana\\\/#\\\/schema\\\/person\\\/3c21f22f56fcf3bc46b94bc60ea4fef6\"},\"headline\":\"Eleva\u00e7\u00e3o de juros pelo BC j\u00e1 em setembro entra no radar do mercado\",\"datePublished\":\"2024-08-22T11:43:36+00:00\",\"mainEntityOfPage\":{\"@id\":\"https:\\\/\\\/dana.com.br\\\/canaldana\\\/2024\\\/08\\\/22\\\/elevacao-de-juros-pelo-bc-ja-em-setembro-entra-no-radar-do-mercado\\\/\"},\"wordCount\":1088,\"articleSection\":[\"Mercado\"],\"inLanguage\":\"pt-BR\"},{\"@type\":\"WebPage\",\"@id\":\"https:\\\/\\\/dana.com.br\\\/canaldana\\\/2024\\\/08\\\/22\\\/elevacao-de-juros-pelo-bc-ja-em-setembro-entra-no-radar-do-mercado\\\/\",\"url\":\"https:\\\/\\\/dana.com.br\\\/canaldana\\\/2024\\\/08\\\/22\\\/elevacao-de-juros-pelo-bc-ja-em-setembro-entra-no-radar-do-mercado\\\/\",\"name\":\"Eleva\u00e7\u00e3o de juros pelo BC j\u00e1 em setembro entra no radar do mercado - Canal Dana\",\"isPartOf\":{\"@id\":\"https:\\\/\\\/dana.com.br\\\/canaldana\\\/#website\"},\"datePublished\":\"2024-08-22T11:43:36+00:00\",\"author\":{\"@id\":\"https:\\\/\\\/dana.com.br\\\/canaldana\\\/#\\\/schema\\\/person\\\/3c21f22f56fcf3bc46b94bc60ea4fef6\"},\"breadcrumb\":{\"@id\":\"https:\\\/\\\/dana.com.br\\\/canaldana\\\/2024\\\/08\\\/22\\\/elevacao-de-juros-pelo-bc-ja-em-setembro-entra-no-radar-do-mercado\\\/#breadcrumb\"},\"inLanguage\":\"pt-BR\",\"potentialAction\":[{\"@type\":\"ReadAction\",\"target\":[\"https:\\\/\\\/dana.com.br\\\/canaldana\\\/2024\\\/08\\\/22\\\/elevacao-de-juros-pelo-bc-ja-em-setembro-entra-no-radar-do-mercado\\\/\"]}]},{\"@type\":\"BreadcrumbList\",\"@id\":\"https:\\\/\\\/dana.com.br\\\/canaldana\\\/2024\\\/08\\\/22\\\/elevacao-de-juros-pelo-bc-ja-em-setembro-entra-no-radar-do-mercado\\\/#breadcrumb\",\"itemListElement\":[{\"@type\":\"ListItem\",\"position\":1,\"name\":\"Home\",\"item\":\"https:\\\/\\\/dana.com.br\\\/canaldana\\\/\"},{\"@type\":\"ListItem\",\"position\":2,\"name\":\"Mercado\",\"item\":\"https:\\\/\\\/dana.com.br\\\/canaldana\\\/mercado\\\/\"},{\"@type\":\"ListItem\",\"position\":3,\"name\":\"Eleva\u00e7\u00e3o de juros pelo BC j\u00e1 em setembro entra no radar do mercado\"}]},{\"@type\":\"WebSite\",\"@id\":\"https:\\\/\\\/dana.com.br\\\/canaldana\\\/#website\",\"url\":\"https:\\\/\\\/dana.com.br\\\/canaldana\\\/\",\"name\":\"Canal Dana\",\"description\":\"Informativo com as principais not\u00edcias da ind\u00fastria automotiva\",\"potentialAction\":[{\"@type\":\"SearchAction\",\"target\":{\"@type\":\"EntryPoint\",\"urlTemplate\":\"https:\\\/\\\/dana.com.br\\\/canaldana\\\/?s={search_term_string}\"},\"query-input\":{\"@type\":\"PropertyValueSpecification\",\"valueRequired\":true,\"valueName\":\"search_term_string\"}}],\"inLanguage\":\"pt-BR\"},{\"@type\":\"Person\",\"@id\":\"https:\\\/\\\/dana.com.br\\\/canaldana\\\/#\\\/schema\\\/person\\\/3c21f22f56fcf3bc46b94bc60ea4fef6\",\"name\":\"Canal Dana\",\"image\":{\"@type\":\"ImageObject\",\"inLanguage\":\"pt-BR\",\"@id\":\"https:\\\/\\\/secure.gravatar.com\\\/avatar\\\/420aaf9278582877d9018637c6817617705899d2858d7572ef0fe59a6b6454b4?s=96&d=mm&r=g\",\"url\":\"https:\\\/\\\/secure.gravatar.com\\\/avatar\\\/420aaf9278582877d9018637c6817617705899d2858d7572ef0fe59a6b6454b4?s=96&d=mm&r=g\",\"contentUrl\":\"https:\\\/\\\/secure.gravatar.com\\\/avatar\\\/420aaf9278582877d9018637c6817617705899d2858d7572ef0fe59a6b6454b4?s=96&d=mm&r=g\",\"caption\":\"Canal Dana\"},\"url\":\"https:\\\/\\\/dana.com.br\\\/canaldana\\\/author\\\/cdeditor\\\/\"}]}<\/script>\n<!-- \/ Yoast SEO plugin. -->","yoast_head_json":{"title":"Eleva\u00e7\u00e3o de juros pelo BC j\u00e1 em setembro entra no radar do mercado - Canal Dana","robots":{"index":"index","follow":"follow","max-snippet":"max-snippet:-1","max-image-preview":"max-image-preview:large","max-video-preview":"max-video-preview:-1"},"canonical":"https:\/\/dana.com.br\/canaldana\/2024\/08\/22\/elevacao-de-juros-pelo-bc-ja-em-setembro-entra-no-radar-do-mercado\/","og_locale":"pt_BR","og_type":"article","og_title":"Eleva\u00e7\u00e3o de juros pelo BC j\u00e1 em setembro entra no radar do mercado - Canal Dana","og_description":"O Estado de S. Paulo &nbsp; Ap\u00f3s os \u00faltimos indicadores mostrarem uma economia aquecida e infla\u00e7\u00e3o se afastando do centro da meta (de 3%), cresce no mercado a expectativa de que a taxa b\u00e1sica de juros possa ser elevada j\u00e1 na pr\u00f3xima reuni\u00e3o do Comit\u00ea de Pol\u00edtica Monet\u00e1ria (Copom) do Banco Central, marcada para o\u2026 Leia mais \u00bb","og_url":"https:\/\/dana.com.br\/canaldana\/2024\/08\/22\/elevacao-de-juros-pelo-bc-ja-em-setembro-entra-no-radar-do-mercado\/","og_site_name":"Canal Dana","article_published_time":"2024-08-22T11:43:36+00:00","author":"Canal Dana","twitter_card":"summary_large_image","twitter_misc":{"Escrito por":"Canal Dana","Est. tempo de leitura":"6 minutos"},"schema":{"@context":"https:\/\/schema.org","@graph":[{"@type":"Article","@id":"https:\/\/dana.com.br\/canaldana\/2024\/08\/22\/elevacao-de-juros-pelo-bc-ja-em-setembro-entra-no-radar-do-mercado\/#article","isPartOf":{"@id":"https:\/\/dana.com.br\/canaldana\/2024\/08\/22\/elevacao-de-juros-pelo-bc-ja-em-setembro-entra-no-radar-do-mercado\/"},"author":{"name":"Canal Dana","@id":"https:\/\/dana.com.br\/canaldana\/#\/schema\/person\/3c21f22f56fcf3bc46b94bc60ea4fef6"},"headline":"Eleva\u00e7\u00e3o de juros pelo BC j\u00e1 em setembro entra no radar do mercado","datePublished":"2024-08-22T11:43:36+00:00","mainEntityOfPage":{"@id":"https:\/\/dana.com.br\/canaldana\/2024\/08\/22\/elevacao-de-juros-pelo-bc-ja-em-setembro-entra-no-radar-do-mercado\/"},"wordCount":1088,"articleSection":["Mercado"],"inLanguage":"pt-BR"},{"@type":"WebPage","@id":"https:\/\/dana.com.br\/canaldana\/2024\/08\/22\/elevacao-de-juros-pelo-bc-ja-em-setembro-entra-no-radar-do-mercado\/","url":"https:\/\/dana.com.br\/canaldana\/2024\/08\/22\/elevacao-de-juros-pelo-bc-ja-em-setembro-entra-no-radar-do-mercado\/","name":"Eleva\u00e7\u00e3o de juros pelo BC j\u00e1 em setembro entra no radar do mercado - Canal Dana","isPartOf":{"@id":"https:\/\/dana.com.br\/canaldana\/#website"},"datePublished":"2024-08-22T11:43:36+00:00","author":{"@id":"https:\/\/dana.com.br\/canaldana\/#\/schema\/person\/3c21f22f56fcf3bc46b94bc60ea4fef6"},"breadcrumb":{"@id":"https:\/\/dana.com.br\/canaldana\/2024\/08\/22\/elevacao-de-juros-pelo-bc-ja-em-setembro-entra-no-radar-do-mercado\/#breadcrumb"},"inLanguage":"pt-BR","potentialAction":[{"@type":"ReadAction","target":["https:\/\/dana.com.br\/canaldana\/2024\/08\/22\/elevacao-de-juros-pelo-bc-ja-em-setembro-entra-no-radar-do-mercado\/"]}]},{"@type":"BreadcrumbList","@id":"https:\/\/dana.com.br\/canaldana\/2024\/08\/22\/elevacao-de-juros-pelo-bc-ja-em-setembro-entra-no-radar-do-mercado\/#breadcrumb","itemListElement":[{"@type":"ListItem","position":1,"name":"Home","item":"https:\/\/dana.com.br\/canaldana\/"},{"@type":"ListItem","position":2,"name":"Mercado","item":"https:\/\/dana.com.br\/canaldana\/mercado\/"},{"@type":"ListItem","position":3,"name":"Eleva\u00e7\u00e3o de juros pelo BC j\u00e1 em setembro entra no radar do mercado"}]},{"@type":"WebSite","@id":"https:\/\/dana.com.br\/canaldana\/#website","url":"https:\/\/dana.com.br\/canaldana\/","name":"Canal Dana","description":"Informativo com as principais not\u00edcias da ind\u00fastria automotiva","potentialAction":[{"@type":"SearchAction","target":{"@type":"EntryPoint","urlTemplate":"https:\/\/dana.com.br\/canaldana\/?s={search_term_string}"},"query-input":{"@type":"PropertyValueSpecification","valueRequired":true,"valueName":"search_term_string"}}],"inLanguage":"pt-BR"},{"@type":"Person","@id":"https:\/\/dana.com.br\/canaldana\/#\/schema\/person\/3c21f22f56fcf3bc46b94bc60ea4fef6","name":"Canal Dana","image":{"@type":"ImageObject","inLanguage":"pt-BR","@id":"https:\/\/secure.gravatar.com\/avatar\/420aaf9278582877d9018637c6817617705899d2858d7572ef0fe59a6b6454b4?s=96&d=mm&r=g","url":"https:\/\/secure.gravatar.com\/avatar\/420aaf9278582877d9018637c6817617705899d2858d7572ef0fe59a6b6454b4?s=96&d=mm&r=g","contentUrl":"https:\/\/secure.gravatar.com\/avatar\/420aaf9278582877d9018637c6817617705899d2858d7572ef0fe59a6b6454b4?s=96&d=mm&r=g","caption":"Canal Dana"},"url":"https:\/\/dana.com.br\/canaldana\/author\/cdeditor\/"}]}},"_links":{"self":[{"href":"https:\/\/dana.com.br\/canaldana\/wp-json\/wp\/v2\/posts\/75871","targetHints":{"allow":["GET"]}}],"collection":[{"href":"https:\/\/dana.com.br\/canaldana\/wp-json\/wp\/v2\/posts"}],"about":[{"href":"https:\/\/dana.com.br\/canaldana\/wp-json\/wp\/v2\/types\/post"}],"author":[{"embeddable":true,"href":"https:\/\/dana.com.br\/canaldana\/wp-json\/wp\/v2\/users\/3"}],"replies":[{"embeddable":true,"href":"https:\/\/dana.com.br\/canaldana\/wp-json\/wp\/v2\/comments?post=75871"}],"version-history":[{"count":1,"href":"https:\/\/dana.com.br\/canaldana\/wp-json\/wp\/v2\/posts\/75871\/revisions"}],"predecessor-version":[{"id":75872,"href":"https:\/\/dana.com.br\/canaldana\/wp-json\/wp\/v2\/posts\/75871\/revisions\/75872"}],"wp:attachment":[{"href":"https:\/\/dana.com.br\/canaldana\/wp-json\/wp\/v2\/media?parent=75871"}],"wp:term":[{"taxonomy":"category","embeddable":true,"href":"https:\/\/dana.com.br\/canaldana\/wp-json\/wp\/v2\/categories?post=75871"},{"taxonomy":"post_tag","embeddable":true,"href":"https:\/\/dana.com.br\/canaldana\/wp-json\/wp\/v2\/tags?post=75871"}],"curies":[{"name":"wp","href":"https:\/\/api.w.org\/{rel}","templated":true}]}}