{"id":75869,"date":"2024-08-22T08:42:41","date_gmt":"2024-08-22T11:42:41","guid":{"rendered":"https:\/\/dana.com.br\/canaldana\/?p=75869"},"modified":"2024-08-22T08:42:41","modified_gmt":"2024-08-22T11:42:41","slug":"montadoras-seguem-na-expectativa-da-definicao-do-ipi-verde","status":"publish","type":"post","link":"https:\/\/dana.com.br\/canaldana\/2024\/08\/22\/montadoras-seguem-na-expectativa-da-definicao-do-ipi-verde\/","title":{"rendered":"Montadoras seguem na expectativa da defini\u00e7\u00e3o do IPI Verde"},"content":{"rendered":"<p><em>AutoInd\u00fastria <\/em><\/p>\n<p>&nbsp;<\/p>\n<p>A ind\u00fastria automotiva segue na expectativa quanto \u00e0 defini\u00e7\u00e3o dos termos do decreto referente ao IPI Verde, prometida pelo vice-presidente e titular do MDIC, Desenvolvimento, Ind\u00fastria, Com\u00e9rcio e Servi\u00e7os, Geraldo Alckmin, para a primeira quinzena de agosto.<\/p>\n<p>&nbsp;<\/p>\n<p>O tema foi um dos debatidos no F\u00f3rum Quatro Rodas Dire\u00e7\u00f5es \u2013 Descarboniza\u00e7\u00e3o, promovido pela publica\u00e7\u00e3o na manh\u00e3 desta ter\u00e7a-feira, 20, com participa\u00e7\u00e3o de representantes da Anfavea, da ABVE, Associa\u00e7\u00e3o Brasileira do Ve\u00edculo El\u00e9trico, e das montadoras GWM, Renault, Stellantis, Toyota, Volkswagen e Volvo, al\u00e9m do dirigente da Enel Xe.<\/p>\n<p>&nbsp;<\/p>\n<p>Foram tr\u00eas blocos de debates, um sobre etanol, outro sobre carro el\u00e9trico e, por fim, sobre h\u00edbridos. A quest\u00e3o do IPI Verde foi abordada no \u00faltimo painel, que teve a participa\u00e7\u00e3o de Henry Joseph Jr., diretor t\u00e9cnico da Anfavea, Ricardo Gondo, presidente da Renault do Brasil, e Roberto Braun, diretor de Comunica\u00e7\u00e3o da Toyota.<\/p>\n<p>&nbsp;<\/p>\n<p>\u201cO IPI Verde foi debatido em v\u00e1rias reuni\u00f5es das quais participamos, mas n\u00e3o sabemos exatamente o que vai ser publicado. Estamos aguardando o decreto\u201d, comentou Joseph Jr., lembrando que em paralelo ao IPI Verde est\u00e1 sendo discutido o Imposto Seletivo, aquele que coloca os carros no mesmo bloco de bebidas e cigarros.<\/p>\n<p>&nbsp;<\/p>\n<p>Na avalia\u00e7\u00e3o do diretor t\u00e9cnico da Anfavea, \u00e9 essencial que a quest\u00e3o da descarboniza\u00e7\u00e3o, prevista no IPI Verde, tamb\u00e9m seja considerada no Imposto Seletitvo, previsto na reforma tribut\u00e1ria: \u201cO pr\u00f3prio Mover fala em tributa\u00e7\u00e3o mais sustent\u00e1vel a partir de 2027. \u00c9 nesse contexto que esperamos que o h\u00edbrido seja devidamente contemplado\u201d.<\/p>\n<p>&nbsp;<\/p>\n<p>Gondo, da Renault, lembrou que h\u00e1 modelos \u00e0 combust\u00e3o, como o Kwid, que s\u00e3o econ\u00f4micos por serem mais leves. O executivo insistiu em suas falas sobre a import\u00e2ncia de o Pa\u00eds ter carros 0 km acess\u00edveis ao bolso do brasileiro, pois sem volume de mercado n\u00e3o h\u00e1 investimento.<\/p>\n<p>&nbsp;<\/p>\n<p>\u201cSem contar que \u00e9 fundamental renovar a frota brasileira para que o Pa\u00eds realmente trilhe o caminho da descarboniza\u00e7\u00e3o\u201d, destacou o presidente da Renault, que n\u00e3o revelou data de lan\u00e7amentos de modelos h\u00edbridos da marca no Brasil.<\/p>\n<p>&nbsp;<\/p>\n<p>Tamb\u00e9m o diretor da Toyota, Roberto Braun, nada quis adiantar sobre os dois novos modelos h\u00edbridos programados pela montadora para o mercado local. A marca japonesa foi pioneira no h\u00edbrido flex, inicialmente com o Corolla e depois com o Corolla Cross Flex, que tem tido sucesso o Pa\u00eds.<\/p>\n<p>&nbsp;<\/p>\n<p><strong>Etanol e carregamento dos el\u00e9tricos<\/strong><\/p>\n<p>&nbsp;<\/p>\n<p>No primeiro bloco do f\u00f3rum, com o tema \u201cO protagonismo do etanol no futuro da mobilidade brasileira\u201d,\u00a0 Jo\u00e3o Irineu, vice-presidente da Stellantis Am\u00e9rica do Sul, voltou a enfatizar a import\u00e2ncia do biocombust\u00edvel brasileiro no processo local e tamb\u00e9m mundial da descarboniza\u00e7\u00e3o: \u201cPoucos pa\u00edses t\u00eam frota igual a nossa. \u00c9 uma das de menor baixo carbono do mundo\u201d, enfatizou.<\/p>\n<p>&nbsp;<\/p>\n<p>Roger Guilherme, gerente do WAY to Zero Center da VW do Brasil, defendeu a necessidade de haver mais comunica\u00e7\u00e3o sobre os benef\u00edcios do etanol para o meio ambiente.<\/p>\n<p>&nbsp;<\/p>\n<p>Nesse contexto, foi colocada a import\u00e2ncia de se acabar com alguns mitos relativos ao nosso biocombust\u00edvel, como os referentes a eventuais problemas de partida e danos ao motor. \u201cEst\u00e1 tudo superado e \u00e9 preciso mudar a mentalidade do brasileiro\u201d, comentou Jo\u00e3o Irineu.<\/p>\n<p>&nbsp;<\/p>\n<p>No bloco sobre \u201cA rela\u00e7\u00e3o do brasileiro com o carro el\u00e9trico e os novos desafios\u201d, o principal foco foi a infraestrutura local de abastecimento.<\/p>\n<p>&nbsp;<\/p>\n<p>Ricardo Bastos, da ABVE, falou da necessidade de profissionaliza\u00e7\u00e3o nessa \u00e1rea para dar total tranquilidade aos propriet\u00e1rios dos modelos eletrificados. \u201cN\u00e3o tem energia de gra\u00e7a, \u00e9 natural que a cobran\u00e7a fa\u00e7a parte do processo de amplia\u00e7\u00e3o dos pontos de abastecimento no Pa\u00eds. Certo \u00e9 que o quil\u00f4metro rodado do carro el\u00e9trico \u00e9 muito mais barato, assim com a manuten\u00e7\u00e3o\u201d.<\/p>\n<p>&nbsp;<\/p>\n<p>Tanto Bastos como Guilherme Galhardo, head de eletrifica\u00e7\u00e3o da Volvo Cars, destacaram o baix\u00edssimo \u00edndice de problemas com baterias dos carros el\u00e9tricos j\u00e1 em uso no Brasil: \u201cEsse era uma preocupa\u00e7\u00e3o antes, mas hoje j\u00e1 podemos falar que \u00e9 um problema praticamente inexistente. No nosso caso, o \u00edndice\u00a0 \u00e9 de apenas 0,8\u201d. (AutoInd\u00fastria\/Alzira Rodrigues)<\/p>\n","protected":false},"excerpt":{"rendered":"<p>AutoInd\u00fastria &nbsp; A ind\u00fastria automotiva segue na expectativa quanto \u00e0 defini\u00e7\u00e3o dos termos do decreto referente ao IPI Verde, prometida pelo vice-presidente e titular do MDIC, Desenvolvimento, Ind\u00fastria, Com\u00e9rcio e Servi\u00e7os, Geraldo Alckmin, para a primeira quinzena de agosto. &nbsp; O tema foi um dos debatidos no F\u00f3rum Quatro Rodas Dire\u00e7\u00f5es \u2013 Descarboniza\u00e7\u00e3o, promovido pela\u2026 <a class=\"readmore\" href=\"https:\/\/dana.com.br\/canaldana\/2024\/08\/22\/montadoras-seguem-na-expectativa-da-definicao-do-ipi-verde\/\">Leia mais \u00bb<\/a><\/p>\n","protected":false},"author":3,"featured_media":0,"comment_status":"closed","ping_status":"closed","sticky":false,"template":"","format":"standard","meta":{"_acf_changed":false,"footnotes":""},"categories":[79],"tags":[],"class_list":["post-75869","post","type-post","status-publish","format-standard","hentry","category-mercado"],"acf":[],"yoast_head":"<!-- This site is optimized with the Yoast SEO plugin v27.3 - https:\/\/yoast.com\/product\/yoast-seo-wordpress\/ -->\n<title>Montadoras seguem na expectativa da defini\u00e7\u00e3o do IPI Verde - Canal Dana<\/title>\n<meta name=\"robots\" content=\"index, follow, max-snippet:-1, max-image-preview:large, max-video-preview:-1\" \/>\n<link rel=\"canonical\" href=\"https:\/\/dana.com.br\/canaldana\/2024\/08\/22\/montadoras-seguem-na-expectativa-da-definicao-do-ipi-verde\/\" \/>\n<meta property=\"og:locale\" content=\"pt_BR\" \/>\n<meta property=\"og:type\" content=\"article\" \/>\n<meta property=\"og:title\" content=\"Montadoras seguem na expectativa da defini\u00e7\u00e3o do IPI Verde - Canal Dana\" \/>\n<meta property=\"og:description\" content=\"AutoInd\u00fastria &nbsp; A ind\u00fastria automotiva segue na expectativa quanto \u00e0 defini\u00e7\u00e3o dos termos do decreto referente ao IPI Verde, prometida pelo vice-presidente e titular do MDIC, Desenvolvimento, Ind\u00fastria, Com\u00e9rcio e Servi\u00e7os, Geraldo Alckmin, para a primeira quinzena de agosto. &nbsp; O tema foi um dos debatidos no F\u00f3rum Quatro Rodas Dire\u00e7\u00f5es \u2013 Descarboniza\u00e7\u00e3o, promovido pela\u2026 Leia mais \u00bb\" \/>\n<meta property=\"og:url\" content=\"https:\/\/dana.com.br\/canaldana\/2024\/08\/22\/montadoras-seguem-na-expectativa-da-definicao-do-ipi-verde\/\" \/>\n<meta property=\"og:site_name\" content=\"Canal Dana\" \/>\n<meta property=\"article:published_time\" content=\"2024-08-22T11:42:41+00:00\" \/>\n<meta name=\"author\" content=\"Canal Dana\" \/>\n<meta name=\"twitter:card\" content=\"summary_large_image\" \/>\n<meta name=\"twitter:label1\" content=\"Escrito por\" \/>\n\t<meta name=\"twitter:data1\" content=\"Canal Dana\" \/>\n\t<meta name=\"twitter:label2\" content=\"Est. tempo de leitura\" \/>\n\t<meta name=\"twitter:data2\" content=\"4 minutos\" \/>\n<script type=\"application\/ld+json\" class=\"yoast-schema-graph\">{\"@context\":\"https:\\\/\\\/schema.org\",\"@graph\":[{\"@type\":\"Article\",\"@id\":\"https:\\\/\\\/dana.com.br\\\/canaldana\\\/2024\\\/08\\\/22\\\/montadoras-seguem-na-expectativa-da-definicao-do-ipi-verde\\\/#article\",\"isPartOf\":{\"@id\":\"https:\\\/\\\/dana.com.br\\\/canaldana\\\/2024\\\/08\\\/22\\\/montadoras-seguem-na-expectativa-da-definicao-do-ipi-verde\\\/\"},\"author\":{\"name\":\"Canal Dana\",\"@id\":\"https:\\\/\\\/dana.com.br\\\/canaldana\\\/#\\\/schema\\\/person\\\/3c21f22f56fcf3bc46b94bc60ea4fef6\"},\"headline\":\"Montadoras seguem na expectativa da defini\u00e7\u00e3o do IPI Verde\",\"datePublished\":\"2024-08-22T11:42:41+00:00\",\"mainEntityOfPage\":{\"@id\":\"https:\\\/\\\/dana.com.br\\\/canaldana\\\/2024\\\/08\\\/22\\\/montadoras-seguem-na-expectativa-da-definicao-do-ipi-verde\\\/\"},\"wordCount\":742,\"articleSection\":[\"Mercado\"],\"inLanguage\":\"pt-BR\"},{\"@type\":\"WebPage\",\"@id\":\"https:\\\/\\\/dana.com.br\\\/canaldana\\\/2024\\\/08\\\/22\\\/montadoras-seguem-na-expectativa-da-definicao-do-ipi-verde\\\/\",\"url\":\"https:\\\/\\\/dana.com.br\\\/canaldana\\\/2024\\\/08\\\/22\\\/montadoras-seguem-na-expectativa-da-definicao-do-ipi-verde\\\/\",\"name\":\"Montadoras seguem na expectativa da defini\u00e7\u00e3o do IPI Verde - Canal Dana\",\"isPartOf\":{\"@id\":\"https:\\\/\\\/dana.com.br\\\/canaldana\\\/#website\"},\"datePublished\":\"2024-08-22T11:42:41+00:00\",\"author\":{\"@id\":\"https:\\\/\\\/dana.com.br\\\/canaldana\\\/#\\\/schema\\\/person\\\/3c21f22f56fcf3bc46b94bc60ea4fef6\"},\"breadcrumb\":{\"@id\":\"https:\\\/\\\/dana.com.br\\\/canaldana\\\/2024\\\/08\\\/22\\\/montadoras-seguem-na-expectativa-da-definicao-do-ipi-verde\\\/#breadcrumb\"},\"inLanguage\":\"pt-BR\",\"potentialAction\":[{\"@type\":\"ReadAction\",\"target\":[\"https:\\\/\\\/dana.com.br\\\/canaldana\\\/2024\\\/08\\\/22\\\/montadoras-seguem-na-expectativa-da-definicao-do-ipi-verde\\\/\"]}]},{\"@type\":\"BreadcrumbList\",\"@id\":\"https:\\\/\\\/dana.com.br\\\/canaldana\\\/2024\\\/08\\\/22\\\/montadoras-seguem-na-expectativa-da-definicao-do-ipi-verde\\\/#breadcrumb\",\"itemListElement\":[{\"@type\":\"ListItem\",\"position\":1,\"name\":\"Home\",\"item\":\"https:\\\/\\\/dana.com.br\\\/canaldana\\\/\"},{\"@type\":\"ListItem\",\"position\":2,\"name\":\"Mercado\",\"item\":\"https:\\\/\\\/dana.com.br\\\/canaldana\\\/mercado\\\/\"},{\"@type\":\"ListItem\",\"position\":3,\"name\":\"Montadoras seguem na expectativa da defini\u00e7\u00e3o do IPI Verde\"}]},{\"@type\":\"WebSite\",\"@id\":\"https:\\\/\\\/dana.com.br\\\/canaldana\\\/#website\",\"url\":\"https:\\\/\\\/dana.com.br\\\/canaldana\\\/\",\"name\":\"Canal Dana\",\"description\":\"Informativo com as principais not\u00edcias da ind\u00fastria automotiva\",\"potentialAction\":[{\"@type\":\"SearchAction\",\"target\":{\"@type\":\"EntryPoint\",\"urlTemplate\":\"https:\\\/\\\/dana.com.br\\\/canaldana\\\/?s={search_term_string}\"},\"query-input\":{\"@type\":\"PropertyValueSpecification\",\"valueRequired\":true,\"valueName\":\"search_term_string\"}}],\"inLanguage\":\"pt-BR\"},{\"@type\":\"Person\",\"@id\":\"https:\\\/\\\/dana.com.br\\\/canaldana\\\/#\\\/schema\\\/person\\\/3c21f22f56fcf3bc46b94bc60ea4fef6\",\"name\":\"Canal Dana\",\"image\":{\"@type\":\"ImageObject\",\"inLanguage\":\"pt-BR\",\"@id\":\"https:\\\/\\\/secure.gravatar.com\\\/avatar\\\/420aaf9278582877d9018637c6817617705899d2858d7572ef0fe59a6b6454b4?s=96&d=mm&r=g\",\"url\":\"https:\\\/\\\/secure.gravatar.com\\\/avatar\\\/420aaf9278582877d9018637c6817617705899d2858d7572ef0fe59a6b6454b4?s=96&d=mm&r=g\",\"contentUrl\":\"https:\\\/\\\/secure.gravatar.com\\\/avatar\\\/420aaf9278582877d9018637c6817617705899d2858d7572ef0fe59a6b6454b4?s=96&d=mm&r=g\",\"caption\":\"Canal Dana\"},\"url\":\"https:\\\/\\\/dana.com.br\\\/canaldana\\\/author\\\/cdeditor\\\/\"}]}<\/script>\n<!-- \/ Yoast SEO plugin. -->","yoast_head_json":{"title":"Montadoras seguem na expectativa da defini\u00e7\u00e3o do IPI Verde - Canal Dana","robots":{"index":"index","follow":"follow","max-snippet":"max-snippet:-1","max-image-preview":"max-image-preview:large","max-video-preview":"max-video-preview:-1"},"canonical":"https:\/\/dana.com.br\/canaldana\/2024\/08\/22\/montadoras-seguem-na-expectativa-da-definicao-do-ipi-verde\/","og_locale":"pt_BR","og_type":"article","og_title":"Montadoras seguem na expectativa da defini\u00e7\u00e3o do IPI Verde - Canal Dana","og_description":"AutoInd\u00fastria &nbsp; A ind\u00fastria automotiva segue na expectativa quanto \u00e0 defini\u00e7\u00e3o dos termos do decreto referente ao IPI Verde, prometida pelo vice-presidente e titular do MDIC, Desenvolvimento, Ind\u00fastria, Com\u00e9rcio e Servi\u00e7os, Geraldo Alckmin, para a primeira quinzena de agosto. &nbsp; O tema foi um dos debatidos no F\u00f3rum Quatro Rodas Dire\u00e7\u00f5es \u2013 Descarboniza\u00e7\u00e3o, promovido pela\u2026 Leia mais \u00bb","og_url":"https:\/\/dana.com.br\/canaldana\/2024\/08\/22\/montadoras-seguem-na-expectativa-da-definicao-do-ipi-verde\/","og_site_name":"Canal Dana","article_published_time":"2024-08-22T11:42:41+00:00","author":"Canal Dana","twitter_card":"summary_large_image","twitter_misc":{"Escrito por":"Canal Dana","Est. tempo de leitura":"4 minutos"},"schema":{"@context":"https:\/\/schema.org","@graph":[{"@type":"Article","@id":"https:\/\/dana.com.br\/canaldana\/2024\/08\/22\/montadoras-seguem-na-expectativa-da-definicao-do-ipi-verde\/#article","isPartOf":{"@id":"https:\/\/dana.com.br\/canaldana\/2024\/08\/22\/montadoras-seguem-na-expectativa-da-definicao-do-ipi-verde\/"},"author":{"name":"Canal Dana","@id":"https:\/\/dana.com.br\/canaldana\/#\/schema\/person\/3c21f22f56fcf3bc46b94bc60ea4fef6"},"headline":"Montadoras seguem na expectativa da defini\u00e7\u00e3o do IPI Verde","datePublished":"2024-08-22T11:42:41+00:00","mainEntityOfPage":{"@id":"https:\/\/dana.com.br\/canaldana\/2024\/08\/22\/montadoras-seguem-na-expectativa-da-definicao-do-ipi-verde\/"},"wordCount":742,"articleSection":["Mercado"],"inLanguage":"pt-BR"},{"@type":"WebPage","@id":"https:\/\/dana.com.br\/canaldana\/2024\/08\/22\/montadoras-seguem-na-expectativa-da-definicao-do-ipi-verde\/","url":"https:\/\/dana.com.br\/canaldana\/2024\/08\/22\/montadoras-seguem-na-expectativa-da-definicao-do-ipi-verde\/","name":"Montadoras seguem na expectativa da defini\u00e7\u00e3o do IPI Verde - Canal Dana","isPartOf":{"@id":"https:\/\/dana.com.br\/canaldana\/#website"},"datePublished":"2024-08-22T11:42:41+00:00","author":{"@id":"https:\/\/dana.com.br\/canaldana\/#\/schema\/person\/3c21f22f56fcf3bc46b94bc60ea4fef6"},"breadcrumb":{"@id":"https:\/\/dana.com.br\/canaldana\/2024\/08\/22\/montadoras-seguem-na-expectativa-da-definicao-do-ipi-verde\/#breadcrumb"},"inLanguage":"pt-BR","potentialAction":[{"@type":"ReadAction","target":["https:\/\/dana.com.br\/canaldana\/2024\/08\/22\/montadoras-seguem-na-expectativa-da-definicao-do-ipi-verde\/"]}]},{"@type":"BreadcrumbList","@id":"https:\/\/dana.com.br\/canaldana\/2024\/08\/22\/montadoras-seguem-na-expectativa-da-definicao-do-ipi-verde\/#breadcrumb","itemListElement":[{"@type":"ListItem","position":1,"name":"Home","item":"https:\/\/dana.com.br\/canaldana\/"},{"@type":"ListItem","position":2,"name":"Mercado","item":"https:\/\/dana.com.br\/canaldana\/mercado\/"},{"@type":"ListItem","position":3,"name":"Montadoras seguem na expectativa da defini\u00e7\u00e3o do IPI Verde"}]},{"@type":"WebSite","@id":"https:\/\/dana.com.br\/canaldana\/#website","url":"https:\/\/dana.com.br\/canaldana\/","name":"Canal Dana","description":"Informativo com as principais not\u00edcias da ind\u00fastria automotiva","potentialAction":[{"@type":"SearchAction","target":{"@type":"EntryPoint","urlTemplate":"https:\/\/dana.com.br\/canaldana\/?s={search_term_string}"},"query-input":{"@type":"PropertyValueSpecification","valueRequired":true,"valueName":"search_term_string"}}],"inLanguage":"pt-BR"},{"@type":"Person","@id":"https:\/\/dana.com.br\/canaldana\/#\/schema\/person\/3c21f22f56fcf3bc46b94bc60ea4fef6","name":"Canal Dana","image":{"@type":"ImageObject","inLanguage":"pt-BR","@id":"https:\/\/secure.gravatar.com\/avatar\/420aaf9278582877d9018637c6817617705899d2858d7572ef0fe59a6b6454b4?s=96&d=mm&r=g","url":"https:\/\/secure.gravatar.com\/avatar\/420aaf9278582877d9018637c6817617705899d2858d7572ef0fe59a6b6454b4?s=96&d=mm&r=g","contentUrl":"https:\/\/secure.gravatar.com\/avatar\/420aaf9278582877d9018637c6817617705899d2858d7572ef0fe59a6b6454b4?s=96&d=mm&r=g","caption":"Canal Dana"},"url":"https:\/\/dana.com.br\/canaldana\/author\/cdeditor\/"}]}},"_links":{"self":[{"href":"https:\/\/dana.com.br\/canaldana\/wp-json\/wp\/v2\/posts\/75869","targetHints":{"allow":["GET"]}}],"collection":[{"href":"https:\/\/dana.com.br\/canaldana\/wp-json\/wp\/v2\/posts"}],"about":[{"href":"https:\/\/dana.com.br\/canaldana\/wp-json\/wp\/v2\/types\/post"}],"author":[{"embeddable":true,"href":"https:\/\/dana.com.br\/canaldana\/wp-json\/wp\/v2\/users\/3"}],"replies":[{"embeddable":true,"href":"https:\/\/dana.com.br\/canaldana\/wp-json\/wp\/v2\/comments?post=75869"}],"version-history":[{"count":1,"href":"https:\/\/dana.com.br\/canaldana\/wp-json\/wp\/v2\/posts\/75869\/revisions"}],"predecessor-version":[{"id":75870,"href":"https:\/\/dana.com.br\/canaldana\/wp-json\/wp\/v2\/posts\/75869\/revisions\/75870"}],"wp:attachment":[{"href":"https:\/\/dana.com.br\/canaldana\/wp-json\/wp\/v2\/media?parent=75869"}],"wp:term":[{"taxonomy":"category","embeddable":true,"href":"https:\/\/dana.com.br\/canaldana\/wp-json\/wp\/v2\/categories?post=75869"},{"taxonomy":"post_tag","embeddable":true,"href":"https:\/\/dana.com.br\/canaldana\/wp-json\/wp\/v2\/tags?post=75869"}],"curies":[{"name":"wp","href":"https:\/\/api.w.org\/{rel}","templated":true}]}}