{"id":75639,"date":"2024-08-13T08:38:12","date_gmt":"2024-08-13T11:38:12","guid":{"rendered":"https:\/\/dana.com.br\/canaldana\/?p=75639"},"modified":"2024-08-13T08:38:12","modified_gmt":"2024-08-13T11:38:12","slug":"nas-montadoras-nivel-de-emprego-e-o-maior-desde-abril-de-2021","status":"publish","type":"post","link":"https:\/\/dana.com.br\/canaldana\/2024\/08\/13\/nas-montadoras-nivel-de-emprego-e-o-maior-desde-abril-de-2021\/","title":{"rendered":"Nas montadoras, n\u00edvel de emprego \u00e9 o maior desde abril de 2021"},"content":{"rendered":"<p><em>AutoInd\u00fastria<\/em><\/p>\n<p>&nbsp;<\/p>\n<p>Ao divulgar balan\u00e7o do setor automotivo em julho, com n\u00fameros positivos em vendas e produ\u00e7\u00e3o, o presidente da Anfavea, M\u00e1rcio de Lima Leite, fez quest\u00e3o de ressaltar o n\u00edvel de emprego nas montadoras de ve\u00edculos leves e pesados, que atingiu 104,6 mil postos.<\/p>\n<p>&nbsp;<\/p>\n<p>Tomando por base os 98,9 mil empregos de dezembro de 2023, s\u00e3o 5,7 mil contrata\u00e7\u00f5es no ano. \u201c\u00c9 uma not\u00edcia importante. Considerando que a cada 1 emprego na montadora s\u00e3o gerados outros dez, podemos falar em mais de 50 mil postos de trabalho gerados na cadeia automotiva como um todo este ano\u201d, explicou o executivo.<\/p>\n<p>&nbsp;<\/p>\n<p>\u00c9 realmente um dado relevante. Pelo balan\u00e7o da Anfavea, desde abril de 2021 as montadoras de ve\u00edculos n\u00e3o atingiram o n\u00famero de empregos de julho. Naquele m\u00eas eram 104,7 mil funcion\u00e1rios, n\u00edvel que foi baixando gradativamente com oscila\u00e7\u00f5es ao longo do tempo que acabaram em um patamar abaixo de 100 mil exatamente h\u00e1 um ano, em meados de 2023.<\/p>\n<p>&nbsp;<\/p>\n<p>Ao falar dos empregos, Lima Leite deixou claro serem dados apenas das fabricantes de ve\u00edculos, sem contemplar os das f\u00e1bricas de m\u00e1quinas agr\u00edcolas e rodovi\u00e1rias, e destacou que o balan\u00e7o \u00e9 coerente com os investimentos acima de R$ 130 bilh\u00f5es anunciados pelas montadoras at\u00e9 o final da d\u00e9cada.<\/p>\n<p>&nbsp;<\/p>\n<p>De qualquer forma, o presidente da Anfavea voltou a falar da preocupa\u00e7\u00e3o com a alta das importa\u00e7\u00f5es, principalmente de eletrificados chineses, que vem impedindo desempenho melhor da venda de modelos nacionais e uma alta da produ\u00e7\u00e3o proporcional \u00e0s melhorias do mercado dom\u00e9stico.<\/p>\n<p>&nbsp;<\/p>\n<p>Enquanto os emplacamentos tiveram expans\u00e3o de 13,7% no acumulado do ano, de 1,224 milh\u00e3o de unidades nos primeiros sete meses do ano passado para 1,385 milh\u00e3o no mesmo per\u00edodo de 2024, a produ\u00e7\u00e3o subiu apenas 5,3%, de 1,315\u00a0 milh\u00e3o para 1,385 milh\u00e3o.<\/p>\n<p>&nbsp;<\/p>\n<p>Um dado puxado principalmente pelo desempenho de julho, que com 23 dias \u00fateis, tr\u00eas a mais do que em junho, totalizou 247 mil unidades, alta de 16,9% no comparativo mensal. Ao informar sobre o n\u00famero de ve\u00edculos que sa\u00edram das linhas de montagem, Lima Leite lembrou que na m\u00e9dia por dia \u00fatil a alta foi de apenas 2%.<\/p>\n<p>&nbsp;<\/p>\n<p>\u201cA an\u00e1lise da produ\u00e7\u00e3o tem de ser feita sempre com cautela. N\u00e3o tivemos greve em julho e houve complemento de ve\u00edculos que estavam incompletos um m\u00eas antes por causa da falta de pe\u00e7as provocada pelas chuvas no Sul. Vamos esperar o desempenho de agosto e setembro para eventualmente mudarmos nossas proje\u00e7\u00f5es de 2024 para cima\u201d, comentou o executivo.<\/p>\n<p>&nbsp;<\/p>\n<p>A precau\u00e7\u00e3o, segundo o presidente da Anfavea, tamb\u00e9m vale para as exporta\u00e7\u00f5es, que tiveram melhoria em julho, mas v\u00eam de um desempenho muito fraco no acumulado do semestre: \u201cAinda n\u00e3o atemos elementos para dizer se \u00e9 realmente retomada. Os mercados internos dos pa\u00edses das nossas exporta\u00e7\u00f5es continuam desaquecidos\u201d, conclui Lima Leite. (AutoInd\u00fastria\/Alzira Rodrigues)<\/p>\n","protected":false},"excerpt":{"rendered":"<p>AutoInd\u00fastria &nbsp; Ao divulgar balan\u00e7o do setor automotivo em julho, com n\u00fameros positivos em vendas e produ\u00e7\u00e3o, o presidente da Anfavea, M\u00e1rcio de Lima Leite, fez quest\u00e3o de ressaltar o n\u00edvel de emprego nas montadoras de ve\u00edculos leves e pesados, que atingiu 104,6 mil postos. &nbsp; Tomando por base os 98,9 mil empregos de dezembro\u2026 <a class=\"readmore\" href=\"https:\/\/dana.com.br\/canaldana\/2024\/08\/13\/nas-montadoras-nivel-de-emprego-e-o-maior-desde-abril-de-2021\/\">Leia mais \u00bb<\/a><\/p>\n","protected":false},"author":3,"featured_media":0,"comment_status":"closed","ping_status":"closed","sticky":false,"template":"","format":"standard","meta":{"_acf_changed":false,"footnotes":""},"categories":[79],"tags":[],"class_list":["post-75639","post","type-post","status-publish","format-standard","hentry","category-mercado"],"acf":[],"yoast_head":"<!-- This site is optimized with the Yoast SEO plugin v27.3 - https:\/\/yoast.com\/product\/yoast-seo-wordpress\/ -->\n<title>Nas montadoras, n\u00edvel de emprego \u00e9 o maior desde abril de 2021 - Canal Dana<\/title>\n<meta name=\"robots\" content=\"index, follow, max-snippet:-1, max-image-preview:large, max-video-preview:-1\" \/>\n<link rel=\"canonical\" href=\"https:\/\/dana.com.br\/canaldana\/2024\/08\/13\/nas-montadoras-nivel-de-emprego-e-o-maior-desde-abril-de-2021\/\" \/>\n<meta property=\"og:locale\" content=\"pt_BR\" \/>\n<meta property=\"og:type\" content=\"article\" \/>\n<meta property=\"og:title\" content=\"Nas montadoras, n\u00edvel de emprego \u00e9 o maior desde abril de 2021 - Canal Dana\" \/>\n<meta property=\"og:description\" content=\"AutoInd\u00fastria &nbsp; Ao divulgar balan\u00e7o do setor automotivo em julho, com n\u00fameros positivos em vendas e produ\u00e7\u00e3o, o presidente da Anfavea, M\u00e1rcio de Lima Leite, fez quest\u00e3o de ressaltar o n\u00edvel de emprego nas montadoras de ve\u00edculos leves e pesados, que atingiu 104,6 mil postos. &nbsp; Tomando por base os 98,9 mil empregos de dezembro\u2026 Leia mais \u00bb\" \/>\n<meta property=\"og:url\" content=\"https:\/\/dana.com.br\/canaldana\/2024\/08\/13\/nas-montadoras-nivel-de-emprego-e-o-maior-desde-abril-de-2021\/\" \/>\n<meta property=\"og:site_name\" content=\"Canal Dana\" \/>\n<meta property=\"article:published_time\" content=\"2024-08-13T11:38:12+00:00\" \/>\n<meta name=\"author\" content=\"Canal Dana\" \/>\n<meta name=\"twitter:card\" content=\"summary_large_image\" \/>\n<meta name=\"twitter:label1\" content=\"Escrito por\" \/>\n\t<meta name=\"twitter:data1\" content=\"Canal Dana\" \/>\n\t<meta name=\"twitter:label2\" content=\"Est. tempo de leitura\" \/>\n\t<meta name=\"twitter:data2\" content=\"3 minutos\" \/>\n<script type=\"application\/ld+json\" class=\"yoast-schema-graph\">{\"@context\":\"https:\\\/\\\/schema.org\",\"@graph\":[{\"@type\":\"Article\",\"@id\":\"https:\\\/\\\/dana.com.br\\\/canaldana\\\/2024\\\/08\\\/13\\\/nas-montadoras-nivel-de-emprego-e-o-maior-desde-abril-de-2021\\\/#article\",\"isPartOf\":{\"@id\":\"https:\\\/\\\/dana.com.br\\\/canaldana\\\/2024\\\/08\\\/13\\\/nas-montadoras-nivel-de-emprego-e-o-maior-desde-abril-de-2021\\\/\"},\"author\":{\"name\":\"Canal Dana\",\"@id\":\"https:\\\/\\\/dana.com.br\\\/canaldana\\\/#\\\/schema\\\/person\\\/3c21f22f56fcf3bc46b94bc60ea4fef6\"},\"headline\":\"Nas montadoras, n\u00edvel de emprego \u00e9 o maior desde abril de 2021\",\"datePublished\":\"2024-08-13T11:38:12+00:00\",\"mainEntityOfPage\":{\"@id\":\"https:\\\/\\\/dana.com.br\\\/canaldana\\\/2024\\\/08\\\/13\\\/nas-montadoras-nivel-de-emprego-e-o-maior-desde-abril-de-2021\\\/\"},\"wordCount\":512,\"articleSection\":[\"Mercado\"],\"inLanguage\":\"pt-BR\"},{\"@type\":\"WebPage\",\"@id\":\"https:\\\/\\\/dana.com.br\\\/canaldana\\\/2024\\\/08\\\/13\\\/nas-montadoras-nivel-de-emprego-e-o-maior-desde-abril-de-2021\\\/\",\"url\":\"https:\\\/\\\/dana.com.br\\\/canaldana\\\/2024\\\/08\\\/13\\\/nas-montadoras-nivel-de-emprego-e-o-maior-desde-abril-de-2021\\\/\",\"name\":\"Nas montadoras, n\u00edvel de emprego \u00e9 o maior desde abril de 2021 - Canal Dana\",\"isPartOf\":{\"@id\":\"https:\\\/\\\/dana.com.br\\\/canaldana\\\/#website\"},\"datePublished\":\"2024-08-13T11:38:12+00:00\",\"author\":{\"@id\":\"https:\\\/\\\/dana.com.br\\\/canaldana\\\/#\\\/schema\\\/person\\\/3c21f22f56fcf3bc46b94bc60ea4fef6\"},\"breadcrumb\":{\"@id\":\"https:\\\/\\\/dana.com.br\\\/canaldana\\\/2024\\\/08\\\/13\\\/nas-montadoras-nivel-de-emprego-e-o-maior-desde-abril-de-2021\\\/#breadcrumb\"},\"inLanguage\":\"pt-BR\",\"potentialAction\":[{\"@type\":\"ReadAction\",\"target\":[\"https:\\\/\\\/dana.com.br\\\/canaldana\\\/2024\\\/08\\\/13\\\/nas-montadoras-nivel-de-emprego-e-o-maior-desde-abril-de-2021\\\/\"]}]},{\"@type\":\"BreadcrumbList\",\"@id\":\"https:\\\/\\\/dana.com.br\\\/canaldana\\\/2024\\\/08\\\/13\\\/nas-montadoras-nivel-de-emprego-e-o-maior-desde-abril-de-2021\\\/#breadcrumb\",\"itemListElement\":[{\"@type\":\"ListItem\",\"position\":1,\"name\":\"Home\",\"item\":\"https:\\\/\\\/dana.com.br\\\/canaldana\\\/\"},{\"@type\":\"ListItem\",\"position\":2,\"name\":\"Mercado\",\"item\":\"https:\\\/\\\/dana.com.br\\\/canaldana\\\/mercado\\\/\"},{\"@type\":\"ListItem\",\"position\":3,\"name\":\"Nas montadoras, n\u00edvel de emprego \u00e9 o maior desde abril de 2021\"}]},{\"@type\":\"WebSite\",\"@id\":\"https:\\\/\\\/dana.com.br\\\/canaldana\\\/#website\",\"url\":\"https:\\\/\\\/dana.com.br\\\/canaldana\\\/\",\"name\":\"Canal Dana\",\"description\":\"Informativo com as principais not\u00edcias da ind\u00fastria automotiva\",\"potentialAction\":[{\"@type\":\"SearchAction\",\"target\":{\"@type\":\"EntryPoint\",\"urlTemplate\":\"https:\\\/\\\/dana.com.br\\\/canaldana\\\/?s={search_term_string}\"},\"query-input\":{\"@type\":\"PropertyValueSpecification\",\"valueRequired\":true,\"valueName\":\"search_term_string\"}}],\"inLanguage\":\"pt-BR\"},{\"@type\":\"Person\",\"@id\":\"https:\\\/\\\/dana.com.br\\\/canaldana\\\/#\\\/schema\\\/person\\\/3c21f22f56fcf3bc46b94bc60ea4fef6\",\"name\":\"Canal Dana\",\"image\":{\"@type\":\"ImageObject\",\"inLanguage\":\"pt-BR\",\"@id\":\"https:\\\/\\\/secure.gravatar.com\\\/avatar\\\/420aaf9278582877d9018637c6817617705899d2858d7572ef0fe59a6b6454b4?s=96&d=mm&r=g\",\"url\":\"https:\\\/\\\/secure.gravatar.com\\\/avatar\\\/420aaf9278582877d9018637c6817617705899d2858d7572ef0fe59a6b6454b4?s=96&d=mm&r=g\",\"contentUrl\":\"https:\\\/\\\/secure.gravatar.com\\\/avatar\\\/420aaf9278582877d9018637c6817617705899d2858d7572ef0fe59a6b6454b4?s=96&d=mm&r=g\",\"caption\":\"Canal Dana\"},\"url\":\"https:\\\/\\\/dana.com.br\\\/canaldana\\\/author\\\/cdeditor\\\/\"}]}<\/script>\n<!-- \/ Yoast SEO plugin. -->","yoast_head_json":{"title":"Nas montadoras, n\u00edvel de emprego \u00e9 o maior desde abril de 2021 - Canal Dana","robots":{"index":"index","follow":"follow","max-snippet":"max-snippet:-1","max-image-preview":"max-image-preview:large","max-video-preview":"max-video-preview:-1"},"canonical":"https:\/\/dana.com.br\/canaldana\/2024\/08\/13\/nas-montadoras-nivel-de-emprego-e-o-maior-desde-abril-de-2021\/","og_locale":"pt_BR","og_type":"article","og_title":"Nas montadoras, n\u00edvel de emprego \u00e9 o maior desde abril de 2021 - Canal Dana","og_description":"AutoInd\u00fastria &nbsp; Ao divulgar balan\u00e7o do setor automotivo em julho, com n\u00fameros positivos em vendas e produ\u00e7\u00e3o, o presidente da Anfavea, M\u00e1rcio de Lima Leite, fez quest\u00e3o de ressaltar o n\u00edvel de emprego nas montadoras de ve\u00edculos leves e pesados, que atingiu 104,6 mil postos. &nbsp; Tomando por base os 98,9 mil empregos de dezembro\u2026 Leia mais \u00bb","og_url":"https:\/\/dana.com.br\/canaldana\/2024\/08\/13\/nas-montadoras-nivel-de-emprego-e-o-maior-desde-abril-de-2021\/","og_site_name":"Canal Dana","article_published_time":"2024-08-13T11:38:12+00:00","author":"Canal Dana","twitter_card":"summary_large_image","twitter_misc":{"Escrito por":"Canal Dana","Est. tempo de leitura":"3 minutos"},"schema":{"@context":"https:\/\/schema.org","@graph":[{"@type":"Article","@id":"https:\/\/dana.com.br\/canaldana\/2024\/08\/13\/nas-montadoras-nivel-de-emprego-e-o-maior-desde-abril-de-2021\/#article","isPartOf":{"@id":"https:\/\/dana.com.br\/canaldana\/2024\/08\/13\/nas-montadoras-nivel-de-emprego-e-o-maior-desde-abril-de-2021\/"},"author":{"name":"Canal Dana","@id":"https:\/\/dana.com.br\/canaldana\/#\/schema\/person\/3c21f22f56fcf3bc46b94bc60ea4fef6"},"headline":"Nas montadoras, n\u00edvel de emprego \u00e9 o maior desde abril de 2021","datePublished":"2024-08-13T11:38:12+00:00","mainEntityOfPage":{"@id":"https:\/\/dana.com.br\/canaldana\/2024\/08\/13\/nas-montadoras-nivel-de-emprego-e-o-maior-desde-abril-de-2021\/"},"wordCount":512,"articleSection":["Mercado"],"inLanguage":"pt-BR"},{"@type":"WebPage","@id":"https:\/\/dana.com.br\/canaldana\/2024\/08\/13\/nas-montadoras-nivel-de-emprego-e-o-maior-desde-abril-de-2021\/","url":"https:\/\/dana.com.br\/canaldana\/2024\/08\/13\/nas-montadoras-nivel-de-emprego-e-o-maior-desde-abril-de-2021\/","name":"Nas montadoras, n\u00edvel de emprego \u00e9 o maior desde abril de 2021 - Canal Dana","isPartOf":{"@id":"https:\/\/dana.com.br\/canaldana\/#website"},"datePublished":"2024-08-13T11:38:12+00:00","author":{"@id":"https:\/\/dana.com.br\/canaldana\/#\/schema\/person\/3c21f22f56fcf3bc46b94bc60ea4fef6"},"breadcrumb":{"@id":"https:\/\/dana.com.br\/canaldana\/2024\/08\/13\/nas-montadoras-nivel-de-emprego-e-o-maior-desde-abril-de-2021\/#breadcrumb"},"inLanguage":"pt-BR","potentialAction":[{"@type":"ReadAction","target":["https:\/\/dana.com.br\/canaldana\/2024\/08\/13\/nas-montadoras-nivel-de-emprego-e-o-maior-desde-abril-de-2021\/"]}]},{"@type":"BreadcrumbList","@id":"https:\/\/dana.com.br\/canaldana\/2024\/08\/13\/nas-montadoras-nivel-de-emprego-e-o-maior-desde-abril-de-2021\/#breadcrumb","itemListElement":[{"@type":"ListItem","position":1,"name":"Home","item":"https:\/\/dana.com.br\/canaldana\/"},{"@type":"ListItem","position":2,"name":"Mercado","item":"https:\/\/dana.com.br\/canaldana\/mercado\/"},{"@type":"ListItem","position":3,"name":"Nas montadoras, n\u00edvel de emprego \u00e9 o maior desde abril de 2021"}]},{"@type":"WebSite","@id":"https:\/\/dana.com.br\/canaldana\/#website","url":"https:\/\/dana.com.br\/canaldana\/","name":"Canal Dana","description":"Informativo com as principais not\u00edcias da ind\u00fastria automotiva","potentialAction":[{"@type":"SearchAction","target":{"@type":"EntryPoint","urlTemplate":"https:\/\/dana.com.br\/canaldana\/?s={search_term_string}"},"query-input":{"@type":"PropertyValueSpecification","valueRequired":true,"valueName":"search_term_string"}}],"inLanguage":"pt-BR"},{"@type":"Person","@id":"https:\/\/dana.com.br\/canaldana\/#\/schema\/person\/3c21f22f56fcf3bc46b94bc60ea4fef6","name":"Canal Dana","image":{"@type":"ImageObject","inLanguage":"pt-BR","@id":"https:\/\/secure.gravatar.com\/avatar\/420aaf9278582877d9018637c6817617705899d2858d7572ef0fe59a6b6454b4?s=96&d=mm&r=g","url":"https:\/\/secure.gravatar.com\/avatar\/420aaf9278582877d9018637c6817617705899d2858d7572ef0fe59a6b6454b4?s=96&d=mm&r=g","contentUrl":"https:\/\/secure.gravatar.com\/avatar\/420aaf9278582877d9018637c6817617705899d2858d7572ef0fe59a6b6454b4?s=96&d=mm&r=g","caption":"Canal Dana"},"url":"https:\/\/dana.com.br\/canaldana\/author\/cdeditor\/"}]}},"_links":{"self":[{"href":"https:\/\/dana.com.br\/canaldana\/wp-json\/wp\/v2\/posts\/75639","targetHints":{"allow":["GET"]}}],"collection":[{"href":"https:\/\/dana.com.br\/canaldana\/wp-json\/wp\/v2\/posts"}],"about":[{"href":"https:\/\/dana.com.br\/canaldana\/wp-json\/wp\/v2\/types\/post"}],"author":[{"embeddable":true,"href":"https:\/\/dana.com.br\/canaldana\/wp-json\/wp\/v2\/users\/3"}],"replies":[{"embeddable":true,"href":"https:\/\/dana.com.br\/canaldana\/wp-json\/wp\/v2\/comments?post=75639"}],"version-history":[{"count":1,"href":"https:\/\/dana.com.br\/canaldana\/wp-json\/wp\/v2\/posts\/75639\/revisions"}],"predecessor-version":[{"id":75640,"href":"https:\/\/dana.com.br\/canaldana\/wp-json\/wp\/v2\/posts\/75639\/revisions\/75640"}],"wp:attachment":[{"href":"https:\/\/dana.com.br\/canaldana\/wp-json\/wp\/v2\/media?parent=75639"}],"wp:term":[{"taxonomy":"category","embeddable":true,"href":"https:\/\/dana.com.br\/canaldana\/wp-json\/wp\/v2\/categories?post=75639"},{"taxonomy":"post_tag","embeddable":true,"href":"https:\/\/dana.com.br\/canaldana\/wp-json\/wp\/v2\/tags?post=75639"}],"curies":[{"name":"wp","href":"https:\/\/api.w.org\/{rel}","templated":true}]}}