{"id":7521,"date":"2016-04-11T08:28:47","date_gmt":"2016-04-11T11:28:47","guid":{"rendered":"http:\/\/dana.com.br\/canaldana\/?p=7521"},"modified":"2016-04-11T08:28:47","modified_gmt":"2016-04-11T11:28:47","slug":"setor-duas-rodas-preve-mais-um-ano-de-queda-e-demissoes","status":"publish","type":"post","link":"https:\/\/dana.com.br\/canaldana\/2016\/04\/11\/setor-duas-rodas-preve-mais-um-ano-de-queda-e-demissoes\/","title":{"rendered":"Setor duas rodas prev\u00ea mais um ano de queda e demiss\u00f5es"},"content":{"rendered":"<p><em>DCI<\/em><\/p>\n<p>&nbsp;<\/p>\n<p>A ind\u00fastria de motos opera com metade da capacidade e, sem horizonte de melhoras no curto prazo, montadoras continuam ajustando o quadro de funcion\u00e1rios. A expectativa do setor \u00e9 de mais um ano de retra\u00e7\u00e3o e demiss\u00f5es.<\/p>\n<p>&nbsp;<\/p>\n<p>&#8220;A ind\u00fastria n\u00e3o est\u00e1 conseguindo repassar o aumento de custos em sua totalidade. As empresas continuam se ajustando&#8221;, afirmou nesta quinta-feira (7) o presidente da Associa\u00e7\u00e3o Brasileira dos Fabricantes de Motocicletas, Ciclomotores, Motonetas, Bicicletas e Similares (Abraciclo), Marcos Fermanian.<\/p>\n<p>&nbsp;<\/p>\n<p>Segundo proje\u00e7\u00e3o da entidade, o setor deve encerrar o ano com uma contra\u00e7\u00e3o de 12,2% dos emplacamentos, para 1,075 milh\u00e3o de unidades. &#8220;O desempenho ruim da nossa ind\u00fastria \u00e9 reflexo do varejo, que vem apresentando queda em todos os segmentos&#8221;, destaca o dirigente.<\/p>\n<p>&nbsp;<\/p>\n<p>No primeiro trimestre, os emplacamentos tiveram retra\u00e7\u00e3o de 26,6% em rela\u00e7\u00e3o a igual per\u00edodo do ano passado, para 239,9 mil unidades. A maior queda, em volumes, foi verificada em motos abaixo de 160 cilindradas.<\/p>\n<p>&nbsp;<\/p>\n<p>Fermanian acrescenta que a procura por financiamentos caiu pela metade nos \u00faltimos seis meses, resultado do agravamento do cen\u00e1rio de incertezas no Pa\u00eds.<\/p>\n<p>&nbsp;<\/p>\n<p>&#8220;A grande maioria dos consumidores que compram motos a prazo parcela em 36 meses. Hoje, eles n\u00e3o t\u00eam certeza de que estar\u00e3o empregados daqui a um tempo.&#8221;<\/p>\n<p>&nbsp;<\/p>\n<p>A queda menos acentuada ocorreu no Nordeste, justamente onde o volume de vendas \u00e9 o maior do Pa\u00eds. &#8220;A popula\u00e7\u00e3o daquela regi\u00e3o \u00e9 muito dependente da moto para locomo\u00e7\u00e3o porque o transporte p\u00fablico \u00e9 muito deficit\u00e1rio&#8221;, pondera.<\/p>\n<p>&nbsp;<\/p>\n<p>No primeiro trimestre, enquanto a retra\u00e7\u00e3o dos emplacamentos atingiu 35,7% no Sul, para 19,7 mil unidades, no Nordeste a queda alcan\u00e7ou 18,1%, para 95,7 mil motos.<\/p>\n<p>&nbsp;<\/p>\n<p>&#8220;A nossa maior carteira de cons\u00f3rcios est\u00e1 localizada no Nordeste&#8221;, pontua.<\/p>\n<p>&nbsp;<\/p>\n<p>E o cr\u00e9dito, que sempre esteve na mira do setor, come\u00e7a a n\u00e3o ser a principal preocupa\u00e7\u00e3o das montadoras. Isso porque, de acordo com Fermanian, o n\u00edvel de aprova\u00e7\u00e3o pelos bancos n\u00e3o mudou muito e continua na casa dos 20%.<\/p>\n<p>&nbsp;<\/p>\n<p>&#8220;O clima geral \u00e9 bastante negativo e enquanto o cen\u00e1rio pol\u00edtico n\u00e3o estiver definido, com impeachment ou n\u00e3o, o mercado n\u00e3o vai retomar&#8221;, analisa Fermanian.<\/p>\n<p>&nbsp;<\/p>\n<p>De acordo com a Abraciclo, o pagamento de motos \u00e0 vista \u00e9 a modalidade que mais perdeu espa\u00e7o em 2016 e, o cons\u00f3rcio, o que se manteve mais firme, com 33,3% do total negociado no varejo.<\/p>\n<p>&nbsp;<\/p>\n<p>Ainda assim, a proje\u00e7\u00e3o da Abraciclo em 2016 \u00e9 de uma queda da produ\u00e7\u00e3o de 9,7%, para 1,14 milh\u00e3o de motos. &#8220;Teremos mais um ano de forte retra\u00e7\u00e3o&#8221;, diz Fermanian.<\/p>\n<p>&nbsp;<\/p>\n<p><strong>Ajustes<\/strong><\/p>\n<p>&nbsp;<\/p>\n<p>O n\u00edvel de emprego entre as montadoras instaladas na Zona Franca de Manaus, ao final de 2015, era de 16.102 pessoas. Um ano antes, o n\u00famero de funcion\u00e1rios era de 17.928.<\/p>\n<p>&nbsp;<\/p>\n<p>Fermanian observa que, no in\u00edcio deste ano, houve um movimento entre as montadoras de abertura de Programas de Demiss\u00e3o Volunt\u00e1ria (PDV), que ainda est\u00e3o em curso.<\/p>\n<p>&nbsp;<\/p>\n<p>&#8220;O vi\u00e9s do emprego para este ano \u00e9 de queda&#8221;, pondera o dirigente. Ao final de 2015, a entidade havia registrado o fechamento de 33 concession\u00e1rias ao redor do Pa\u00eds. &#8220;O n\u00famero n\u00e3o parece alto porque esse processo leva um tempo m\u00ednimo de dois a tr\u00eas anos. Mas o quadro pode piorar se o cen\u00e1rio persistir.&#8221;<\/p>\n<p>&nbsp;<\/p>\n<p>O que pode ser um alento para as montadoras, contudo, \u00e9 a exporta\u00e7\u00e3o. Diante da valoriza\u00e7\u00e3o do d\u00f3lar, a ind\u00fastria ganha um pouco de f\u00f4lego para buscar a expans\u00e3o de mercados internacionais.<\/p>\n<p>&nbsp;<\/p>\n<p>Ainda que sobre uma base bastante t\u00edmida, de janeiro a mar\u00e7o as vendas ao exterior cresceram 116,5%, para 13,7 mil unidades. &#8220;Estamos trabalhando intensamente para aumentar as exporta\u00e7\u00f5es, pois esse trabalho \u00e9 demorado.&#8221;<\/p>\n<p>&nbsp;<\/p>\n<p>Fermanian ressalta que a entidade busca junto ao governo brasileiro a promo\u00e7\u00e3o das exporta\u00e7\u00f5es na Am\u00e9rica do Sul. &#8220;Dependemos principalmente de acordos bilaterais, pois o Brasil ainda possui pouca voca\u00e7\u00e3o para exportar&#8221;, pondera o dirigente. (DCI\/Juliana Estigarr\u00edbia)<\/p>\n","protected":false},"excerpt":{"rendered":"<p>DCI &nbsp; A ind\u00fastria de motos opera com metade da capacidade e, sem horizonte de melhoras no curto prazo, montadoras continuam ajustando o quadro de funcion\u00e1rios. A expectativa do setor \u00e9 de mais um ano de retra\u00e7\u00e3o e demiss\u00f5es. &nbsp; &#8220;A ind\u00fastria n\u00e3o est\u00e1 conseguindo repassar o aumento de custos em sua totalidade. As empresas\u2026 <a class=\"readmore\" href=\"https:\/\/dana.com.br\/canaldana\/2016\/04\/11\/setor-duas-rodas-preve-mais-um-ano-de-queda-e-demissoes\/\">Leia mais \u00bb<\/a><\/p>\n","protected":false},"author":3,"featured_media":0,"comment_status":"closed","ping_status":"closed","sticky":false,"template":"","format":"standard","meta":{"_acf_changed":false,"footnotes":""},"categories":[79],"tags":[],"class_list":["post-7521","post","type-post","status-publish","format-standard","hentry","category-mercado"],"acf":[],"yoast_head":"<!-- This site is optimized with the Yoast SEO plugin v27.5 - https:\/\/yoast.com\/product\/yoast-seo-wordpress\/ -->\n<title>Setor duas rodas prev\u00ea mais um ano de queda e demiss\u00f5es - Canal Dana<\/title>\n<meta name=\"robots\" content=\"index, follow, max-snippet:-1, max-image-preview:large, max-video-preview:-1\" \/>\n<link rel=\"canonical\" href=\"https:\/\/dana.com.br\/canaldana\/2016\/04\/11\/setor-duas-rodas-preve-mais-um-ano-de-queda-e-demissoes\/\" \/>\n<meta property=\"og:locale\" content=\"pt_BR\" \/>\n<meta property=\"og:type\" content=\"article\" \/>\n<meta property=\"og:title\" content=\"Setor duas rodas prev\u00ea mais um ano de queda e demiss\u00f5es - Canal Dana\" \/>\n<meta property=\"og:description\" content=\"DCI &nbsp; A ind\u00fastria de motos opera com metade da capacidade e, sem horizonte de melhoras no curto prazo, montadoras continuam ajustando o quadro de funcion\u00e1rios. A expectativa do setor \u00e9 de mais um ano de retra\u00e7\u00e3o e demiss\u00f5es. &nbsp; &#8220;A ind\u00fastria n\u00e3o est\u00e1 conseguindo repassar o aumento de custos em sua totalidade. As empresas\u2026 Leia mais \u00bb\" \/>\n<meta property=\"og:url\" content=\"https:\/\/dana.com.br\/canaldana\/2016\/04\/11\/setor-duas-rodas-preve-mais-um-ano-de-queda-e-demissoes\/\" \/>\n<meta property=\"og:site_name\" content=\"Canal Dana\" \/>\n<meta property=\"article:published_time\" content=\"2016-04-11T11:28:47+00:00\" \/>\n<meta name=\"author\" content=\"Canal Dana\" \/>\n<meta name=\"twitter:card\" content=\"summary_large_image\" \/>\n<meta name=\"twitter:label1\" content=\"Escrito por\" \/>\n\t<meta name=\"twitter:data1\" content=\"Canal Dana\" \/>\n\t<meta name=\"twitter:label2\" content=\"Est. tempo de leitura\" \/>\n\t<meta name=\"twitter:data2\" content=\"3 minutos\" \/>\n<script type=\"application\/ld+json\" class=\"yoast-schema-graph\">{\"@context\":\"https:\\\/\\\/schema.org\",\"@graph\":[{\"@type\":\"Article\",\"@id\":\"https:\\\/\\\/dana.com.br\\\/canaldana\\\/2016\\\/04\\\/11\\\/setor-duas-rodas-preve-mais-um-ano-de-queda-e-demissoes\\\/#article\",\"isPartOf\":{\"@id\":\"https:\\\/\\\/dana.com.br\\\/canaldana\\\/2016\\\/04\\\/11\\\/setor-duas-rodas-preve-mais-um-ano-de-queda-e-demissoes\\\/\"},\"author\":{\"name\":\"Canal Dana\",\"@id\":\"https:\\\/\\\/dana.com.br\\\/canaldana\\\/#\\\/schema\\\/person\\\/3c21f22f56fcf3bc46b94bc60ea4fef6\"},\"headline\":\"Setor duas rodas prev\u00ea mais um ano de queda e demiss\u00f5es\",\"datePublished\":\"2016-04-11T11:28:47+00:00\",\"mainEntityOfPage\":{\"@id\":\"https:\\\/\\\/dana.com.br\\\/canaldana\\\/2016\\\/04\\\/11\\\/setor-duas-rodas-preve-mais-um-ano-de-queda-e-demissoes\\\/\"},\"wordCount\":697,\"articleSection\":[\"Mercado\"],\"inLanguage\":\"pt-BR\"},{\"@type\":\"WebPage\",\"@id\":\"https:\\\/\\\/dana.com.br\\\/canaldana\\\/2016\\\/04\\\/11\\\/setor-duas-rodas-preve-mais-um-ano-de-queda-e-demissoes\\\/\",\"url\":\"https:\\\/\\\/dana.com.br\\\/canaldana\\\/2016\\\/04\\\/11\\\/setor-duas-rodas-preve-mais-um-ano-de-queda-e-demissoes\\\/\",\"name\":\"Setor duas rodas prev\u00ea mais um ano de queda e demiss\u00f5es - Canal Dana\",\"isPartOf\":{\"@id\":\"https:\\\/\\\/dana.com.br\\\/canaldana\\\/#website\"},\"datePublished\":\"2016-04-11T11:28:47+00:00\",\"author\":{\"@id\":\"https:\\\/\\\/dana.com.br\\\/canaldana\\\/#\\\/schema\\\/person\\\/3c21f22f56fcf3bc46b94bc60ea4fef6\"},\"breadcrumb\":{\"@id\":\"https:\\\/\\\/dana.com.br\\\/canaldana\\\/2016\\\/04\\\/11\\\/setor-duas-rodas-preve-mais-um-ano-de-queda-e-demissoes\\\/#breadcrumb\"},\"inLanguage\":\"pt-BR\",\"potentialAction\":[{\"@type\":\"ReadAction\",\"target\":[\"https:\\\/\\\/dana.com.br\\\/canaldana\\\/2016\\\/04\\\/11\\\/setor-duas-rodas-preve-mais-um-ano-de-queda-e-demissoes\\\/\"]}]},{\"@type\":\"BreadcrumbList\",\"@id\":\"https:\\\/\\\/dana.com.br\\\/canaldana\\\/2016\\\/04\\\/11\\\/setor-duas-rodas-preve-mais-um-ano-de-queda-e-demissoes\\\/#breadcrumb\",\"itemListElement\":[{\"@type\":\"ListItem\",\"position\":1,\"name\":\"Home\",\"item\":\"https:\\\/\\\/dana.com.br\\\/canaldana\\\/\"},{\"@type\":\"ListItem\",\"position\":2,\"name\":\"Mercado\",\"item\":\"https:\\\/\\\/dana.com.br\\\/canaldana\\\/mercado\\\/\"},{\"@type\":\"ListItem\",\"position\":3,\"name\":\"Setor duas rodas prev\u00ea mais um ano de queda e demiss\u00f5es\"}]},{\"@type\":\"WebSite\",\"@id\":\"https:\\\/\\\/dana.com.br\\\/canaldana\\\/#website\",\"url\":\"https:\\\/\\\/dana.com.br\\\/canaldana\\\/\",\"name\":\"Canal Dana\",\"description\":\"Informativo com as principais not\u00edcias da ind\u00fastria automotiva\",\"potentialAction\":[{\"@type\":\"SearchAction\",\"target\":{\"@type\":\"EntryPoint\",\"urlTemplate\":\"https:\\\/\\\/dana.com.br\\\/canaldana\\\/?s={search_term_string}\"},\"query-input\":{\"@type\":\"PropertyValueSpecification\",\"valueRequired\":true,\"valueName\":\"search_term_string\"}}],\"inLanguage\":\"pt-BR\"},{\"@type\":\"Person\",\"@id\":\"https:\\\/\\\/dana.com.br\\\/canaldana\\\/#\\\/schema\\\/person\\\/3c21f22f56fcf3bc46b94bc60ea4fef6\",\"name\":\"Canal Dana\",\"image\":{\"@type\":\"ImageObject\",\"inLanguage\":\"pt-BR\",\"@id\":\"https:\\\/\\\/secure.gravatar.com\\\/avatar\\\/420aaf9278582877d9018637c6817617705899d2858d7572ef0fe59a6b6454b4?s=96&d=mm&r=g\",\"url\":\"https:\\\/\\\/secure.gravatar.com\\\/avatar\\\/420aaf9278582877d9018637c6817617705899d2858d7572ef0fe59a6b6454b4?s=96&d=mm&r=g\",\"contentUrl\":\"https:\\\/\\\/secure.gravatar.com\\\/avatar\\\/420aaf9278582877d9018637c6817617705899d2858d7572ef0fe59a6b6454b4?s=96&d=mm&r=g\",\"caption\":\"Canal Dana\"},\"url\":\"https:\\\/\\\/dana.com.br\\\/canaldana\\\/author\\\/cdeditor\\\/\"}]}<\/script>\n<!-- \/ Yoast SEO plugin. -->","yoast_head_json":{"title":"Setor duas rodas prev\u00ea mais um ano de queda e demiss\u00f5es - Canal Dana","robots":{"index":"index","follow":"follow","max-snippet":"max-snippet:-1","max-image-preview":"max-image-preview:large","max-video-preview":"max-video-preview:-1"},"canonical":"https:\/\/dana.com.br\/canaldana\/2016\/04\/11\/setor-duas-rodas-preve-mais-um-ano-de-queda-e-demissoes\/","og_locale":"pt_BR","og_type":"article","og_title":"Setor duas rodas prev\u00ea mais um ano de queda e demiss\u00f5es - Canal Dana","og_description":"DCI &nbsp; A ind\u00fastria de motos opera com metade da capacidade e, sem horizonte de melhoras no curto prazo, montadoras continuam ajustando o quadro de funcion\u00e1rios. A expectativa do setor \u00e9 de mais um ano de retra\u00e7\u00e3o e demiss\u00f5es. &nbsp; &#8220;A ind\u00fastria n\u00e3o est\u00e1 conseguindo repassar o aumento de custos em sua totalidade. As empresas\u2026 Leia mais \u00bb","og_url":"https:\/\/dana.com.br\/canaldana\/2016\/04\/11\/setor-duas-rodas-preve-mais-um-ano-de-queda-e-demissoes\/","og_site_name":"Canal Dana","article_published_time":"2016-04-11T11:28:47+00:00","author":"Canal Dana","twitter_card":"summary_large_image","twitter_misc":{"Escrito por":"Canal Dana","Est. tempo de leitura":"3 minutos"},"schema":{"@context":"https:\/\/schema.org","@graph":[{"@type":"Article","@id":"https:\/\/dana.com.br\/canaldana\/2016\/04\/11\/setor-duas-rodas-preve-mais-um-ano-de-queda-e-demissoes\/#article","isPartOf":{"@id":"https:\/\/dana.com.br\/canaldana\/2016\/04\/11\/setor-duas-rodas-preve-mais-um-ano-de-queda-e-demissoes\/"},"author":{"name":"Canal Dana","@id":"https:\/\/dana.com.br\/canaldana\/#\/schema\/person\/3c21f22f56fcf3bc46b94bc60ea4fef6"},"headline":"Setor duas rodas prev\u00ea mais um ano de queda e demiss\u00f5es","datePublished":"2016-04-11T11:28:47+00:00","mainEntityOfPage":{"@id":"https:\/\/dana.com.br\/canaldana\/2016\/04\/11\/setor-duas-rodas-preve-mais-um-ano-de-queda-e-demissoes\/"},"wordCount":697,"articleSection":["Mercado"],"inLanguage":"pt-BR"},{"@type":"WebPage","@id":"https:\/\/dana.com.br\/canaldana\/2016\/04\/11\/setor-duas-rodas-preve-mais-um-ano-de-queda-e-demissoes\/","url":"https:\/\/dana.com.br\/canaldana\/2016\/04\/11\/setor-duas-rodas-preve-mais-um-ano-de-queda-e-demissoes\/","name":"Setor duas rodas prev\u00ea mais um ano de queda e demiss\u00f5es - Canal Dana","isPartOf":{"@id":"https:\/\/dana.com.br\/canaldana\/#website"},"datePublished":"2016-04-11T11:28:47+00:00","author":{"@id":"https:\/\/dana.com.br\/canaldana\/#\/schema\/person\/3c21f22f56fcf3bc46b94bc60ea4fef6"},"breadcrumb":{"@id":"https:\/\/dana.com.br\/canaldana\/2016\/04\/11\/setor-duas-rodas-preve-mais-um-ano-de-queda-e-demissoes\/#breadcrumb"},"inLanguage":"pt-BR","potentialAction":[{"@type":"ReadAction","target":["https:\/\/dana.com.br\/canaldana\/2016\/04\/11\/setor-duas-rodas-preve-mais-um-ano-de-queda-e-demissoes\/"]}]},{"@type":"BreadcrumbList","@id":"https:\/\/dana.com.br\/canaldana\/2016\/04\/11\/setor-duas-rodas-preve-mais-um-ano-de-queda-e-demissoes\/#breadcrumb","itemListElement":[{"@type":"ListItem","position":1,"name":"Home","item":"https:\/\/dana.com.br\/canaldana\/"},{"@type":"ListItem","position":2,"name":"Mercado","item":"https:\/\/dana.com.br\/canaldana\/mercado\/"},{"@type":"ListItem","position":3,"name":"Setor duas rodas prev\u00ea mais um ano de queda e demiss\u00f5es"}]},{"@type":"WebSite","@id":"https:\/\/dana.com.br\/canaldana\/#website","url":"https:\/\/dana.com.br\/canaldana\/","name":"Canal Dana","description":"Informativo com as principais not\u00edcias da ind\u00fastria automotiva","potentialAction":[{"@type":"SearchAction","target":{"@type":"EntryPoint","urlTemplate":"https:\/\/dana.com.br\/canaldana\/?s={search_term_string}"},"query-input":{"@type":"PropertyValueSpecification","valueRequired":true,"valueName":"search_term_string"}}],"inLanguage":"pt-BR"},{"@type":"Person","@id":"https:\/\/dana.com.br\/canaldana\/#\/schema\/person\/3c21f22f56fcf3bc46b94bc60ea4fef6","name":"Canal Dana","image":{"@type":"ImageObject","inLanguage":"pt-BR","@id":"https:\/\/secure.gravatar.com\/avatar\/420aaf9278582877d9018637c6817617705899d2858d7572ef0fe59a6b6454b4?s=96&d=mm&r=g","url":"https:\/\/secure.gravatar.com\/avatar\/420aaf9278582877d9018637c6817617705899d2858d7572ef0fe59a6b6454b4?s=96&d=mm&r=g","contentUrl":"https:\/\/secure.gravatar.com\/avatar\/420aaf9278582877d9018637c6817617705899d2858d7572ef0fe59a6b6454b4?s=96&d=mm&r=g","caption":"Canal Dana"},"url":"https:\/\/dana.com.br\/canaldana\/author\/cdeditor\/"}]}},"_links":{"self":[{"href":"https:\/\/dana.com.br\/canaldana\/wp-json\/wp\/v2\/posts\/7521","targetHints":{"allow":["GET"]}}],"collection":[{"href":"https:\/\/dana.com.br\/canaldana\/wp-json\/wp\/v2\/posts"}],"about":[{"href":"https:\/\/dana.com.br\/canaldana\/wp-json\/wp\/v2\/types\/post"}],"author":[{"embeddable":true,"href":"https:\/\/dana.com.br\/canaldana\/wp-json\/wp\/v2\/users\/3"}],"replies":[{"embeddable":true,"href":"https:\/\/dana.com.br\/canaldana\/wp-json\/wp\/v2\/comments?post=7521"}],"version-history":[{"count":0,"href":"https:\/\/dana.com.br\/canaldana\/wp-json\/wp\/v2\/posts\/7521\/revisions"}],"wp:attachment":[{"href":"https:\/\/dana.com.br\/canaldana\/wp-json\/wp\/v2\/media?parent=7521"}],"wp:term":[{"taxonomy":"category","embeddable":true,"href":"https:\/\/dana.com.br\/canaldana\/wp-json\/wp\/v2\/categories?post=7521"},{"taxonomy":"post_tag","embeddable":true,"href":"https:\/\/dana.com.br\/canaldana\/wp-json\/wp\/v2\/tags?post=7521"}],"curies":[{"name":"wp","href":"https:\/\/api.w.org\/{rel}","templated":true}]}}