{"id":7498,"date":"2016-04-08T08:48:20","date_gmt":"2016-04-08T11:48:20","guid":{"rendered":"http:\/\/dana.com.br\/canaldana\/?p=7498"},"modified":"2016-04-08T08:48:20","modified_gmt":"2016-04-08T11:48:20","slug":"audi-pensa-a-curto-prazo-para-manter-estrategia-campea-no-brasil","status":"publish","type":"post","link":"https:\/\/dana.com.br\/canaldana\/2016\/04\/08\/audi-pensa-a-curto-prazo-para-manter-estrategia-campea-no-brasil\/","title":{"rendered":"Audi &#8220;pensa a curto prazo&#8221; para manter estrat\u00e9gia campe\u00e3 no Brasil"},"content":{"rendered":"<p><em>UOL Carros<\/em><\/p>\n<p>&nbsp;<\/p>\n<p>S\u00e3o dois anos e meio sem ter do que reclamar. Desde que a atual diretoria da Audi do Brasil assumiu, tendo o alem\u00e3o J\u00f6rg Hofmann como presidente-executivo, a marca trocou a quarta posi\u00e7\u00e3o pelo primeiro lugar no segmento de luxo no pa\u00eds. Como manter o posto? Nada de mexer nas pe\u00e7as, nem de novas ideias a longo prazo &#8211; o momento \u00e9 de pensar a curto prazo.<\/p>\n<p>&nbsp;<\/p>\n<p>&#8220;O pa\u00eds atravessa um momento complicado em que fica dif\u00edcil prever quais ser\u00e3o as regras nos pr\u00f3ximos dois ou tr\u00eas anos, por isso n\u00e3o \u00e9 poss\u00edvel pensarmos no longo prazo&#8221;, afirmou Hofmann a UOL Carros.<\/p>\n<p>&nbsp;<\/p>\n<p>&#8220;Neste momento, a Audi pensa a curto prazo para garantir bons resultados em cada uma das nossas \u00e1reas de atua\u00e7\u00e3o&#8221;, completou o executivo.<\/p>\n<p>&nbsp;<\/p>\n<p>Na pr\u00e1tica, isso significa que A3 Sedan e Q3 seguem como \u00fanicos modelos fabricados no Paran\u00e1, por ora. Depois de descartar (no atual cen\u00e1rio) a fabrica\u00e7\u00e3o do in\u00e9dito Q2 (SUV pequeno), a Audi tamb\u00e9m segurou o p\u00e9 quanto a seu carro-chefe global: o A4, cuja nova gera\u00e7\u00e3o foi lan\u00e7ada na quarta (6), segue sem planos de produ\u00e7\u00e3o local.<\/p>\n<p>&nbsp;<\/p>\n<p>Rivais como BMW S\u00e9rie 3 e Mercedes-Benz Classe C (que come\u00e7ou a ser feito em Iracem\u00e1polis\/SP e ganhou variante 1.6 flex) s\u00e3o feitos no Brasil. At\u00e9 mesmo a Jaguar segue na bolsa de apostas com seu novo XE.<\/p>\n<p>&nbsp;<\/p>\n<p>Incluir o A4 nos planos locais exigiria mudan\u00e7a dr\u00e1stica na estrat\u00e9gia a longo prazo, com investimentos pesados (o carro usa a plataforma MLB, uma variante da MQB usada em todos os carros feitos no Brasil, o que demandaria grande adapta\u00e7\u00e3o). E o momento n\u00e3o \u00e9 para isso.<\/p>\n<p>&nbsp;<\/p>\n<p>Mas o carro ter\u00e1 miss\u00e3o de dobrar volume e garantir bons resultados \u00e0 marca: &#8220;Considerando as limita\u00e7\u00f5es de volume por conta importa\u00e7\u00e3o, temos um produto que tem condi\u00e7\u00f5es de ser refer\u00eancia no segmento B e dobrar vendas&#8221;.<\/p>\n<p>&nbsp;<\/p>\n<p>&#8220;\u00c9 um sed\u00e3 que tem papel importante para a estrat\u00e9gia da marca no Brasil&#8221;, finalizou Hofmann.<\/p>\n<p>&nbsp;<\/p>\n<p><strong>Boas ideias imediatas<\/strong><\/p>\n<p>&nbsp;<\/p>\n<p>Assim, estrat\u00e9gia \u00e9 atualizar a linha de importados com as vers\u00f5es mais atuais (al\u00e9m de Q7 e A4, chegam os novos R8 e TTRS) e refor\u00e7ar o p\u00f3s-venda (m\u00e3o-de-obra qualificada, revis\u00f5es em at\u00e9 1 hora e manter estoque de at\u00e9 95% das principais pe\u00e7as de reposi\u00e7\u00e3o).<\/p>\n<p>&nbsp;<\/p>\n<p>Ap\u00f3s vender 17.541 unidades em 2015 e ultrapassar a Mercedes-Benz (o segmento, como um todo, cresceu pouco mais de 50%, enquanto o mercado de carros caiu cerca de 20%), a Audi fala em manter o ritmo de vendas em 2016, apesar do mercado como um todo esperar nova queda (a retra\u00e7\u00e3o geral no primeiro trimestre foi de 23%). (UOL Carros\/Eug\u00eanio Augusto Brito)<\/p>\n","protected":false},"excerpt":{"rendered":"<p>UOL Carros &nbsp; S\u00e3o dois anos e meio sem ter do que reclamar. Desde que a atual diretoria da Audi do Brasil assumiu, tendo o alem\u00e3o J\u00f6rg Hofmann como presidente-executivo, a marca trocou a quarta posi\u00e7\u00e3o pelo primeiro lugar no segmento de luxo no pa\u00eds. Como manter o posto? Nada de mexer nas pe\u00e7as, nem\u2026 <a class=\"readmore\" href=\"https:\/\/dana.com.br\/canaldana\/2016\/04\/08\/audi-pensa-a-curto-prazo-para-manter-estrategia-campea-no-brasil\/\">Leia mais \u00bb<\/a><\/p>\n","protected":false},"author":3,"featured_media":0,"comment_status":"closed","ping_status":"closed","sticky":false,"template":"","format":"standard","meta":{"_acf_changed":false,"footnotes":""},"categories":[61],"tags":[],"class_list":["post-7498","post","type-post","status-publish","format-standard","hentry","category-destaques"],"acf":[],"yoast_head":"<!-- This site is optimized with the Yoast SEO plugin v27.3 - https:\/\/yoast.com\/product\/yoast-seo-wordpress\/ -->\n<title>Audi &quot;pensa a curto prazo&quot; para manter estrat\u00e9gia campe\u00e3 no Brasil - Canal Dana<\/title>\n<meta name=\"robots\" content=\"index, follow, max-snippet:-1, max-image-preview:large, max-video-preview:-1\" \/>\n<link rel=\"canonical\" href=\"https:\/\/dana.com.br\/canaldana\/2016\/04\/08\/audi-pensa-a-curto-prazo-para-manter-estrategia-campea-no-brasil\/\" \/>\n<meta property=\"og:locale\" content=\"pt_BR\" \/>\n<meta property=\"og:type\" content=\"article\" \/>\n<meta property=\"og:title\" content=\"Audi &quot;pensa a curto prazo&quot; para manter estrat\u00e9gia campe\u00e3 no Brasil - Canal Dana\" \/>\n<meta property=\"og:description\" content=\"UOL Carros &nbsp; S\u00e3o dois anos e meio sem ter do que reclamar. Desde que a atual diretoria da Audi do Brasil assumiu, tendo o alem\u00e3o J\u00f6rg Hofmann como presidente-executivo, a marca trocou a quarta posi\u00e7\u00e3o pelo primeiro lugar no segmento de luxo no pa\u00eds. Como manter o posto? Nada de mexer nas pe\u00e7as, nem\u2026 Leia mais \u00bb\" \/>\n<meta property=\"og:url\" content=\"https:\/\/dana.com.br\/canaldana\/2016\/04\/08\/audi-pensa-a-curto-prazo-para-manter-estrategia-campea-no-brasil\/\" \/>\n<meta property=\"og:site_name\" content=\"Canal Dana\" \/>\n<meta property=\"article:published_time\" content=\"2016-04-08T11:48:20+00:00\" \/>\n<meta name=\"author\" content=\"Canal Dana\" \/>\n<meta name=\"twitter:card\" content=\"summary_large_image\" \/>\n<meta name=\"twitter:label1\" content=\"Escrito por\" \/>\n\t<meta name=\"twitter:data1\" content=\"Canal Dana\" \/>\n\t<meta name=\"twitter:label2\" content=\"Est. tempo de leitura\" \/>\n\t<meta name=\"twitter:data2\" content=\"2 minutos\" \/>\n<script type=\"application\/ld+json\" class=\"yoast-schema-graph\">{\"@context\":\"https:\\\/\\\/schema.org\",\"@graph\":[{\"@type\":\"Article\",\"@id\":\"https:\\\/\\\/dana.com.br\\\/canaldana\\\/2016\\\/04\\\/08\\\/audi-pensa-a-curto-prazo-para-manter-estrategia-campea-no-brasil\\\/#article\",\"isPartOf\":{\"@id\":\"https:\\\/\\\/dana.com.br\\\/canaldana\\\/2016\\\/04\\\/08\\\/audi-pensa-a-curto-prazo-para-manter-estrategia-campea-no-brasil\\\/\"},\"author\":{\"name\":\"Canal Dana\",\"@id\":\"https:\\\/\\\/dana.com.br\\\/canaldana\\\/#\\\/schema\\\/person\\\/3c21f22f56fcf3bc46b94bc60ea4fef6\"},\"headline\":\"Audi &#8220;pensa a curto prazo&#8221; para manter estrat\u00e9gia campe\u00e3 no Brasil\",\"datePublished\":\"2016-04-08T11:48:20+00:00\",\"mainEntityOfPage\":{\"@id\":\"https:\\\/\\\/dana.com.br\\\/canaldana\\\/2016\\\/04\\\/08\\\/audi-pensa-a-curto-prazo-para-manter-estrategia-campea-no-brasil\\\/\"},\"wordCount\":491,\"articleSection\":[\"Destaques\"],\"inLanguage\":\"pt-BR\"},{\"@type\":\"WebPage\",\"@id\":\"https:\\\/\\\/dana.com.br\\\/canaldana\\\/2016\\\/04\\\/08\\\/audi-pensa-a-curto-prazo-para-manter-estrategia-campea-no-brasil\\\/\",\"url\":\"https:\\\/\\\/dana.com.br\\\/canaldana\\\/2016\\\/04\\\/08\\\/audi-pensa-a-curto-prazo-para-manter-estrategia-campea-no-brasil\\\/\",\"name\":\"Audi \\\"pensa a curto prazo\\\" para manter estrat\u00e9gia campe\u00e3 no Brasil - Canal Dana\",\"isPartOf\":{\"@id\":\"https:\\\/\\\/dana.com.br\\\/canaldana\\\/#website\"},\"datePublished\":\"2016-04-08T11:48:20+00:00\",\"author\":{\"@id\":\"https:\\\/\\\/dana.com.br\\\/canaldana\\\/#\\\/schema\\\/person\\\/3c21f22f56fcf3bc46b94bc60ea4fef6\"},\"breadcrumb\":{\"@id\":\"https:\\\/\\\/dana.com.br\\\/canaldana\\\/2016\\\/04\\\/08\\\/audi-pensa-a-curto-prazo-para-manter-estrategia-campea-no-brasil\\\/#breadcrumb\"},\"inLanguage\":\"pt-BR\",\"potentialAction\":[{\"@type\":\"ReadAction\",\"target\":[\"https:\\\/\\\/dana.com.br\\\/canaldana\\\/2016\\\/04\\\/08\\\/audi-pensa-a-curto-prazo-para-manter-estrategia-campea-no-brasil\\\/\"]}]},{\"@type\":\"BreadcrumbList\",\"@id\":\"https:\\\/\\\/dana.com.br\\\/canaldana\\\/2016\\\/04\\\/08\\\/audi-pensa-a-curto-prazo-para-manter-estrategia-campea-no-brasil\\\/#breadcrumb\",\"itemListElement\":[{\"@type\":\"ListItem\",\"position\":1,\"name\":\"Home\",\"item\":\"https:\\\/\\\/dana.com.br\\\/canaldana\\\/\"},{\"@type\":\"ListItem\",\"position\":2,\"name\":\"Destaques\",\"item\":\"https:\\\/\\\/dana.com.br\\\/canaldana\\\/destaques\\\/\"},{\"@type\":\"ListItem\",\"position\":3,\"name\":\"Audi &#8220;pensa a curto prazo&#8221; para manter estrat\u00e9gia campe\u00e3 no Brasil\"}]},{\"@type\":\"WebSite\",\"@id\":\"https:\\\/\\\/dana.com.br\\\/canaldana\\\/#website\",\"url\":\"https:\\\/\\\/dana.com.br\\\/canaldana\\\/\",\"name\":\"Canal Dana\",\"description\":\"Informativo com as principais not\u00edcias da ind\u00fastria automotiva\",\"potentialAction\":[{\"@type\":\"SearchAction\",\"target\":{\"@type\":\"EntryPoint\",\"urlTemplate\":\"https:\\\/\\\/dana.com.br\\\/canaldana\\\/?s={search_term_string}\"},\"query-input\":{\"@type\":\"PropertyValueSpecification\",\"valueRequired\":true,\"valueName\":\"search_term_string\"}}],\"inLanguage\":\"pt-BR\"},{\"@type\":\"Person\",\"@id\":\"https:\\\/\\\/dana.com.br\\\/canaldana\\\/#\\\/schema\\\/person\\\/3c21f22f56fcf3bc46b94bc60ea4fef6\",\"name\":\"Canal Dana\",\"image\":{\"@type\":\"ImageObject\",\"inLanguage\":\"pt-BR\",\"@id\":\"https:\\\/\\\/secure.gravatar.com\\\/avatar\\\/420aaf9278582877d9018637c6817617705899d2858d7572ef0fe59a6b6454b4?s=96&d=mm&r=g\",\"url\":\"https:\\\/\\\/secure.gravatar.com\\\/avatar\\\/420aaf9278582877d9018637c6817617705899d2858d7572ef0fe59a6b6454b4?s=96&d=mm&r=g\",\"contentUrl\":\"https:\\\/\\\/secure.gravatar.com\\\/avatar\\\/420aaf9278582877d9018637c6817617705899d2858d7572ef0fe59a6b6454b4?s=96&d=mm&r=g\",\"caption\":\"Canal Dana\"},\"url\":\"https:\\\/\\\/dana.com.br\\\/canaldana\\\/author\\\/cdeditor\\\/\"}]}<\/script>\n<!-- \/ Yoast SEO plugin. -->","yoast_head_json":{"title":"Audi \"pensa a curto prazo\" para manter estrat\u00e9gia campe\u00e3 no Brasil - Canal Dana","robots":{"index":"index","follow":"follow","max-snippet":"max-snippet:-1","max-image-preview":"max-image-preview:large","max-video-preview":"max-video-preview:-1"},"canonical":"https:\/\/dana.com.br\/canaldana\/2016\/04\/08\/audi-pensa-a-curto-prazo-para-manter-estrategia-campea-no-brasil\/","og_locale":"pt_BR","og_type":"article","og_title":"Audi \"pensa a curto prazo\" para manter estrat\u00e9gia campe\u00e3 no Brasil - Canal Dana","og_description":"UOL Carros &nbsp; S\u00e3o dois anos e meio sem ter do que reclamar. Desde que a atual diretoria da Audi do Brasil assumiu, tendo o alem\u00e3o J\u00f6rg Hofmann como presidente-executivo, a marca trocou a quarta posi\u00e7\u00e3o pelo primeiro lugar no segmento de luxo no pa\u00eds. Como manter o posto? Nada de mexer nas pe\u00e7as, nem\u2026 Leia mais \u00bb","og_url":"https:\/\/dana.com.br\/canaldana\/2016\/04\/08\/audi-pensa-a-curto-prazo-para-manter-estrategia-campea-no-brasil\/","og_site_name":"Canal Dana","article_published_time":"2016-04-08T11:48:20+00:00","author":"Canal Dana","twitter_card":"summary_large_image","twitter_misc":{"Escrito por":"Canal Dana","Est. tempo de leitura":"2 minutos"},"schema":{"@context":"https:\/\/schema.org","@graph":[{"@type":"Article","@id":"https:\/\/dana.com.br\/canaldana\/2016\/04\/08\/audi-pensa-a-curto-prazo-para-manter-estrategia-campea-no-brasil\/#article","isPartOf":{"@id":"https:\/\/dana.com.br\/canaldana\/2016\/04\/08\/audi-pensa-a-curto-prazo-para-manter-estrategia-campea-no-brasil\/"},"author":{"name":"Canal Dana","@id":"https:\/\/dana.com.br\/canaldana\/#\/schema\/person\/3c21f22f56fcf3bc46b94bc60ea4fef6"},"headline":"Audi &#8220;pensa a curto prazo&#8221; para manter estrat\u00e9gia campe\u00e3 no Brasil","datePublished":"2016-04-08T11:48:20+00:00","mainEntityOfPage":{"@id":"https:\/\/dana.com.br\/canaldana\/2016\/04\/08\/audi-pensa-a-curto-prazo-para-manter-estrategia-campea-no-brasil\/"},"wordCount":491,"articleSection":["Destaques"],"inLanguage":"pt-BR"},{"@type":"WebPage","@id":"https:\/\/dana.com.br\/canaldana\/2016\/04\/08\/audi-pensa-a-curto-prazo-para-manter-estrategia-campea-no-brasil\/","url":"https:\/\/dana.com.br\/canaldana\/2016\/04\/08\/audi-pensa-a-curto-prazo-para-manter-estrategia-campea-no-brasil\/","name":"Audi \"pensa a curto prazo\" para manter estrat\u00e9gia campe\u00e3 no Brasil - Canal Dana","isPartOf":{"@id":"https:\/\/dana.com.br\/canaldana\/#website"},"datePublished":"2016-04-08T11:48:20+00:00","author":{"@id":"https:\/\/dana.com.br\/canaldana\/#\/schema\/person\/3c21f22f56fcf3bc46b94bc60ea4fef6"},"breadcrumb":{"@id":"https:\/\/dana.com.br\/canaldana\/2016\/04\/08\/audi-pensa-a-curto-prazo-para-manter-estrategia-campea-no-brasil\/#breadcrumb"},"inLanguage":"pt-BR","potentialAction":[{"@type":"ReadAction","target":["https:\/\/dana.com.br\/canaldana\/2016\/04\/08\/audi-pensa-a-curto-prazo-para-manter-estrategia-campea-no-brasil\/"]}]},{"@type":"BreadcrumbList","@id":"https:\/\/dana.com.br\/canaldana\/2016\/04\/08\/audi-pensa-a-curto-prazo-para-manter-estrategia-campea-no-brasil\/#breadcrumb","itemListElement":[{"@type":"ListItem","position":1,"name":"Home","item":"https:\/\/dana.com.br\/canaldana\/"},{"@type":"ListItem","position":2,"name":"Destaques","item":"https:\/\/dana.com.br\/canaldana\/destaques\/"},{"@type":"ListItem","position":3,"name":"Audi &#8220;pensa a curto prazo&#8221; para manter estrat\u00e9gia campe\u00e3 no Brasil"}]},{"@type":"WebSite","@id":"https:\/\/dana.com.br\/canaldana\/#website","url":"https:\/\/dana.com.br\/canaldana\/","name":"Canal Dana","description":"Informativo com as principais not\u00edcias da ind\u00fastria automotiva","potentialAction":[{"@type":"SearchAction","target":{"@type":"EntryPoint","urlTemplate":"https:\/\/dana.com.br\/canaldana\/?s={search_term_string}"},"query-input":{"@type":"PropertyValueSpecification","valueRequired":true,"valueName":"search_term_string"}}],"inLanguage":"pt-BR"},{"@type":"Person","@id":"https:\/\/dana.com.br\/canaldana\/#\/schema\/person\/3c21f22f56fcf3bc46b94bc60ea4fef6","name":"Canal Dana","image":{"@type":"ImageObject","inLanguage":"pt-BR","@id":"https:\/\/secure.gravatar.com\/avatar\/420aaf9278582877d9018637c6817617705899d2858d7572ef0fe59a6b6454b4?s=96&d=mm&r=g","url":"https:\/\/secure.gravatar.com\/avatar\/420aaf9278582877d9018637c6817617705899d2858d7572ef0fe59a6b6454b4?s=96&d=mm&r=g","contentUrl":"https:\/\/secure.gravatar.com\/avatar\/420aaf9278582877d9018637c6817617705899d2858d7572ef0fe59a6b6454b4?s=96&d=mm&r=g","caption":"Canal Dana"},"url":"https:\/\/dana.com.br\/canaldana\/author\/cdeditor\/"}]}},"_links":{"self":[{"href":"https:\/\/dana.com.br\/canaldana\/wp-json\/wp\/v2\/posts\/7498","targetHints":{"allow":["GET"]}}],"collection":[{"href":"https:\/\/dana.com.br\/canaldana\/wp-json\/wp\/v2\/posts"}],"about":[{"href":"https:\/\/dana.com.br\/canaldana\/wp-json\/wp\/v2\/types\/post"}],"author":[{"embeddable":true,"href":"https:\/\/dana.com.br\/canaldana\/wp-json\/wp\/v2\/users\/3"}],"replies":[{"embeddable":true,"href":"https:\/\/dana.com.br\/canaldana\/wp-json\/wp\/v2\/comments?post=7498"}],"version-history":[{"count":0,"href":"https:\/\/dana.com.br\/canaldana\/wp-json\/wp\/v2\/posts\/7498\/revisions"}],"wp:attachment":[{"href":"https:\/\/dana.com.br\/canaldana\/wp-json\/wp\/v2\/media?parent=7498"}],"wp:term":[{"taxonomy":"category","embeddable":true,"href":"https:\/\/dana.com.br\/canaldana\/wp-json\/wp\/v2\/categories?post=7498"},{"taxonomy":"post_tag","embeddable":true,"href":"https:\/\/dana.com.br\/canaldana\/wp-json\/wp\/v2\/tags?post=7498"}],"curies":[{"name":"wp","href":"https:\/\/api.w.org\/{rel}","templated":true}]}}