{"id":74932,"date":"2024-07-16T08:50:09","date_gmt":"2024-07-16T11:50:09","guid":{"rendered":"https:\/\/dana.com.br\/canaldana\/?p=74932"},"modified":"2024-07-16T08:50:09","modified_gmt":"2024-07-16T11:50:09","slug":"previa-do-pib-indicador-do-bc-sobe-025-em-maio","status":"publish","type":"post","link":"https:\/\/dana.com.br\/canaldana\/2024\/07\/16\/previa-do-pib-indicador-do-bc-sobe-025-em-maio\/","title":{"rendered":"\u2018Pr\u00e9via do PIB\u2019, indicador do BC sobe 0,25% em maio"},"content":{"rendered":"<p><em>O Estado de S. Paulo<\/em><\/p>\n<p>&nbsp;<\/p>\n<p>O \u00cdndice de Atividade Econ\u00f4mica do Banco Central (IBCBr) avan\u00e7ou 0,25% em maio, na compara\u00e7\u00e3o com abril, na s\u00e9rie com ajuste sazonal. A despeito de ter ficado abaixo das proje\u00e7\u00f5es do mercado (de avan\u00e7o de 0,3%), o indicador cravou 149,6 pontos, o maior n\u00edvel da s\u00e9rie hist\u00f3rica. Na compara\u00e7\u00e3o com maio do ano passado, o crescimento foi de 1,3%. O IBC-Br \u00e9 considerado uma \u201cpr\u00e9via\u201d da varia\u00e7\u00e3o do PIB, calculado pelo IBGE.<\/p>\n<p>&nbsp;<\/p>\n<p>A queda da produ\u00e7\u00e3o industrial em maio foi mais que compensada pelos resultados positivos do com\u00e9rcio varejista e pela estabilidade de servi\u00e7os, avaliou o economista da MAG Investimentos Felipe Rodrigo de Oliveira. \u201cFoi o que contribuiu para esse resultado positivo do IBC-Br\u201d, afirmou ele.<\/p>\n<p>&nbsp;<\/p>\n<p>Para o economista-chefe do Banco ABC Brasil, Daniel Xavier, o resultado de maio refor\u00e7ou o cen\u00e1rio \u201cconstrutivo\u201d para a atividade dom\u00e9stica em 2024. Ele destacou o efeito \u201cpouco expressivo\u201d das enchentes no Rio Grande do Sul sobre a economia regional e nacional, ficando mais restrito \u00e0 produ\u00e7\u00e3o agr\u00edcola e manufatureira do Estado.<\/p>\n<p>&nbsp;<\/p>\n<p>\u201cMesmo em um contexto envolto de incertezas globais (juros nos Estados Unidos) e locais (Rio Grande do Sul e pol\u00edtica fiscal), conforme vivenciado no segundo trimestre, a economia tem performado positivamente. Reflexo do mercado de trabalho apertado, com ganhos salariais reais (vinculados ao sal\u00e1rio-m\u00ednimo) e transfer\u00eancias de renda pelo setor p\u00fablico\u201d, disse.<\/p>\n<p>&nbsp;<\/p>\n<p><strong>PIB no trimestre<\/strong><\/p>\n<p>&nbsp;<\/p>\n<p>O cen\u00e1rio indicado em maio, por\u00e9m, ainda foi insuficiente para elevar as estimativas do mercado financeiro para o desempenho do PIB do segundo trimestre e de 2024. As medianas para esses per\u00edodos seguem apontando, respectivamente, altas de 0,5% e de 2,2%, de acordo com pesquisa feita ontem pelo Proje\u00e7\u00f5es Broadcast.<\/p>\n<p>&nbsp;<\/p>\n<p>O ABC Brasil projeta crescimento de 0,4%, para o PIB do segundo trimestre, e de 2,2% no ano, mas Xavier destaca que o vi\u00e9s \u00e9 de alta para ambas as estimativas, dado o comportamento positivo de indicadores antecedentes \u2013 como as sondagens de confian\u00e7a econ\u00f4mica.<\/p>\n<p>&nbsp;<\/p>\n<p>Um pouco mais otimista, o economista Pedro Crispim, da G5 Partners, projeta alta de 0,5% para o PIB do segundo trimestre. A estimativa de alta frequ\u00eancia (tracking) da casa para o PIB do per\u00edodo chegou a ser de 0,3% no in\u00edcio de junho, mas foi atualizada \u00e0 medida que os dados de atividade mais recentes foram divulgados. \u201cD\u00e1 para dizer que, em geral, os economistas superestimaram o impacto das chuvas no Sul sobre o PIB da regi\u00e3o e de todo o Brasil\u201d, afirmou Crispim.<\/p>\n<p>&nbsp;<\/p>\n<p>Para o ano, a G5 mant\u00e9m, por ora, a expectativa de crescimento do PIB em 2,1%, e Crispim cita que o n\u00edvel de Selic mais alto que o inicialmente imaginado para o fim do ano pode moderar um pouco o n\u00edvel de atividade, principalmente no \u00faltimo trimestre. (O Estado de S. Paulo\/Daniel Tozzi Mendes e Gabriela Juc\u00e1)<\/p>\n","protected":false},"excerpt":{"rendered":"<p>O Estado de S. Paulo &nbsp; O \u00cdndice de Atividade Econ\u00f4mica do Banco Central (IBCBr) avan\u00e7ou 0,25% em maio, na compara\u00e7\u00e3o com abril, na s\u00e9rie com ajuste sazonal. A despeito de ter ficado abaixo das proje\u00e7\u00f5es do mercado (de avan\u00e7o de 0,3%), o indicador cravou 149,6 pontos, o maior n\u00edvel da s\u00e9rie hist\u00f3rica. Na compara\u00e7\u00e3o\u2026 <a class=\"readmore\" href=\"https:\/\/dana.com.br\/canaldana\/2024\/07\/16\/previa-do-pib-indicador-do-bc-sobe-025-em-maio\/\">Leia mais \u00bb<\/a><\/p>\n","protected":false},"author":3,"featured_media":0,"comment_status":"closed","ping_status":"closed","sticky":false,"template":"","format":"standard","meta":{"_acf_changed":false,"footnotes":""},"categories":[79],"tags":[],"class_list":["post-74932","post","type-post","status-publish","format-standard","hentry","category-mercado"],"acf":[],"yoast_head":"<!-- This site is optimized with the Yoast SEO plugin v27.3 - https:\/\/yoast.com\/product\/yoast-seo-wordpress\/ -->\n<title>\u2018Pr\u00e9via do PIB\u2019, indicador do BC sobe 0,25% em maio - Canal Dana<\/title>\n<meta name=\"robots\" content=\"index, follow, max-snippet:-1, max-image-preview:large, max-video-preview:-1\" \/>\n<link rel=\"canonical\" href=\"https:\/\/dana.com.br\/canaldana\/2024\/07\/16\/previa-do-pib-indicador-do-bc-sobe-025-em-maio\/\" \/>\n<meta property=\"og:locale\" content=\"pt_BR\" \/>\n<meta property=\"og:type\" content=\"article\" \/>\n<meta property=\"og:title\" content=\"\u2018Pr\u00e9via do PIB\u2019, indicador do BC sobe 0,25% em maio - Canal Dana\" \/>\n<meta property=\"og:description\" content=\"O Estado de S. Paulo &nbsp; O \u00cdndice de Atividade Econ\u00f4mica do Banco Central (IBCBr) avan\u00e7ou 0,25% em maio, na compara\u00e7\u00e3o com abril, na s\u00e9rie com ajuste sazonal. A despeito de ter ficado abaixo das proje\u00e7\u00f5es do mercado (de avan\u00e7o de 0,3%), o indicador cravou 149,6 pontos, o maior n\u00edvel da s\u00e9rie hist\u00f3rica. Na compara\u00e7\u00e3o\u2026 Leia mais \u00bb\" \/>\n<meta property=\"og:url\" content=\"https:\/\/dana.com.br\/canaldana\/2024\/07\/16\/previa-do-pib-indicador-do-bc-sobe-025-em-maio\/\" \/>\n<meta property=\"og:site_name\" content=\"Canal Dana\" \/>\n<meta property=\"article:published_time\" content=\"2024-07-16T11:50:09+00:00\" \/>\n<meta name=\"author\" content=\"Canal Dana\" \/>\n<meta name=\"twitter:card\" content=\"summary_large_image\" \/>\n<meta name=\"twitter:label1\" content=\"Escrito por\" \/>\n\t<meta name=\"twitter:data1\" content=\"Canal Dana\" \/>\n\t<meta name=\"twitter:label2\" content=\"Est. tempo de leitura\" \/>\n\t<meta name=\"twitter:data2\" content=\"3 minutos\" \/>\n<script type=\"application\/ld+json\" class=\"yoast-schema-graph\">{\"@context\":\"https:\\\/\\\/schema.org\",\"@graph\":[{\"@type\":\"Article\",\"@id\":\"https:\\\/\\\/dana.com.br\\\/canaldana\\\/2024\\\/07\\\/16\\\/previa-do-pib-indicador-do-bc-sobe-025-em-maio\\\/#article\",\"isPartOf\":{\"@id\":\"https:\\\/\\\/dana.com.br\\\/canaldana\\\/2024\\\/07\\\/16\\\/previa-do-pib-indicador-do-bc-sobe-025-em-maio\\\/\"},\"author\":{\"name\":\"Canal Dana\",\"@id\":\"https:\\\/\\\/dana.com.br\\\/canaldana\\\/#\\\/schema\\\/person\\\/3c21f22f56fcf3bc46b94bc60ea4fef6\"},\"headline\":\"\u2018Pr\u00e9via do PIB\u2019, indicador do BC sobe 0,25% em maio\",\"datePublished\":\"2024-07-16T11:50:09+00:00\",\"mainEntityOfPage\":{\"@id\":\"https:\\\/\\\/dana.com.br\\\/canaldana\\\/2024\\\/07\\\/16\\\/previa-do-pib-indicador-do-bc-sobe-025-em-maio\\\/\"},\"wordCount\":505,\"articleSection\":[\"Mercado\"],\"inLanguage\":\"pt-BR\"},{\"@type\":\"WebPage\",\"@id\":\"https:\\\/\\\/dana.com.br\\\/canaldana\\\/2024\\\/07\\\/16\\\/previa-do-pib-indicador-do-bc-sobe-025-em-maio\\\/\",\"url\":\"https:\\\/\\\/dana.com.br\\\/canaldana\\\/2024\\\/07\\\/16\\\/previa-do-pib-indicador-do-bc-sobe-025-em-maio\\\/\",\"name\":\"\u2018Pr\u00e9via do PIB\u2019, indicador do BC sobe 0,25% em maio - Canal Dana\",\"isPartOf\":{\"@id\":\"https:\\\/\\\/dana.com.br\\\/canaldana\\\/#website\"},\"datePublished\":\"2024-07-16T11:50:09+00:00\",\"author\":{\"@id\":\"https:\\\/\\\/dana.com.br\\\/canaldana\\\/#\\\/schema\\\/person\\\/3c21f22f56fcf3bc46b94bc60ea4fef6\"},\"breadcrumb\":{\"@id\":\"https:\\\/\\\/dana.com.br\\\/canaldana\\\/2024\\\/07\\\/16\\\/previa-do-pib-indicador-do-bc-sobe-025-em-maio\\\/#breadcrumb\"},\"inLanguage\":\"pt-BR\",\"potentialAction\":[{\"@type\":\"ReadAction\",\"target\":[\"https:\\\/\\\/dana.com.br\\\/canaldana\\\/2024\\\/07\\\/16\\\/previa-do-pib-indicador-do-bc-sobe-025-em-maio\\\/\"]}]},{\"@type\":\"BreadcrumbList\",\"@id\":\"https:\\\/\\\/dana.com.br\\\/canaldana\\\/2024\\\/07\\\/16\\\/previa-do-pib-indicador-do-bc-sobe-025-em-maio\\\/#breadcrumb\",\"itemListElement\":[{\"@type\":\"ListItem\",\"position\":1,\"name\":\"Home\",\"item\":\"https:\\\/\\\/dana.com.br\\\/canaldana\\\/\"},{\"@type\":\"ListItem\",\"position\":2,\"name\":\"Mercado\",\"item\":\"https:\\\/\\\/dana.com.br\\\/canaldana\\\/mercado\\\/\"},{\"@type\":\"ListItem\",\"position\":3,\"name\":\"\u2018Pr\u00e9via do PIB\u2019, indicador do BC sobe 0,25% em maio\"}]},{\"@type\":\"WebSite\",\"@id\":\"https:\\\/\\\/dana.com.br\\\/canaldana\\\/#website\",\"url\":\"https:\\\/\\\/dana.com.br\\\/canaldana\\\/\",\"name\":\"Canal Dana\",\"description\":\"Informativo com as principais not\u00edcias da ind\u00fastria automotiva\",\"potentialAction\":[{\"@type\":\"SearchAction\",\"target\":{\"@type\":\"EntryPoint\",\"urlTemplate\":\"https:\\\/\\\/dana.com.br\\\/canaldana\\\/?s={search_term_string}\"},\"query-input\":{\"@type\":\"PropertyValueSpecification\",\"valueRequired\":true,\"valueName\":\"search_term_string\"}}],\"inLanguage\":\"pt-BR\"},{\"@type\":\"Person\",\"@id\":\"https:\\\/\\\/dana.com.br\\\/canaldana\\\/#\\\/schema\\\/person\\\/3c21f22f56fcf3bc46b94bc60ea4fef6\",\"name\":\"Canal Dana\",\"image\":{\"@type\":\"ImageObject\",\"inLanguage\":\"pt-BR\",\"@id\":\"https:\\\/\\\/secure.gravatar.com\\\/avatar\\\/420aaf9278582877d9018637c6817617705899d2858d7572ef0fe59a6b6454b4?s=96&d=mm&r=g\",\"url\":\"https:\\\/\\\/secure.gravatar.com\\\/avatar\\\/420aaf9278582877d9018637c6817617705899d2858d7572ef0fe59a6b6454b4?s=96&d=mm&r=g\",\"contentUrl\":\"https:\\\/\\\/secure.gravatar.com\\\/avatar\\\/420aaf9278582877d9018637c6817617705899d2858d7572ef0fe59a6b6454b4?s=96&d=mm&r=g\",\"caption\":\"Canal Dana\"},\"url\":\"https:\\\/\\\/dana.com.br\\\/canaldana\\\/author\\\/cdeditor\\\/\"}]}<\/script>\n<!-- \/ Yoast SEO plugin. -->","yoast_head_json":{"title":"\u2018Pr\u00e9via do PIB\u2019, indicador do BC sobe 0,25% em maio - Canal Dana","robots":{"index":"index","follow":"follow","max-snippet":"max-snippet:-1","max-image-preview":"max-image-preview:large","max-video-preview":"max-video-preview:-1"},"canonical":"https:\/\/dana.com.br\/canaldana\/2024\/07\/16\/previa-do-pib-indicador-do-bc-sobe-025-em-maio\/","og_locale":"pt_BR","og_type":"article","og_title":"\u2018Pr\u00e9via do PIB\u2019, indicador do BC sobe 0,25% em maio - Canal Dana","og_description":"O Estado de S. Paulo &nbsp; O \u00cdndice de Atividade Econ\u00f4mica do Banco Central (IBCBr) avan\u00e7ou 0,25% em maio, na compara\u00e7\u00e3o com abril, na s\u00e9rie com ajuste sazonal. A despeito de ter ficado abaixo das proje\u00e7\u00f5es do mercado (de avan\u00e7o de 0,3%), o indicador cravou 149,6 pontos, o maior n\u00edvel da s\u00e9rie hist\u00f3rica. Na compara\u00e7\u00e3o\u2026 Leia mais \u00bb","og_url":"https:\/\/dana.com.br\/canaldana\/2024\/07\/16\/previa-do-pib-indicador-do-bc-sobe-025-em-maio\/","og_site_name":"Canal Dana","article_published_time":"2024-07-16T11:50:09+00:00","author":"Canal Dana","twitter_card":"summary_large_image","twitter_misc":{"Escrito por":"Canal Dana","Est. tempo de leitura":"3 minutos"},"schema":{"@context":"https:\/\/schema.org","@graph":[{"@type":"Article","@id":"https:\/\/dana.com.br\/canaldana\/2024\/07\/16\/previa-do-pib-indicador-do-bc-sobe-025-em-maio\/#article","isPartOf":{"@id":"https:\/\/dana.com.br\/canaldana\/2024\/07\/16\/previa-do-pib-indicador-do-bc-sobe-025-em-maio\/"},"author":{"name":"Canal Dana","@id":"https:\/\/dana.com.br\/canaldana\/#\/schema\/person\/3c21f22f56fcf3bc46b94bc60ea4fef6"},"headline":"\u2018Pr\u00e9via do PIB\u2019, indicador do BC sobe 0,25% em maio","datePublished":"2024-07-16T11:50:09+00:00","mainEntityOfPage":{"@id":"https:\/\/dana.com.br\/canaldana\/2024\/07\/16\/previa-do-pib-indicador-do-bc-sobe-025-em-maio\/"},"wordCount":505,"articleSection":["Mercado"],"inLanguage":"pt-BR"},{"@type":"WebPage","@id":"https:\/\/dana.com.br\/canaldana\/2024\/07\/16\/previa-do-pib-indicador-do-bc-sobe-025-em-maio\/","url":"https:\/\/dana.com.br\/canaldana\/2024\/07\/16\/previa-do-pib-indicador-do-bc-sobe-025-em-maio\/","name":"\u2018Pr\u00e9via do PIB\u2019, indicador do BC sobe 0,25% em maio - Canal Dana","isPartOf":{"@id":"https:\/\/dana.com.br\/canaldana\/#website"},"datePublished":"2024-07-16T11:50:09+00:00","author":{"@id":"https:\/\/dana.com.br\/canaldana\/#\/schema\/person\/3c21f22f56fcf3bc46b94bc60ea4fef6"},"breadcrumb":{"@id":"https:\/\/dana.com.br\/canaldana\/2024\/07\/16\/previa-do-pib-indicador-do-bc-sobe-025-em-maio\/#breadcrumb"},"inLanguage":"pt-BR","potentialAction":[{"@type":"ReadAction","target":["https:\/\/dana.com.br\/canaldana\/2024\/07\/16\/previa-do-pib-indicador-do-bc-sobe-025-em-maio\/"]}]},{"@type":"BreadcrumbList","@id":"https:\/\/dana.com.br\/canaldana\/2024\/07\/16\/previa-do-pib-indicador-do-bc-sobe-025-em-maio\/#breadcrumb","itemListElement":[{"@type":"ListItem","position":1,"name":"Home","item":"https:\/\/dana.com.br\/canaldana\/"},{"@type":"ListItem","position":2,"name":"Mercado","item":"https:\/\/dana.com.br\/canaldana\/mercado\/"},{"@type":"ListItem","position":3,"name":"\u2018Pr\u00e9via do PIB\u2019, indicador do BC sobe 0,25% em maio"}]},{"@type":"WebSite","@id":"https:\/\/dana.com.br\/canaldana\/#website","url":"https:\/\/dana.com.br\/canaldana\/","name":"Canal Dana","description":"Informativo com as principais not\u00edcias da ind\u00fastria automotiva","potentialAction":[{"@type":"SearchAction","target":{"@type":"EntryPoint","urlTemplate":"https:\/\/dana.com.br\/canaldana\/?s={search_term_string}"},"query-input":{"@type":"PropertyValueSpecification","valueRequired":true,"valueName":"search_term_string"}}],"inLanguage":"pt-BR"},{"@type":"Person","@id":"https:\/\/dana.com.br\/canaldana\/#\/schema\/person\/3c21f22f56fcf3bc46b94bc60ea4fef6","name":"Canal Dana","image":{"@type":"ImageObject","inLanguage":"pt-BR","@id":"https:\/\/secure.gravatar.com\/avatar\/420aaf9278582877d9018637c6817617705899d2858d7572ef0fe59a6b6454b4?s=96&d=mm&r=g","url":"https:\/\/secure.gravatar.com\/avatar\/420aaf9278582877d9018637c6817617705899d2858d7572ef0fe59a6b6454b4?s=96&d=mm&r=g","contentUrl":"https:\/\/secure.gravatar.com\/avatar\/420aaf9278582877d9018637c6817617705899d2858d7572ef0fe59a6b6454b4?s=96&d=mm&r=g","caption":"Canal Dana"},"url":"https:\/\/dana.com.br\/canaldana\/author\/cdeditor\/"}]}},"_links":{"self":[{"href":"https:\/\/dana.com.br\/canaldana\/wp-json\/wp\/v2\/posts\/74932","targetHints":{"allow":["GET"]}}],"collection":[{"href":"https:\/\/dana.com.br\/canaldana\/wp-json\/wp\/v2\/posts"}],"about":[{"href":"https:\/\/dana.com.br\/canaldana\/wp-json\/wp\/v2\/types\/post"}],"author":[{"embeddable":true,"href":"https:\/\/dana.com.br\/canaldana\/wp-json\/wp\/v2\/users\/3"}],"replies":[{"embeddable":true,"href":"https:\/\/dana.com.br\/canaldana\/wp-json\/wp\/v2\/comments?post=74932"}],"version-history":[{"count":1,"href":"https:\/\/dana.com.br\/canaldana\/wp-json\/wp\/v2\/posts\/74932\/revisions"}],"predecessor-version":[{"id":74933,"href":"https:\/\/dana.com.br\/canaldana\/wp-json\/wp\/v2\/posts\/74932\/revisions\/74933"}],"wp:attachment":[{"href":"https:\/\/dana.com.br\/canaldana\/wp-json\/wp\/v2\/media?parent=74932"}],"wp:term":[{"taxonomy":"category","embeddable":true,"href":"https:\/\/dana.com.br\/canaldana\/wp-json\/wp\/v2\/categories?post=74932"},{"taxonomy":"post_tag","embeddable":true,"href":"https:\/\/dana.com.br\/canaldana\/wp-json\/wp\/v2\/tags?post=74932"}],"curies":[{"name":"wp","href":"https:\/\/api.w.org\/{rel}","templated":true}]}}